{"id":55179,"date":"2024-11-30T00:35:00","date_gmt":"2024-11-30T03:35:00","guid":{"rendered":"http:\/\/lahoradelcampo.com.uy\/site\/?p=55179"},"modified":"2024-11-30T00:35:01","modified_gmt":"2024-11-30T03:35:01","slug":"comenzo-la-zafra-de-sandias-con-la-llegada-de-las-primeras-partidas-desde-rivera","status":"publish","type":"post","link":"https:\/\/lahoradelcampo.com.uy\/site\/comenzo-la-zafra-de-sandias-con-la-llegada-de-las-primeras-partidas-desde-rivera\/","title":{"rendered":"Comenz\u00f3 la zafra de sand\u00edas con la llegada de las primeras partidas desde Rivera"},"content":{"rendered":"\n<figure class=\"wp-block-image size-full\"><a href=\"https:\/\/i0.wp.com\/lahoradelcampo.com.uy\/site\/wp-content\/uploads\/2024\/11\/Sandias-UAM.jpg\"><img data-recalc-dims=\"1\" loading=\"lazy\" decoding=\"async\" width=\"810\" height=\"405\" data-attachment-id=\"55180\" data-permalink=\"https:\/\/lahoradelcampo.com.uy\/site\/comenzo-la-zafra-de-sandias-con-la-llegada-de-las-primeras-partidas-desde-rivera\/sandias-uam\/\" data-orig-file=\"https:\/\/i0.wp.com\/lahoradelcampo.com.uy\/site\/wp-content\/uploads\/2024\/11\/Sandias-UAM.jpg?fit=880%2C440&amp;ssl=1\" data-orig-size=\"880,440\" data-comments-opened=\"1\" data-image-meta=\"{&quot;aperture&quot;:&quot;0&quot;,&quot;credit&quot;:&quot;&quot;,&quot;camera&quot;:&quot;&quot;,&quot;caption&quot;:&quot;&quot;,&quot;created_timestamp&quot;:&quot;0&quot;,&quot;copyright&quot;:&quot;&quot;,&quot;focal_length&quot;:&quot;0&quot;,&quot;iso&quot;:&quot;0&quot;,&quot;shutter_speed&quot;:&quot;0&quot;,&quot;title&quot;:&quot;&quot;,&quot;orientation&quot;:&quot;1&quot;}\" data-image-title=\"Sandias-UAM\" data-image-description=\"\" data-image-caption=\"\" data-large-file=\"https:\/\/i0.wp.com\/lahoradelcampo.com.uy\/site\/wp-content\/uploads\/2024\/11\/Sandias-UAM.jpg?fit=810%2C405&amp;ssl=1\" src=\"https:\/\/i0.wp.com\/lahoradelcampo.com.uy\/site\/wp-content\/uploads\/2024\/11\/Sandias-UAM.jpg?resize=810%2C405\" alt=\"\" class=\"wp-image-55180\" srcset=\"https:\/\/i0.wp.com\/lahoradelcampo.com.uy\/site\/wp-content\/uploads\/2024\/11\/Sandias-UAM.jpg?w=880&amp;ssl=1 880w, https:\/\/i0.wp.com\/lahoradelcampo.com.uy\/site\/wp-content\/uploads\/2024\/11\/Sandias-UAM.jpg?resize=300%2C150&amp;ssl=1 300w, https:\/\/i0.wp.com\/lahoradelcampo.com.uy\/site\/wp-content\/uploads\/2024\/11\/Sandias-UAM.jpg?resize=768%2C384&amp;ssl=1 768w, https:\/\/i0.wp.com\/lahoradelcampo.com.uy\/site\/wp-content\/uploads\/2024\/11\/Sandias-UAM.jpg?resize=820%2C410&amp;ssl=1 820w\" sizes=\"auto, (max-width: 810px) 100vw, 810px\" \/><\/a><\/figure>\n\n\n\n<p>El inicio de la zafra de sand\u00edas en la Unidad Agroalimentaria Metropolitana (UAM) marca un cambio en la din\u00e1mica del mercado de frutas esta semana, con el ingreso del primer productor de Tranqueras, Rivera, el pasado jueves. La llegada de la producci\u00f3n riverense impulsa la oferta de sand\u00edas del tipo est\u00e1ndar, as\u00ed como tambi\u00e9n la del tipo \u00abbaby\u00bb, que hasta el momento era procedente del litoral norte, lo que ha generado una presi\u00f3n a la baja en sus precios.<\/p>\n\n\n\n<p>Durante esta semana, el volumen de sand\u00edas comercializadas aument\u00f3 en un 23 %, alcanzando las 214 toneladas. A pesar de este incremento, los precios promedio cayeron un 5 %, situ\u00e1ndose en 56 pesos por kilo. Este comportamiento es caracter\u00edstico del inicio de las zafras, donde existe una competencia m\u00e1s intensa en el mercado mayorista.<\/p>\n\n\n\n<p>El mel\u00f3n tambi\u00e9n experiment\u00f3 un incremento en su volumen, con 25 % m\u00e1s toneladas ingresadas, aunque su precio promedio descendi\u00f3 un 28 %. Los problemas de sobremadurez y podredumbres debido al traslado y las altas temperaturas, han presionado los valores. Por otro lado, las frutillas, con menor volumen disponible, mostraron problemas similares, manteni\u00e9ndose entre los productos m\u00e1s afectados por condiciones clim\u00e1ticas adversas.<\/p>\n\n\n\n<p><strong>Hortalizas<\/strong><\/p>\n\n\n\n<p>Esta semana se experiment\u00f3 en la UAM, un aumento en la calidad y cantidad de hortalizas frescas, impulsado por el descenso de las temperaturas y d\u00edas nublados. Estos cambios clim\u00e1ticos favorecieron el desarrollo de productos como acelga, espinaca, lechuga, remolacha y br\u00f3coli, cuyas mejoras en calibre y aspecto permitieron mantener precios estables o incluso m\u00e1s bajos en comparaci\u00f3n con la semana anterior.<\/p>\n\n\n\n<p>En el caso de las hortalizas de hoja, brote e inflorescencia, se observ\u00f3 un incremento en la oferta, acompa\u00f1ado por descensos de precios en productos como la lechuga (-3 %) y la remolacha (-5 %). Este grupo destac\u00f3 por su excelente presentaci\u00f3n comercial, con hojas de colores m\u00e1s vivos y tallos de mayor calibre.<\/p>\n\n\n\n<p>Los cultivos de ma\u00edz dulce, provenientes tanto del litoral norte como de la zona sur, registraron una fuerte presi\u00f3n a la baja en sus precios debido a la abundante oferta.<\/p>\n\n\n\n<p>Por otro lado, las hortalizas de fruto presentaron din\u00e1micas contrastantes. Si bien el tomate, producto clave en este grupo, experiment\u00f3 una reducci\u00f3n del 20 % en su precio debido al acelerado crecimiento y maduraci\u00f3n provocado por el calor previo, otras variedades como zapallito y calabac\u00edn aumentaron significativamente su volumen en plaza, con incrementos del 8 % y 51 %, respectivamente. En contraste, el morr\u00f3n verde present\u00f3 valores m\u00e1ximos hacia el final de la semana, en parte por la llegada de las primeras partidas de la zona sur, de mejor calidad.<\/p>\n\n\n\n<p>Las hortalizas secas tambi\u00e9n mostraron movimientos relevantes. La cebolla continu\u00f3 su tendencia bajista, con una ca\u00edda del 24 % en su precio promedio. Este comportamiento se atribuye al ingreso de partidas del sur, particularmente del tipo amarilla, que domina la oferta. En cuanto a las papas, las cosechas recientes presentaron problemas de calidad, como falta de saz\u00f3n y heridas en los tub\u00e9rculos, lo que redujo su valor comercial frente a partidas de la zafra anterior.<\/p>\n\n\n\n<p><strong>Canasta<\/strong><\/p>\n\n\n\n<p>En t\u00e9rminos generales, el mercado de frutas y hortalizas en la UAM mostr\u00f3 una leve contracci\u00f3n, con un 2 % menos de volumen total comercializado respecto a la semana anterior. No obstante, el descenso del Valor Kilo Canasta (VKC), que pas\u00f3 de 52,2 a 49,7 pesos, una ca\u00edda del 4,7%, como resultado de precios m\u00e1s bajos en varias categor\u00edas clave.<\/p>\n\n\n\n<p>Salto, 30 de noviembre de 2024<\/p>\n","protected":false},"excerpt":{"rendered":"<p>El inicio de la zafra de sand\u00edas en la Unidad Agroalimentaria Metropolitana (UAM) marca un cambio en la din\u00e1mica del mercado de frutas esta semana, con el ingreso del primer [&hellip;]<\/p>\n","protected":false},"author":5,"featured_media":55180,"comment_status":"open","ping_status":"open","sticky":false,"template":"","format":"standard","meta":{"_price":"","_stock":"","_tribe_ticket_header":"","_tribe_default_ticket_provider":"","_tribe_ticket_capacity":"0","_ticket_start_date":"","_ticket_end_date":"","_tribe_ticket_show_description":"","_tribe_ticket_show_not_going":false,"_tribe_ticket_use_global_stock":"","_tribe_ticket_global_stock_level":"","_global_stock_mode":"","_global_stock_cap":"","_tribe_rsvp_for_event":"","_tribe_ticket_going_count":"","_tribe_ticket_not_going_count":"","_tribe_tickets_list":"[]","_tribe_ticket_has_attendee_info_fields":false,"h5ap_radio_sources":[],"_jetpack_newsletter_access":"","_jetpack_dont_email_post_to_subs":false,"_jetpack_newsletter_tier_id":0,"_jetpack_memberships_contains_paywalled_content":false,"_jetpack_memberships_contains_paid_content":false,"footnotes":""},"categories":[21,9],"tags":[],"class_list":["post-55179","post","type-post","status-publish","format-standard","has-post-thumbnail","hentry","category-actualidad","category-granja"],"jetpack_featured_media_url":"https:\/\/i0.wp.com\/lahoradelcampo.com.uy\/site\/wp-content\/uploads\/2024\/11\/Sandias-UAM.jpg?fit=880%2C440&ssl=1","jetpack_sharing_enabled":true,"jetpack_shortlink":"https:\/\/wp.me\/p99IaT-elZ","jetpack-related-posts":[{"id":37213,"url":"https:\/\/lahoradelcampo.com.uy\/site\/llego-a-la-uam-las-primeras-partidas-de-sandia-de-rivera\/","url_meta":{"origin":55179,"position":0},"title":"Lleg\u00f3 a la UAM las primeras partidas de Sand\u00eda de Rivera","author":"La Hora del Campo","date":"6 diciembre, 2021","format":false,"excerpt":"La pasada semana se instalaron los primeros dos productores de sand\u00edas de la zona de Tranqueras, departamento de Rivera, lo que signific\u00f3 el inicio de la zafra de esta fruta. Esta semana se completar\u00eda la llegada de la totalidad de los productores que ya tiene asignado un puesto en la\u2026","rel":"","context":"En \u00abActualidad\u00bb","block_context":{"text":"Actualidad","link":"https:\/\/lahoradelcampo.com.uy\/site\/category\/actualidad\/"},"img":{"alt_text":"","src":"https:\/\/i0.wp.com\/lahoradelcampo.com.uy\/site\/wp-content\/uploads\/2021\/12\/Sandias-Rivera.jpg?fit=880%2C440&ssl=1&resize=350%2C200","width":350,"height":200,"srcset":"https:\/\/i0.wp.com\/lahoradelcampo.com.uy\/site\/wp-content\/uploads\/2021\/12\/Sandias-Rivera.jpg?fit=880%2C440&ssl=1&resize=350%2C200 1x, https:\/\/i0.wp.com\/lahoradelcampo.com.uy\/site\/wp-content\/uploads\/2021\/12\/Sandias-Rivera.jpg?fit=880%2C440&ssl=1&resize=525%2C300 1.5x, https:\/\/i0.wp.com\/lahoradelcampo.com.uy\/site\/wp-content\/uploads\/2021\/12\/Sandias-Rivera.jpg?fit=880%2C440&ssl=1&resize=700%2C400 2x"},"classes":[]},{"id":24938,"url":"https:\/\/lahoradelcampo.com.uy\/site\/ingresaron-esta-semana-las-primeras-partidas-de-sandias-al-mercado-salteno\/","url_meta":{"origin":55179,"position":1},"title":"Ingresaron esta semana las primeras partidas de sand\u00edas al mercado salte\u00f1o","author":"La Hora del Campo","date":"23 octubre, 2020","format":false,"excerpt":"El buen clima de la semana enlentenci\u00f3 la operativa del mercado granjero salte\u00f1o, que present\u00f3 las primeras partidas de sand\u00edas y de durazno, dando comienzo a la zafra de ambas frutas. En el caso del durazno fue con partidas de mediana calidad. Como es habitual los compradores llegaron desde las\u2026","rel":"","context":"En \u00abActualidad\u00bb","block_context":{"text":"Actualidad","link":"https:\/\/lahoradelcampo.com.uy\/site\/category\/actualidad\/"},"img":{"alt_text":"","src":"https:\/\/i0.wp.com\/lahoradelcampo.com.uy\/site\/wp-content\/uploads\/2017\/12\/Sandia.jpg?fit=880%2C440&ssl=1&resize=350%2C200","width":350,"height":200,"srcset":"https:\/\/i0.wp.com\/lahoradelcampo.com.uy\/site\/wp-content\/uploads\/2017\/12\/Sandia.jpg?fit=880%2C440&ssl=1&resize=350%2C200 1x, https:\/\/i0.wp.com\/lahoradelcampo.com.uy\/site\/wp-content\/uploads\/2017\/12\/Sandia.jpg?fit=880%2C440&ssl=1&resize=525%2C300 1.5x, https:\/\/i0.wp.com\/lahoradelcampo.com.uy\/site\/wp-content\/uploads\/2017\/12\/Sandia.jpg?fit=880%2C440&ssl=1&resize=700%2C400 2x"},"classes":[]},{"id":46703,"url":"https:\/\/lahoradelcampo.com.uy\/site\/se-incrementa-la-oferta-de-frutas-con-las-altas-temperaturas\/","url_meta":{"origin":55179,"position":2},"title":"Se incrementa la oferta de frutas  con las altas temperaturas","author":"La Hora del Campo","date":"31 octubre, 2022","format":false,"excerpt":"Las temperaturas en aumento, ha generado un incremento en la oferta de frutas de estaci\u00f3n, principalmente en la llegada de nuevas partidas de diferentes frutas, en la Unidad Agroalimentaria Metropolitana (UAM) como puede ser el caso de la frutilla, el durazno, el mel\u00f3n y la sand\u00eda. La zafra de frutillas\u2026","rel":"","context":"En \u00abActualidad\u00bb","block_context":{"text":"Actualidad","link":"https:\/\/lahoradelcampo.com.uy\/site\/category\/actualidad\/"},"img":{"alt_text":"","src":"https:\/\/i0.wp.com\/lahoradelcampo.com.uy\/site\/wp-content\/uploads\/2019\/04\/Frutillas.jpg?fit=880%2C440&ssl=1&resize=350%2C200","width":350,"height":200,"srcset":"https:\/\/i0.wp.com\/lahoradelcampo.com.uy\/site\/wp-content\/uploads\/2019\/04\/Frutillas.jpg?fit=880%2C440&ssl=1&resize=350%2C200 1x, https:\/\/i0.wp.com\/lahoradelcampo.com.uy\/site\/wp-content\/uploads\/2019\/04\/Frutillas.jpg?fit=880%2C440&ssl=1&resize=525%2C300 1.5x, https:\/\/i0.wp.com\/lahoradelcampo.com.uy\/site\/wp-content\/uploads\/2019\/04\/Frutillas.jpg?fit=880%2C440&ssl=1&resize=700%2C400 2x"},"classes":[]},{"id":55124,"url":"https:\/\/lahoradelcampo.com.uy\/site\/crece-la-oferta-de-frutas-de-estacion-y-bajan-los-precios\/","url_meta":{"origin":55179,"position":3},"title":"Crece la oferta de frutas de estaci\u00f3n y bajan los precios","author":"La Hora del Campo","date":"16 noviembre, 2024","format":false,"excerpt":"Durante la semana del 9 al 15 de noviembre de 2024, el reporte de la Unidad Agroalimentaria Metropolitana (UAM) destac\u00f3 importantes cambios en el mercado de frutas y hortalizas en Uruguay. Este per\u00edodo estuvo marcado por el ingreso masivo de frutas de estaci\u00f3n, como berries y frutas de huerta, as\u00ed\u2026","rel":"","context":"En \u00abActualidad\u00bb","block_context":{"text":"Actualidad","link":"https:\/\/lahoradelcampo.com.uy\/site\/category\/actualidad\/"},"img":{"alt_text":"","src":"https:\/\/i0.wp.com\/lahoradelcampo.com.uy\/site\/wp-content\/uploads\/2024\/11\/frutasdeestacion.jpg?fit=880%2C440&ssl=1&resize=350%2C200","width":350,"height":200,"srcset":"https:\/\/i0.wp.com\/lahoradelcampo.com.uy\/site\/wp-content\/uploads\/2024\/11\/frutasdeestacion.jpg?fit=880%2C440&ssl=1&resize=350%2C200 1x, https:\/\/i0.wp.com\/lahoradelcampo.com.uy\/site\/wp-content\/uploads\/2024\/11\/frutasdeestacion.jpg?fit=880%2C440&ssl=1&resize=525%2C300 1.5x, https:\/\/i0.wp.com\/lahoradelcampo.com.uy\/site\/wp-content\/uploads\/2024\/11\/frutasdeestacion.jpg?fit=880%2C440&ssl=1&resize=700%2C400 2x"},"classes":[]},{"id":53163,"url":"https:\/\/lahoradelcampo.com.uy\/site\/crece-la-oferta-de-remolacha-y-los-precios-descienden\/","url_meta":{"origin":55179,"position":4},"title":"Crece la oferta de remolacha y los precios descienden","author":"La Hora del Campo","date":"20 noviembre, 2023","format":false,"excerpt":"La Unidad Agroalimentaria Metropolitana (UAM) inform\u00f3 esta semana sobre una importante oferta de remolacha que ha impactado negativamente en los precios en el mercado local de hortalizas. El descenso de las temperaturas y las lluvias de la semana pasada han contribuido al notable aumento en la oferta de productos hort\u00edcolas,\u2026","rel":"","context":"En \u00abActualidad\u00bb","block_context":{"text":"Actualidad","link":"https:\/\/lahoradelcampo.com.uy\/site\/category\/actualidad\/"},"img":{"alt_text":"","src":"https:\/\/i0.wp.com\/lahoradelcampo.com.uy\/site\/wp-content\/uploads\/2023\/11\/remolachas.jpg?fit=880%2C440&ssl=1&resize=350%2C200","width":350,"height":200,"srcset":"https:\/\/i0.wp.com\/lahoradelcampo.com.uy\/site\/wp-content\/uploads\/2023\/11\/remolachas.jpg?fit=880%2C440&ssl=1&resize=350%2C200 1x, https:\/\/i0.wp.com\/lahoradelcampo.com.uy\/site\/wp-content\/uploads\/2023\/11\/remolachas.jpg?fit=880%2C440&ssl=1&resize=525%2C300 1.5x, https:\/\/i0.wp.com\/lahoradelcampo.com.uy\/site\/wp-content\/uploads\/2023\/11\/remolachas.jpg?fit=880%2C440&ssl=1&resize=700%2C400 2x"},"classes":[]},{"id":53373,"url":"https:\/\/lahoradelcampo.com.uy\/site\/comenzo-la-zafra-de-manzanas-con-las-variedades-condesa-gala-e-yvyra\/","url_meta":{"origin":55179,"position":5},"title":"Comenz\u00f3 la zafra de manzanas con las variedades Condesa, Gala e Yvyr\u00e1","author":"La Hora del Campo","date":"15 enero, 2024","format":false,"excerpt":"En la ma\u00f1ana de hoy, la Plaza Mayorista de la Unidad Agroalimentaria Metropolitana (UAM) se vio inundada de color y aroma con la llegada de las primeras partidas de manzanas de la esperada temporada 2024. Entre las variedades que despertaron el inter\u00e9s de compradores y visitantes se encuentran la Yvyr\u00e1\u2026","rel":"","context":"En \u00abActualidad\u00bb","block_context":{"text":"Actualidad","link":"https:\/\/lahoradelcampo.com.uy\/site\/category\/actualidad\/"},"img":{"alt_text":"","src":"https:\/\/i0.wp.com\/lahoradelcampo.com.uy\/site\/wp-content\/uploads\/2018\/01\/Manzana.jpg?fit=880%2C440&ssl=1&resize=350%2C200","width":350,"height":200,"srcset":"https:\/\/i0.wp.com\/lahoradelcampo.com.uy\/site\/wp-content\/uploads\/2018\/01\/Manzana.jpg?fit=880%2C440&ssl=1&resize=350%2C200 1x, https:\/\/i0.wp.com\/lahoradelcampo.com.uy\/site\/wp-content\/uploads\/2018\/01\/Manzana.jpg?fit=880%2C440&ssl=1&resize=525%2C300 1.5x, https:\/\/i0.wp.com\/lahoradelcampo.com.uy\/site\/wp-content\/uploads\/2018\/01\/Manzana.jpg?fit=880%2C440&ssl=1&resize=700%2C400 2x"},"classes":[]}],"jetpack_likes_enabled":true,"_links":{"self":[{"href":"https:\/\/lahoradelcampo.com.uy\/site\/wp-json\/wp\/v2\/posts\/55179","targetHints":{"allow":["GET"]}}],"collection":[{"href":"https:\/\/lahoradelcampo.com.uy\/site\/wp-json\/wp\/v2\/posts"}],"about":[{"href":"https:\/\/lahoradelcampo.com.uy\/site\/wp-json\/wp\/v2\/types\/post"}],"author":[{"embeddable":true,"href":"https:\/\/lahoradelcampo.com.uy\/site\/wp-json\/wp\/v2\/users\/5"}],"replies":[{"embeddable":true,"href":"https:\/\/lahoradelcampo.com.uy\/site\/wp-json\/wp\/v2\/comments?post=55179"}],"version-history":[{"count":1,"href":"https:\/\/lahoradelcampo.com.uy\/site\/wp-json\/wp\/v2\/posts\/55179\/revisions"}],"predecessor-version":[{"id":55181,"href":"https:\/\/lahoradelcampo.com.uy\/site\/wp-json\/wp\/v2\/posts\/55179\/revisions\/55181"}],"wp:featuredmedia":[{"embeddable":true,"href":"https:\/\/lahoradelcampo.com.uy\/site\/wp-json\/wp\/v2\/media\/55180"}],"wp:attachment":[{"href":"https:\/\/lahoradelcampo.com.uy\/site\/wp-json\/wp\/v2\/media?parent=55179"}],"wp:term":[{"taxonomy":"category","embeddable":true,"href":"https:\/\/lahoradelcampo.com.uy\/site\/wp-json\/wp\/v2\/categories?post=55179"},{"taxonomy":"post_tag","embeddable":true,"href":"https:\/\/lahoradelcampo.com.uy\/site\/wp-json\/wp\/v2\/tags?post=55179"}],"curies":[{"name":"wp","href":"https:\/\/api.w.org\/{rel}","templated":true}]}}