{"id":55177,"date":"2024-11-29T00:29:56","date_gmt":"2024-11-29T03:29:56","guid":{"rendered":"http:\/\/lahoradelcampo.com.uy\/site\/?p=55177"},"modified":"2024-11-30T00:31:29","modified_gmt":"2024-11-30T03:31:29","slug":"semana-mas-tranquila-en-el-mercado-lanero-interno","status":"publish","type":"post","link":"https:\/\/lahoradelcampo.com.uy\/site\/semana-mas-tranquila-en-el-mercado-lanero-interno\/","title":{"rendered":"Semana m\u00e1s tranquila en el mercado lanero interno"},"content":{"rendered":"\n<figure class=\"wp-block-image size-full\"><a href=\"https:\/\/i0.wp.com\/lahoradelcampo.com.uy\/site\/wp-content\/uploads\/2024\/09\/Lana-Uruguaya1.jpg\"><img data-recalc-dims=\"1\" loading=\"lazy\" decoding=\"async\" width=\"810\" height=\"405\" data-attachment-id=\"54531\" data-permalink=\"https:\/\/lahoradelcampo.com.uy\/site\/se-concretaron-negocios-entre-172-y-238-micras-esta-semana\/lana-uruguaya1\/\" data-orig-file=\"https:\/\/i0.wp.com\/lahoradelcampo.com.uy\/site\/wp-content\/uploads\/2024\/09\/Lana-Uruguaya1.jpg?fit=880%2C440&amp;ssl=1\" data-orig-size=\"880,440\" data-comments-opened=\"1\" data-image-meta=\"{&quot;aperture&quot;:&quot;0&quot;,&quot;credit&quot;:&quot;&quot;,&quot;camera&quot;:&quot;&quot;,&quot;caption&quot;:&quot;&quot;,&quot;created_timestamp&quot;:&quot;0&quot;,&quot;copyright&quot;:&quot;&quot;,&quot;focal_length&quot;:&quot;0&quot;,&quot;iso&quot;:&quot;0&quot;,&quot;shutter_speed&quot;:&quot;0&quot;,&quot;title&quot;:&quot;&quot;,&quot;orientation&quot;:&quot;1&quot;}\" data-image-title=\"Lana-Uruguaya1\" data-image-description=\"\" data-image-caption=\"\" data-large-file=\"https:\/\/i0.wp.com\/lahoradelcampo.com.uy\/site\/wp-content\/uploads\/2024\/09\/Lana-Uruguaya1.jpg?fit=810%2C405&amp;ssl=1\" src=\"https:\/\/i0.wp.com\/lahoradelcampo.com.uy\/site\/wp-content\/uploads\/2024\/09\/Lana-Uruguaya1.jpg?resize=810%2C405\" alt=\"\" class=\"wp-image-54531\" srcset=\"https:\/\/i0.wp.com\/lahoradelcampo.com.uy\/site\/wp-content\/uploads\/2024\/09\/Lana-Uruguaya1.jpg?w=880&amp;ssl=1 880w, https:\/\/i0.wp.com\/lahoradelcampo.com.uy\/site\/wp-content\/uploads\/2024\/09\/Lana-Uruguaya1.jpg?resize=300%2C150&amp;ssl=1 300w, https:\/\/i0.wp.com\/lahoradelcampo.com.uy\/site\/wp-content\/uploads\/2024\/09\/Lana-Uruguaya1.jpg?resize=768%2C384&amp;ssl=1 768w, https:\/\/i0.wp.com\/lahoradelcampo.com.uy\/site\/wp-content\/uploads\/2024\/09\/Lana-Uruguaya1.jpg?resize=820%2C410&amp;ssl=1 820w\" sizes=\"auto, (max-width: 810px) 100vw, 810px\" \/><\/a><\/figure>\n\n\n\n<p>En la jornada de ayer, jueves, al realizar la recorrida por los distintos operadores, consignatarios y referentes de la demanda, el mercado se mostr\u00f3 \u00abmuy tranquilo\u00bb, con \u00abm\u00e1s oferta y menos demanda de afuera\u00bb, seg\u00fan explic\u00f3 un integrante de la industria topista nacional.<\/p>\n\n\n\n<p>Otros operadores explican que parte de la demanda a nivel interno est\u00e1 fr\u00eda, o se enfri\u00f3, y eso hace que la menor competencia \u00abno permita acercar las puntas, como quiere el productor\u00bb. Tambi\u00e9n se indica que algunas industrias est\u00e1n evaluando y coordinando los pagos previstos para diciembre, as\u00ed como tambi\u00e9n las cargas antes de las tradicionales fiestas.<\/p>\n\n\n\n<p>En este contexto se dieron a conocer pocos negocios esta semana. En el norte del pa\u00eds, en el departamento de Artigas, se concret\u00f3 un lote de 10.000 kilos de lanas merino de 17,8 micras, con 78% de rendimiento al lavado, certificado RWS, que cotiz\u00f3 a US$ 6 el vell\u00f3n y US$ 1,00 los subproductos, con plazo de 90 d\u00edas para el pago.<\/p>\n\n\n\n<p>En este rango de micronajes se comercializ\u00f3 un lote de 12.000 kilos de lana de 17,9 micras, con 79,1% de rendimiento al lavado, acondicionado grifa verde y certificado RWS, que cotiz\u00f3 a US$ 6,00 el vell\u00f3n y US$ 1,00 los subproductos. Se concret\u00f3 el negocio con un plazo de 90 d\u00edas para el pago.<\/p>\n\n\n\n<p>En el litoral norte, tambi\u00e9n se realiz\u00f3 un lote de 4.000 kilos de 19,7 micras, con 76,5% de rendimiento al lavado, en US$ 4,60 el vell\u00f3n y US$ 1,00 los subproductos, lanas con grifa verde con 90 d\u00edas para el pago. Un lote de 3.000 kilos de 20,5 micras a US$ 4,20 el vell\u00f3n, con 79,8% de rendimiento al lavado, tambi\u00e9n grifa verde y con plazo de 90 d\u00edas.<\/p>\n\n\n\n<p>Adem\u00e1s, el pasado viernes, se concretaron dos negocios en Salto, de lanas en ese rango de micronaje. Un lote de 8.300 kilos de 17,6 micras, con 77,8% de rendimiento al lavado, que cotiz\u00f3 a US$ 6,20 el vell\u00f3n y US$ 1,00 los subproductos. Por su parte un lote de 1.800 kilos de 17,4 micras, tambi\u00e9n con 77,8% de rinde, cotiz\u00f3 a US$ 6,29 el vell\u00f3n y US$ 1,00 los subproductos. En ambos casos lanas grifa verde, sin certificaci\u00f3n, que se concretaron con 30 d\u00edas para el pago.<\/p>\n\n\n\n<p>Salto, 29 de noviembre de 2024<\/p>\n","protected":false},"excerpt":{"rendered":"<p>En la jornada de ayer, jueves, al realizar la recorrida por los distintos operadores, consignatarios y referentes de la demanda, el mercado se mostr\u00f3 \u00abmuy tranquilo\u00bb, con \u00abm\u00e1s oferta y [&hellip;]<\/p>\n","protected":false},"author":5,"featured_media":54531,"comment_status":"open","ping_status":"open","sticky":false,"template":"","format":"standard","meta":{"_price":"","_stock":"","_tribe_ticket_header":"","_tribe_default_ticket_provider":"","_tribe_ticket_capacity":"0","_ticket_start_date":"","_ticket_end_date":"","_tribe_ticket_show_description":"","_tribe_ticket_show_not_going":false,"_tribe_ticket_use_global_stock":"","_tribe_ticket_global_stock_level":"","_global_stock_mode":"","_global_stock_cap":"","_tribe_rsvp_for_event":"","_tribe_ticket_going_count":"","_tribe_ticket_not_going_count":"","_tribe_tickets_list":"[]","_tribe_ticket_has_attendee_info_fields":false,"h5ap_radio_sources":[],"_jetpack_newsletter_access":"","_jetpack_dont_email_post_to_subs":false,"_jetpack_newsletter_tier_id":0,"_jetpack_memberships_contains_paywalled_content":false,"_jetpack_memberships_contains_paid_content":false,"footnotes":""},"categories":[21,13],"tags":[],"class_list":["post-55177","post","type-post","status-publish","format-standard","has-post-thumbnail","hentry","category-actualidad","category-ovinos"],"jetpack_featured_media_url":"https:\/\/i0.wp.com\/lahoradelcampo.com.uy\/site\/wp-content\/uploads\/2024\/09\/Lana-Uruguaya1.jpg?fit=880%2C440&ssl=1","jetpack_sharing_enabled":true,"jetpack_shortlink":"https:\/\/wp.me\/p99IaT-elX","jetpack-related-posts":[{"id":44329,"url":"https:\/\/lahoradelcampo.com.uy\/site\/semana-sin-operaciones-ni-consultas-en-el-mercado-lanero-interno\/","url_meta":{"origin":55177,"position":0},"title":"Semana sin operaciones ni consultas en el mercado lanero interno","author":"La Hora del Campo","date":"29 julio, 2022","format":false,"excerpt":"Como es sabido, el mercado lanero australiano se encuentra en receso hasta la semana que inicia el 8 de agosto, y debido a las importantes p\u00e9rdidas que se registraron en las dos \u00faltimas semanas previo a la pausa comercial, a nivel del mercado interno el productor est\u00e1 m\u00e1s preocupado en\u2026","rel":"","context":"En \u00abActualidad\u00bb","block_context":{"text":"Actualidad","link":"https:\/\/lahoradelcampo.com.uy\/site\/category\/actualidad\/"},"img":{"alt_text":"","src":"https:\/\/i0.wp.com\/lahoradelcampo.com.uy\/site\/wp-content\/uploads\/2021\/11\/lanasoctubre.jpg?fit=880%2C440&ssl=1&resize=350%2C200","width":350,"height":200,"srcset":"https:\/\/i0.wp.com\/lahoradelcampo.com.uy\/site\/wp-content\/uploads\/2021\/11\/lanasoctubre.jpg?fit=880%2C440&ssl=1&resize=350%2C200 1x, https:\/\/i0.wp.com\/lahoradelcampo.com.uy\/site\/wp-content\/uploads\/2021\/11\/lanasoctubre.jpg?fit=880%2C440&ssl=1&resize=525%2C300 1.5x, https:\/\/i0.wp.com\/lahoradelcampo.com.uy\/site\/wp-content\/uploads\/2021\/11\/lanasoctubre.jpg?fit=880%2C440&ssl=1&resize=700%2C400 2x"},"classes":[]},{"id":56659,"url":"https:\/\/lahoradelcampo.com.uy\/site\/mercado-lanero-interno-mantiene-la-tonica-de-las-ultimas-semanas\/","url_meta":{"origin":55177,"position":1},"title":"Mercado lanero interno mantiene la t\u00f3nica de las \u00faltimas semanas","author":"La Hora del Campo","date":"1 septiembre, 2025","format":false,"excerpt":"En el mercado lanero se contin\u00faan concretando negocios de lanas finas, donde la demanda est\u00e1 con valores m\u00e1s firmes y estables, en tanto que contin\u00faa tambi\u00e9n un mayor inter\u00e9s por lanas medias y gruesas, donde los precios han mejorado \"m\u00e1s que la cantidad de negocios que logramos concretar\" se indic\u00f3\u2026","rel":"","context":"En \u00abActualidad\u00bb","block_context":{"text":"Actualidad","link":"https:\/\/lahoradelcampo.com.uy\/site\/category\/actualidad\/"},"img":{"alt_text":"","src":"https:\/\/i0.wp.com\/lahoradelcampo.com.uy\/site\/wp-content\/uploads\/2017\/12\/Lanas-uruguay.jpg?fit=880%2C440&ssl=1&resize=350%2C200","width":350,"height":200,"srcset":"https:\/\/i0.wp.com\/lahoradelcampo.com.uy\/site\/wp-content\/uploads\/2017\/12\/Lanas-uruguay.jpg?fit=880%2C440&ssl=1&resize=350%2C200 1x, https:\/\/i0.wp.com\/lahoradelcampo.com.uy\/site\/wp-content\/uploads\/2017\/12\/Lanas-uruguay.jpg?fit=880%2C440&ssl=1&resize=525%2C300 1.5x, https:\/\/i0.wp.com\/lahoradelcampo.com.uy\/site\/wp-content\/uploads\/2017\/12\/Lanas-uruguay.jpg?fit=880%2C440&ssl=1&resize=700%2C400 2x"},"classes":[]},{"id":39747,"url":"https:\/\/lahoradelcampo.com.uy\/site\/lanas-en-uruguay-la-demanda-desde-europa-esta-mas-cautelosa\/","url_meta":{"origin":55177,"position":2},"title":"Lanas: En Uruguay la demanda desde Europa est\u00e1 m\u00e1s cautelosa","author":"La Hora del Campo","date":"11 marzo, 2022","format":false,"excerpt":"El mercado lanero interno, ha enlentecido su operativa. En el dialogo con varios operadores del mercado el pasado D\u00eda del Merino en Salto, se marc\u00f3 que a\u00fan es una incertidumbre el impacto que pueda causar la crisis de Rusia y Ucrania, en el corto y mediano plazo. \u201cPor el momento,\u2026","rel":"","context":"En \u00abActualidad\u00bb","block_context":{"text":"Actualidad","link":"https:\/\/lahoradelcampo.com.uy\/site\/category\/actualidad\/"},"img":{"alt_text":"","src":"https:\/\/i0.wp.com\/lahoradelcampo.com.uy\/site\/wp-content\/uploads\/2021\/06\/lanauruguay.jpg?fit=880%2C440&ssl=1&resize=350%2C200","width":350,"height":200,"srcset":"https:\/\/i0.wp.com\/lahoradelcampo.com.uy\/site\/wp-content\/uploads\/2021\/06\/lanauruguay.jpg?fit=880%2C440&ssl=1&resize=350%2C200 1x, https:\/\/i0.wp.com\/lahoradelcampo.com.uy\/site\/wp-content\/uploads\/2021\/06\/lanauruguay.jpg?fit=880%2C440&ssl=1&resize=525%2C300 1.5x, https:\/\/i0.wp.com\/lahoradelcampo.com.uy\/site\/wp-content\/uploads\/2021\/06\/lanauruguay.jpg?fit=880%2C440&ssl=1&resize=700%2C400 2x"},"classes":[]},{"id":38385,"url":"https:\/\/lahoradelcampo.com.uy\/site\/el-mercado-lanero-interno-hizo-sonar-los-telefonos-esta-semana\/","url_meta":{"origin":55177,"position":3},"title":"El mercado lanero interno hizo sonar los tel\u00e9fonos esta semana","author":"La Hora del Campo","date":"14 enero, 2022","format":false,"excerpt":"El mercado lanero uruguayo est\u00e1 retomando la operativa comercial, luego del receso de las tradicionales fiestas y frente a un mercado internacional que ha registrado un importante incremento en las cotizaciones esta semana. En di\u00e1logo con varios operadores, se ha se\u00f1alado que tanto desde el punto de vista de los\u2026","rel":"","context":"En \u00abActualidad\u00bb","block_context":{"text":"Actualidad","link":"https:\/\/lahoradelcampo.com.uy\/site\/category\/actualidad\/"},"img":{"alt_text":"","src":"https:\/\/i0.wp.com\/lahoradelcampo.com.uy\/site\/wp-content\/uploads\/2021\/06\/lanavellones.jpg?fit=880%2C440&ssl=1&resize=350%2C200","width":350,"height":200,"srcset":"https:\/\/i0.wp.com\/lahoradelcampo.com.uy\/site\/wp-content\/uploads\/2021\/06\/lanavellones.jpg?fit=880%2C440&ssl=1&resize=350%2C200 1x, https:\/\/i0.wp.com\/lahoradelcampo.com.uy\/site\/wp-content\/uploads\/2021\/06\/lanavellones.jpg?fit=880%2C440&ssl=1&resize=525%2C300 1.5x, https:\/\/i0.wp.com\/lahoradelcampo.com.uy\/site\/wp-content\/uploads\/2021\/06\/lanavellones.jpg?fit=880%2C440&ssl=1&resize=700%2C400 2x"},"classes":[]},{"id":55022,"url":"https:\/\/lahoradelcampo.com.uy\/site\/mercado-lanero-interno-lento-y-sin-encontrar-las-puntas\/","url_meta":{"origin":55177,"position":4},"title":"Mercado lanero interno, lento y sin encontrar las puntas","author":"La Hora del Campo","date":"1 noviembre, 2024","format":false,"excerpt":"El mercado lanero a nivel interno se ha venido enlenteciendo en las \u00faltimas tres semanas, luego de la corrida de negocios que llev\u00f3 a ver referencias de US$ 7,00 por las lanas merinas. Salvando las distancias y diferencias entre los mercados, la operativa en el pa\u00eds pr\u00e1cticamente est\u00e1 copiando el\u2026","rel":"","context":"En \u00abActualidad\u00bb","block_context":{"text":"Actualidad","link":"https:\/\/lahoradelcampo.com.uy\/site\/category\/actualidad\/"},"img":{"alt_text":"","src":"https:\/\/i0.wp.com\/lahoradelcampo.com.uy\/site\/wp-content\/uploads\/2017\/10\/Lanas-2.jpg?fit=880%2C440&ssl=1&resize=350%2C200","width":350,"height":200,"srcset":"https:\/\/i0.wp.com\/lahoradelcampo.com.uy\/site\/wp-content\/uploads\/2017\/10\/Lanas-2.jpg?fit=880%2C440&ssl=1&resize=350%2C200 1x, https:\/\/i0.wp.com\/lahoradelcampo.com.uy\/site\/wp-content\/uploads\/2017\/10\/Lanas-2.jpg?fit=880%2C440&ssl=1&resize=525%2C300 1.5x, https:\/\/i0.wp.com\/lahoradelcampo.com.uy\/site\/wp-content\/uploads\/2017\/10\/Lanas-2.jpg?fit=880%2C440&ssl=1&resize=700%2C400 2x"},"classes":[]},{"id":9927,"url":"https:\/\/lahoradelcampo.com.uy\/site\/semana-tranquila-en-el-mercado-lanero-optima-para-hacer-turismo\/","url_meta":{"origin":55177,"position":5},"title":"Semana tranquila en el mercado lanero, \u00f3ptima para hacer turismo","author":"La Hora del Campo","date":"19 abril, 2019","format":false,"excerpt":"La \u201cSemana Santa\u201d o \u201cSemana de Turismo\u201d, est\u00e1 muy tranquila en cuanto a negocios del mercado lanero interno. La oferta es escasa, operadores consultados estiman que ya se ha comercializado m\u00e1s del 80% de las lanas disponibles en la presente zafra y est\u00e1 claro que los pocos lotes que quedan,\u2026","rel":"","context":"En \u00abActualidad\u00bb","block_context":{"text":"Actualidad","link":"https:\/\/lahoradelcampo.com.uy\/site\/category\/actualidad\/"},"img":{"alt_text":"","src":"https:\/\/i0.wp.com\/lahoradelcampo.com.uy\/site\/wp-content\/uploads\/2019\/04\/Lana-esquila.jpg?fit=880%2C440&ssl=1&resize=350%2C200","width":350,"height":200,"srcset":"https:\/\/i0.wp.com\/lahoradelcampo.com.uy\/site\/wp-content\/uploads\/2019\/04\/Lana-esquila.jpg?fit=880%2C440&ssl=1&resize=350%2C200 1x, https:\/\/i0.wp.com\/lahoradelcampo.com.uy\/site\/wp-content\/uploads\/2019\/04\/Lana-esquila.jpg?fit=880%2C440&ssl=1&resize=525%2C300 1.5x, https:\/\/i0.wp.com\/lahoradelcampo.com.uy\/site\/wp-content\/uploads\/2019\/04\/Lana-esquila.jpg?fit=880%2C440&ssl=1&resize=700%2C400 2x"},"classes":[]}],"jetpack_likes_enabled":true,"_links":{"self":[{"href":"https:\/\/lahoradelcampo.com.uy\/site\/wp-json\/wp\/v2\/posts\/55177","targetHints":{"allow":["GET"]}}],"collection":[{"href":"https:\/\/lahoradelcampo.com.uy\/site\/wp-json\/wp\/v2\/posts"}],"about":[{"href":"https:\/\/lahoradelcampo.com.uy\/site\/wp-json\/wp\/v2\/types\/post"}],"author":[{"embeddable":true,"href":"https:\/\/lahoradelcampo.com.uy\/site\/wp-json\/wp\/v2\/users\/5"}],"replies":[{"embeddable":true,"href":"https:\/\/lahoradelcampo.com.uy\/site\/wp-json\/wp\/v2\/comments?post=55177"}],"version-history":[{"count":1,"href":"https:\/\/lahoradelcampo.com.uy\/site\/wp-json\/wp\/v2\/posts\/55177\/revisions"}],"predecessor-version":[{"id":55178,"href":"https:\/\/lahoradelcampo.com.uy\/site\/wp-json\/wp\/v2\/posts\/55177\/revisions\/55178"}],"wp:featuredmedia":[{"embeddable":true,"href":"https:\/\/lahoradelcampo.com.uy\/site\/wp-json\/wp\/v2\/media\/54531"}],"wp:attachment":[{"href":"https:\/\/lahoradelcampo.com.uy\/site\/wp-json\/wp\/v2\/media?parent=55177"}],"wp:term":[{"taxonomy":"category","embeddable":true,"href":"https:\/\/lahoradelcampo.com.uy\/site\/wp-json\/wp\/v2\/categories?post=55177"},{"taxonomy":"post_tag","embeddable":true,"href":"https:\/\/lahoradelcampo.com.uy\/site\/wp-json\/wp\/v2\/tags?post=55177"}],"curies":[{"name":"wp","href":"https:\/\/api.w.org\/{rel}","templated":true}]}}