{"id":55175,"date":"2024-11-29T00:27:09","date_gmt":"2024-11-29T03:27:09","guid":{"rendered":"http:\/\/lahoradelcampo.com.uy\/site\/?p=55175"},"modified":"2024-11-30T00:29:00","modified_gmt":"2024-11-30T03:29:00","slug":"las-lanas-superfinas-impulsaron-la-demanda-en-australia","status":"publish","type":"post","link":"https:\/\/lahoradelcampo.com.uy\/site\/las-lanas-superfinas-impulsaron-la-demanda-en-australia\/","title":{"rendered":"Las lanas superfinas impulsaron la demanda en Australia"},"content":{"rendered":"\n<figure class=\"wp-block-image size-full\"><a href=\"https:\/\/i0.wp.com\/lahoradelcampo.com.uy\/site\/wp-content\/uploads\/2023\/02\/Lana-Australia4.jpg\"><img data-recalc-dims=\"1\" loading=\"lazy\" decoding=\"async\" width=\"810\" height=\"405\" data-attachment-id=\"48787\" data-permalink=\"https:\/\/lahoradelcampo.com.uy\/site\/se-freno-la-suba-en-australia-con-una-baja-de-31-centavos\/lana-australia4\/\" data-orig-file=\"https:\/\/i0.wp.com\/lahoradelcampo.com.uy\/site\/wp-content\/uploads\/2023\/02\/Lana-Australia4.jpg?fit=880%2C440&amp;ssl=1\" data-orig-size=\"880,440\" data-comments-opened=\"1\" data-image-meta=\"{&quot;aperture&quot;:&quot;0&quot;,&quot;credit&quot;:&quot;&quot;,&quot;camera&quot;:&quot;&quot;,&quot;caption&quot;:&quot;&quot;,&quot;created_timestamp&quot;:&quot;0&quot;,&quot;copyright&quot;:&quot;&quot;,&quot;focal_length&quot;:&quot;0&quot;,&quot;iso&quot;:&quot;0&quot;,&quot;shutter_speed&quot;:&quot;0&quot;,&quot;title&quot;:&quot;&quot;,&quot;orientation&quot;:&quot;1&quot;}\" data-image-title=\"Lana-Australia4\" data-image-description=\"\" data-image-caption=\"\" data-large-file=\"https:\/\/i0.wp.com\/lahoradelcampo.com.uy\/site\/wp-content\/uploads\/2023\/02\/Lana-Australia4.jpg?fit=810%2C405&amp;ssl=1\" src=\"https:\/\/i0.wp.com\/lahoradelcampo.com.uy\/site\/wp-content\/uploads\/2023\/02\/Lana-Australia4.jpg?resize=810%2C405\" alt=\"\" class=\"wp-image-48787\" srcset=\"https:\/\/i0.wp.com\/lahoradelcampo.com.uy\/site\/wp-content\/uploads\/2023\/02\/Lana-Australia4.jpg?w=880&amp;ssl=1 880w, https:\/\/i0.wp.com\/lahoradelcampo.com.uy\/site\/wp-content\/uploads\/2023\/02\/Lana-Australia4.jpg?resize=300%2C150&amp;ssl=1 300w, https:\/\/i0.wp.com\/lahoradelcampo.com.uy\/site\/wp-content\/uploads\/2023\/02\/Lana-Australia4.jpg?resize=768%2C384&amp;ssl=1 768w, https:\/\/i0.wp.com\/lahoradelcampo.com.uy\/site\/wp-content\/uploads\/2023\/02\/Lana-Australia4.jpg?resize=820%2C410&amp;ssl=1 820w\" sizes=\"auto, (max-width: 810px) 100vw, 810px\" \/><\/a><\/figure>\n\n\n\n<p>Esta semana en el mercado lanero australiano se registr\u00f3 una venta de lanas superfinas en el centro de Sidney, que sumado a la oferta de Melbourne en este tipo de micronajes, impulso la demanda y los precios, con m\u00e1ximos que llegaron a superar los 17 d\u00f3lares estadounidenses por lanas de 12,8 micras. La operativa se encontr\u00f3 con buena demanda desde Europa y China, debido a la calidad de las lanas para el nicho de prendas de alta calidad, como as\u00ed tambi\u00e9n con la cercan\u00eda del tradicional receso de fin de a\u00f1o.<\/p>\n\n\n\n<p>El mercado en Australia cerr\u00f3 la \u00faltima semana de noviembre con el Indicador del Mercado del Este (EMI) alcanzando los 11,44 d\u00f3lares australianos por kilogramo base limpia, el nivel m\u00e1s alto de la zafra 2024\/25. Este avance, de siete centavos en la semana, fue respaldado por el inter\u00e9s de compradores europeos y chinos, quienes compitieron por las lanas de mayor calidad, mientras que las lanas medias y gruesas registraron un comportamiento m\u00e1s d\u00e9bil.<\/p>\n\n\n\n<p>Con la depreciaci\u00f3n de la moneda australiana frente a su par estadounidense, esta semana el indicador cay\u00f3 dos centavos en d\u00f3lares, cotizando a US$ 7,41. <\/p>\n\n\n\n<p>El aumento de precios fue particularmente evidente en las subastas de S\u00eddney y Melbourne, donde los vellones merinos de entre 16.5 y 18 micrones alcanzaron incrementos de hasta 48 centavos. Los lotes con especificaciones superiores, como largo de mecha de 75 a 90 mm, contenido de materia vegetal nulo o por debajo del 3% y resistencia por encima de los 40 N\/ktex, fueron los m\u00e1s disputados, reflejando el inter\u00e9s creciente en lanas certificadas para sectores de lujo.<\/p>\n\n\n\n<p>En este sentido lanas de 12,8 y 12,9 micras, de TA Field Estates, de Nueva Gales del Sur, cotizaron a 27,018 y 26,385 d\u00f3lares australianos por kilogramo base limpia, lo que llevado a d\u00f3lares el pasado mi\u00e9rcoles signific\u00f3 US$ 17,50 y 17,09 respectivamente.<\/p>\n\n\n\n<p>La oferta de 36.309 fardos alcanz\u00f3 una tasa de colocaci\u00f3n del 94,5% esta semana, es decir que el rechazo fue el m\u00e1s bajo de la presente zafra. Este tambi\u00e9n ha sido otro de los factores alcistas del mercado para las lanas finas y superfinas, teniendo en cuenta que se lleva comercializado un 18,8% menos que la zafra pasada, por lo que se intensifica la presi\u00f3n de compra especialmente por lotes de alta calidad.<\/p>\n\n\n\n<p>En contraste, las lanas medias y gruesas, mostraron estabilidad en la moneda local, aunque se observ\u00f3 un leve aumento en la actividad de dos importantes compradores chinos en el \u00faltimo d\u00eda de ventas.<br>Para la pr\u00f3xima semana, se espera una oferta de 37,700 fardos de lana australiana, distribuidos en los tres principales centros de subasta.<\/p>\n\n\n\n<p>Salto, 29 de noviembre de 2024<\/p>\n","protected":false},"excerpt":{"rendered":"<p>Esta semana en el mercado lanero australiano se registr\u00f3 una venta de lanas superfinas en el centro de Sidney, que sumado a la oferta de Melbourne en este tipo de [&hellip;]<\/p>\n","protected":false},"author":5,"featured_media":48787,"comment_status":"open","ping_status":"open","sticky":false,"template":"","format":"standard","meta":{"_price":"","_stock":"","_tribe_ticket_header":"","_tribe_default_ticket_provider":"","_tribe_ticket_capacity":"0","_ticket_start_date":"","_ticket_end_date":"","_tribe_ticket_show_description":"","_tribe_ticket_show_not_going":false,"_tribe_ticket_use_global_stock":"","_tribe_ticket_global_stock_level":"","_global_stock_mode":"","_global_stock_cap":"","_tribe_rsvp_for_event":"","_tribe_ticket_going_count":"","_tribe_ticket_not_going_count":"","_tribe_tickets_list":"[]","_tribe_ticket_has_attendee_info_fields":false,"h5ap_radio_sources":[],"_jetpack_newsletter_access":"","_jetpack_dont_email_post_to_subs":false,"_jetpack_newsletter_tier_id":0,"_jetpack_memberships_contains_paywalled_content":false,"_jetpack_memberships_contains_paid_content":false,"footnotes":""},"categories":[21,13],"tags":[],"class_list":["post-55175","post","type-post","status-publish","format-standard","has-post-thumbnail","hentry","category-actualidad","category-ovinos"],"jetpack_featured_media_url":"https:\/\/i0.wp.com\/lahoradelcampo.com.uy\/site\/wp-content\/uploads\/2023\/02\/Lana-Australia4.jpg?fit=880%2C440&ssl=1","jetpack_sharing_enabled":true,"jetpack_shortlink":"https:\/\/wp.me\/p99IaT-elV","jetpack-related-posts":[{"id":5691,"url":"https:\/\/lahoradelcampo.com.uy\/site\/indicador-de-mercados-del-este-cerro-estable-esta-semana\/","url_meta":{"origin":55175,"position":0},"title":"Indicador de Mercados del Este cerr\u00f3 estable esta semana","author":"La Hora del Campo","date":"2 febrero, 2018","format":false,"excerpt":"En dos d\u00edas de venta esta semana la demanda adquiri\u00f3 el 94% de la oferta en el mercado lanero australiano, con un indicador que se mantuvo b\u00e1sicamente estable respecto al cierre de la semana anterior, apoyado en la evoluci\u00f3n semanal del tipo de cambio. En la primera venta de esta\u2026","rel":"","context":"En \u00abActualidad\u00bb","block_context":{"text":"Actualidad","link":"https:\/\/lahoradelcampo.com.uy\/site\/category\/actualidad\/"},"img":{"alt_text":"","src":"https:\/\/i0.wp.com\/lahoradelcampo.com.uy\/site\/wp-content\/uploads\/2018\/02\/lana-1.jpg?fit=880%2C440&ssl=1&resize=350%2C200","width":350,"height":200,"srcset":"https:\/\/i0.wp.com\/lahoradelcampo.com.uy\/site\/wp-content\/uploads\/2018\/02\/lana-1.jpg?fit=880%2C440&ssl=1&resize=350%2C200 1x, https:\/\/i0.wp.com\/lahoradelcampo.com.uy\/site\/wp-content\/uploads\/2018\/02\/lana-1.jpg?fit=880%2C440&ssl=1&resize=525%2C300 1.5x, https:\/\/i0.wp.com\/lahoradelcampo.com.uy\/site\/wp-content\/uploads\/2018\/02\/lana-1.jpg?fit=880%2C440&ssl=1&resize=700%2C400 2x"},"classes":[]},{"id":17584,"url":"https:\/\/lahoradelcampo.com.uy\/site\/el-tipo-de-cambio-retrajo-dos-centavos-el-ime\/","url_meta":{"origin":55175,"position":1},"title":"El tipo de cambio retrajo  dos centavos el IME","author":"La Hora del Campo","date":"22 febrero, 2020","format":false,"excerpt":"La semana de ventas en Australia comenz\u00f3 el pasado martes con una oferta en el centro de Melbourne de lanas procedentes de Nueva Zelanda, que no inciden en la formaci\u00f3n del Indicador de Mercados del Este (IME). En dicha operativa las lanas merinos permanecieron pr\u00e1cticamente sin cambios, mientras que los\u2026","rel":"","context":"En \u00abActualidad\u00bb","block_context":{"text":"Actualidad","link":"https:\/\/lahoradelcampo.com.uy\/site\/category\/actualidad\/"},"img":{"alt_text":"","src":"https:\/\/i0.wp.com\/lahoradelcampo.com.uy\/site\/wp-content\/uploads\/2019\/06\/Lana-australia-1.jpg?fit=880%2C440&ssl=1&resize=350%2C200","width":350,"height":200,"srcset":"https:\/\/i0.wp.com\/lahoradelcampo.com.uy\/site\/wp-content\/uploads\/2019\/06\/Lana-australia-1.jpg?fit=880%2C440&ssl=1&resize=350%2C200 1x, https:\/\/i0.wp.com\/lahoradelcampo.com.uy\/site\/wp-content\/uploads\/2019\/06\/Lana-australia-1.jpg?fit=880%2C440&ssl=1&resize=525%2C300 1.5x, https:\/\/i0.wp.com\/lahoradelcampo.com.uy\/site\/wp-content\/uploads\/2019\/06\/Lana-australia-1.jpg?fit=880%2C440&ssl=1&resize=700%2C400 2x"},"classes":[]},{"id":53213,"url":"https:\/\/lahoradelcampo.com.uy\/site\/otra-semana-muy-positiva-para-el-mercado-lanero-australiano\/","url_meta":{"origin":55175,"position":2},"title":"Otra semana muy positiva para el mercado lanero australiano","author":"La Hora del Campo","date":"24 noviembre, 2023","format":false,"excerpt":"Segunda semana muy positiva para el Indicador de Mercados del Este (IME), con una fuerte suba de valores en ambas monedas. El mercado contin\u00faa mostrando una predisposici\u00f3n por adquirir lanas merinas, por sobre las lanas medias y gruesas, aunque los niveles de comercializaci\u00f3n contin\u00faan siendo porcentualmente altos. La demanda se\u2026","rel":"","context":"En \u00abActualidad\u00bb","block_context":{"text":"Actualidad","link":"https:\/\/lahoradelcampo.com.uy\/site\/category\/actualidad\/"},"img":{"alt_text":"","src":"https:\/\/i0.wp.com\/lahoradelcampo.com.uy\/site\/wp-content\/uploads\/2023\/01\/Lana-Australia1.jpg?fit=880%2C440&ssl=1&resize=350%2C200","width":350,"height":200,"srcset":"https:\/\/i0.wp.com\/lahoradelcampo.com.uy\/site\/wp-content\/uploads\/2023\/01\/Lana-Australia1.jpg?fit=880%2C440&ssl=1&resize=350%2C200 1x, https:\/\/i0.wp.com\/lahoradelcampo.com.uy\/site\/wp-content\/uploads\/2023\/01\/Lana-Australia1.jpg?fit=880%2C440&ssl=1&resize=525%2C300 1.5x, https:\/\/i0.wp.com\/lahoradelcampo.com.uy\/site\/wp-content\/uploads\/2023\/01\/Lana-Australia1.jpg?fit=880%2C440&ssl=1&resize=700%2C400 2x"},"classes":[]},{"id":14609,"url":"https:\/\/lahoradelcampo.com.uy\/site\/el-ime-registro-40-centavos-de-suba-en-la-semana\/","url_meta":{"origin":55175,"position":3},"title":"El IME registr\u00f3 40 centavos  de suba en la semana","author":"La Hora del Campo","date":"30 septiembre, 2019","format":false,"excerpt":"El mercado lanero australiano termin\u00f3 la semana con una suba de 40 centavos en el Indicador de Mercados del Este que finaliz\u00f3 en US$ 10,87 por kilogramo base limpia, pero lo m\u00e1s importante fue el clima de mayor positivismo que gener\u00f3 la demanda, principalmente en las lanas de 18 a\u2026","rel":"","context":"En \u00abActualidad\u00bb","block_context":{"text":"Actualidad","link":"https:\/\/lahoradelcampo.com.uy\/site\/category\/actualidad\/"},"img":{"alt_text":"","src":"https:\/\/i0.wp.com\/lahoradelcampo.com.uy\/site\/wp-content\/uploads\/2019\/04\/Lanas-Australia.jpg?fit=880%2C440&ssl=1&resize=350%2C200","width":350,"height":200,"srcset":"https:\/\/i0.wp.com\/lahoradelcampo.com.uy\/site\/wp-content\/uploads\/2019\/04\/Lanas-Australia.jpg?fit=880%2C440&ssl=1&resize=350%2C200 1x, https:\/\/i0.wp.com\/lahoradelcampo.com.uy\/site\/wp-content\/uploads\/2019\/04\/Lanas-Australia.jpg?fit=880%2C440&ssl=1&resize=525%2C300 1.5x, https:\/\/i0.wp.com\/lahoradelcampo.com.uy\/site\/wp-content\/uploads\/2019\/04\/Lanas-Australia.jpg?fit=880%2C440&ssl=1&resize=700%2C400 2x"},"classes":[]},{"id":46759,"url":"https:\/\/lahoradelcampo.com.uy\/site\/el-ime-perdio-30-centavos-y-el-productor-retrajo-la-oferta\/","url_meta":{"origin":55175,"position":4},"title":"El IME perdi\u00f3 30 centavos y  el productor retrajo la oferta","author":"La Hora del Campo","date":"4 noviembre, 2022","format":false,"excerpt":"El mercado lanero volvi\u00f3 a registrar un nuevo descenso en los diferentes micronajes comercializados esta semana, tanto en lanas finas como gruesas. Luego de las dos jornadas de ventas, al pasar raya, el Indicador de Mercados del Este (IME) cerr\u00f3 a US$ 8,03 perdiendo 30 centavos respecto a la semana\u2026","rel":"","context":"En \u00abActualidad\u00bb","block_context":{"text":"Actualidad","link":"https:\/\/lahoradelcampo.com.uy\/site\/category\/actualidad\/"},"img":{"alt_text":"","src":"https:\/\/i0.wp.com\/lahoradelcampo.com.uy\/site\/wp-content\/uploads\/2022\/06\/Lana-australia3.jpg?fit=880%2C440&ssl=1&resize=350%2C200","width":350,"height":200,"srcset":"https:\/\/i0.wp.com\/lahoradelcampo.com.uy\/site\/wp-content\/uploads\/2022\/06\/Lana-australia3.jpg?fit=880%2C440&ssl=1&resize=350%2C200 1x, https:\/\/i0.wp.com\/lahoradelcampo.com.uy\/site\/wp-content\/uploads\/2022\/06\/Lana-australia3.jpg?fit=880%2C440&ssl=1&resize=525%2C300 1.5x, https:\/\/i0.wp.com\/lahoradelcampo.com.uy\/site\/wp-content\/uploads\/2022\/06\/Lana-australia3.jpg?fit=880%2C440&ssl=1&resize=700%2C400 2x"},"classes":[]},{"id":46323,"url":"https:\/\/lahoradelcampo.com.uy\/site\/lanas-en-australia-sumaron-la-novena-semana-consecutiva-a-la-baja\/","url_meta":{"origin":55175,"position":5},"title":"Lanas en Australia sumaron la novena semana consecutiva a la baja","author":"La Hora del Campo","date":"14 octubre, 2022","format":false,"excerpt":"A pesar de la suba al cierre de la semana, en la suma de las dos jornadas de ventas, el mercado lanero australiano alcanz\u00f3 la novena semana consecutiva de bajas en el Indicador de Mercados del Este (IME). La fibra viene con el viento en contra esta zafra, donde el\u2026","rel":"","context":"En \u00abActualidad\u00bb","block_context":{"text":"Actualidad","link":"https:\/\/lahoradelcampo.com.uy\/site\/category\/actualidad\/"},"img":{"alt_text":"","src":"https:\/\/i0.wp.com\/lahoradelcampo.com.uy\/site\/wp-content\/uploads\/2021\/06\/lanaaustralia1.jpg?fit=880%2C440&ssl=1&resize=350%2C200","width":350,"height":200,"srcset":"https:\/\/i0.wp.com\/lahoradelcampo.com.uy\/site\/wp-content\/uploads\/2021\/06\/lanaaustralia1.jpg?fit=880%2C440&ssl=1&resize=350%2C200 1x, https:\/\/i0.wp.com\/lahoradelcampo.com.uy\/site\/wp-content\/uploads\/2021\/06\/lanaaustralia1.jpg?fit=880%2C440&ssl=1&resize=525%2C300 1.5x, https:\/\/i0.wp.com\/lahoradelcampo.com.uy\/site\/wp-content\/uploads\/2021\/06\/lanaaustralia1.jpg?fit=880%2C440&ssl=1&resize=700%2C400 2x"},"classes":[]}],"jetpack_likes_enabled":true,"_links":{"self":[{"href":"https:\/\/lahoradelcampo.com.uy\/site\/wp-json\/wp\/v2\/posts\/55175","targetHints":{"allow":["GET"]}}],"collection":[{"href":"https:\/\/lahoradelcampo.com.uy\/site\/wp-json\/wp\/v2\/posts"}],"about":[{"href":"https:\/\/lahoradelcampo.com.uy\/site\/wp-json\/wp\/v2\/types\/post"}],"author":[{"embeddable":true,"href":"https:\/\/lahoradelcampo.com.uy\/site\/wp-json\/wp\/v2\/users\/5"}],"replies":[{"embeddable":true,"href":"https:\/\/lahoradelcampo.com.uy\/site\/wp-json\/wp\/v2\/comments?post=55175"}],"version-history":[{"count":1,"href":"https:\/\/lahoradelcampo.com.uy\/site\/wp-json\/wp\/v2\/posts\/55175\/revisions"}],"predecessor-version":[{"id":55176,"href":"https:\/\/lahoradelcampo.com.uy\/site\/wp-json\/wp\/v2\/posts\/55175\/revisions\/55176"}],"wp:featuredmedia":[{"embeddable":true,"href":"https:\/\/lahoradelcampo.com.uy\/site\/wp-json\/wp\/v2\/media\/48787"}],"wp:attachment":[{"href":"https:\/\/lahoradelcampo.com.uy\/site\/wp-json\/wp\/v2\/media?parent=55175"}],"wp:term":[{"taxonomy":"category","embeddable":true,"href":"https:\/\/lahoradelcampo.com.uy\/site\/wp-json\/wp\/v2\/categories?post=55175"},{"taxonomy":"post_tag","embeddable":true,"href":"https:\/\/lahoradelcampo.com.uy\/site\/wp-json\/wp\/v2\/tags?post=55175"}],"curies":[{"name":"wp","href":"https:\/\/api.w.org\/{rel}","templated":true}]}}