{"id":55170,"date":"2024-11-29T00:20:00","date_gmt":"2024-11-29T03:20:00","guid":{"rendered":"http:\/\/lahoradelcampo.com.uy\/site\/?p=55170"},"modified":"2024-11-30T00:29:40","modified_gmt":"2024-11-30T03:29:40","slug":"las-carpetas-verdes-muestran-una-recuperacion-de-la-ganaderia-a-pesar-de-la-sequia","status":"publish","type":"post","link":"https:\/\/lahoradelcampo.com.uy\/site\/las-carpetas-verdes-muestran-una-recuperacion-de-la-ganaderia-a-pesar-de-la-sequia\/","title":{"rendered":"Las Carpetas Verdes muestran una recuperaci\u00f3n de la ganader\u00eda a pesar de la sequ\u00eda"},"content":{"rendered":"\n<figure class=\"wp-block-image size-full\"><a href=\"https:\/\/i0.wp.com\/lahoradelcampo.com.uy\/site\/wp-content\/uploads\/2024\/11\/carpetasverdesnorte.jpg\"><img data-recalc-dims=\"1\" loading=\"lazy\" decoding=\"async\" width=\"810\" height=\"405\" data-attachment-id=\"55171\" data-permalink=\"https:\/\/lahoradelcampo.com.uy\/site\/las-carpetas-verdes-muestran-una-recuperacion-de-la-ganaderia-a-pesar-de-la-sequia\/carpetasverdesnorte\/\" data-orig-file=\"https:\/\/i0.wp.com\/lahoradelcampo.com.uy\/site\/wp-content\/uploads\/2024\/11\/carpetasverdesnorte.jpg?fit=880%2C440&amp;ssl=1\" data-orig-size=\"880,440\" data-comments-opened=\"1\" data-image-meta=\"{&quot;aperture&quot;:&quot;0&quot;,&quot;credit&quot;:&quot;&quot;,&quot;camera&quot;:&quot;&quot;,&quot;caption&quot;:&quot;&quot;,&quot;created_timestamp&quot;:&quot;0&quot;,&quot;copyright&quot;:&quot;&quot;,&quot;focal_length&quot;:&quot;0&quot;,&quot;iso&quot;:&quot;0&quot;,&quot;shutter_speed&quot;:&quot;0&quot;,&quot;title&quot;:&quot;&quot;,&quot;orientation&quot;:&quot;1&quot;}\" data-image-title=\"carpetasverdesnorte\" data-image-description=\"\" data-image-caption=\"\" data-large-file=\"https:\/\/i0.wp.com\/lahoradelcampo.com.uy\/site\/wp-content\/uploads\/2024\/11\/carpetasverdesnorte.jpg?fit=810%2C405&amp;ssl=1\" src=\"https:\/\/i0.wp.com\/lahoradelcampo.com.uy\/site\/wp-content\/uploads\/2024\/11\/carpetasverdesnorte.jpg?resize=810%2C405\" alt=\"\" class=\"wp-image-55171\" srcset=\"https:\/\/i0.wp.com\/lahoradelcampo.com.uy\/site\/wp-content\/uploads\/2024\/11\/carpetasverdesnorte.jpg?w=880&amp;ssl=1 880w, https:\/\/i0.wp.com\/lahoradelcampo.com.uy\/site\/wp-content\/uploads\/2024\/11\/carpetasverdesnorte.jpg?resize=300%2C150&amp;ssl=1 300w, https:\/\/i0.wp.com\/lahoradelcampo.com.uy\/site\/wp-content\/uploads\/2024\/11\/carpetasverdesnorte.jpg?resize=768%2C384&amp;ssl=1 768w, https:\/\/i0.wp.com\/lahoradelcampo.com.uy\/site\/wp-content\/uploads\/2024\/11\/carpetasverdesnorte.jpg?resize=820%2C410&amp;ssl=1 820w\" sizes=\"auto, (max-width: 810px) 100vw, 810px\" \/><\/a><\/figure>\n\n\n\n<p>El \u00faltimo ejercicio ganadero cerr\u00f3 con un crecimiento significativo en la productividad y los ingresos, a pesar de los desaf\u00edos clim\u00e1ticos enfrentados. Seg\u00fan el informe presentado este mi\u00e9rcoles por Carlos Molina, director del Instituto Plan Agropecuario (IPA), las empresas monitoreadas alcanzaron un ingreso promedio de US$ 74 por hect\u00e1rea, un 19% m\u00e1s que el a\u00f1o anterior. Sin embargo, este valor es a\u00fan un 13% inferior al promedio de los \u00faltimos cinco ejercicios, reflejando la lenta recuperaci\u00f3n tras la fuerte sequ\u00eda que afect\u00f3 al sector.<\/p>\n\n\n\n<p>La regi\u00f3n Norte, integrada por el Norte-Litoral y el Norte-Centro, mostr\u00f3 un aumento del 5% en la dotaci\u00f3n vacuna, aunque no logr\u00f3 alcanzar los niveles previos a la sequ\u00eda. A pesar de esto, los productores lograron mantener un buen desempe\u00f1o reproductivo, con una mejora del 11% en la producci\u00f3n de kilos de carne vacuna. Por otro lado, los precios de venta disminuyeron un 9% en vacunos y un 11% en lanares, lo que limit\u00f3 parcialmente los beneficios obtenidos. En esta regi\u00f3n, el ingreso de capital por hect\u00e1rea se increment\u00f3 un 20%, alcanzando los US$ 71, mientras que los costos se redujeron en un 8%, marcando un alivio coyuntural en los gastos operativos.<\/p>\n\n\n\n<p>En el Este, donde la dotaci\u00f3n vacuna creci\u00f3 un 1,5%, el panorama fue diverso. La marcaci\u00f3n vacuna cay\u00f3 un 6%, situ\u00e1ndose en su punto m\u00e1s bajo de la \u00faltima d\u00e9cada. Sin embargo, la productividad total aument\u00f3 un 8%, y el ingreso de capital experiment\u00f3 un alza del 28%, llegando a US$ 77 por hect\u00e1rea. Esta regi\u00f3n tambi\u00e9n destac\u00f3 por su mejora en la relaci\u00f3n insumo\/producto, que favoreci\u00f3 la rentabilidad de los productores.<\/p>\n\n\n\n<p>Entre los criadores, tanto en el Norte como en el Este, se observaron signos de recuperaci\u00f3n. En el Norte, la dotaci\u00f3n vacuna creci\u00f3 un 6%, mientras que la productividad de carne vacuna aument\u00f3 un 12%. Aunque los costos permanecieron relativamente estables, el ingreso neto de los arrendatarios subi\u00f3 un 9%, alcanzando los US$ 35 por hect\u00e1rea. En el Este, los criadores mostraron una fuerte capacidad de respuesta, logrando un incremento del 29% en el ingreso de capital, que pas\u00f3 de US$ 66 a US$ 85 por hect\u00e1rea.<\/p>\n\n\n\n<p>A nivel general, el informe destaca que, aunque los niveles de productividad y rentabilidad han mostrado signos alentadores, la ganader\u00eda a\u00fan enfrenta desaf\u00edos importantes. <\/p>\n\n\n\n<p>La disminuci\u00f3n en los precios de venta y los efectos residuales de la sequ\u00eda limitan el ritmo de recuperaci\u00f3n del sector. Sin embargo, la resiliencia y capacidad de adaptaci\u00f3n de los productores han permitido mitigar los impactos y sostener el crecimiento en varias regiones del pa\u00eds.<\/p>\n\n\n\n<p>En moneda constante, el ingreso promedio por hect\u00e1rea fue un 18% menor al de los \u00faltimos diez a\u00f1os, reflejando el impacto acumulado de los eventos clim\u00e1ticos y las oscilaciones de mercado. Sin embargo, Molina destac\u00f3 la capacidad del sector para adaptarse y generar mejoras continuas: \u00abEstos resultados son una se\u00f1al de que el esfuerzo y la gesti\u00f3n eficiente est\u00e1n dando frutos\u00bb.<\/p>\n\n\n\n<p>Salto, 29 de noviembre de 2024<\/p>\n","protected":false},"excerpt":{"rendered":"<p>El \u00faltimo ejercicio ganadero cerr\u00f3 con un crecimiento significativo en la productividad y los ingresos, a pesar de los desaf\u00edos clim\u00e1ticos enfrentados. Seg\u00fan el informe presentado este mi\u00e9rcoles por Carlos [&hellip;]<\/p>\n","protected":false},"author":5,"featured_media":55171,"comment_status":"open","ping_status":"open","sticky":false,"template":"","format":"standard","meta":{"_price":"","_stock":"","_tribe_ticket_header":"","_tribe_default_ticket_provider":"","_tribe_ticket_capacity":"0","_ticket_start_date":"","_ticket_end_date":"","_tribe_ticket_show_description":"","_tribe_ticket_show_not_going":false,"_tribe_ticket_use_global_stock":"","_tribe_ticket_global_stock_level":"","_global_stock_mode":"","_global_stock_cap":"","_tribe_rsvp_for_event":"","_tribe_ticket_going_count":"","_tribe_ticket_not_going_count":"","_tribe_tickets_list":"[]","_tribe_ticket_has_attendee_info_fields":false,"h5ap_radio_sources":[],"_jetpack_newsletter_access":"","_jetpack_dont_email_post_to_subs":false,"_jetpack_newsletter_tier_id":0,"_jetpack_memberships_contains_paywalled_content":false,"_jetpack_memberships_contains_paid_content":false,"footnotes":""},"categories":[21,5],"tags":[],"class_list":["post-55170","post","type-post","status-publish","format-standard","has-post-thumbnail","hentry","category-actualidad","category-ganaderia"],"jetpack_featured_media_url":"https:\/\/i0.wp.com\/lahoradelcampo.com.uy\/site\/wp-content\/uploads\/2024\/11\/carpetasverdesnorte.jpg?fit=880%2C440&ssl=1","jetpack_sharing_enabled":true,"jetpack_shortlink":"https:\/\/wp.me\/p99IaT-elQ","jetpack-related-posts":[{"id":50897,"url":"https:\/\/lahoradelcampo.com.uy\/site\/sequia-porcentajes-de-prenez-un-15-por-debajo-del-ano-pasado\/","url_meta":{"origin":55170,"position":0},"title":"Sequ\u00eda: porcentajes de pre\u00f1ez un 15% por debajo del a\u00f1o pasado","author":"La Hora del Campo","date":"30 mayo, 2023","format":false,"excerpt":"En un a\u00f1o marcado por la sequ\u00eda y diversas circunstancias, se han obtenido resultados variables en cuanto al porcentaje de pre\u00f1ez en el ganado, lo cual ha afectado directamente a los sistemas productivos. As\u00ed lo afirma el Dr. Jos\u00e9 Hermann, m\u00e9dico veterinario del ejercicio liberal, quien destac\u00f3 la influencia del\u2026","rel":"","context":"En \u00abActualidad\u00bb","block_context":{"text":"Actualidad","link":"https:\/\/lahoradelcampo.com.uy\/site\/category\/actualidad\/"},"img":{"alt_text":"","src":"https:\/\/i0.wp.com\/lahoradelcampo.com.uy\/site\/wp-content\/uploads\/2023\/05\/JoseHermann.jpg?fit=880%2C440&ssl=1&resize=350%2C200","width":350,"height":200,"srcset":"https:\/\/i0.wp.com\/lahoradelcampo.com.uy\/site\/wp-content\/uploads\/2023\/05\/JoseHermann.jpg?fit=880%2C440&ssl=1&resize=350%2C200 1x, https:\/\/i0.wp.com\/lahoradelcampo.com.uy\/site\/wp-content\/uploads\/2023\/05\/JoseHermann.jpg?fit=880%2C440&ssl=1&resize=525%2C300 1.5x, https:\/\/i0.wp.com\/lahoradelcampo.com.uy\/site\/wp-content\/uploads\/2023\/05\/JoseHermann.jpg?fit=880%2C440&ssl=1&resize=700%2C400 2x"},"classes":[]},{"id":53672,"url":"https:\/\/lahoradelcampo.com.uy\/site\/exante-preve-un-repunte-en-la-economia-del-sector-agricola\/","url_meta":{"origin":55170,"position":1},"title":"Exante prev\u00e9 un repunte en la econom\u00eda del sector agr\u00edcola","author":"La Hora del Campo","date":"2 abril, 2024","format":false,"excerpt":"Los expertos de la consultora Exante, Florencia Carriquiry y Pablo Rosselli, ofrecieron su visi\u00f3n sobre el panorama econ\u00f3mico global y sus implicaciones para el sector agropecuario en Uruguay durante su participaci\u00f3n en Expoactiva. En el marco de la presentaci\u00f3n explicaron que el proceso de desinflaci\u00f3n a nivel mundial ha sido\u2026","rel":"","context":"En \u00abActualidad\u00bb","block_context":{"text":"Actualidad","link":"https:\/\/lahoradelcampo.com.uy\/site\/category\/actualidad\/"},"img":{"alt_text":"","src":"https:\/\/i0.wp.com\/lahoradelcampo.com.uy\/site\/wp-content\/uploads\/2024\/03\/Exante-expoactiva.jpg?fit=880%2C440&ssl=1&resize=350%2C200","width":350,"height":200,"srcset":"https:\/\/i0.wp.com\/lahoradelcampo.com.uy\/site\/wp-content\/uploads\/2024\/03\/Exante-expoactiva.jpg?fit=880%2C440&ssl=1&resize=350%2C200 1x, https:\/\/i0.wp.com\/lahoradelcampo.com.uy\/site\/wp-content\/uploads\/2024\/03\/Exante-expoactiva.jpg?fit=880%2C440&ssl=1&resize=525%2C300 1.5x, https:\/\/i0.wp.com\/lahoradelcampo.com.uy\/site\/wp-content\/uploads\/2024\/03\/Exante-expoactiva.jpg?fit=880%2C440&ssl=1&resize=700%2C400 2x"},"classes":[]},{"id":49388,"url":"https:\/\/lahoradelcampo.com.uy\/site\/rvn-se-comercializo-el-100-de-los-1-000-vacunos-ofertados\/","url_meta":{"origin":55170,"position":2},"title":"RVN: Se comercializ\u00f3 el 100% de los 1.000 vacunos ofertados","author":"La Hora del Campo","date":"23 marzo, 2023","format":false,"excerpt":"El martes, las firmas Azanza & Migliaro, El Estribo de Aldo Garc\u00eda da Rosa y Enrique Beriau Negocios Rurales llevaron a cabo la venta n\u00famero 24 del \"Remate Virtual del Norte\" (RVN), en la Parrillada El Port\u00f3n. La subasta logr\u00f3 vender los mil vacunos consignados y casi el total (90%)\u2026","rel":"","context":"En \u00abActualidad\u00bb","block_context":{"text":"Actualidad","link":"https:\/\/lahoradelcampo.com.uy\/site\/category\/actualidad\/"},"img":{"alt_text":"","src":"https:\/\/i0.wp.com\/lahoradelcampo.com.uy\/site\/wp-content\/uploads\/2020\/05\/Rematevirtual.jpg?fit=880%2C440&ssl=1&resize=350%2C200","width":350,"height":200,"srcset":"https:\/\/i0.wp.com\/lahoradelcampo.com.uy\/site\/wp-content\/uploads\/2020\/05\/Rematevirtual.jpg?fit=880%2C440&ssl=1&resize=350%2C200 1x, https:\/\/i0.wp.com\/lahoradelcampo.com.uy\/site\/wp-content\/uploads\/2020\/05\/Rematevirtual.jpg?fit=880%2C440&ssl=1&resize=525%2C300 1.5x, https:\/\/i0.wp.com\/lahoradelcampo.com.uy\/site\/wp-content\/uploads\/2020\/05\/Rematevirtual.jpg?fit=880%2C440&ssl=1&resize=700%2C400 2x"},"classes":[]},{"id":53322,"url":"https:\/\/lahoradelcampo.com.uy\/site\/olivos-produccion-record-a-pesar-de-la-sequia\/","url_meta":{"origin":55170,"position":3},"title":"Olivos: Producci\u00f3n r\u00e9cord a pesar de la sequ\u00eda","author":"La Hora del Campo","date":"2 enero, 2024","format":false,"excerpt":"En el marco del Censo Nacional de Olivos 2023, realizado por la Direcci\u00f3n de Estad\u00edsticas Agropecuarias (DIEA) del Ministerio de Ganader\u00eda, Agricultura y Pesca (MGAP) se observa que Uruguay cuenta con 208 explotaciones que abarcan una superficie total de 7.044 hect\u00e1reas destinadas a la producci\u00f3n de aceitunas. Sin embargo, preocupa\u2026","rel":"","context":"En \u00abActualidad\u00bb","block_context":{"text":"Actualidad","link":"https:\/\/lahoradelcampo.com.uy\/site\/category\/actualidad\/"},"img":{"alt_text":"","src":"https:\/\/i0.wp.com\/lahoradelcampo.com.uy\/site\/wp-content\/uploads\/2024\/01\/Olivos.jpg?fit=880%2C440&ssl=1&resize=350%2C200","width":350,"height":200,"srcset":"https:\/\/i0.wp.com\/lahoradelcampo.com.uy\/site\/wp-content\/uploads\/2024\/01\/Olivos.jpg?fit=880%2C440&ssl=1&resize=350%2C200 1x, https:\/\/i0.wp.com\/lahoradelcampo.com.uy\/site\/wp-content\/uploads\/2024\/01\/Olivos.jpg?fit=880%2C440&ssl=1&resize=525%2C300 1.5x, https:\/\/i0.wp.com\/lahoradelcampo.com.uy\/site\/wp-content\/uploads\/2024\/01\/Olivos.jpg?fit=880%2C440&ssl=1&resize=700%2C400 2x"},"classes":[]},{"id":53248,"url":"https:\/\/lahoradelcampo.com.uy\/site\/empresas-de-ciclo-completo-del-norte-pierden-un-71-de-sus-ingresos\/","url_meta":{"origin":55170,"position":4},"title":"Empresas de ciclo completo del norte pierden un 71% de sus ingresos","author":"La Hora del Campo","date":"30 noviembre, 2023","format":false,"excerpt":"En la presentaci\u00f3n de los resultados de las carpetas verdes el Instituto Plan Agropecuario, realizada el pasado martes 28 de noviembre, el Ing. Agr. Mag. Carlos Molina desglos\u00f3 los impactos en los resultados correspondientes al ejercicio 2022\/2023. Los datos presentados evidencian una fuerte ca\u00edda en los ingresos de las empresas\u2026","rel":"","context":"En \u00abActualidad\u00bb","block_context":{"text":"Actualidad","link":"https:\/\/lahoradelcampo.com.uy\/site\/category\/actualidad\/"},"img":{"alt_text":"","src":"https:\/\/i0.wp.com\/lahoradelcampo.com.uy\/site\/wp-content\/uploads\/2023\/11\/Carlos-Molina-IPA.jpg?fit=880%2C440&ssl=1&resize=350%2C200","width":350,"height":200,"srcset":"https:\/\/i0.wp.com\/lahoradelcampo.com.uy\/site\/wp-content\/uploads\/2023\/11\/Carlos-Molina-IPA.jpg?fit=880%2C440&ssl=1&resize=350%2C200 1x, https:\/\/i0.wp.com\/lahoradelcampo.com.uy\/site\/wp-content\/uploads\/2023\/11\/Carlos-Molina-IPA.jpg?fit=880%2C440&ssl=1&resize=525%2C300 1.5x, https:\/\/i0.wp.com\/lahoradelcampo.com.uy\/site\/wp-content\/uploads\/2023\/11\/Carlos-Molina-IPA.jpg?fit=880%2C440&ssl=1&resize=700%2C400 2x"},"classes":[]},{"id":32432,"url":"https:\/\/lahoradelcampo.com.uy\/site\/novillo-gordo-con-negocios-que-superan-los-us-435-en-el-norte\/","url_meta":{"origin":55170,"position":5},"title":"Novillo gordo con negocios que superan los US$ 4,35 en el norte","author":"La Hora del Campo","date":"27 julio, 2021","format":false,"excerpt":"El mercado de haciendas contin\u00faa con tendencia alcista y eso se ha visto reflejado en la planilla de los consignatarios de ganados esta semana, que marcan una referencia promedio de US$ 4,24 para los novillos con destino a faena. Como es tradicional la planilla de los operadores es un valor\u2026","rel":"","context":"En \u00abActualidad\u00bb","block_context":{"text":"Actualidad","link":"https:\/\/lahoradelcampo.com.uy\/site\/category\/actualidad\/"},"img":{"alt_text":"","src":"https:\/\/i0.wp.com\/lahoradelcampo.com.uy\/site\/wp-content\/uploads\/2019\/07\/Novillos.jpg?fit=880%2C440&ssl=1&resize=350%2C200","width":350,"height":200,"srcset":"https:\/\/i0.wp.com\/lahoradelcampo.com.uy\/site\/wp-content\/uploads\/2019\/07\/Novillos.jpg?fit=880%2C440&ssl=1&resize=350%2C200 1x, https:\/\/i0.wp.com\/lahoradelcampo.com.uy\/site\/wp-content\/uploads\/2019\/07\/Novillos.jpg?fit=880%2C440&ssl=1&resize=525%2C300 1.5x, https:\/\/i0.wp.com\/lahoradelcampo.com.uy\/site\/wp-content\/uploads\/2019\/07\/Novillos.jpg?fit=880%2C440&ssl=1&resize=700%2C400 2x"},"classes":[]}],"jetpack_likes_enabled":true,"_links":{"self":[{"href":"https:\/\/lahoradelcampo.com.uy\/site\/wp-json\/wp\/v2\/posts\/55170","targetHints":{"allow":["GET"]}}],"collection":[{"href":"https:\/\/lahoradelcampo.com.uy\/site\/wp-json\/wp\/v2\/posts"}],"about":[{"href":"https:\/\/lahoradelcampo.com.uy\/site\/wp-json\/wp\/v2\/types\/post"}],"author":[{"embeddable":true,"href":"https:\/\/lahoradelcampo.com.uy\/site\/wp-json\/wp\/v2\/users\/5"}],"replies":[{"embeddable":true,"href":"https:\/\/lahoradelcampo.com.uy\/site\/wp-json\/wp\/v2\/comments?post=55170"}],"version-history":[{"count":1,"href":"https:\/\/lahoradelcampo.com.uy\/site\/wp-json\/wp\/v2\/posts\/55170\/revisions"}],"predecessor-version":[{"id":55172,"href":"https:\/\/lahoradelcampo.com.uy\/site\/wp-json\/wp\/v2\/posts\/55170\/revisions\/55172"}],"wp:featuredmedia":[{"embeddable":true,"href":"https:\/\/lahoradelcampo.com.uy\/site\/wp-json\/wp\/v2\/media\/55171"}],"wp:attachment":[{"href":"https:\/\/lahoradelcampo.com.uy\/site\/wp-json\/wp\/v2\/media?parent=55170"}],"wp:term":[{"taxonomy":"category","embeddable":true,"href":"https:\/\/lahoradelcampo.com.uy\/site\/wp-json\/wp\/v2\/categories?post=55170"},{"taxonomy":"post_tag","embeddable":true,"href":"https:\/\/lahoradelcampo.com.uy\/site\/wp-json\/wp\/v2\/tags?post=55170"}],"curies":[{"name":"wp","href":"https:\/\/api.w.org\/{rel}","templated":true}]}}