{"id":55168,"date":"2024-11-28T00:10:59","date_gmt":"2024-11-28T03:10:59","guid":{"rendered":"http:\/\/lahoradelcampo.com.uy\/site\/?p=55168"},"modified":"2024-11-30T00:13:27","modified_gmt":"2024-11-30T03:13:27","slug":"poder-de-compra-de-la-leche-mejora-en-octubre","status":"publish","type":"post","link":"https:\/\/lahoradelcampo.com.uy\/site\/poder-de-compra-de-la-leche-mejora-en-octubre\/","title":{"rendered":"Poder de compra de la leche mejora en octubre"},"content":{"rendered":"\n<figure class=\"wp-block-image size-full\"><a href=\"https:\/\/i0.wp.com\/lahoradelcampo.com.uy\/site\/wp-content\/uploads\/2017\/11\/lecheria.jpg\"><img data-recalc-dims=\"1\" loading=\"lazy\" decoding=\"async\" width=\"810\" height=\"405\" data-attachment-id=\"3969\" data-permalink=\"https:\/\/lahoradelcampo.com.uy\/site\/jornada-abierta-sobre-el-plan-nacional-de-gestion-canina\/lecheria-7\/\" data-orig-file=\"https:\/\/i0.wp.com\/lahoradelcampo.com.uy\/site\/wp-content\/uploads\/2017\/11\/lecheria.jpg?fit=880%2C440&amp;ssl=1\" data-orig-size=\"880,440\" data-comments-opened=\"1\" data-image-meta=\"{&quot;aperture&quot;:&quot;0&quot;,&quot;credit&quot;:&quot;Vicente-Manuel-Tort&quot;,&quot;camera&quot;:&quot;&quot;,&quot;caption&quot;:&quot;&quot;,&quot;created_timestamp&quot;:&quot;0&quot;,&quot;copyright&quot;:&quot;Presidencia de la Republica - Sec.Com.Inst.&quot;,&quot;focal_length&quot;:&quot;0&quot;,&quot;iso&quot;:&quot;0&quot;,&quot;shutter_speed&quot;:&quot;0&quot;,&quot;title&quot;:&quot;&quot;,&quot;orientation&quot;:&quot;1&quot;}\" data-image-title=\"lecheria\" data-image-description=\"\" data-image-caption=\"\" data-large-file=\"https:\/\/i0.wp.com\/lahoradelcampo.com.uy\/site\/wp-content\/uploads\/2017\/11\/lecheria.jpg?fit=810%2C405&amp;ssl=1\" src=\"https:\/\/i0.wp.com\/lahoradelcampo.com.uy\/site\/wp-content\/uploads\/2017\/11\/lecheria.jpg?resize=810%2C405\" alt=\"\" class=\"wp-image-3969\" srcset=\"https:\/\/i0.wp.com\/lahoradelcampo.com.uy\/site\/wp-content\/uploads\/2017\/11\/lecheria.jpg?w=880&amp;ssl=1 880w, https:\/\/i0.wp.com\/lahoradelcampo.com.uy\/site\/wp-content\/uploads\/2017\/11\/lecheria.jpg?resize=300%2C150&amp;ssl=1 300w, https:\/\/i0.wp.com\/lahoradelcampo.com.uy\/site\/wp-content\/uploads\/2017\/11\/lecheria.jpg?resize=768%2C384&amp;ssl=1 768w, https:\/\/i0.wp.com\/lahoradelcampo.com.uy\/site\/wp-content\/uploads\/2017\/11\/lecheria.jpg?resize=820%2C410&amp;ssl=1 820w\" sizes=\"auto, (max-width: 810px) 100vw, 810px\" \/><\/a><\/figure>\n\n\n\n<p>En octubre de 2024, el poder de compra de la leche experiment\u00f3 un incremento del 3,7% respecto al mismo mes del a\u00f1o anterior, impulsado por un aumento del \u00edndice de precios del 5,0% que super\u00f3 con creces el alza moderada del 1,1% en los costos de producci\u00f3n, seg\u00fan datos proporcionados por el Instituto Nacional de la Leche (INALE). Este leve respiro para los productores l\u00e1cteos, sin embargo, contrasta con un panorama de largo plazo m\u00e1s desafiante, ya que el \u00edndice de poder de compra contin\u00faa 25 puntos por debajo de los niveles alcanzados en marzo de 2014, evidenciando las presiones persistentes sobre la rentabilidad del sector.<\/p>\n\n\n\n<p>El \u00edndice de precios de la leche alcanz\u00f3 145 puntos en octubre de 2024, en comparaci\u00f3n con el \u00edndice base de marzo 2014 igual a 100, marcando un crecimiento del 8,2% en relaci\u00f3n con diciembre de 2023. Por su parte, el \u00edndice de costos se ubic\u00f3 en 193 puntos, con una variaci\u00f3n interanual del 1,3%. Este comportamiento refleja la capacidad limitada del mercado para absorber los incrementos en los costos, dejando al poder de compra en un nivel relativamente bajo de 75 puntos.<\/p>\n\n\n\n<p>Este indicador se elabora considerando una canasta fija de insumos y servicios definida en la encuesta del a\u00f1o 2019, ajustando \u00fanicamente los precios mensuales. Esto implica que los resultados no reflejan variaciones coyunturales en las cantidades empleadas por los productores, lo que podr\u00eda subestimar los impactos reales en la capacidad adquisitiva del sector. A pesar de la mejora mensual y anual en el poder de compra, los productores enfrentan un entorno financiero complejo, exacerbado por la inflaci\u00f3n y los costos elevados de insumos clave. Estos desaf\u00edos resaltan la necesidad de una mayor eficiencia y el acceso a herramientas de gesti\u00f3n que permitan amortiguar los efectos de las fluctuaciones del mercado.<\/p>\n\n\n\n<p>Salto, 28 de noviembre de 2024<\/p>\n","protected":false},"excerpt":{"rendered":"<p>En octubre de 2024, el poder de compra de la leche experiment\u00f3 un incremento del 3,7% respecto al mismo mes del a\u00f1o anterior, impulsado por un aumento del \u00edndice de [&hellip;]<\/p>\n","protected":false},"author":5,"featured_media":3969,"comment_status":"open","ping_status":"open","sticky":false,"template":"","format":"standard","meta":{"_price":"","_stock":"","_tribe_ticket_header":"","_tribe_default_ticket_provider":"","_tribe_ticket_capacity":"0","_ticket_start_date":"","_ticket_end_date":"","_tribe_ticket_show_description":"","_tribe_ticket_show_not_going":false,"_tribe_ticket_use_global_stock":"","_tribe_ticket_global_stock_level":"","_global_stock_mode":"","_global_stock_cap":"","_tribe_rsvp_for_event":"","_tribe_ticket_going_count":"","_tribe_ticket_not_going_count":"","_tribe_tickets_list":"[]","_tribe_ticket_has_attendee_info_fields":false,"h5ap_radio_sources":[],"_jetpack_newsletter_access":"","_jetpack_dont_email_post_to_subs":false,"_jetpack_newsletter_tier_id":0,"_jetpack_memberships_contains_paywalled_content":false,"_jetpack_memberships_contains_paid_content":false,"footnotes":""},"categories":[21,11],"tags":[],"class_list":["post-55168","post","type-post","status-publish","format-standard","has-post-thumbnail","hentry","category-actualidad","category-lecheria"],"jetpack_featured_media_url":"https:\/\/i0.wp.com\/lahoradelcampo.com.uy\/site\/wp-content\/uploads\/2017\/11\/lecheria.jpg?fit=880%2C440&ssl=1","jetpack_sharing_enabled":true,"jetpack_shortlink":"https:\/\/wp.me\/p99IaT-elO","jetpack-related-posts":[{"id":26392,"url":"https:\/\/lahoradelcampo.com.uy\/site\/poder-de-compra-de-la-leche-cayo-un-09-en-noviembre\/","url_meta":{"origin":55168,"position":0},"title":"Poder de compra de la leche cay\u00f3 un 0,9% en noviembre","author":"La Hora del Campo","date":"29 diciembre, 2020","format":false,"excerpt":"El poder de compra del litro de leche producido por el tambero uruguayo durante el mes de noviembre se situ\u00f3 un 0,9% por debajo de lo registrado en el mes de octubre, sin embargo al compararse con 2019, dicho indicador creci\u00f3 levemente. La baja del mes de noviembre se debe\u2026","rel":"","context":"En \u00abActualidad\u00bb","block_context":{"text":"Actualidad","link":"https:\/\/lahoradelcampo.com.uy\/site\/category\/actualidad\/"},"img":{"alt_text":"","src":"https:\/\/i0.wp.com\/lahoradelcampo.com.uy\/site\/wp-content\/uploads\/2017\/10\/Lecheria.jpg?fit=880%2C440&ssl=1&resize=350%2C200","width":350,"height":200,"srcset":"https:\/\/i0.wp.com\/lahoradelcampo.com.uy\/site\/wp-content\/uploads\/2017\/10\/Lecheria.jpg?fit=880%2C440&ssl=1&resize=350%2C200 1x, https:\/\/i0.wp.com\/lahoradelcampo.com.uy\/site\/wp-content\/uploads\/2017\/10\/Lecheria.jpg?fit=880%2C440&ssl=1&resize=525%2C300 1.5x, https:\/\/i0.wp.com\/lahoradelcampo.com.uy\/site\/wp-content\/uploads\/2017\/10\/Lecheria.jpg?fit=880%2C440&ssl=1&resize=700%2C400 2x"},"classes":[]},{"id":53647,"url":"https:\/\/lahoradelcampo.com.uy\/site\/descendio-el-poder-de-compra-de-leche-en-el-ultimo-trimestre-de-2023\/","url_meta":{"origin":55168,"position":1},"title":"Descendi\u00f3 el poder de compra de leche en el \u00faltimo trimestre de 2023","author":"La Hora del Campo","date":"31 marzo, 2024","format":false,"excerpt":"El Instituto Nacional de la Leche (INALE) ha publicado recientemente su informe sobre los indicadores de precios y costos de la producci\u00f3n primaria de leche para el \u00faltimo trimestre del a\u00f1o 2023, abarcando el per\u00edodo de octubre a diciembre. Los resultados muestran una tendencia preocupante en el poder de compra\u2026","rel":"","context":"En \u00abActualidad\u00bb","block_context":{"text":"Actualidad","link":"https:\/\/lahoradelcampo.com.uy\/site\/category\/actualidad\/"},"img":{"alt_text":"","src":"https:\/\/i0.wp.com\/lahoradelcampo.com.uy\/site\/wp-content\/uploads\/2024\/03\/INALE-poderdecompra.jpg?fit=880%2C440&ssl=1&resize=350%2C200","width":350,"height":200,"srcset":"https:\/\/i0.wp.com\/lahoradelcampo.com.uy\/site\/wp-content\/uploads\/2024\/03\/INALE-poderdecompra.jpg?fit=880%2C440&ssl=1&resize=350%2C200 1x, https:\/\/i0.wp.com\/lahoradelcampo.com.uy\/site\/wp-content\/uploads\/2024\/03\/INALE-poderdecompra.jpg?fit=880%2C440&ssl=1&resize=525%2C300 1.5x, https:\/\/i0.wp.com\/lahoradelcampo.com.uy\/site\/wp-content\/uploads\/2024\/03\/INALE-poderdecompra.jpg?fit=880%2C440&ssl=1&resize=700%2C400 2x"},"classes":[]},{"id":35825,"url":"https:\/\/lahoradelcampo.com.uy\/site\/poder-de-compra-de-la-leche-subio-un-4-en-setiembre\/","url_meta":{"origin":55168,"position":2},"title":"Poder de compra de la leche subi\u00f3 un 4% en setiembre","author":"La Hora del Campo","date":"23 octubre, 2021","format":false,"excerpt":"El Instituto Nacional de la Leche public\u00f3 datos sobre el poder de compra de la leche con un incremento del 4% respecto a igual mes de 2020. El \u201cpoder de compra de setiembre 2021 se sit\u00faa 4% arriba del valor de un a\u00f1o atr\u00e1s con mayor incremento de precio de\u2026","rel":"","context":"En \u00abActualidad\u00bb","block_context":{"text":"Actualidad","link":"https:\/\/lahoradelcampo.com.uy\/site\/category\/actualidad\/"},"img":{"alt_text":"","src":"https:\/\/i0.wp.com\/lahoradelcampo.com.uy\/site\/wp-content\/uploads\/2018\/05\/Lecheria.jpg?fit=880%2C440&ssl=1&resize=350%2C200","width":350,"height":200,"srcset":"https:\/\/i0.wp.com\/lahoradelcampo.com.uy\/site\/wp-content\/uploads\/2018\/05\/Lecheria.jpg?fit=880%2C440&ssl=1&resize=350%2C200 1x, https:\/\/i0.wp.com\/lahoradelcampo.com.uy\/site\/wp-content\/uploads\/2018\/05\/Lecheria.jpg?fit=880%2C440&ssl=1&resize=525%2C300 1.5x, https:\/\/i0.wp.com\/lahoradelcampo.com.uy\/site\/wp-content\/uploads\/2018\/05\/Lecheria.jpg?fit=880%2C440&ssl=1&resize=700%2C400 2x"},"classes":[]},{"id":52971,"url":"https:\/\/lahoradelcampo.com.uy\/site\/tamberos-continuan-perdiendo-poder-de-compra-con-la-leche\/","url_meta":{"origin":55168,"position":3},"title":"Tamberos contin\u00faan perdiendo poder de compra con la leche","author":"La Hora del Campo","date":"31 octubre, 2023","format":false,"excerpt":"En el tercer trimestre de 2023, el Poder de Compra en el sector l\u00e1cteo ha experimentado un descenso significativo. Poder de Compra en Setiembre 2023 El Poder de Compra de setiembre 2023, que registr\u00f3 un valor de 72, marc\u00f3 un descenso del 6% en comparaci\u00f3n con el mismo mes del\u2026","rel":"","context":"En \u00abActualidad\u00bb","block_context":{"text":"Actualidad","link":"https:\/\/lahoradelcampo.com.uy\/site\/category\/actualidad\/"},"img":{"alt_text":"","src":"https:\/\/i0.wp.com\/lahoradelcampo.com.uy\/site\/wp-content\/uploads\/2023\/10\/lecheria-poderdecompra.jpg?fit=880%2C440&ssl=1&resize=350%2C200","width":350,"height":200,"srcset":"https:\/\/i0.wp.com\/lahoradelcampo.com.uy\/site\/wp-content\/uploads\/2023\/10\/lecheria-poderdecompra.jpg?fit=880%2C440&ssl=1&resize=350%2C200 1x, https:\/\/i0.wp.com\/lahoradelcampo.com.uy\/site\/wp-content\/uploads\/2023\/10\/lecheria-poderdecompra.jpg?fit=880%2C440&ssl=1&resize=525%2C300 1.5x, https:\/\/i0.wp.com\/lahoradelcampo.com.uy\/site\/wp-content\/uploads\/2023\/10\/lecheria-poderdecompra.jpg?fit=880%2C440&ssl=1&resize=700%2C400 2x"},"classes":[]},{"id":54316,"url":"https:\/\/lahoradelcampo.com.uy\/site\/poder-de-compra-de-la-leche-cae-11-respecto-a-2023\/","url_meta":{"origin":55168,"position":4},"title":"Poder de compra de la leche cae 11% respecto a 2023","author":"La Hora del Campo","date":"29 agosto, 2024","format":false,"excerpt":"El \u00cdndice de Poder de Compra de la leche, publicado por el Instituto Nacional de la Leche (Inale), registr\u00f3 un valor de 95 en julio, mostrando un ligero descenso en comparaci\u00f3n con junio, que fue de 96. En t\u00e9rminos interanuales, el \u00edndice se ubic\u00f3 un 11,2% por debajo del valor\u2026","rel":"","context":"En \u00abActualidad\u00bb","block_context":{"text":"Actualidad","link":"https:\/\/lahoradelcampo.com.uy\/site\/category\/actualidad\/"},"img":{"alt_text":"","src":"https:\/\/i0.wp.com\/lahoradelcampo.com.uy\/site\/wp-content\/uploads\/2024\/08\/INALE-podercompraagosto24.jpg?fit=880%2C440&ssl=1&resize=350%2C200","width":350,"height":200,"srcset":"https:\/\/i0.wp.com\/lahoradelcampo.com.uy\/site\/wp-content\/uploads\/2024\/08\/INALE-podercompraagosto24.jpg?fit=880%2C440&ssl=1&resize=350%2C200 1x, https:\/\/i0.wp.com\/lahoradelcampo.com.uy\/site\/wp-content\/uploads\/2024\/08\/INALE-podercompraagosto24.jpg?fit=880%2C440&ssl=1&resize=525%2C300 1.5x, https:\/\/i0.wp.com\/lahoradelcampo.com.uy\/site\/wp-content\/uploads\/2024\/08\/INALE-podercompraagosto24.jpg?fit=880%2C440&ssl=1&resize=700%2C400 2x"},"classes":[]},{"id":56395,"url":"https:\/\/lahoradelcampo.com.uy\/site\/poder-de-compra-de-la-leche-sube-108-en-junio-2025\/","url_meta":{"origin":55168,"position":5},"title":"Poder de compra de la leche sube 10,8% en junio 2025","author":"La Hora del Campo","date":"29 julio, 2025","format":false,"excerpt":"El poder de compra de la leche en junio de 2025 registr\u00f3 una mejora interanual del 10,8% respecto a igual mes del a\u00f1o anterior, seg\u00fan inform\u00f3 el Instituto Nacional de la Leche (INALE). Esta variaci\u00f3n se explica por un aumento del 16,3% en el \u00edndice de precio de la leche,\u2026","rel":"","context":"En \u00abActualidad\u00bb","block_context":{"text":"Actualidad","link":"https:\/\/lahoradelcampo.com.uy\/site\/category\/actualidad\/"},"img":{"alt_text":"","src":"https:\/\/i0.wp.com\/lahoradelcampo.com.uy\/site\/wp-content\/uploads\/2017\/09\/lecheria.jpg?fit=880%2C440&ssl=1&resize=350%2C200","width":350,"height":200,"srcset":"https:\/\/i0.wp.com\/lahoradelcampo.com.uy\/site\/wp-content\/uploads\/2017\/09\/lecheria.jpg?fit=880%2C440&ssl=1&resize=350%2C200 1x, https:\/\/i0.wp.com\/lahoradelcampo.com.uy\/site\/wp-content\/uploads\/2017\/09\/lecheria.jpg?fit=880%2C440&ssl=1&resize=525%2C300 1.5x, https:\/\/i0.wp.com\/lahoradelcampo.com.uy\/site\/wp-content\/uploads\/2017\/09\/lecheria.jpg?fit=880%2C440&ssl=1&resize=700%2C400 2x"},"classes":[]}],"jetpack_likes_enabled":true,"_links":{"self":[{"href":"https:\/\/lahoradelcampo.com.uy\/site\/wp-json\/wp\/v2\/posts\/55168","targetHints":{"allow":["GET"]}}],"collection":[{"href":"https:\/\/lahoradelcampo.com.uy\/site\/wp-json\/wp\/v2\/posts"}],"about":[{"href":"https:\/\/lahoradelcampo.com.uy\/site\/wp-json\/wp\/v2\/types\/post"}],"author":[{"embeddable":true,"href":"https:\/\/lahoradelcampo.com.uy\/site\/wp-json\/wp\/v2\/users\/5"}],"replies":[{"embeddable":true,"href":"https:\/\/lahoradelcampo.com.uy\/site\/wp-json\/wp\/v2\/comments?post=55168"}],"version-history":[{"count":1,"href":"https:\/\/lahoradelcampo.com.uy\/site\/wp-json\/wp\/v2\/posts\/55168\/revisions"}],"predecessor-version":[{"id":55169,"href":"https:\/\/lahoradelcampo.com.uy\/site\/wp-json\/wp\/v2\/posts\/55168\/revisions\/55169"}],"wp:featuredmedia":[{"embeddable":true,"href":"https:\/\/lahoradelcampo.com.uy\/site\/wp-json\/wp\/v2\/media\/3969"}],"wp:attachment":[{"href":"https:\/\/lahoradelcampo.com.uy\/site\/wp-json\/wp\/v2\/media?parent=55168"}],"wp:term":[{"taxonomy":"category","embeddable":true,"href":"https:\/\/lahoradelcampo.com.uy\/site\/wp-json\/wp\/v2\/categories?post=55168"},{"taxonomy":"post_tag","embeddable":true,"href":"https:\/\/lahoradelcampo.com.uy\/site\/wp-json\/wp\/v2\/tags?post=55168"}],"curies":[{"name":"wp","href":"https:\/\/api.w.org\/{rel}","templated":true}]}}