{"id":55166,"date":"2024-11-28T00:05:37","date_gmt":"2024-11-28T03:05:37","guid":{"rendered":"http:\/\/lahoradelcampo.com.uy\/site\/?p=55166"},"modified":"2024-11-30T00:10:30","modified_gmt":"2024-11-30T03:10:30","slug":"republica-ganadera-se-presento-a-concurso-voluntario","status":"publish","type":"post","link":"https:\/\/lahoradelcampo.com.uy\/site\/republica-ganadera-se-presento-a-concurso-voluntario\/","title":{"rendered":"Rep\u00fablica Ganadera se present\u00f3 a concurso voluntario"},"content":{"rendered":"\n<figure class=\"wp-block-image size-full\"><a href=\"https:\/\/i0.wp.com\/lahoradelcampo.com.uy\/site\/wp-content\/uploads\/2024\/10\/Ganadosgral.jpg\"><img data-recalc-dims=\"1\" loading=\"lazy\" decoding=\"async\" width=\"810\" height=\"405\" data-attachment-id=\"54897\" data-permalink=\"https:\/\/lahoradelcampo.com.uy\/site\/la-ring-refleja-una-primavera-favorable-para-la-ganaderia\/ganadosgral\/\" data-orig-file=\"https:\/\/i0.wp.com\/lahoradelcampo.com.uy\/site\/wp-content\/uploads\/2024\/10\/Ganadosgral.jpg?fit=880%2C440&amp;ssl=1\" data-orig-size=\"880,440\" data-comments-opened=\"1\" data-image-meta=\"{&quot;aperture&quot;:&quot;0&quot;,&quot;credit&quot;:&quot;&quot;,&quot;camera&quot;:&quot;&quot;,&quot;caption&quot;:&quot;&quot;,&quot;created_timestamp&quot;:&quot;0&quot;,&quot;copyright&quot;:&quot;&quot;,&quot;focal_length&quot;:&quot;0&quot;,&quot;iso&quot;:&quot;0&quot;,&quot;shutter_speed&quot;:&quot;0&quot;,&quot;title&quot;:&quot;&quot;,&quot;orientation&quot;:&quot;1&quot;}\" data-image-title=\"Ganadosgral\" data-image-description=\"\" data-image-caption=\"\" data-large-file=\"https:\/\/i0.wp.com\/lahoradelcampo.com.uy\/site\/wp-content\/uploads\/2024\/10\/Ganadosgral.jpg?fit=810%2C405&amp;ssl=1\" src=\"https:\/\/i0.wp.com\/lahoradelcampo.com.uy\/site\/wp-content\/uploads\/2024\/10\/Ganadosgral.jpg?resize=810%2C405\" alt=\"\" class=\"wp-image-54897\" srcset=\"https:\/\/i0.wp.com\/lahoradelcampo.com.uy\/site\/wp-content\/uploads\/2024\/10\/Ganadosgral.jpg?w=880&amp;ssl=1 880w, https:\/\/i0.wp.com\/lahoradelcampo.com.uy\/site\/wp-content\/uploads\/2024\/10\/Ganadosgral.jpg?resize=300%2C150&amp;ssl=1 300w, https:\/\/i0.wp.com\/lahoradelcampo.com.uy\/site\/wp-content\/uploads\/2024\/10\/Ganadosgral.jpg?resize=768%2C384&amp;ssl=1 768w, https:\/\/i0.wp.com\/lahoradelcampo.com.uy\/site\/wp-content\/uploads\/2024\/10\/Ganadosgral.jpg?resize=820%2C410&amp;ssl=1 820w\" sizes=\"auto, (max-width: 810px) 100vw, 810px\" \/><\/a><\/figure>\n\n\n\n<p>Desde el lunes 25 de noviembre se manejaba en el sector ganadero, que un \u00abFondo de inversi\u00f3n se econtraba con dificultad para cumplir compromisos\u00bb, haciendo alusi\u00f3n a que un fondo de inversi\u00f3n se encontraba en una situaci\u00f3n similar a la registrada con el Grupo Larrarte, hace pocos meses. En este caso en particular, muy distinto al anterior, se dio una comunicaci\u00f3n m\u00e1s \u00absincera\u00bb entre los responsables del fondo y los inversores, como tambi\u00e9n con los escritorios consignatarios que ten\u00edan ganados en los campos administrados por la empresa.<\/p>\n\n\n\n<p>En este sentido, durante el pasado fin de semana, varias firmas retiraron ganados que ten\u00edan consignados en los campos de Rep\u00fablica Ganadera. De acuerdo con trascendidos en el \u00e1mbito ganadero, se trataba de ganados adquiridos por Rep\u00fablica Ganadera a trav\u00e9s de fideicomisos, lo cuales no eran propiedad del fondo hasta tanto se hicieran los pagos correspondientes.<\/p>\n\n\n\n<p>En las \u00faltimas horas se pudo saber que existen tres tipos de acreedores. Inversores con ganado a su nombre, otros sin ganado a su nombre y acreedores comerciales o personas que brindan servicios. La diferencia entre el ganado que hay y lo que no hay, es de aproximadamente US$ 55 millones, afectando aproximadamente a unos 1.500 inversores. Datos que fueron desmentidos publicamente por la empresa en un comunicado.<\/p>\n\n\n\n<p>Rep\u00fablica Ganadera, fundada en 2010, administra un extenso portafolio que incluye unas 57.000 hect\u00e1reas y alrededor de 63.000 cabezas de ganado. La empresa opera principalmente en el departamento de Artigas, donde tambi\u00e9n posee un corral de engorde, aunque extiende sus actividades a otras regiones como R\u00edo Negro, Rivera y Cerro Largo.<\/p>\n\n\n\n<p>En la jornada de ayer, mi\u00e9rcoles 27, por la tarde, la empresa emiti\u00f3 un comunicado donde informa que se presentar\u00e1 al proceso de concurso voluntario, con el objetivo de reestructurar las obligaciones y garantizar la continuidad operativa de la empresa. En este sentido el comunicado da a conocer negociaciones con otros actores del sector, reconocidos por su solvencia y trayectoria, para desarrollar en forma conjunta un plan de reorganizaci\u00f3n integral que tiene como finalidad reforzar la capacidad operativa y financiera del fondo de inversi\u00f3n.<\/p>\n\n\n\n<p>Si bien el comunicado no hace referencia espec\u00edfica a alguna empresa en particular, tambi\u00e9n en la tarde de ayer, Conexi\u00f3n Ganadera, inform\u00f3 que acept\u00f3 la convocatoria a colaborar en la b\u00fasqueda de soluciones para la situaci\u00f3n de Rep\u00fablica Ganadera y sus acreedores. <\/p>\n\n\n\n<p><strong>Comunicado de Rep\u00fablica Ganadera<\/strong><\/p>\n\n\n\n<p>Por la presente, queremos informarles que Rep\u00fablica Ganadera S.R.L. ha decidido acogerse a un proceso de concurso voluntario, conforme a lo previsto en la Ley N.\u00ba 18.387. Esta medida tiene como objetivo principal reestructurar nuestras obligaciones y garantizar la continuidad operativa de nuestra empresa, asegurando el cumplimiento de nuestros compromisos con cada uno de ustedes.<\/p>\n\n\n\n<p>Somos conscientes de los desaf\u00edos econ\u00f3micos que han afectado al sector ganadero en los \u00faltimos a\u00f1os, incluyendo la hist\u00f3rica sequ\u00eda de 2022-2023 y las consecuencias derivadas de la crisis de confianza en el mercado. A pesar de estas circunstancias adversas, reafirmamos nuestro compromiso de honrar todas nuestras obligaciones, trabajando en soluciones sostenibles y estrat\u00e9gicas que beneficien a nuestros inversores, acreedores y dem\u00e1s partes interesadas.<\/p>\n\n\n\n<p>En este sentido, nos encontramos en conversaciones avanzadas con actores clave del sector ganadero, reconocidos por su solvencia y trayectoria. Juntos, estamos desarrollando un plan de reorganizaci\u00f3n integral que tiene como finalidad reforzar nuestra capacidad operativa y financiera. Este plan busca preservar el valor de la empresa, estabilizar nuestras operaciones y garantizar el cumplimiento de las expectativas de todos los involucrados. Dicho proceso se centrar\u00e1 en garantizar la continuidad de nuestras actividades productivas, optimizar el manejo del ganado y consolidar a Rep\u00fablica Ganadera como un referente en el sector.<\/p>\n\n\n\n<p>Queremos reafirmarles que cada paso que estamos tomando tiene como prop\u00f3sito proteger sus intereses y preservar la confianza que han depositado en nosotros. En los pr\u00f3ximos d\u00edas, les estaremos brindando m\u00e1s detalles sobre el proceso de concurso y las medidas que se est\u00e1n adoptando en el marco de esta reorganizaci\u00f3n.<\/p>\n\n\n\n<p>Entendemos que este comunicado puede generar preguntas o inquietudes. Por ello, les solicitamos actuar de manera ordenada para garantizar una adecuada atenci\u00f3n a cada uno de ustedes. Hemos habilitado el correo electr\u00f3nico info@republicaganadera.com.uy, a trav\u00e9s del cual podr\u00e1n agendar una reuni\u00f3n o llamada con nuestro equipo. Les pedimos paciencia y comprensi\u00f3n, ya que atenderemos cada caso lo m\u00e1s pronto posible.<\/p>\n\n\n\n<p>Agradecemos su apoyo y confianza en este momento clave para el futuro de Rep\u00fablica Ganadera. Estamos trabajando con dedicaci\u00f3n para garantizar la sostenibilidad de la empresa y el cumplimiento de nuestras obligaciones a largo plazo.<\/p>\n\n\n\n<p>Salto, 28 de noviembre de 2024<\/p>\n","protected":false},"excerpt":{"rendered":"<p>Desde el lunes 25 de noviembre se manejaba en el sector ganadero, que un \u00abFondo de inversi\u00f3n se econtraba con dificultad para cumplir compromisos\u00bb, haciendo alusi\u00f3n a que un fondo [&hellip;]<\/p>\n","protected":false},"author":5,"featured_media":54897,"comment_status":"open","ping_status":"open","sticky":false,"template":"","format":"standard","meta":{"_price":"","_stock":"","_tribe_ticket_header":"","_tribe_default_ticket_provider":"","_tribe_ticket_capacity":"0","_ticket_start_date":"","_ticket_end_date":"","_tribe_ticket_show_description":"","_tribe_ticket_show_not_going":false,"_tribe_ticket_use_global_stock":"","_tribe_ticket_global_stock_level":"","_global_stock_mode":"","_global_stock_cap":"","_tribe_rsvp_for_event":"","_tribe_ticket_going_count":"","_tribe_ticket_not_going_count":"","_tribe_tickets_list":"[]","_tribe_ticket_has_attendee_info_fields":false,"h5ap_radio_sources":[],"_jetpack_newsletter_access":"","_jetpack_dont_email_post_to_subs":false,"_jetpack_newsletter_tier_id":0,"_jetpack_memberships_contains_paywalled_content":false,"_jetpack_memberships_contains_paid_content":false,"footnotes":""},"categories":[21,5],"tags":[],"class_list":["post-55166","post","type-post","status-publish","format-standard","has-post-thumbnail","hentry","category-actualidad","category-ganaderia"],"jetpack_featured_media_url":"https:\/\/i0.wp.com\/lahoradelcampo.com.uy\/site\/wp-content\/uploads\/2024\/10\/Ganadosgral.jpg?fit=880%2C440&ssl=1","jetpack_sharing_enabled":true,"jetpack_shortlink":"https:\/\/wp.me\/p99IaT-elM","jetpack-related-posts":[{"id":22736,"url":"https:\/\/lahoradelcampo.com.uy\/site\/la-asociacion-de-consignatarios-de-ganados-festejo-sus-100-anos\/","url_meta":{"origin":55166,"position":0},"title":"La Asociaci\u00f3n de Consignatarios de Ganados festej\u00f3 sus 100 a\u00f1os","author":"La Hora del Campo","date":"17 agosto, 2020","format":false,"excerpt":"El pasado 7 de agosto, la Asociaci\u00f3n de Consignatarios de Ganados del Uruguay (ACG) alcanz\u00f3 sus 100 a\u00f1os de actividad en el pa\u00eds, sin el esperado festejo que se ten\u00eda programado ante la presencia del coronavirus. Recordemos que la gremial decidi\u00f3 donar los recursos que se ten\u00edan reservados para dicho\u2026","rel":"","context":"En \u00abActualidad\u00bb","block_context":{"text":"Actualidad","link":"https:\/\/lahoradelcampo.com.uy\/site\/category\/actualidad\/"},"img":{"alt_text":"","src":"https:\/\/i0.wp.com\/lahoradelcampo.com.uy\/site\/wp-content\/uploads\/2020\/08\/joseaicardiweb.jpg?fit=880%2C440&ssl=1&resize=350%2C200","width":350,"height":200,"srcset":"https:\/\/i0.wp.com\/lahoradelcampo.com.uy\/site\/wp-content\/uploads\/2020\/08\/joseaicardiweb.jpg?fit=880%2C440&ssl=1&resize=350%2C200 1x, https:\/\/i0.wp.com\/lahoradelcampo.com.uy\/site\/wp-content\/uploads\/2020\/08\/joseaicardiweb.jpg?fit=880%2C440&ssl=1&resize=525%2C300 1.5x, https:\/\/i0.wp.com\/lahoradelcampo.com.uy\/site\/wp-content\/uploads\/2020\/08\/joseaicardiweb.jpg?fit=880%2C440&ssl=1&resize=700%2C400 2x"},"classes":[]},{"id":42081,"url":"https:\/\/lahoradelcampo.com.uy\/site\/plaza-rural-finalizo-su-remate-248-con-el-92-de-colocacion\/","url_meta":{"origin":55166,"position":1},"title":"Plaza Rural finaliz\u00f3 su remate 248 con el 92% de colocaci\u00f3n","author":"La Hora del Campo","date":"23 mayo, 2022","format":false,"excerpt":"M\u00e1s all\u00e1 de los ajustes de precios que se observaron en algunas categor\u00edas, Plaza Rural contin\u00faa colocando un alto porcentaje de una importante oferta de reposici\u00f3n como la ofrecida en este remate 248, que adem\u00e1s incluy\u00f3 el Plaza Angus. Ignacio Victorica, integrante del consorcio de rematadores, dijo que \"en l\u00edneas\u2026","rel":"","context":"En \u00abActualidad\u00bb","block_context":{"text":"Actualidad","link":"https:\/\/lahoradelcampo.com.uy\/site\/category\/actualidad\/"},"img":{"alt_text":"","src":"https:\/\/i0.wp.com\/lahoradelcampo.com.uy\/site\/wp-content\/uploads\/2022\/05\/Plazarural-general3.jpg?fit=880%2C440&ssl=1&resize=350%2C200","width":350,"height":200,"srcset":"https:\/\/i0.wp.com\/lahoradelcampo.com.uy\/site\/wp-content\/uploads\/2022\/05\/Plazarural-general3.jpg?fit=880%2C440&ssl=1&resize=350%2C200 1x, https:\/\/i0.wp.com\/lahoradelcampo.com.uy\/site\/wp-content\/uploads\/2022\/05\/Plazarural-general3.jpg?fit=880%2C440&ssl=1&resize=525%2C300 1.5x, https:\/\/i0.wp.com\/lahoradelcampo.com.uy\/site\/wp-content\/uploads\/2022\/05\/Plazarural-general3.jpg?fit=880%2C440&ssl=1&resize=700%2C400 2x"},"classes":[]},{"id":24216,"url":"https:\/\/lahoradelcampo.com.uy\/site\/un-solo-uruguay-planteo-a-economia-medidas-a-aplicar-en-seis-areas\/","url_meta":{"origin":55166,"position":2},"title":"Un Solo Uruguay plante\u00f3 a Econom\u00eda, medidas a aplicar en seis \u00e1reas","author":"La Hora del Campo","date":"2 octubre, 2020","format":false,"excerpt":"Un documento del movimiento, dado a conocer este mi\u00e9rcoles 30, contiene un resumen de las propuestas que se le plantearon a la ministra Azucena Arbeleche en la reuni\u00f3n mantenida el pasado 10 de setiembre, y abarcan seis puntos: comercio, turismo, comercializaci\u00f3n de productos agropecuarios, refinanciaci\u00f3n, captaci\u00f3n de inversi\u00f3n extranjera y\u2026","rel":"","context":"En \u00abActualidad\u00bb","block_context":{"text":"Actualidad","link":"https:\/\/lahoradelcampo.com.uy\/site\/category\/actualidad\/"},"img":{"alt_text":"","src":"https:\/\/i0.wp.com\/lahoradelcampo.com.uy\/site\/wp-content\/uploads\/2018\/04\/un-solo-uruguay.jpg?fit=880%2C440&ssl=1&resize=350%2C200","width":350,"height":200,"srcset":"https:\/\/i0.wp.com\/lahoradelcampo.com.uy\/site\/wp-content\/uploads\/2018\/04\/un-solo-uruguay.jpg?fit=880%2C440&ssl=1&resize=350%2C200 1x, https:\/\/i0.wp.com\/lahoradelcampo.com.uy\/site\/wp-content\/uploads\/2018\/04\/un-solo-uruguay.jpg?fit=880%2C440&ssl=1&resize=525%2C300 1.5x, https:\/\/i0.wp.com\/lahoradelcampo.com.uy\/site\/wp-content\/uploads\/2018\/04\/un-solo-uruguay.jpg?fit=880%2C440&ssl=1&resize=700%2C400 2x"},"classes":[]},{"id":32464,"url":"https:\/\/lahoradelcampo.com.uy\/site\/inac-y-anni-crean-el-fondo-sectorial-de-la-carne\/","url_meta":{"origin":55166,"position":3},"title":"INAC y ANNI crean el Fondo Sectorial de la Carne","author":"La Hora del Campo","date":"28 julio, 2021","format":false,"excerpt":"La Agencia Nacional de Investigaci\u00f3n e Innovaci\u00f3n y el Instituto Nacional de Carnes crearon el Fondo Sectorial de la Carne, a trav\u00e9s de un convenio para impulsar la investigaci\u00f3n y la innovaci\u00f3n a trav\u00e9s de un Fondo Sectorial. La firma del convenio se realiz\u00f3 en la sede de INAC con\u2026","rel":"","context":"En \u00abActualidad\u00bb","block_context":{"text":"Actualidad","link":"https:\/\/lahoradelcampo.com.uy\/site\/category\/actualidad\/"},"img":{"alt_text":"","src":"https:\/\/i0.wp.com\/lahoradelcampo.com.uy\/site\/wp-content\/uploads\/2021\/07\/INAC-ANNI.jpg?fit=880%2C440&ssl=1&resize=350%2C200","width":350,"height":200,"srcset":"https:\/\/i0.wp.com\/lahoradelcampo.com.uy\/site\/wp-content\/uploads\/2021\/07\/INAC-ANNI.jpg?fit=880%2C440&ssl=1&resize=350%2C200 1x, https:\/\/i0.wp.com\/lahoradelcampo.com.uy\/site\/wp-content\/uploads\/2021\/07\/INAC-ANNI.jpg?fit=880%2C440&ssl=1&resize=525%2C300 1.5x, https:\/\/i0.wp.com\/lahoradelcampo.com.uy\/site\/wp-content\/uploads\/2021\/07\/INAC-ANNI.jpg?fit=880%2C440&ssl=1&resize=700%2C400 2x"},"classes":[]},{"id":1417,"url":"https:\/\/lahoradelcampo.com.uy\/site\/categorias-jovenes-alcanzaron-muy-buenos-valores-en-parada-herreria\/","url_meta":{"origin":55166,"position":4},"title":"Categor\u00edas j\u00f3venes alcanzaron muy buenos valores en Parada Herrer\u00eda","author":"La Hora del Campo","date":"18 septiembre, 2017","format":false,"excerpt":"El pasado viernes 15 de setiembre el escritorio Gaud\u00edn Hnos. realiz\u00f3 en el local Parada Herrer\u00eda, su segunda feria quincenal del mes, con una oferta estimada en las 300 reses, seg\u00fan inform\u00f3 Rodrigo De Le\u00f3n, integrante de la firma, a La Hora del Campo. La mayor parte de la oferta\u2026","rel":"","context":"En \u00abActualidad\u00bb","block_context":{"text":"Actualidad","link":"https:\/\/lahoradelcampo.com.uy\/site\/category\/actualidad\/"},"img":{"alt_text":"","src":"https:\/\/i0.wp.com\/lahoradelcampo.com.uy\/site\/wp-content\/uploads\/2017\/09\/Parada-Herreria.jpg?fit=880%2C440&ssl=1&resize=350%2C200","width":350,"height":200,"srcset":"https:\/\/i0.wp.com\/lahoradelcampo.com.uy\/site\/wp-content\/uploads\/2017\/09\/Parada-Herreria.jpg?fit=880%2C440&ssl=1&resize=350%2C200 1x, https:\/\/i0.wp.com\/lahoradelcampo.com.uy\/site\/wp-content\/uploads\/2017\/09\/Parada-Herreria.jpg?fit=880%2C440&ssl=1&resize=525%2C300 1.5x, https:\/\/i0.wp.com\/lahoradelcampo.com.uy\/site\/wp-content\/uploads\/2017\/09\/Parada-Herreria.jpg?fit=880%2C440&ssl=1&resize=700%2C400 2x"},"classes":[]},{"id":10951,"url":"https:\/\/lahoradelcampo.com.uy\/site\/mgap-presenta-denuncia-penal-por-manejos-irregulares-del-fondo-de-la-granja\/","url_meta":{"origin":55166,"position":5},"title":"MGAP presenta denuncia penal por manejos irregulares del Fondo de la Granja","author":"La Hora del Campo","date":"21 mayo, 2019","format":false,"excerpt":"El Ministro de Ganader\u00eda, Agricultura y Pesca, Ing. Agr. Enzo Benech, luego de reunirse con la Junta Nacional de la Granja, comunic\u00f3 en conferencia de prensa, la decisi\u00f3n de realizar una denuncia penal ante la constataci\u00f3n de presuntos manejos irregulares del Fondo Nacional de la Granja y tras aceptar la\u2026","rel":"","context":"En \u00abActualidad\u00bb","block_context":{"text":"Actualidad","link":"https:\/\/lahoradelcampo.com.uy\/site\/category\/actualidad\/"},"img":{"alt_text":"","src":"https:\/\/i0.wp.com\/lahoradelcampo.com.uy\/site\/wp-content\/uploads\/2019\/05\/benech.jpg?fit=880%2C440&ssl=1&resize=350%2C200","width":350,"height":200,"srcset":"https:\/\/i0.wp.com\/lahoradelcampo.com.uy\/site\/wp-content\/uploads\/2019\/05\/benech.jpg?fit=880%2C440&ssl=1&resize=350%2C200 1x, https:\/\/i0.wp.com\/lahoradelcampo.com.uy\/site\/wp-content\/uploads\/2019\/05\/benech.jpg?fit=880%2C440&ssl=1&resize=525%2C300 1.5x, https:\/\/i0.wp.com\/lahoradelcampo.com.uy\/site\/wp-content\/uploads\/2019\/05\/benech.jpg?fit=880%2C440&ssl=1&resize=700%2C400 2x"},"classes":[]}],"jetpack_likes_enabled":true,"_links":{"self":[{"href":"https:\/\/lahoradelcampo.com.uy\/site\/wp-json\/wp\/v2\/posts\/55166","targetHints":{"allow":["GET"]}}],"collection":[{"href":"https:\/\/lahoradelcampo.com.uy\/site\/wp-json\/wp\/v2\/posts"}],"about":[{"href":"https:\/\/lahoradelcampo.com.uy\/site\/wp-json\/wp\/v2\/types\/post"}],"author":[{"embeddable":true,"href":"https:\/\/lahoradelcampo.com.uy\/site\/wp-json\/wp\/v2\/users\/5"}],"replies":[{"embeddable":true,"href":"https:\/\/lahoradelcampo.com.uy\/site\/wp-json\/wp\/v2\/comments?post=55166"}],"version-history":[{"count":1,"href":"https:\/\/lahoradelcampo.com.uy\/site\/wp-json\/wp\/v2\/posts\/55166\/revisions"}],"predecessor-version":[{"id":55167,"href":"https:\/\/lahoradelcampo.com.uy\/site\/wp-json\/wp\/v2\/posts\/55166\/revisions\/55167"}],"wp:featuredmedia":[{"embeddable":true,"href":"https:\/\/lahoradelcampo.com.uy\/site\/wp-json\/wp\/v2\/media\/54897"}],"wp:attachment":[{"href":"https:\/\/lahoradelcampo.com.uy\/site\/wp-json\/wp\/v2\/media?parent=55166"}],"wp:term":[{"taxonomy":"category","embeddable":true,"href":"https:\/\/lahoradelcampo.com.uy\/site\/wp-json\/wp\/v2\/categories?post=55166"},{"taxonomy":"post_tag","embeddable":true,"href":"https:\/\/lahoradelcampo.com.uy\/site\/wp-json\/wp\/v2\/tags?post=55166"}],"curies":[{"name":"wp","href":"https:\/\/api.w.org\/{rel}","templated":true}]}}