{"id":55163,"date":"2024-11-28T22:39:45","date_gmt":"2024-11-29T01:39:45","guid":{"rendered":"http:\/\/lahoradelcampo.com.uy\/site\/?p=55163"},"modified":"2024-11-30T00:05:05","modified_gmt":"2024-11-30T03:05:05","slug":"los-uruguayos-prefieren-los-espumantes-importados-y-la-sidra-nacional","status":"publish","type":"post","link":"https:\/\/lahoradelcampo.com.uy\/site\/los-uruguayos-prefieren-los-espumantes-importados-y-la-sidra-nacional\/","title":{"rendered":"Los uruguayos prefieren los espumantes importados y la sidra nacional"},"content":{"rendered":"\n<figure class=\"wp-block-image size-full\"><a href=\"https:\/\/i0.wp.com\/lahoradelcampo.com.uy\/site\/wp-content\/uploads\/2024\/11\/Espumantes-inavi.jpg\"><img data-recalc-dims=\"1\" loading=\"lazy\" decoding=\"async\" width=\"810\" height=\"405\" data-attachment-id=\"55164\" data-permalink=\"https:\/\/lahoradelcampo.com.uy\/site\/los-uruguayos-prefieren-los-espumantes-importados-y-la-sidra-nacional\/espumantes-inavi\/\" data-orig-file=\"https:\/\/i0.wp.com\/lahoradelcampo.com.uy\/site\/wp-content\/uploads\/2024\/11\/Espumantes-inavi.jpg?fit=880%2C440&amp;ssl=1\" data-orig-size=\"880,440\" data-comments-opened=\"1\" data-image-meta=\"{&quot;aperture&quot;:&quot;0&quot;,&quot;credit&quot;:&quot;&quot;,&quot;camera&quot;:&quot;&quot;,&quot;caption&quot;:&quot;&quot;,&quot;created_timestamp&quot;:&quot;0&quot;,&quot;copyright&quot;:&quot;&quot;,&quot;focal_length&quot;:&quot;0&quot;,&quot;iso&quot;:&quot;0&quot;,&quot;shutter_speed&quot;:&quot;0&quot;,&quot;title&quot;:&quot;&quot;,&quot;orientation&quot;:&quot;1&quot;}\" data-image-title=\"Espumantes-inavi\" data-image-description=\"\" data-image-caption=\"\" data-large-file=\"https:\/\/i0.wp.com\/lahoradelcampo.com.uy\/site\/wp-content\/uploads\/2024\/11\/Espumantes-inavi.jpg?fit=810%2C405&amp;ssl=1\" src=\"https:\/\/i0.wp.com\/lahoradelcampo.com.uy\/site\/wp-content\/uploads\/2024\/11\/Espumantes-inavi.jpg?resize=810%2C405\" alt=\"\" class=\"wp-image-55164\" srcset=\"https:\/\/i0.wp.com\/lahoradelcampo.com.uy\/site\/wp-content\/uploads\/2024\/11\/Espumantes-inavi.jpg?w=880&amp;ssl=1 880w, https:\/\/i0.wp.com\/lahoradelcampo.com.uy\/site\/wp-content\/uploads\/2024\/11\/Espumantes-inavi.jpg?resize=300%2C150&amp;ssl=1 300w, https:\/\/i0.wp.com\/lahoradelcampo.com.uy\/site\/wp-content\/uploads\/2024\/11\/Espumantes-inavi.jpg?resize=768%2C384&amp;ssl=1 768w, https:\/\/i0.wp.com\/lahoradelcampo.com.uy\/site\/wp-content\/uploads\/2024\/11\/Espumantes-inavi.jpg?resize=820%2C410&amp;ssl=1 820w\" sizes=\"auto, (max-width: 810px) 100vw, 810px\" \/><\/a><\/figure>\n\n\n\n<p>Se acercan las tradicionales fiestas, finaliza noviembre, y claramente el consumidor uruguayo prefiere los vinos espumosos (o espumantes) importados y la sidra nacional, de acuerdo con datos publicados por el Instituto Nacional de Vitivinicultura (INAVI).<\/p>\n\n\n\n<p>Hasta el 27 de noviembre de 2024, la venta de vinos espumosos, de origen nacional e importados, suma 305.962 litros, lo que representa un 12,6% menos que en igual per\u00edodo del a\u00f1o pasado. De ese total, el 64,7% es de origen importado, en tanto que el 35,3% es de origen nacional.<\/p>\n\n\n\n<p>En 2024 se han comercializado 197.909 litros de vinos espumosos importados, lo que representa un 83,2% m\u00e1s que los 108.053 litros vendidos en el mercado interno de origen nacional. Respecto a igual per\u00edodo de 2023, el volumen de las ventas de importados cay\u00f3 un 14,1%, en tanto que de los nacionales descendi\u00f3 un 9,7%.<\/p>\n\n\n\n<p><strong>Sidra<\/strong><\/p>\n\n\n\n<p>En el caso de la sidra la ecuaci\u00f3n es a la inversa. El consumo de sidra es nacional en un 95% del total comercializado en lo que transcurre del a\u00f1o. En tanto que existe un 5% de origen importado. A diferencia del espumante, este a\u00f1o ha crecido el consumo, debido a que los uruguayos han comprado hasta el 27 de noviembre un total de 2.985.476 litros de sidra, un 5,9% m\u00e1s que el a\u00f1o pasado en igual per\u00edodo.<\/p>\n\n\n\n<p>Salto, 28 de noviembre de 2024<\/p>\n","protected":false},"excerpt":{"rendered":"<p>Se acercan las tradicionales fiestas, finaliza noviembre, y claramente el consumidor uruguayo prefiere los vinos espumosos (o espumantes) importados y la sidra nacional, de acuerdo con datos publicados por el [&hellip;]<\/p>\n","protected":false},"author":5,"featured_media":55164,"comment_status":"open","ping_status":"open","sticky":false,"template":"","format":"standard","meta":{"_price":"","_stock":"","_tribe_ticket_header":"","_tribe_default_ticket_provider":"","_tribe_ticket_capacity":"0","_ticket_start_date":"","_ticket_end_date":"","_tribe_ticket_show_description":"","_tribe_ticket_show_not_going":false,"_tribe_ticket_use_global_stock":"","_tribe_ticket_global_stock_level":"","_global_stock_mode":"","_global_stock_cap":"","_tribe_rsvp_for_event":"","_tribe_ticket_going_count":"","_tribe_ticket_not_going_count":"","_tribe_tickets_list":"[]","_tribe_ticket_has_attendee_info_fields":false,"h5ap_radio_sources":[],"_jetpack_newsletter_access":"","_jetpack_dont_email_post_to_subs":false,"_jetpack_newsletter_tier_id":0,"_jetpack_memberships_contains_paywalled_content":false,"_jetpack_memberships_contains_paid_content":false,"footnotes":""},"categories":[21,9],"tags":[],"class_list":["post-55163","post","type-post","status-publish","format-standard","has-post-thumbnail","hentry","category-actualidad","category-granja"],"jetpack_featured_media_url":"https:\/\/i0.wp.com\/lahoradelcampo.com.uy\/site\/wp-content\/uploads\/2024\/11\/Espumantes-inavi.jpg?fit=880%2C440&ssl=1","jetpack_sharing_enabled":true,"jetpack_shortlink":"https:\/\/wp.me\/p99IaT-elJ","jetpack-related-posts":[{"id":53402,"url":"https:\/\/lahoradelcampo.com.uy\/site\/en-2023-la-elaboracion-de-vinos-cayo-un-34-segun-datos-de-inavi\/","url_meta":{"origin":55163,"position":0},"title":"En 2023 la elaboraci\u00f3n de vinos cay\u00f3 un 34% seg\u00fan datos de INAVI","author":"La Hora del Campo","date":"21 enero, 2024","format":false,"excerpt":"Durante el a\u00f1o 2023, seg\u00fan los datos publicados por el Instituto Nacional de Vitivinicultura (INAVI), 162 empresas vitivin\u00edcolas en el pa\u00eds elaboraron 50,2 millones de litros de vino, lo que represent\u00f3 una ca\u00edda del 34% respecto a los registros de 2022. Si bien la baja se dio en todas las\u2026","rel":"","context":"En \u00abActualidad\u00bb","block_context":{"text":"Actualidad","link":"https:\/\/lahoradelcampo.com.uy\/site\/category\/actualidad\/"},"img":{"alt_text":"","src":"https:\/\/i0.wp.com\/lahoradelcampo.com.uy\/site\/wp-content\/uploads\/2023\/10\/INAVI-enoturismo.jpg?fit=880%2C440&ssl=1&resize=350%2C200","width":350,"height":200,"srcset":"https:\/\/i0.wp.com\/lahoradelcampo.com.uy\/site\/wp-content\/uploads\/2023\/10\/INAVI-enoturismo.jpg?fit=880%2C440&ssl=1&resize=350%2C200 1x, https:\/\/i0.wp.com\/lahoradelcampo.com.uy\/site\/wp-content\/uploads\/2023\/10\/INAVI-enoturismo.jpg?fit=880%2C440&ssl=1&resize=525%2C300 1.5x, https:\/\/i0.wp.com\/lahoradelcampo.com.uy\/site\/wp-content\/uploads\/2023\/10\/INAVI-enoturismo.jpg?fit=880%2C440&ssl=1&resize=700%2C400 2x"},"classes":[]},{"id":54591,"url":"https:\/\/lahoradelcampo.com.uy\/site\/ventas-nacionales-de-vino-cayeron-un-11-respecto-a-2023\/","url_meta":{"origin":55163,"position":1},"title":"Ventas nacionales de vino cayeron un 11% respecto a 2023","author":"La Hora del Campo","date":"17 septiembre, 2024","format":false,"excerpt":"Las ventas de vino en el mercado interno han ca\u00eddo 11% en los primeros ocho meses del a\u00f1o, de acuerdo con los datos estad\u00edsticos del Instituto Nacional de Vitivinicultura (INAVI), mientras que el a\u00f1o pasado se hab\u00edan comercializado 36.791.068 litros de vino de origen nacional, en igual per\u00edodo de este\u2026","rel":"","context":"En \u00abActualidad\u00bb","block_context":{"text":"Actualidad","link":"https:\/\/lahoradelcampo.com.uy\/site\/category\/actualidad\/"},"img":{"alt_text":"","src":"https:\/\/i0.wp.com\/lahoradelcampo.com.uy\/site\/wp-content\/uploads\/2024\/09\/INAVI-Tannat.jpg?fit=880%2C440&ssl=1&resize=350%2C200","width":350,"height":200,"srcset":"https:\/\/i0.wp.com\/lahoradelcampo.com.uy\/site\/wp-content\/uploads\/2024\/09\/INAVI-Tannat.jpg?fit=880%2C440&ssl=1&resize=350%2C200 1x, https:\/\/i0.wp.com\/lahoradelcampo.com.uy\/site\/wp-content\/uploads\/2024\/09\/INAVI-Tannat.jpg?fit=880%2C440&ssl=1&resize=525%2C300 1.5x, https:\/\/i0.wp.com\/lahoradelcampo.com.uy\/site\/wp-content\/uploads\/2024\/09\/INAVI-Tannat.jpg?fit=880%2C440&ssl=1&resize=700%2C400 2x"},"classes":[]},{"id":45807,"url":"https:\/\/lahoradelcampo.com.uy\/site\/arroceros-brasilenos-exigen-el-etiquetado-de-origen-del-cereal\/","url_meta":{"origin":55163,"position":2},"title":"Arroceros brasile\u00f1os exigen el etiquetado de origen del cereal","author":"La Hora del Campo","date":"26 septiembre, 2022","format":false,"excerpt":"La Federaci\u00f3n de Asociaciones de Arroceros de R\u00edo grande del Sur (Federarroz) inici\u00f3 una acci\u00f3n civil en 2017 contra la Agencia Nacional de Vigilancia Sanitaria (Anvisa), en la cual se solicit\u00f3 a la justicia brasile\u00f1a determinar que el envase del arroz comercializado en Brasil, con destino al consumidor final, tuviera\u2026","rel":"","context":"En \u00abActualidad\u00bb","block_context":{"text":"Actualidad","link":"https:\/\/lahoradelcampo.com.uy\/site\/category\/actualidad\/"},"img":{"alt_text":"","src":"https:\/\/i0.wp.com\/lahoradelcampo.com.uy\/site\/wp-content\/uploads\/2022\/09\/Arroz-Brasil.jpg?fit=880%2C440&ssl=1&resize=350%2C200","width":350,"height":200,"srcset":"https:\/\/i0.wp.com\/lahoradelcampo.com.uy\/site\/wp-content\/uploads\/2022\/09\/Arroz-Brasil.jpg?fit=880%2C440&ssl=1&resize=350%2C200 1x, https:\/\/i0.wp.com\/lahoradelcampo.com.uy\/site\/wp-content\/uploads\/2022\/09\/Arroz-Brasil.jpg?fit=880%2C440&ssl=1&resize=525%2C300 1.5x, https:\/\/i0.wp.com\/lahoradelcampo.com.uy\/site\/wp-content\/uploads\/2022\/09\/Arroz-Brasil.jpg?fit=880%2C440&ssl=1&resize=700%2C400 2x"},"classes":[]},{"id":55208,"url":"https:\/\/lahoradelcampo.com.uy\/site\/las-exportaciones-uruguayas-alcanzan-un-nuevo-recorden-noviembre-de-2024\/","url_meta":{"origin":55163,"position":3},"title":"Las exportaciones uruguayas alcanzan un nuevo r\u00e9corden noviembre de 2024","author":"La Hora del Campo","date":"3 diciembre, 2024","format":false,"excerpt":"En noviembre de 2024, las exportaciones de bienes uruguayos, incluidas las zonas francas, alcanzaron los 1.025 millones de d\u00f3lares, marcando un incremento interanual del 5 %. Este crecimiento consolida ocho meses consecutivos de aumentos y posiciona el acumulado anual en 11.908 millones de d\u00f3lares, un 14 % m\u00e1s respecto al\u2026","rel":"","context":"En \u00abActualidad\u00bb","block_context":{"text":"Actualidad","link":"https:\/\/lahoradelcampo.com.uy\/site\/category\/actualidad\/"},"img":{"alt_text":"","src":"https:\/\/i0.wp.com\/lahoradelcampo.com.uy\/site\/wp-content\/uploads\/2024\/12\/Exportacionesdic24.jpg?fit=880%2C440&ssl=1&resize=350%2C200","width":350,"height":200,"srcset":"https:\/\/i0.wp.com\/lahoradelcampo.com.uy\/site\/wp-content\/uploads\/2024\/12\/Exportacionesdic24.jpg?fit=880%2C440&ssl=1&resize=350%2C200 1x, https:\/\/i0.wp.com\/lahoradelcampo.com.uy\/site\/wp-content\/uploads\/2024\/12\/Exportacionesdic24.jpg?fit=880%2C440&ssl=1&resize=525%2C300 1.5x, https:\/\/i0.wp.com\/lahoradelcampo.com.uy\/site\/wp-content\/uploads\/2024\/12\/Exportacionesdic24.jpg?fit=880%2C440&ssl=1&resize=700%2C400 2x"},"classes":[]},{"id":55468,"url":"https:\/\/lahoradelcampo.com.uy\/site\/uruguay-exporto-40-mas-de-litros-de-vino-envasado-en-2024\/","url_meta":{"origin":55163,"position":4},"title":"Uruguay export\u00f3 40% m\u00e1s de litros de vino envasado en 2024","author":"La Hora del Campo","date":"10 enero, 2025","format":false,"excerpt":"El a\u00f1o 2024 fue muy positivo para las exportaciones de vino nacional envasado, seg\u00fan los datos analizados por el Instituto Nacional de Vitivinicultura (INAVI). Desde el primer semestre del a\u00f1o pasado, se pudieron visualizar varios r\u00e9cords en diferentes indicadores: crecimiento de 14% en n\u00famero de pa\u00edses a los que se\u2026","rel":"","context":"En \u00abActualidad\u00bb","block_context":{"text":"Actualidad","link":"https:\/\/lahoradelcampo.com.uy\/site\/category\/actualidad\/"},"img":{"alt_text":"","src":"https:\/\/i0.wp.com\/lahoradelcampo.com.uy\/site\/wp-content\/uploads\/2025\/01\/Inavi-1.jpg?fit=880%2C440&ssl=1&resize=350%2C200","width":350,"height":200,"srcset":"https:\/\/i0.wp.com\/lahoradelcampo.com.uy\/site\/wp-content\/uploads\/2025\/01\/Inavi-1.jpg?fit=880%2C440&ssl=1&resize=350%2C200 1x, https:\/\/i0.wp.com\/lahoradelcampo.com.uy\/site\/wp-content\/uploads\/2025\/01\/Inavi-1.jpg?fit=880%2C440&ssl=1&resize=525%2C300 1.5x, https:\/\/i0.wp.com\/lahoradelcampo.com.uy\/site\/wp-content\/uploads\/2025\/01\/Inavi-1.jpg?fit=880%2C440&ssl=1&resize=700%2C400 2x"},"classes":[]},{"id":31630,"url":"https:\/\/lahoradelcampo.com.uy\/site\/el-70-de-los-vinos-exportados-van-a-brasil\/","url_meta":{"origin":55163,"position":5},"title":"El 70% de los vinos exportados van a Brasil","author":"La Hora del Campo","date":"29 junio, 2021","format":false,"excerpt":"Seg\u00fan los datos publicados en la web del Instituto Nacional de Vitinicultura (INAVI) entre el 1 de enero y el 26 de junio de 2021, las exportaciones de vino suman 2.316.428 litros de los cuales 24.000 son exportados a granel hacia Estados Unidos. Del total comercializado hacia el exterior envasado,\u2026","rel":"","context":"En \u00abActualidad\u00bb","block_context":{"text":"Actualidad","link":"https:\/\/lahoradelcampo.com.uy\/site\/category\/actualidad\/"},"img":{"alt_text":"","src":"https:\/\/i0.wp.com\/lahoradelcampo.com.uy\/site\/wp-content\/uploads\/2019\/04\/Vinos.jpg?fit=880%2C440&ssl=1&resize=350%2C200","width":350,"height":200,"srcset":"https:\/\/i0.wp.com\/lahoradelcampo.com.uy\/site\/wp-content\/uploads\/2019\/04\/Vinos.jpg?fit=880%2C440&ssl=1&resize=350%2C200 1x, https:\/\/i0.wp.com\/lahoradelcampo.com.uy\/site\/wp-content\/uploads\/2019\/04\/Vinos.jpg?fit=880%2C440&ssl=1&resize=525%2C300 1.5x, https:\/\/i0.wp.com\/lahoradelcampo.com.uy\/site\/wp-content\/uploads\/2019\/04\/Vinos.jpg?fit=880%2C440&ssl=1&resize=700%2C400 2x"},"classes":[]}],"jetpack_likes_enabled":true,"_links":{"self":[{"href":"https:\/\/lahoradelcampo.com.uy\/site\/wp-json\/wp\/v2\/posts\/55163","targetHints":{"allow":["GET"]}}],"collection":[{"href":"https:\/\/lahoradelcampo.com.uy\/site\/wp-json\/wp\/v2\/posts"}],"about":[{"href":"https:\/\/lahoradelcampo.com.uy\/site\/wp-json\/wp\/v2\/types\/post"}],"author":[{"embeddable":true,"href":"https:\/\/lahoradelcampo.com.uy\/site\/wp-json\/wp\/v2\/users\/5"}],"replies":[{"embeddable":true,"href":"https:\/\/lahoradelcampo.com.uy\/site\/wp-json\/wp\/v2\/comments?post=55163"}],"version-history":[{"count":1,"href":"https:\/\/lahoradelcampo.com.uy\/site\/wp-json\/wp\/v2\/posts\/55163\/revisions"}],"predecessor-version":[{"id":55165,"href":"https:\/\/lahoradelcampo.com.uy\/site\/wp-json\/wp\/v2\/posts\/55163\/revisions\/55165"}],"wp:featuredmedia":[{"embeddable":true,"href":"https:\/\/lahoradelcampo.com.uy\/site\/wp-json\/wp\/v2\/media\/55164"}],"wp:attachment":[{"href":"https:\/\/lahoradelcampo.com.uy\/site\/wp-json\/wp\/v2\/media?parent=55163"}],"wp:term":[{"taxonomy":"category","embeddable":true,"href":"https:\/\/lahoradelcampo.com.uy\/site\/wp-json\/wp\/v2\/categories?post=55163"},{"taxonomy":"post_tag","embeddable":true,"href":"https:\/\/lahoradelcampo.com.uy\/site\/wp-json\/wp\/v2\/tags?post=55163"}],"curies":[{"name":"wp","href":"https:\/\/api.w.org\/{rel}","templated":true}]}}