{"id":55161,"date":"2024-11-28T22:37:07","date_gmt":"2024-11-29T01:37:07","guid":{"rendered":"http:\/\/lahoradelcampo.com.uy\/site\/?p=55161"},"modified":"2024-11-29T22:39:32","modified_gmt":"2024-11-30T01:39:32","slug":"uruguay-le-responde-a-carrefour-con-firmeza-nuestra-carne-cumple-los-estandares-mas-altos","status":"publish","type":"post","link":"https:\/\/lahoradelcampo.com.uy\/site\/uruguay-le-responde-a-carrefour-con-firmeza-nuestra-carne-cumple-los-estandares-mas-altos\/","title":{"rendered":"Uruguay le responde a Carrefour con firmeza: \u00abNuestra carne cumple los est\u00e1ndares m\u00e1s altos\u00bb"},"content":{"rendered":"\n<figure class=\"wp-block-image size-full\"><a href=\"https:\/\/i0.wp.com\/lahoradelcampo.com.uy\/site\/wp-content\/uploads\/2024\/10\/ConradoFerbera.jpg\"><img data-recalc-dims=\"1\" loading=\"lazy\" decoding=\"async\" width=\"810\" height=\"405\" data-attachment-id=\"54982\" data-permalink=\"https:\/\/lahoradelcampo.com.uy\/site\/el-sul-carece-de-un-proyecto-parala-carne-ovina-inac-apuesta-a-brasil\/conradoferbera\/\" data-orig-file=\"https:\/\/i0.wp.com\/lahoradelcampo.com.uy\/site\/wp-content\/uploads\/2024\/10\/ConradoFerbera.jpg?fit=880%2C440&amp;ssl=1\" data-orig-size=\"880,440\" data-comments-opened=\"1\" data-image-meta=\"{&quot;aperture&quot;:&quot;0&quot;,&quot;credit&quot;:&quot;&quot;,&quot;camera&quot;:&quot;&quot;,&quot;caption&quot;:&quot;&quot;,&quot;created_timestamp&quot;:&quot;0&quot;,&quot;copyright&quot;:&quot;&quot;,&quot;focal_length&quot;:&quot;0&quot;,&quot;iso&quot;:&quot;0&quot;,&quot;shutter_speed&quot;:&quot;0&quot;,&quot;title&quot;:&quot;&quot;,&quot;orientation&quot;:&quot;1&quot;}\" data-image-title=\"ConradoFerbera\" data-image-description=\"\" data-image-caption=\"\" data-large-file=\"https:\/\/i0.wp.com\/lahoradelcampo.com.uy\/site\/wp-content\/uploads\/2024\/10\/ConradoFerbera.jpg?fit=810%2C405&amp;ssl=1\" src=\"https:\/\/i0.wp.com\/lahoradelcampo.com.uy\/site\/wp-content\/uploads\/2024\/10\/ConradoFerbera.jpg?resize=810%2C405\" alt=\"\" class=\"wp-image-54982\" srcset=\"https:\/\/i0.wp.com\/lahoradelcampo.com.uy\/site\/wp-content\/uploads\/2024\/10\/ConradoFerbera.jpg?w=880&amp;ssl=1 880w, https:\/\/i0.wp.com\/lahoradelcampo.com.uy\/site\/wp-content\/uploads\/2024\/10\/ConradoFerbera.jpg?resize=300%2C150&amp;ssl=1 300w, https:\/\/i0.wp.com\/lahoradelcampo.com.uy\/site\/wp-content\/uploads\/2024\/10\/ConradoFerbera.jpg?resize=768%2C384&amp;ssl=1 768w, https:\/\/i0.wp.com\/lahoradelcampo.com.uy\/site\/wp-content\/uploads\/2024\/10\/ConradoFerbera.jpg?resize=820%2C410&amp;ssl=1 820w\" sizes=\"auto, (max-width: 810px) 100vw, 810px\" \/><\/a><\/figure>\n\n\n\n<p>El Instituto Nacional de Carnes de Uruguay (INAC) respondi\u00f3 a las declaraciones del Director General de Carrefour, Alexandre Bompard, quien la semana pasada anunci\u00f3 en la red social X (Twitter) que la empresa dejar\u00eda de comercializar carne proveniente de los pa\u00edses del Mercosur. Este anunci\u00f3 ha generado varias repercusiones, la m\u00e1s importante fue la decisi\u00f3n de las empresas c\u00e1rnicas brasile\u00f1as de detener el abastecimiento de carnes a las empresas del grupo franc\u00e9s ubicadas en el pa\u00eds norte\u00f1o.<\/p>\n\n\n\n<p>Esto llev\u00f3 a que la empresa francesa, emitiera una carta de disculpas dirigida al ministro de Brasil, Carlos Favaro, donde aclar\u00e1 que no se ha puesto en discusi\u00f3n la calidad de las carnes brasile\u00f1as y que la empresa en su filial brasile\u00f1a, prioriza la compra de origen local para respaldar la producci\u00f3n del pa\u00eds norte\u00f1o, sin embargo en ning\u00fan momento revierte su anuncio anterior de dejar de comercializar carne proveniente del Mercosur.<\/p>\n\n\n\n<p>En una carta abierta enviada desde Montevideo el 26 de noviembre de 2024, el INAC desminti\u00f3 los argumentos de Bompard y defendi\u00f3 la calidad y sostenibilidad de la carne uruguaya, que cumple con estrictos est\u00e1ndares europeos. <\/p>\n\n\n\n<p>En su declaraci\u00f3n, Bompard expres\u00f3 que la decisi\u00f3n de Carrefour respond\u00eda a la \u00abconsternaci\u00f3n\u00bb de los agricultores franceses por el acuerdo de libre comercio entre la Uni\u00f3n Europea (UE) y el MERCOSUR, alegando riesgos para el mercado local. Sin embargo, el INAC aclar\u00f3 que el acuerdo establece una cuota limitada de 99 mil toneladas anuales, apenas un 1.6% del consumo total de carne en la UE, lo que no representa un impacto significativo en el mercado franc\u00e9s. \u201cEs improbable que este volumen afecte al sistema productivo de Francia o de Europa\u201d, subray\u00f3 el presidente del INAC, Conrado Ferber.<\/p>\n\n\n\n<p>Uruguay tambi\u00e9n destac\u00f3 su liderazgo en pr\u00e1cticas sostenibles y trazabilidad. Seg\u00fan la carta, el pa\u00eds no solo cumple con las normativas europeas, sino que es pionero en la implementaci\u00f3n de soluciones innovadoras como una plataforma digital que asegura el cumplimiento del Reglamento de Deforestaci\u00f3n (EUDR) de la UE, que entrar\u00e1 en vigor en enero de 2025. \u201cEn Uruguay no hay deforestaci\u00f3n; por el contrario, la superficie boscosa total aumenta\u201d, enfatiz\u00f3 Ferber, agregando que Uruguay es el \u00fanico pa\u00eds, incluso entre los europeos, que ha presentado una soluci\u00f3n integral en esta \u00e1rea.<\/p>\n\n\n\n<p>Adem\u00e1s de resaltar la calidad sanitaria, ambiental y laboral de su carne, el INAC extendi\u00f3 una invitaci\u00f3n a Bompard para visitar los sistemas productivos del pa\u00eds y evitar, en el futuro, generalizaciones err\u00f3neas. \u201cPromovemos un comercio justo basado en reglas, transparencia y no discriminaci\u00f3n\u201d, remarc\u00f3 el instituto.<\/p>\n\n\n\n<p>La carta concluye reafirmando el compromiso de Uruguay con los m\u00e1s altos est\u00e1ndares internacionales y su disposici\u00f3n para un di\u00e1logo constructivo.<\/p>\n\n\n\n<p>Salto, 28 de noviembre de 2024<\/p>\n","protected":false},"excerpt":{"rendered":"<p>El Instituto Nacional de Carnes de Uruguay (INAC) respondi\u00f3 a las declaraciones del Director General de Carrefour, Alexandre Bompard, quien la semana pasada anunci\u00f3 en la red social X (Twitter) [&hellip;]<\/p>\n","protected":false},"author":5,"featured_media":54982,"comment_status":"open","ping_status":"open","sticky":false,"template":"","format":"standard","meta":{"_price":"","_stock":"","_tribe_ticket_header":"","_tribe_default_ticket_provider":"","_tribe_ticket_capacity":"0","_ticket_start_date":"","_ticket_end_date":"","_tribe_ticket_show_description":"","_tribe_ticket_show_not_going":false,"_tribe_ticket_use_global_stock":"","_tribe_ticket_global_stock_level":"","_global_stock_mode":"","_global_stock_cap":"","_tribe_rsvp_for_event":"","_tribe_ticket_going_count":"","_tribe_ticket_not_going_count":"","_tribe_tickets_list":"[]","_tribe_ticket_has_attendee_info_fields":false,"h5ap_radio_sources":[],"_jetpack_newsletter_access":"","_jetpack_dont_email_post_to_subs":false,"_jetpack_newsletter_tier_id":0,"_jetpack_memberships_contains_paywalled_content":false,"_jetpack_memberships_contains_paid_content":false,"footnotes":""},"categories":[21,5],"tags":[],"class_list":["post-55161","post","type-post","status-publish","format-standard","has-post-thumbnail","hentry","category-actualidad","category-ganaderia"],"jetpack_featured_media_url":"https:\/\/i0.wp.com\/lahoradelcampo.com.uy\/site\/wp-content\/uploads\/2024\/10\/ConradoFerbera.jpg?fit=880%2C440&ssl=1","jetpack_sharing_enabled":true,"jetpack_shortlink":"https:\/\/wp.me\/p99IaT-elH","jetpack-related-posts":[{"id":30348,"url":"https:\/\/lahoradelcampo.com.uy\/site\/sial-china-compradores-preguntan-sobre-el-problema-del-etiquetado-de-las-carnes\/","url_meta":{"origin":55161,"position":0},"title":"SIAL China: Compradores preguntan sobre el problema del etiquetado de las carnes","author":"La Hora del Campo","date":"20 mayo, 2021","format":false,"excerpt":"M\u00e1s all\u00e1 de la pandemia y los problemas de traslado, Uruguay mantiene su pol\u00edtica de estar presente en las ferias alimenticias de China con sus principales productos de exportaci\u00f3n. En este sentido ante la ausencia de Brasil y Argentina, el stand de Uruguay es el nexo con los pa\u00edses del\u2026","rel":"","context":"En \u00abActualidad\u00bb","block_context":{"text":"Actualidad","link":"https:\/\/lahoradelcampo.com.uy\/site\/category\/actualidad\/"},"img":{"alt_text":"","src":"https:\/\/i0.wp.com\/lahoradelcampo.com.uy\/site\/wp-content\/uploads\/2021\/05\/SIALChina.jpg?fit=880%2C440&ssl=1&resize=350%2C200","width":350,"height":200,"srcset":"https:\/\/i0.wp.com\/lahoradelcampo.com.uy\/site\/wp-content\/uploads\/2021\/05\/SIALChina.jpg?fit=880%2C440&ssl=1&resize=350%2C200 1x, https:\/\/i0.wp.com\/lahoradelcampo.com.uy\/site\/wp-content\/uploads\/2021\/05\/SIALChina.jpg?fit=880%2C440&ssl=1&resize=525%2C300 1.5x, https:\/\/i0.wp.com\/lahoradelcampo.com.uy\/site\/wp-content\/uploads\/2021\/05\/SIALChina.jpg?fit=880%2C440&ssl=1&resize=700%2C400 2x"},"classes":[]},{"id":24098,"url":"https:\/\/lahoradelcampo.com.uy\/site\/inac-impulsa-la-promocion-de-las-carnes-uruguayas-en-mercados-de-alto-valor\/","url_meta":{"origin":55161,"position":1},"title":"INAC impulsa la promoci\u00f3n de las carnes  uruguayas en mercados de alto valor","author":"La Hora del Campo","date":"28 septiembre, 2020","format":false,"excerpt":"Desde mayo del a\u00f1o pasado, cuando se anunci\u00f3 el ingreso de las carnes uruguayas al mercado japon\u00e9s, r\u00e1pidamente la empresa Bronco Billy lanz\u00f3 una campa\u00f1a de promoci\u00f3n en su men\u00fa principal, en su momento fue la presentaci\u00f3n de un bife de solomillo. Este fin de semana la empresa japonesa lanz\u00f3\u2026","rel":"","context":"En \u00abActualidad\u00bb","block_context":{"text":"Actualidad","link":"https:\/\/lahoradelcampo.com.uy\/site\/category\/actualidad\/"},"img":{"alt_text":"","src":"https:\/\/i0.wp.com\/lahoradelcampo.com.uy\/site\/wp-content\/uploads\/2020\/09\/inacjapon.jpg?fit=880%2C440&ssl=1&resize=350%2C200","width":350,"height":200,"srcset":"https:\/\/i0.wp.com\/lahoradelcampo.com.uy\/site\/wp-content\/uploads\/2020\/09\/inacjapon.jpg?fit=880%2C440&ssl=1&resize=350%2C200 1x, https:\/\/i0.wp.com\/lahoradelcampo.com.uy\/site\/wp-content\/uploads\/2020\/09\/inacjapon.jpg?fit=880%2C440&ssl=1&resize=525%2C300 1.5x, https:\/\/i0.wp.com\/lahoradelcampo.com.uy\/site\/wp-content\/uploads\/2020\/09\/inacjapon.jpg?fit=880%2C440&ssl=1&resize=700%2C400 2x"},"classes":[]},{"id":38577,"url":"https:\/\/lahoradelcampo.com.uy\/site\/uruguay-promociono-su-carne-ovina-en-china\/","url_meta":{"origin":55161,"position":2},"title":"Uruguay promocion\u00f3 su carne ovina en China","author":"La Hora del Campo","date":"26 enero, 2022","format":false,"excerpt":"El d\u00eda 20 de enero INAC realiz\u00f3 en China un exitoso webinario de carne ovina dirigido a operadores del sector del trade. Esta actividad ha sido la primera realizada en esta naci\u00f3n enfocada \u00fanicamente en la carne ovina. Se cont\u00f3 con un p\u00fablico de m\u00e1s de 400 participantes, principalmente comercializadores\u2026","rel":"","context":"En \u00abActualidad\u00bb","block_context":{"text":"Actualidad","link":"https:\/\/lahoradelcampo.com.uy\/site\/category\/actualidad\/"},"img":{"alt_text":"","src":"https:\/\/i0.wp.com\/lahoradelcampo.com.uy\/site\/wp-content\/uploads\/2022\/01\/INAC-Carneovina.jpg?fit=880%2C440&ssl=1&resize=350%2C200","width":350,"height":200,"srcset":"https:\/\/i0.wp.com\/lahoradelcampo.com.uy\/site\/wp-content\/uploads\/2022\/01\/INAC-Carneovina.jpg?fit=880%2C440&ssl=1&resize=350%2C200 1x, https:\/\/i0.wp.com\/lahoradelcampo.com.uy\/site\/wp-content\/uploads\/2022\/01\/INAC-Carneovina.jpg?fit=880%2C440&ssl=1&resize=525%2C300 1.5x, https:\/\/i0.wp.com\/lahoradelcampo.com.uy\/site\/wp-content\/uploads\/2022\/01\/INAC-Carneovina.jpg?fit=880%2C440&ssl=1&resize=700%2C400 2x"},"classes":[]},{"id":15019,"url":"https:\/\/lahoradelcampo.com.uy\/site\/uruguay-continuara-aumentando-sus-ventas-de-carne-a-china-en-2020\/","url_meta":{"origin":55161,"position":3},"title":"Uruguay continuar\u00e1 aumentando sus ventas de carne a China en 2020","author":"La Hora del Campo","date":"14 octubre, 2019","format":false,"excerpt":"Culmin\u00f3 la feria de ANUGA en Colonia, Alemania, la feria de alimentos m\u00e1s emblem\u00e1tica e importante del mundo y a la cual el sector de las carnes de Uruguay asiste desde 1981. La actividad se extendi\u00f3 por cinco d\u00edas. En el stand de INAC participaron veinte plantas expositoras. Durante cuatro\u2026","rel":"","context":"En \u00abActualidad\u00bb","block_context":{"text":"Actualidad","link":"https:\/\/lahoradelcampo.com.uy\/site\/category\/actualidad\/"},"img":{"alt_text":"","src":"https:\/\/i0.wp.com\/lahoradelcampo.com.uy\/site\/wp-content\/uploads\/2019\/10\/Anuga.jpg?fit=880%2C440&ssl=1&resize=350%2C200","width":350,"height":200,"srcset":"https:\/\/i0.wp.com\/lahoradelcampo.com.uy\/site\/wp-content\/uploads\/2019\/10\/Anuga.jpg?fit=880%2C440&ssl=1&resize=350%2C200 1x, https:\/\/i0.wp.com\/lahoradelcampo.com.uy\/site\/wp-content\/uploads\/2019\/10\/Anuga.jpg?fit=880%2C440&ssl=1&resize=525%2C300 1.5x, https:\/\/i0.wp.com\/lahoradelcampo.com.uy\/site\/wp-content\/uploads\/2019\/10\/Anuga.jpg?fit=880%2C440&ssl=1&resize=700%2C400 2x"},"classes":[]},{"id":29218,"url":"https:\/\/lahoradelcampo.com.uy\/site\/startup-de-carne-vegetal-recauda-inversion-de-us-335-millones\/","url_meta":{"origin":55161,"position":4},"title":"Startup de carne vegetal recauda inversi\u00f3n de US$ 335 millones","author":"La Hora del Campo","date":"13 abril, 2021","format":false,"excerpt":"M\u00e1s all\u00e1 que se grite a los cuatro vientos desde Uruguay que la carne vegetal no es carne, para los inversores es el futuro de la cuarta parte del mercado c\u00e1rnico para 2040. Para nuestro pa\u00eds, es f\u00e1cil ser lo que se dice, porque se cr\u00eda sobre campo natural, son\u2026","rel":"","context":"En \u00abActualidad\u00bb","block_context":{"text":"Actualidad","link":"https:\/\/lahoradelcampo.com.uy\/site\/category\/actualidad\/"},"img":{"alt_text":"","src":"https:\/\/i0.wp.com\/lahoradelcampo.com.uy\/site\/wp-content\/uploads\/2021\/04\/vegana.jpg?fit=880%2C440&ssl=1&resize=350%2C200","width":350,"height":200,"srcset":"https:\/\/i0.wp.com\/lahoradelcampo.com.uy\/site\/wp-content\/uploads\/2021\/04\/vegana.jpg?fit=880%2C440&ssl=1&resize=350%2C200 1x, https:\/\/i0.wp.com\/lahoradelcampo.com.uy\/site\/wp-content\/uploads\/2021\/04\/vegana.jpg?fit=880%2C440&ssl=1&resize=525%2C300 1.5x, https:\/\/i0.wp.com\/lahoradelcampo.com.uy\/site\/wp-content\/uploads\/2021\/04\/vegana.jpg?fit=880%2C440&ssl=1&resize=700%2C400 2x"},"classes":[]},{"id":30406,"url":"https:\/\/lahoradelcampo.com.uy\/site\/uruguay-firmo-dos-acuerdos-para-promocionar-nuestras-carnes-en-china\/","url_meta":{"origin":55161,"position":5},"title":"Uruguay firm\u00f3 dos acuerdos para promocionar nuestras carnes en China","author":"La Hora del Campo","date":"21 mayo, 2021","format":false,"excerpt":"Tal cual se adelant\u00f3 en la jornada de ayer, Uruguay firm\u00f3 dos acuerdos de promoci\u00f3n de las carnes uruguayas con empresas en China. El primer acuerdo firmado por el Instituto Nacional De Carnes (INAC) fue con la empresa estatal Sunlon, dedicada al comercio, log\u00edstica, transporte, almacenamiento, distribuci\u00f3n, ventas al minorista,\u2026","rel":"","context":"En \u00abActualidad\u00bb","block_context":{"text":"Actualidad","link":"https:\/\/lahoradelcampo.com.uy\/site\/category\/actualidad\/"},"img":{"alt_text":"","src":"https:\/\/i0.wp.com\/lahoradelcampo.com.uy\/site\/wp-content\/uploads\/2021\/05\/SIALCHINAAcuerdos.jpg?fit=880%2C440&ssl=1&resize=350%2C200","width":350,"height":200,"srcset":"https:\/\/i0.wp.com\/lahoradelcampo.com.uy\/site\/wp-content\/uploads\/2021\/05\/SIALCHINAAcuerdos.jpg?fit=880%2C440&ssl=1&resize=350%2C200 1x, https:\/\/i0.wp.com\/lahoradelcampo.com.uy\/site\/wp-content\/uploads\/2021\/05\/SIALCHINAAcuerdos.jpg?fit=880%2C440&ssl=1&resize=525%2C300 1.5x, https:\/\/i0.wp.com\/lahoradelcampo.com.uy\/site\/wp-content\/uploads\/2021\/05\/SIALCHINAAcuerdos.jpg?fit=880%2C440&ssl=1&resize=700%2C400 2x"},"classes":[]}],"jetpack_likes_enabled":true,"_links":{"self":[{"href":"https:\/\/lahoradelcampo.com.uy\/site\/wp-json\/wp\/v2\/posts\/55161","targetHints":{"allow":["GET"]}}],"collection":[{"href":"https:\/\/lahoradelcampo.com.uy\/site\/wp-json\/wp\/v2\/posts"}],"about":[{"href":"https:\/\/lahoradelcampo.com.uy\/site\/wp-json\/wp\/v2\/types\/post"}],"author":[{"embeddable":true,"href":"https:\/\/lahoradelcampo.com.uy\/site\/wp-json\/wp\/v2\/users\/5"}],"replies":[{"embeddable":true,"href":"https:\/\/lahoradelcampo.com.uy\/site\/wp-json\/wp\/v2\/comments?post=55161"}],"version-history":[{"count":1,"href":"https:\/\/lahoradelcampo.com.uy\/site\/wp-json\/wp\/v2\/posts\/55161\/revisions"}],"predecessor-version":[{"id":55162,"href":"https:\/\/lahoradelcampo.com.uy\/site\/wp-json\/wp\/v2\/posts\/55161\/revisions\/55162"}],"wp:featuredmedia":[{"embeddable":true,"href":"https:\/\/lahoradelcampo.com.uy\/site\/wp-json\/wp\/v2\/media\/54982"}],"wp:attachment":[{"href":"https:\/\/lahoradelcampo.com.uy\/site\/wp-json\/wp\/v2\/media?parent=55161"}],"wp:term":[{"taxonomy":"category","embeddable":true,"href":"https:\/\/lahoradelcampo.com.uy\/site\/wp-json\/wp\/v2\/categories?post=55161"},{"taxonomy":"post_tag","embeddable":true,"href":"https:\/\/lahoradelcampo.com.uy\/site\/wp-json\/wp\/v2\/tags?post=55161"}],"curies":[{"name":"wp","href":"https:\/\/api.w.org\/{rel}","templated":true}]}}