{"id":55158,"date":"2024-11-27T22:24:11","date_gmt":"2024-11-28T01:24:11","guid":{"rendered":"http:\/\/lahoradelcampo.com.uy\/site\/?p=55158"},"modified":"2024-11-29T22:36:13","modified_gmt":"2024-11-30T01:36:13","slug":"el-mgap-lanzo-la-fase-uno-de-las-guias-de-propiedad-y-transito-digitales-para-el-ganado","status":"publish","type":"post","link":"https:\/\/lahoradelcampo.com.uy\/site\/el-mgap-lanzo-la-fase-uno-de-las-guias-de-propiedad-y-transito-digitales-para-el-ganado\/","title":{"rendered":"El MGAP lanz\u00f3 la fase uno de las gu\u00edas de propiedad y tr\u00e1nsito digitales para el ganado"},"content":{"rendered":"\n<figure class=\"wp-block-image size-full\"><a href=\"https:\/\/i0.wp.com\/lahoradelcampo.com.uy\/site\/wp-content\/uploads\/2024\/11\/Amalia-Alvarez.jpg\"><img data-recalc-dims=\"1\" loading=\"lazy\" decoding=\"async\" width=\"810\" height=\"405\" data-attachment-id=\"55159\" data-permalink=\"https:\/\/lahoradelcampo.com.uy\/site\/el-mgap-lanzo-la-fase-uno-de-las-guias-de-propiedad-y-transito-digitales-para-el-ganado\/amalia-alvarez\/\" data-orig-file=\"https:\/\/i0.wp.com\/lahoradelcampo.com.uy\/site\/wp-content\/uploads\/2024\/11\/Amalia-Alvarez.jpg?fit=880%2C440&amp;ssl=1\" data-orig-size=\"880,440\" data-comments-opened=\"1\" data-image-meta=\"{&quot;aperture&quot;:&quot;0&quot;,&quot;credit&quot;:&quot;&quot;,&quot;camera&quot;:&quot;&quot;,&quot;caption&quot;:&quot;&quot;,&quot;created_timestamp&quot;:&quot;0&quot;,&quot;copyright&quot;:&quot;&quot;,&quot;focal_length&quot;:&quot;0&quot;,&quot;iso&quot;:&quot;0&quot;,&quot;shutter_speed&quot;:&quot;0&quot;,&quot;title&quot;:&quot;&quot;,&quot;orientation&quot;:&quot;1&quot;}\" data-image-title=\"Amalia Alvarez\" data-image-description=\"\" data-image-caption=\"\" data-large-file=\"https:\/\/i0.wp.com\/lahoradelcampo.com.uy\/site\/wp-content\/uploads\/2024\/11\/Amalia-Alvarez.jpg?fit=810%2C405&amp;ssl=1\" src=\"https:\/\/i0.wp.com\/lahoradelcampo.com.uy\/site\/wp-content\/uploads\/2024\/11\/Amalia-Alvarez.jpg?resize=810%2C405\" alt=\"\" class=\"wp-image-55159\" srcset=\"https:\/\/i0.wp.com\/lahoradelcampo.com.uy\/site\/wp-content\/uploads\/2024\/11\/Amalia-Alvarez.jpg?w=880&amp;ssl=1 880w, https:\/\/i0.wp.com\/lahoradelcampo.com.uy\/site\/wp-content\/uploads\/2024\/11\/Amalia-Alvarez.jpg?resize=300%2C150&amp;ssl=1 300w, https:\/\/i0.wp.com\/lahoradelcampo.com.uy\/site\/wp-content\/uploads\/2024\/11\/Amalia-Alvarez.jpg?resize=768%2C384&amp;ssl=1 768w, https:\/\/i0.wp.com\/lahoradelcampo.com.uy\/site\/wp-content\/uploads\/2024\/11\/Amalia-Alvarez.jpg?resize=820%2C410&amp;ssl=1 820w\" sizes=\"auto, (max-width: 810px) 100vw, 810px\" \/><\/a><\/figure>\n\n\n\n<p>El Ministerio de Ganader\u00eda, Agricultura y Pesca (MGAP) implement\u00f3 un sistema de gu\u00edas de propiedad y tr\u00e1nsito digitales para el ganado, marcando un cambio hist\u00f3rico en el sector. Estas gu\u00edas, cuya validez legal fue reconocida tras una reciente modificaci\u00f3n en el C\u00f3digo Rural, a trav\u00e9s de un art\u00edculo en la Ley de Presupuesto, permiten a los productores optar por formatos digitales en lugar de las tradicionales gu\u00edas en papel, reduciendo significativamente costos y tiempos asociados al proceso. La fase inicial del programa, enfocada en bovinos, ya est\u00e1 en marcha con productores voluntarios en todo el pa\u00eds.<\/p>\n\n\n\n<p>Amalia \u00c1lvarez, directora del Sistema Nacional de Informaci\u00f3n Agropecuaria (SNIA) del MGAP, explic\u00f3 que uno de los principales beneficios de las gu\u00edas digitales es la eliminaci\u00f3n del requisito de sellado policial, un tr\u00e1mite que implicaba desplazamientos y costos adicionales para los productores. \u00abEsto representa un ahorro significativo para transportistas y ganaderos, adem\u00e1s de simplificar el proceso administrativo\u00bb, destac\u00f3 \u00c1lvarez.<\/p>\n\n\n\n<p>El desarrollo de esta herramienta se realiz\u00f3 en colaboraci\u00f3n con consignatarios, frigor\u00edficos, transportistas y fideicomisos, quienes participaron en el dise\u00f1o para garantizar que el sistema responda a las necesidades del sector. La compra de estas gu\u00edas se unific\u00f3 a nivel nacional, permitiendo a los productores adquirirlas mediante plataformas digitales y gestionarlas desde una aplicaci\u00f3n m\u00f3vil.<\/p>\n\n\n\n<p>Este nuevo sistema tambi\u00e9n aprovecha tecnolog\u00edas de comunicaci\u00f3n en tiempo real, como notificaciones por WhatsApp, que facilitan la coordinaci\u00f3n entre transportistas, productores y receptores de ganado. \u00abDesde la carga en el cami\u00f3n hasta la recepci\u00f3n en el predio, todo el proceso puede ser monitoreado y validado electr\u00f3nicamente\u00bb, explic\u00f3 \u00c1lvarez. Una vez completada, la gu\u00eda es firmada digitalmente por el MGAP y almacenada como documento inalterable en sus servidores, garantizando su integridad.<\/p>\n\n\n\n<p>La transici\u00f3n hacia las gu\u00edas digitales no solo beneficia al sector en t\u00e9rminos econ\u00f3micos y operativos, sino que tambi\u00e9n contribuye a la sostenibilidad ambiental al reducir el uso de papel. Seg\u00fan \u00c1lvarez, esta iniciativa refuerza el compromiso del MGAP con la modernizaci\u00f3n y la eficiencia en el manejo de recursos. \u00abEstamos dando un paso firme hacia la digitalizaci\u00f3n del sector agropecuario, asegurando un sistema m\u00e1s \u00e1gil y accesible para todos los actores involucrados\u00bb, concluy\u00f3.<\/p>\n\n\n\n<p>Actualmente, el MGAP se encuentra implementando la fase uno de este sistema, centrada exclusivamente en bovinos, con la participaci\u00f3n de productores voluntarios. \u00abSi est\u00e1 interesado en sumarse al proceso, comun\u00edquese con el ministerio\u00bb, invit\u00f3 \u00c1lvarez.<\/p>\n\n\n\n<p>Salto, 27 de noviembre de 2024<\/p>\n","protected":false},"excerpt":{"rendered":"<p>El Ministerio de Ganader\u00eda, Agricultura y Pesca (MGAP) implement\u00f3 un sistema de gu\u00edas de propiedad y tr\u00e1nsito digitales para el ganado, marcando un cambio hist\u00f3rico en el sector. Estas gu\u00edas, [&hellip;]<\/p>\n","protected":false},"author":5,"featured_media":55159,"comment_status":"open","ping_status":"open","sticky":false,"template":"","format":"standard","meta":{"_price":"","_stock":"","_tribe_ticket_header":"","_tribe_default_ticket_provider":"","_tribe_ticket_capacity":"0","_ticket_start_date":"","_ticket_end_date":"","_tribe_ticket_show_description":"","_tribe_ticket_show_not_going":false,"_tribe_ticket_use_global_stock":"","_tribe_ticket_global_stock_level":"","_global_stock_mode":"","_global_stock_cap":"","_tribe_rsvp_for_event":"","_tribe_ticket_going_count":"","_tribe_ticket_not_going_count":"","_tribe_tickets_list":"[]","_tribe_ticket_has_attendee_info_fields":false,"h5ap_radio_sources":[],"_jetpack_newsletter_access":"","_jetpack_dont_email_post_to_subs":false,"_jetpack_newsletter_tier_id":0,"_jetpack_memberships_contains_paywalled_content":false,"_jetpack_memberships_contains_paid_content":false,"footnotes":""},"categories":[21,5],"tags":[],"class_list":["post-55158","post","type-post","status-publish","format-standard","has-post-thumbnail","hentry","category-actualidad","category-ganaderia"],"jetpack_featured_media_url":"https:\/\/i0.wp.com\/lahoradelcampo.com.uy\/site\/wp-content\/uploads\/2024\/11\/Amalia-Alvarez.jpg?fit=880%2C440&ssl=1","jetpack_sharing_enabled":true,"jetpack_shortlink":"https:\/\/wp.me\/p99IaT-elE","jetpack-related-posts":[{"id":54026,"url":"https:\/\/lahoradelcampo.com.uy\/site\/se-presento-la-primera-fase-del-funcionamiento-de-las-guias-digitales-para-mover-ganado\/","url_meta":{"origin":55158,"position":0},"title":"Se present\u00f3 la primera fase del funcionamiento de las \u00abGu\u00edas Digitales\u00bb para mover ganado","author":"La Hora del Campo","date":"23 julio, 2024","format":false,"excerpt":"El Ministerio de Ganader\u00eda, Agricultura y Pesca (MGAP) present\u00f3 en la jornada de ayer, el \"Plan Piloto de Gu\u00edas Digitales de Propiedad y Tr\u00e1nsito de Semovientes\", que convoca a los productores a inscribirse y participar de esta primera fase. El Ing. Agr. Gabriel Osorio, director del SNIG, explic\u00f3 los requisitos\u2026","rel":"","context":"En \u00abActualidad\u00bb","block_context":{"text":"Actualidad","link":"https:\/\/lahoradelcampo.com.uy\/site\/category\/actualidad\/"},"img":{"alt_text":"","src":"https:\/\/i0.wp.com\/lahoradelcampo.com.uy\/site\/wp-content\/uploads\/2024\/01\/GabrielOsorio-2.jpg?fit=880%2C440&ssl=1&resize=350%2C200","width":350,"height":200,"srcset":"https:\/\/i0.wp.com\/lahoradelcampo.com.uy\/site\/wp-content\/uploads\/2024\/01\/GabrielOsorio-2.jpg?fit=880%2C440&ssl=1&resize=350%2C200 1x, https:\/\/i0.wp.com\/lahoradelcampo.com.uy\/site\/wp-content\/uploads\/2024\/01\/GabrielOsorio-2.jpg?fit=880%2C440&ssl=1&resize=525%2C300 1.5x, https:\/\/i0.wp.com\/lahoradelcampo.com.uy\/site\/wp-content\/uploads\/2024\/01\/GabrielOsorio-2.jpg?fit=880%2C440&ssl=1&resize=700%2C400 2x"},"classes":[]},{"id":38975,"url":"https:\/\/lahoradelcampo.com.uy\/site\/camiones-detenidos-fueron-retornados-al-predio-de-origen\/","url_meta":{"origin":55158,"position":1},"title":"Camiones detenidos, fueron retornados al predio de origen","author":"La Hora del Campo","date":"8 febrero, 2022","format":false,"excerpt":"El pasado viernes informamos en La Hora del Campo, el operativo realizado por la Direcci\u00f3n de Seguridad Rural del Ministerio del Interior en Salto, donde se detuvieron tres camiones con irregularidades en su documentaci\u00f3n y animales con garrapata. De acuerdo a la informaci\u00f3n brindada en aquel momento los ganados se\u2026","rel":"","context":"En \u00abActualidad\u00bb","block_context":{"text":"Actualidad","link":"https:\/\/lahoradelcampo.com.uy\/site\/category\/actualidad\/"},"img":{"alt_text":"","src":"https:\/\/i0.wp.com\/lahoradelcampo.com.uy\/site\/wp-content\/uploads\/2022\/02\/POLICIA-Camioneros.jpg?fit=880%2C440&ssl=1&resize=350%2C200","width":350,"height":200,"srcset":"https:\/\/i0.wp.com\/lahoradelcampo.com.uy\/site\/wp-content\/uploads\/2022\/02\/POLICIA-Camioneros.jpg?fit=880%2C440&ssl=1&resize=350%2C200 1x, https:\/\/i0.wp.com\/lahoradelcampo.com.uy\/site\/wp-content\/uploads\/2022\/02\/POLICIA-Camioneros.jpg?fit=880%2C440&ssl=1&resize=525%2C300 1.5x, https:\/\/i0.wp.com\/lahoradelcampo.com.uy\/site\/wp-content\/uploads\/2022\/02\/POLICIA-Camioneros.jpg?fit=880%2C440&ssl=1&resize=700%2C400 2x"},"classes":[]},{"id":40135,"url":"https:\/\/lahoradelcampo.com.uy\/site\/mgap-trabaja-sobre-el-operativo-de-ganados-de-artigas-sin-despacho-de-tropa\/","url_meta":{"origin":55158,"position":2},"title":"MGAP trabaja sobre el operativo de ganados de Artigas sin despacho de tropa","author":"La Hora del Campo","date":"22 marzo, 2022","format":false,"excerpt":"A inicios de febrero, el pasado viernes 4, se realiz\u00f3 un operativo por parte del Direcci\u00f3n de Seguridad Rural del Ministerio del Interior, donde se detuvo tres camiones procedentes del departamento de Artigas y que transitaban rumbo a un predio en Paysand\u00fa. De acuerdo a la informaci\u00f3n recabada por La\u2026","rel":"","context":"En \u00abActualidad\u00bb","block_context":{"text":"Actualidad","link":"https:\/\/lahoradelcampo.com.uy\/site\/category\/actualidad\/"},"img":{"alt_text":"","src":"https:\/\/i0.wp.com\/lahoradelcampo.com.uy\/site\/wp-content\/uploads\/2022\/03\/MGAP-Altuna.jpg?fit=880%2C440&ssl=1&resize=350%2C200","width":350,"height":200,"srcset":"https:\/\/i0.wp.com\/lahoradelcampo.com.uy\/site\/wp-content\/uploads\/2022\/03\/MGAP-Altuna.jpg?fit=880%2C440&ssl=1&resize=350%2C200 1x, https:\/\/i0.wp.com\/lahoradelcampo.com.uy\/site\/wp-content\/uploads\/2022\/03\/MGAP-Altuna.jpg?fit=880%2C440&ssl=1&resize=525%2C300 1.5x, https:\/\/i0.wp.com\/lahoradelcampo.com.uy\/site\/wp-content\/uploads\/2022\/03\/MGAP-Altuna.jpg?fit=880%2C440&ssl=1&resize=700%2C400 2x"},"classes":[]},{"id":54637,"url":"https:\/\/lahoradelcampo.com.uy\/site\/grupo-larrarte-bajo-investigacion-por-presunta-estafa-de-us-2-millones\/","url_meta":{"origin":55158,"position":3},"title":"\u00abGrupo Larrarte\u00bb bajo investigaci\u00f3n por presunta estafa de US$ 2 millones","author":"La Hora del Campo","date":"23 septiembre, 2024","format":false,"excerpt":"Una denuncia por estafa que involucra al fondo de inversiones \"Grupo Larrarte\", y que gira en torno a los 2 millones de d\u00f3lares, est\u00e1 siendo investigada por la Fiscal\u00eda en el \u00e1rea de Delitos Econ\u00f3micos. La denuncia ha generado preocupaci\u00f3n entre los inversores, muchos de ellos urbanos sin v\u00ednculo previo\u2026","rel":"","context":"En \u00abGanader\u00eda\u00bb","block_context":{"text":"Ganader\u00eda","link":"https:\/\/lahoradelcampo.com.uy\/site\/category\/ganaderia\/"},"img":{"alt_text":"","src":"https:\/\/i0.wp.com\/lahoradelcampo.com.uy\/site\/wp-content\/uploads\/2024\/09\/grupolarrarte.jpg?fit=880%2C440&ssl=1&resize=350%2C200","width":350,"height":200,"srcset":"https:\/\/i0.wp.com\/lahoradelcampo.com.uy\/site\/wp-content\/uploads\/2024\/09\/grupolarrarte.jpg?fit=880%2C440&ssl=1&resize=350%2C200 1x, https:\/\/i0.wp.com\/lahoradelcampo.com.uy\/site\/wp-content\/uploads\/2024\/09\/grupolarrarte.jpg?fit=880%2C440&ssl=1&resize=525%2C300 1.5x, https:\/\/i0.wp.com\/lahoradelcampo.com.uy\/site\/wp-content\/uploads\/2024\/09\/grupolarrarte.jpg?fit=880%2C440&ssl=1&resize=700%2C400 2x"},"classes":[]},{"id":28502,"url":"https:\/\/lahoradelcampo.com.uy\/site\/mgap-e-inac-trabajan-en-la-elaboracion-de-guias-para-las-carnicerias-en-todo-el-pais\/","url_meta":{"origin":55158,"position":4},"title":"MGAP e INAC trabajan en la elaboraci\u00f3n de gu\u00edas para las carnicer\u00edas en todo el pa\u00eds","author":"La Hora del Campo","date":"15 marzo, 2021","format":false,"excerpt":"El \u00e1rea de Inocuidad Alimentaria de la Direcci\u00f3n General de Bioseguridad e Inocuidad Alimentaria (Digebia) del MGAP integra desde diciembre 2020, el grupo de trabajo encargado de facilitar la implementaci\u00f3n del Decreto de Reglamento Nacional de Carnicer\u00edas, junto al Instituto Nacional de Carnes (INAC). A partir de la aprobaci\u00f3n del\u2026","rel":"","context":"En \u00abActualidad\u00bb","block_context":{"text":"Actualidad","link":"https:\/\/lahoradelcampo.com.uy\/site\/category\/actualidad\/"},"img":{"alt_text":"","src":"https:\/\/i0.wp.com\/lahoradelcampo.com.uy\/site\/wp-content\/uploads\/2021\/01\/Carnicerias.jpg?fit=880%2C440&ssl=1&resize=350%2C200","width":350,"height":200,"srcset":"https:\/\/i0.wp.com\/lahoradelcampo.com.uy\/site\/wp-content\/uploads\/2021\/01\/Carnicerias.jpg?fit=880%2C440&ssl=1&resize=350%2C200 1x, https:\/\/i0.wp.com\/lahoradelcampo.com.uy\/site\/wp-content\/uploads\/2021\/01\/Carnicerias.jpg?fit=880%2C440&ssl=1&resize=525%2C300 1.5x, https:\/\/i0.wp.com\/lahoradelcampo.com.uy\/site\/wp-content\/uploads\/2021\/01\/Carnicerias.jpg?fit=880%2C440&ssl=1&resize=700%2C400 2x"},"classes":[]},{"id":5791,"url":"https:\/\/lahoradelcampo.com.uy\/site\/mgap-autorizo-la-salida-con-los-ganados-a-pastoreo-en-la-via-publica\/","url_meta":{"origin":55158,"position":5},"title":"MGAP autoriz\u00f3 la salida con los  ganados a pastoreo en la v\u00eda p\u00fablica","author":"La Hora del Campo","date":"10 febrero, 2018","format":false,"excerpt":"Debido a las condiciones clim\u00e1ticas y el d\u00e9ficit h\u00eddrico en el pa\u00eds, el Ministerio de Ganader\u00eda, Agricultura y Pesca realiz\u00f3 una evaluaci\u00f3n t\u00e9cnica en las zonas consideradas cr\u00edticas determinando que el estado de los campos se ha visto afectado en pasturas, praderas y reservas forrajeras en general, por lo cual\u2026","rel":"","context":"En \u00abActualidad\u00bb","block_context":{"text":"Actualidad","link":"https:\/\/lahoradelcampo.com.uy\/site\/category\/actualidad\/"},"img":{"alt_text":"","src":"https:\/\/i0.wp.com\/lahoradelcampo.com.uy\/site\/wp-content\/uploads\/2018\/02\/web-calle.jpg?fit=880%2C440&ssl=1&resize=350%2C200","width":350,"height":200,"srcset":"https:\/\/i0.wp.com\/lahoradelcampo.com.uy\/site\/wp-content\/uploads\/2018\/02\/web-calle.jpg?fit=880%2C440&ssl=1&resize=350%2C200 1x, https:\/\/i0.wp.com\/lahoradelcampo.com.uy\/site\/wp-content\/uploads\/2018\/02\/web-calle.jpg?fit=880%2C440&ssl=1&resize=525%2C300 1.5x, https:\/\/i0.wp.com\/lahoradelcampo.com.uy\/site\/wp-content\/uploads\/2018\/02\/web-calle.jpg?fit=880%2C440&ssl=1&resize=700%2C400 2x"},"classes":[]}],"jetpack_likes_enabled":true,"_links":{"self":[{"href":"https:\/\/lahoradelcampo.com.uy\/site\/wp-json\/wp\/v2\/posts\/55158","targetHints":{"allow":["GET"]}}],"collection":[{"href":"https:\/\/lahoradelcampo.com.uy\/site\/wp-json\/wp\/v2\/posts"}],"about":[{"href":"https:\/\/lahoradelcampo.com.uy\/site\/wp-json\/wp\/v2\/types\/post"}],"author":[{"embeddable":true,"href":"https:\/\/lahoradelcampo.com.uy\/site\/wp-json\/wp\/v2\/users\/5"}],"replies":[{"embeddable":true,"href":"https:\/\/lahoradelcampo.com.uy\/site\/wp-json\/wp\/v2\/comments?post=55158"}],"version-history":[{"count":1,"href":"https:\/\/lahoradelcampo.com.uy\/site\/wp-json\/wp\/v2\/posts\/55158\/revisions"}],"predecessor-version":[{"id":55160,"href":"https:\/\/lahoradelcampo.com.uy\/site\/wp-json\/wp\/v2\/posts\/55158\/revisions\/55160"}],"wp:featuredmedia":[{"embeddable":true,"href":"https:\/\/lahoradelcampo.com.uy\/site\/wp-json\/wp\/v2\/media\/55159"}],"wp:attachment":[{"href":"https:\/\/lahoradelcampo.com.uy\/site\/wp-json\/wp\/v2\/media?parent=55158"}],"wp:term":[{"taxonomy":"category","embeddable":true,"href":"https:\/\/lahoradelcampo.com.uy\/site\/wp-json\/wp\/v2\/categories?post=55158"},{"taxonomy":"post_tag","embeddable":true,"href":"https:\/\/lahoradelcampo.com.uy\/site\/wp-json\/wp\/v2\/tags?post=55158"}],"curies":[{"name":"wp","href":"https:\/\/api.w.org\/{rel}","templated":true}]}}