{"id":55156,"date":"2024-11-27T22:22:18","date_gmt":"2024-11-28T01:22:18","guid":{"rendered":"http:\/\/lahoradelcampo.com.uy\/site\/?p=55156"},"modified":"2024-11-29T22:24:05","modified_gmt":"2024-11-30T01:24:05","slug":"leche-en-polvo-entera-continua-con-su-tendencia-alcista-en-fonterra","status":"publish","type":"post","link":"https:\/\/lahoradelcampo.com.uy\/site\/leche-en-polvo-entera-continua-con-su-tendencia-alcista-en-fonterra\/","title":{"rendered":"Leche en polvo entera continua con su tendencia alcista en Fonterra"},"content":{"rendered":"\n<figure class=\"wp-block-image size-full\"><a href=\"https:\/\/i0.wp.com\/lahoradelcampo.com.uy\/site\/wp-content\/uploads\/2017\/09\/Fonterra.jpg\"><img data-recalc-dims=\"1\" loading=\"lazy\" decoding=\"async\" width=\"810\" height=\"405\" data-attachment-id=\"1523\" data-permalink=\"https:\/\/lahoradelcampo.com.uy\/site\/fonterra-registro-leve-suba-en-los-valores\/fonterra\/\" data-orig-file=\"https:\/\/i0.wp.com\/lahoradelcampo.com.uy\/site\/wp-content\/uploads\/2017\/09\/Fonterra.jpg?fit=880%2C440&amp;ssl=1\" data-orig-size=\"880,440\" data-comments-opened=\"1\" data-image-meta=\"{&quot;aperture&quot;:&quot;0&quot;,&quot;credit&quot;:&quot;Vicente-Manuel-Tort&quot;,&quot;camera&quot;:&quot;&quot;,&quot;caption&quot;:&quot;&quot;,&quot;created_timestamp&quot;:&quot;0&quot;,&quot;copyright&quot;:&quot;Presidencia de la Republica - Sec.Com.Inst.&quot;,&quot;focal_length&quot;:&quot;0&quot;,&quot;iso&quot;:&quot;0&quot;,&quot;shutter_speed&quot;:&quot;0&quot;,&quot;title&quot;:&quot;&quot;,&quot;orientation&quot;:&quot;1&quot;}\" data-image-title=\"Fonterra\" data-image-description=\"\" data-image-caption=\"\" data-large-file=\"https:\/\/i0.wp.com\/lahoradelcampo.com.uy\/site\/wp-content\/uploads\/2017\/09\/Fonterra.jpg?fit=810%2C405&amp;ssl=1\" src=\"https:\/\/i0.wp.com\/lahoradelcampo.com.uy\/site\/wp-content\/uploads\/2017\/09\/Fonterra.jpg?resize=810%2C405\" alt=\"\" class=\"wp-image-1523\" srcset=\"https:\/\/i0.wp.com\/lahoradelcampo.com.uy\/site\/wp-content\/uploads\/2017\/09\/Fonterra.jpg?w=880&amp;ssl=1 880w, https:\/\/i0.wp.com\/lahoradelcampo.com.uy\/site\/wp-content\/uploads\/2017\/09\/Fonterra.jpg?resize=300%2C150&amp;ssl=1 300w, https:\/\/i0.wp.com\/lahoradelcampo.com.uy\/site\/wp-content\/uploads\/2017\/09\/Fonterra.jpg?resize=768%2C384&amp;ssl=1 768w, https:\/\/i0.wp.com\/lahoradelcampo.com.uy\/site\/wp-content\/uploads\/2017\/09\/Fonterra.jpg?resize=820%2C410&amp;ssl=1 820w\" sizes=\"auto, (max-width: 810px) 100vw, 810px\" \/><\/a><\/figure>\n\n\n\n<p>La subasta 66 de Global Dairy Trade (GDT) Pulse volvi\u00f3 a mostrar un nuevo incremento (el cuarto consecutivo) en el precio promedio de la leche en polvo entera, mientras que la descremada registr\u00f3 un leve descenso, ofertadas \u00fanicamente por Fonterra. En la subasta de ayer, martes 26 de noviembre, se comercializaron 2.204 toneladas, 2% menos que lo colocado en la venta anterior (-46 toneladas). De LPE se comercializaron 1.251 toneladas, una tonelada m\u00e1s que la licitaci\u00f3n anterior, en tanto que de LPD se comercializ\u00f3 953 toneladas, 4,7% menos.<\/p>\n\n\n\n<p><strong>Leche en polvo entera<\/strong><\/p>\n\n\n\n<p>El precio promedio obtenido para la leche en polvo entera (LPE) fue de US$ 3.910 por tonelada, lo que representa una suba del 2,6% respecto a la licitaci\u00f3n anterior del sistema Pulse (US$ 99). En tanto que, respecto a la segunda venta Pulse de noviembre del a\u00f1o pasado, se observa un aumento del 31% sobre los US$ 2.979 de aquel momento.<\/p>\n\n\n\n<p>En esta oportunidad se comercializ\u00f3 1.184 toneladas de LPE regular a US$\/ton 3.905, lo que marca una suba del 6,6% en el volumen comercializado y del 2,8% en el valor recibido frente a la venta anterior. Por su parte, de LPE instant\u00e1nea se comercializaron 67 toneladas con un promedio de US$\/ton 4.000, este volumen es un 51,8% inferior a las 139 toneladas de la subasta anterior, y el valor se ubic\u00f3 un 2,6% sobre la venta previa.<\/p>\n\n\n\n<p><strong>Leche en polvo descremada<\/strong><\/p>\n\n\n\n<p>De leche en polvo descremada se ofert\u00f3 en esta oportunidad 953 toneladas, un 4,7% por menos que en la primera venta del sistema este mes. El valor promedio alcanzado se posiciona en US$ 2.895 por tonelada, lo que implica una baja del 0,7%.<\/p>\n\n\n\n<p>Salto, 27 de noviembre de 2024<\/p>\n","protected":false},"excerpt":{"rendered":"<p>La subasta 66 de Global Dairy Trade (GDT) Pulse volvi\u00f3 a mostrar un nuevo incremento (el cuarto consecutivo) en el precio promedio de la leche en polvo entera, mientras que [&hellip;]<\/p>\n","protected":false},"author":5,"featured_media":1523,"comment_status":"open","ping_status":"open","sticky":false,"template":"","format":"standard","meta":{"_price":"","_stock":"","_tribe_ticket_header":"","_tribe_default_ticket_provider":"","_tribe_ticket_capacity":"0","_ticket_start_date":"","_ticket_end_date":"","_tribe_ticket_show_description":"","_tribe_ticket_show_not_going":false,"_tribe_ticket_use_global_stock":"","_tribe_ticket_global_stock_level":"","_global_stock_mode":"","_global_stock_cap":"","_tribe_rsvp_for_event":"","_tribe_ticket_going_count":"","_tribe_ticket_not_going_count":"","_tribe_tickets_list":"[]","_tribe_ticket_has_attendee_info_fields":false,"h5ap_radio_sources":[],"_jetpack_newsletter_access":"","_jetpack_dont_email_post_to_subs":false,"_jetpack_newsletter_tier_id":0,"_jetpack_memberships_contains_paywalled_content":false,"_jetpack_memberships_contains_paid_content":false,"footnotes":""},"categories":[21,15,11],"tags":[],"class_list":["post-55156","post","type-post","status-publish","format-standard","has-post-thumbnail","hentry","category-actualidad","category-columnistas","category-lecheria"],"jetpack_featured_media_url":"https:\/\/i0.wp.com\/lahoradelcampo.com.uy\/site\/wp-content\/uploads\/2017\/09\/Fonterra.jpg?fit=880%2C440&ssl=1","jetpack_sharing_enabled":true,"jetpack_shortlink":"https:\/\/wp.me\/p99IaT-elC","jetpack-related-posts":[{"id":56098,"url":"https:\/\/lahoradelcampo.com.uy\/site\/leche-en-polvo-entera-continua-con-precios-historicos-en-gdt-pulse\/","url_meta":{"origin":55156,"position":0},"title":"Leche en polvo entera contin\u00faa con precios hist\u00f3ricos en GDT Pulse","author":"La Hora del Campo","date":"15 mayo, 2025","format":false,"excerpt":"En la jornada de ayer, 13 de mayo, se realiz\u00f3 la primera venta de leche en polvo descremada ofertada por la europea Arla en el sistema GDT Pulse, lo que hizo caer los valores de este producto, frente a una leche en polvo entera que sigue con precios hist\u00f3ricos. La\u2026","rel":"","context":"En \u00abActualidad\u00bb","block_context":{"text":"Actualidad","link":"https:\/\/lahoradelcampo.com.uy\/site\/category\/actualidad\/"},"img":{"alt_text":"","src":"https:\/\/i0.wp.com\/lahoradelcampo.com.uy\/site\/wp-content\/uploads\/2025\/05\/GDT-Pulse-13-5-25.jpg?fit=880%2C440&ssl=1&resize=350%2C200","width":350,"height":200,"srcset":"https:\/\/i0.wp.com\/lahoradelcampo.com.uy\/site\/wp-content\/uploads\/2025\/05\/GDT-Pulse-13-5-25.jpg?fit=880%2C440&ssl=1&resize=350%2C200 1x, https:\/\/i0.wp.com\/lahoradelcampo.com.uy\/site\/wp-content\/uploads\/2025\/05\/GDT-Pulse-13-5-25.jpg?fit=880%2C440&ssl=1&resize=525%2C300 1.5x, https:\/\/i0.wp.com\/lahoradelcampo.com.uy\/site\/wp-content\/uploads\/2025\/05\/GDT-Pulse-13-5-25.jpg?fit=880%2C440&ssl=1&resize=700%2C400 2x"},"classes":[]},{"id":56407,"url":"https:\/\/lahoradelcampo.com.uy\/site\/julio-cierra-con-un-repunte-del-05-en-la-leche-en-polvo-entera\/","url_meta":{"origin":55156,"position":1},"title":"Julio cierra con un repunte del 0,5% en la leche en polvo entera","author":"La Hora del Campo","date":"30 julio, 2025","format":false,"excerpt":"Tras la \u00faltima venta del mes del sistema GDT Pulse, este martes 29 de julio, el mercado cerr\u00f3 con una nueva suba para la leche en polvo entera, en tanto que la descremada registr\u00f3 un descenso en sus valores. La subasta 85 de Global Dairy Trade (GDT) Pulse, registr\u00f3 una\u2026","rel":"","context":"En \u00abActualidad\u00bb","block_context":{"text":"Actualidad","link":"https:\/\/lahoradelcampo.com.uy\/site\/category\/actualidad\/"},"img":{"alt_text":"","src":"https:\/\/i0.wp.com\/lahoradelcampo.com.uy\/site\/wp-content\/uploads\/2025\/07\/Fonterra-GDTPulse-01.jpg?fit=880%2C440&ssl=1&resize=350%2C200","width":350,"height":200,"srcset":"https:\/\/i0.wp.com\/lahoradelcampo.com.uy\/site\/wp-content\/uploads\/2025\/07\/Fonterra-GDTPulse-01.jpg?fit=880%2C440&ssl=1&resize=350%2C200 1x, https:\/\/i0.wp.com\/lahoradelcampo.com.uy\/site\/wp-content\/uploads\/2025\/07\/Fonterra-GDTPulse-01.jpg?fit=880%2C440&ssl=1&resize=525%2C300 1.5x, https:\/\/i0.wp.com\/lahoradelcampo.com.uy\/site\/wp-content\/uploads\/2025\/07\/Fonterra-GDTPulse-01.jpg?fit=880%2C440&ssl=1&resize=700%2C400 2x"},"classes":[]},{"id":55986,"url":"https:\/\/lahoradelcampo.com.uy\/site\/subas-para-la-leche-en-polvo-entera-y-descremada-en-la-venta-gdt-pulse-77\/","url_meta":{"origin":55156,"position":2},"title":"Subas para la leche en polvo entera y descremada en la venta GDT Pulse 77","author":"La Hora del Campo","date":"23 abril, 2025","format":false,"excerpt":"La subasta 77 de Global Dairy Trade (GDT) Pulse, la segunda del mes de abril de 2025 en este sistema volvi\u00f3 a registrar subas en las dos leches en polvo. Seg\u00fan los datos de GDT, las ventas de la leche en polvo entera (LPE) registraron un aumento del 4,5% y\u2026","rel":"","context":"En \u00abActualidad\u00bb","block_context":{"text":"Actualidad","link":"https:\/\/lahoradelcampo.com.uy\/site\/category\/actualidad\/"},"img":{"alt_text":"","src":"https:\/\/i0.wp.com\/lahoradelcampo.com.uy\/site\/wp-content\/uploads\/2025\/04\/GDTPulse-77.jpg?fit=880%2C440&ssl=1&resize=350%2C200","width":350,"height":200,"srcset":"https:\/\/i0.wp.com\/lahoradelcampo.com.uy\/site\/wp-content\/uploads\/2025\/04\/GDTPulse-77.jpg?fit=880%2C440&ssl=1&resize=350%2C200 1x, https:\/\/i0.wp.com\/lahoradelcampo.com.uy\/site\/wp-content\/uploads\/2025\/04\/GDTPulse-77.jpg?fit=880%2C440&ssl=1&resize=525%2C300 1.5x, https:\/\/i0.wp.com\/lahoradelcampo.com.uy\/site\/wp-content\/uploads\/2025\/04\/GDTPulse-77.jpg?fit=880%2C440&ssl=1&resize=700%2C400 2x"},"classes":[]},{"id":54956,"url":"https:\/\/lahoradelcampo.com.uy\/site\/fonterra-con-subas-para-las-leches-en-polvo-en-su-venta-gdt-pulse\/","url_meta":{"origin":55156,"position":3},"title":"Fonterra con subas para las leches en polvo en su venta GDT Pulse","author":"La Hora del Campo","date":"23 octubre, 2024","format":false,"excerpt":"La subasta 63 de Global Dairy Trade (GDT) Pulse mostr\u00f3 un leve incremento en el precio promedio de la leche en polvo entera, al igual que en el caso de la leche en polvo descremada que revierte dos bajas consecutivas en la venta de este sistema. En la subasta de\u2026","rel":"","context":"En \u00abActualidad\u00bb","block_context":{"text":"Actualidad","link":"https:\/\/lahoradelcampo.com.uy\/site\/category\/actualidad\/"},"img":{"alt_text":"","src":"https:\/\/i0.wp.com\/lahoradelcampo.com.uy\/site\/wp-content\/uploads\/2017\/09\/Fonterra.jpg?fit=880%2C440&ssl=1&resize=350%2C200","width":350,"height":200,"srcset":"https:\/\/i0.wp.com\/lahoradelcampo.com.uy\/site\/wp-content\/uploads\/2017\/09\/Fonterra.jpg?fit=880%2C440&ssl=1&resize=350%2C200 1x, https:\/\/i0.wp.com\/lahoradelcampo.com.uy\/site\/wp-content\/uploads\/2017\/09\/Fonterra.jpg?fit=880%2C440&ssl=1&resize=525%2C300 1.5x, https:\/\/i0.wp.com\/lahoradelcampo.com.uy\/site\/wp-content\/uploads\/2017\/09\/Fonterra.jpg?fit=880%2C440&ssl=1&resize=700%2C400 2x"},"classes":[]},{"id":54839,"url":"https:\/\/lahoradelcampo.com.uy\/site\/la-leche-en-polvo-entera-cayo-03-en-la-venta-gdt-pulse\/","url_meta":{"origin":55156,"position":4},"title":"La leche en polvo entera cay\u00f3 0,3% en la venta GDT Pulse","author":"La Hora del Campo","date":"9 octubre, 2024","format":false,"excerpt":"La subasta 62 de Global Dairy Trade (GDT) Pulse, volvi\u00f3 a marcar un nuevo descenso en el precio promedio de la leche en polvo entera ofertada \u00fanicamente por Fonterra, en tanto que se cumpli\u00f3 un a\u00f1o de la venta de la leche en polvo descremada en este sistema, tambi\u00e9n con\u2026","rel":"","context":"En \u00abActualidad\u00bb","block_context":{"text":"Actualidad","link":"https:\/\/lahoradelcampo.com.uy\/site\/category\/actualidad\/"},"img":{"alt_text":"","src":"https:\/\/i0.wp.com\/lahoradelcampo.com.uy\/site\/wp-content\/uploads\/2024\/10\/GDTPulse-62.jpg?fit=880%2C440&ssl=1&resize=350%2C200","width":350,"height":200,"srcset":"https:\/\/i0.wp.com\/lahoradelcampo.com.uy\/site\/wp-content\/uploads\/2024\/10\/GDTPulse-62.jpg?fit=880%2C440&ssl=1&resize=350%2C200 1x, https:\/\/i0.wp.com\/lahoradelcampo.com.uy\/site\/wp-content\/uploads\/2024\/10\/GDTPulse-62.jpg?fit=880%2C440&ssl=1&resize=525%2C300 1.5x, https:\/\/i0.wp.com\/lahoradelcampo.com.uy\/site\/wp-content\/uploads\/2024\/10\/GDTPulse-62.jpg?fit=880%2C440&ssl=1&resize=700%2C400 2x"},"classes":[]},{"id":56356,"url":"https:\/\/lahoradelcampo.com.uy\/site\/la-leche-en-polvo-cotizo-al-alza-en-segunda-venta-pulse-del-mes\/","url_meta":{"origin":55156,"position":5},"title":"La leche en polvo cotiz\u00f3 al alza en segunda venta Pulse del mes","author":"La Hora del Campo","date":"23 julio, 2025","format":false,"excerpt":"En la venta del martes 22 de julio, la segunda del mes del sistema GDT Pulse, el mercado cambi\u00f3 la t\u00f3nica y cerr\u00f3 con tendencia alcista para la leche en polvo, tanto entera como descremada. La subasta 84 de Global Dairy Trade (GDT) Pulse, registr\u00f3 una suba del 1,7% para\u2026","rel":"","context":"En \u00abActualidad\u00bb","block_context":{"text":"Actualidad","link":"https:\/\/lahoradelcampo.com.uy\/site\/category\/actualidad\/"},"img":{"alt_text":"","src":"https:\/\/i0.wp.com\/lahoradelcampo.com.uy\/site\/wp-content\/uploads\/2025\/07\/Fonterra-PULSE22-7.jpg?fit=880%2C440&ssl=1&resize=350%2C200","width":350,"height":200,"srcset":"https:\/\/i0.wp.com\/lahoradelcampo.com.uy\/site\/wp-content\/uploads\/2025\/07\/Fonterra-PULSE22-7.jpg?fit=880%2C440&ssl=1&resize=350%2C200 1x, https:\/\/i0.wp.com\/lahoradelcampo.com.uy\/site\/wp-content\/uploads\/2025\/07\/Fonterra-PULSE22-7.jpg?fit=880%2C440&ssl=1&resize=525%2C300 1.5x, https:\/\/i0.wp.com\/lahoradelcampo.com.uy\/site\/wp-content\/uploads\/2025\/07\/Fonterra-PULSE22-7.jpg?fit=880%2C440&ssl=1&resize=700%2C400 2x"},"classes":[]}],"jetpack_likes_enabled":true,"_links":{"self":[{"href":"https:\/\/lahoradelcampo.com.uy\/site\/wp-json\/wp\/v2\/posts\/55156","targetHints":{"allow":["GET"]}}],"collection":[{"href":"https:\/\/lahoradelcampo.com.uy\/site\/wp-json\/wp\/v2\/posts"}],"about":[{"href":"https:\/\/lahoradelcampo.com.uy\/site\/wp-json\/wp\/v2\/types\/post"}],"author":[{"embeddable":true,"href":"https:\/\/lahoradelcampo.com.uy\/site\/wp-json\/wp\/v2\/users\/5"}],"replies":[{"embeddable":true,"href":"https:\/\/lahoradelcampo.com.uy\/site\/wp-json\/wp\/v2\/comments?post=55156"}],"version-history":[{"count":1,"href":"https:\/\/lahoradelcampo.com.uy\/site\/wp-json\/wp\/v2\/posts\/55156\/revisions"}],"predecessor-version":[{"id":55157,"href":"https:\/\/lahoradelcampo.com.uy\/site\/wp-json\/wp\/v2\/posts\/55156\/revisions\/55157"}],"wp:featuredmedia":[{"embeddable":true,"href":"https:\/\/lahoradelcampo.com.uy\/site\/wp-json\/wp\/v2\/media\/1523"}],"wp:attachment":[{"href":"https:\/\/lahoradelcampo.com.uy\/site\/wp-json\/wp\/v2\/media?parent=55156"}],"wp:term":[{"taxonomy":"category","embeddable":true,"href":"https:\/\/lahoradelcampo.com.uy\/site\/wp-json\/wp\/v2\/categories?post=55156"},{"taxonomy":"post_tag","embeddable":true,"href":"https:\/\/lahoradelcampo.com.uy\/site\/wp-json\/wp\/v2\/tags?post=55156"}],"curies":[{"name":"wp","href":"https:\/\/api.w.org\/{rel}","templated":true}]}}