{"id":55132,"date":"2024-11-18T12:13:42","date_gmt":"2024-11-18T15:13:42","guid":{"rendered":"http:\/\/lahoradelcampo.com.uy\/site\/?p=55132"},"modified":"2024-11-18T12:13:44","modified_gmt":"2024-11-18T15:13:44","slug":"se-vendio-menos-terneros-y-terneras-pero-cotizaron-mas-y-estaban-mas-pesados","status":"publish","type":"post","link":"https:\/\/lahoradelcampo.com.uy\/site\/se-vendio-menos-terneros-y-terneras-pero-cotizaron-mas-y-estaban-mas-pesados\/","title":{"rendered":"Se vendi\u00f3 menos terneros y terneras, pero cotizaron m\u00e1s y estaban m\u00e1s pesados"},"content":{"rendered":"\n<figure class=\"wp-block-image size-full\"><a href=\"https:\/\/i0.wp.com\/lahoradelcampo.com.uy\/site\/wp-content\/uploads\/2024\/10\/Ternerosangus.jpg\"><img data-recalc-dims=\"1\" loading=\"lazy\" decoding=\"async\" width=\"810\" height=\"405\" data-attachment-id=\"54935\" data-permalink=\"https:\/\/lahoradelcampo.com.uy\/site\/en-la-moneda-del-criador-los-toros-estan-11-mas-baratos\/ternerosangus-2\/\" data-orig-file=\"https:\/\/i0.wp.com\/lahoradelcampo.com.uy\/site\/wp-content\/uploads\/2024\/10\/Ternerosangus.jpg?fit=880%2C440&amp;ssl=1\" data-orig-size=\"880,440\" data-comments-opened=\"1\" data-image-meta=\"{&quot;aperture&quot;:&quot;0&quot;,&quot;credit&quot;:&quot;&quot;,&quot;camera&quot;:&quot;&quot;,&quot;caption&quot;:&quot;&quot;,&quot;created_timestamp&quot;:&quot;0&quot;,&quot;copyright&quot;:&quot;&quot;,&quot;focal_length&quot;:&quot;0&quot;,&quot;iso&quot;:&quot;0&quot;,&quot;shutter_speed&quot;:&quot;0&quot;,&quot;title&quot;:&quot;&quot;,&quot;orientation&quot;:&quot;1&quot;}\" data-image-title=\"Ternerosangus\" data-image-description=\"\" data-image-caption=\"\" data-large-file=\"https:\/\/i0.wp.com\/lahoradelcampo.com.uy\/site\/wp-content\/uploads\/2024\/10\/Ternerosangus.jpg?fit=810%2C405&amp;ssl=1\" src=\"https:\/\/i0.wp.com\/lahoradelcampo.com.uy\/site\/wp-content\/uploads\/2024\/10\/Ternerosangus.jpg?resize=810%2C405\" alt=\"\" class=\"wp-image-54935\" srcset=\"https:\/\/i0.wp.com\/lahoradelcampo.com.uy\/site\/wp-content\/uploads\/2024\/10\/Ternerosangus.jpg?w=880&amp;ssl=1 880w, https:\/\/i0.wp.com\/lahoradelcampo.com.uy\/site\/wp-content\/uploads\/2024\/10\/Ternerosangus.jpg?resize=300%2C150&amp;ssl=1 300w, https:\/\/i0.wp.com\/lahoradelcampo.com.uy\/site\/wp-content\/uploads\/2024\/10\/Ternerosangus.jpg?resize=768%2C384&amp;ssl=1 768w, https:\/\/i0.wp.com\/lahoradelcampo.com.uy\/site\/wp-content\/uploads\/2024\/10\/Ternerosangus.jpg?resize=820%2C410&amp;ssl=1 820w\" sizes=\"auto, (max-width: 810px) 100vw, 810px\" \/><\/a><\/figure>\n\n\n\n<p>Promediando el d\u00e9cimo primer mes del a\u00f1o, restando muy poco para cerrar el 2024, la moneda de cambio de los criadores, los terneros y las terneras han estado m\u00e1s pesados y caros que el a\u00f1o pasado, lo que ha mejorado la facturaci\u00f3n total en los remates por pantalla, sin embargo, se han vendido menos cabezas que en 2023.<\/p>\n\n\n\n<p>Repasemos los n\u00fameros que han dejado los remates por pantalla, desde enero hasta el pasado 14 de noviembre, en lo que hace a la comercializaci\u00f3n de las categor\u00edas m\u00e1s j\u00f3venes. En total este a\u00f1o se han vendido 169.173 cabezas, sumando terneros, terneras y la categor\u00eda mixta de terneros\/terneras. Respecto a 2023, se vendieron 18.028 cabezas menos (-9,63%).<\/p>\n\n\n\n<p>A pesar del menor volumen, la facturaci\u00f3n total, al bajar el martillo, ha sido de US$ 76.744.468, un 8,93% superior a igual per\u00edodo del a\u00f1o pasado. Este incremento en la facturaci\u00f3n se debe a animales m\u00e1s pesados y caros. En 2024, el peso promedio por cabeza se ubic\u00f3 en 186 kilos, lo que es 18,44 kilos m\u00e1s pesados que en 2023 y el valor promedio ha sido de US$ 2,44, lo que representa un aumento del 8,57%.<\/p>\n\n\n\n<p><strong>Por categor\u00eda<\/strong><\/p>\n\n\n\n<p>Sin tener en cuenta la categor\u00eda de lotes mixtos de terneros y terneras, que var\u00edan en sus cotizaciones de acuerdo con la cantidad de machos o hembras, analicemos que ha sucedido con los machos y las hembras por separado. En principio se han vendido menos hembras este a\u00f1o.<\/p>\n\n\n\n<p>En el caso de los terneros, este a\u00f1o se han comercializado 98.452 cabezas, lo que representa una ca\u00edda del 6,15% delante de las 14.906 cabezas vendidas en las subastas de 2023. Al igual que en el an\u00e1lisis general, los terneros tambi\u00e9n se encuentran con una facturaci\u00f3n superior al a\u00f1o pasado, en este caso se han facturado 48.744.933 d\u00f3lares, lo que marca una suba del 13,14%.<\/p>\n\n\n\n<p>Este a\u00f1o los terneros pesan en promedio 191 kilos, 11,6% m\u00e1s que los 171 kilos del a\u00f1o pasado. Mientras que el valor al kilo de los terneros se ha posicionado en US$ 2,60, lo que marca una suba del 8,02%, es decir que este a\u00f1o los terneros est\u00e1n 19 centavos m\u00e1s caros.<\/p>\n\n\n\n<p>Por su parte, las terneras, alcanzaron un volumen de 50.546 cabezas vendidas, 7.620 menos que en 2023. Al igual que los terneros, esta menor cantidad de hembras vendidas, ha sido tambi\u00e9n un sin\u00f3nimo de una mayor facturaci\u00f3n. Este a\u00f1o se han facturado 20.161.572 d\u00f3lares, lo que es un 3,2% superior al per\u00edodo anterior.<\/p>\n\n\n\n<p>Las terneras este a\u00f1o pesan 181 kilos de promedio, lo que marca un aumento del 9,12%, mientras que al kilo cotizan en promedio a US$ 2,20, 18 centavos por encima de 2023 (8,83%).<\/p>\n\n\n\n<p>Salto, 18 de noviembre de 2024<\/p>\n","protected":false},"excerpt":{"rendered":"<p>Promediando el d\u00e9cimo primer mes del a\u00f1o, restando muy poco para cerrar el 2024, la moneda de cambio de los criadores, los terneros y las terneras han estado m\u00e1s pesados [&hellip;]<\/p>\n","protected":false},"author":5,"featured_media":54935,"comment_status":"open","ping_status":"open","sticky":false,"template":"","format":"standard","meta":{"_price":"","_stock":"","_tribe_ticket_header":"","_tribe_default_ticket_provider":"","_tribe_ticket_capacity":"0","_ticket_start_date":"","_ticket_end_date":"","_tribe_ticket_show_description":"","_tribe_ticket_show_not_going":false,"_tribe_ticket_use_global_stock":"","_tribe_ticket_global_stock_level":"","_global_stock_mode":"","_global_stock_cap":"","_tribe_rsvp_for_event":"","_tribe_ticket_going_count":"","_tribe_ticket_not_going_count":"","_tribe_tickets_list":"[]","_tribe_ticket_has_attendee_info_fields":false,"h5ap_radio_sources":[],"_jetpack_newsletter_access":"","_jetpack_dont_email_post_to_subs":false,"_jetpack_newsletter_tier_id":0,"_jetpack_memberships_contains_paywalled_content":false,"_jetpack_memberships_contains_paid_content":false,"footnotes":""},"categories":[21,5],"tags":[],"class_list":["post-55132","post","type-post","status-publish","format-standard","has-post-thumbnail","hentry","category-actualidad","category-ganaderia"],"jetpack_featured_media_url":"https:\/\/i0.wp.com\/lahoradelcampo.com.uy\/site\/wp-content\/uploads\/2024\/10\/Ternerosangus.jpg?fit=880%2C440&ssl=1","jetpack_sharing_enabled":true,"jetpack_shortlink":"https:\/\/wp.me\/p99IaT-ele","jetpack-related-posts":[{"id":56074,"url":"https:\/\/lahoradelcampo.com.uy\/site\/salto-se-vendio-un-97-mas-de-terneros-y-terneras\/","url_meta":{"origin":55132,"position":0},"title":"Salto: se vendi\u00f3 un 97% m\u00e1s de terneros y terneras","author":"La Hora del Campo","date":"5 mayo, 2025","format":false,"excerpt":"En lo que va del a\u00f1o 2025, se han comercializado en el departamento de Salto, 7.845 terneros y terneras en los tres sistemas por pantalla, lo cual marca un incremento del 97% respecto a igual per\u00edodo del a\u00f1o pasado, un total de 3.862 cabezas adicionales. En lo que hace a\u2026","rel":"","context":"En \u00abActualidad\u00bb","block_context":{"text":"Actualidad","link":"https:\/\/lahoradelcampo.com.uy\/site\/category\/actualidad\/"},"img":{"alt_text":"","src":"https:\/\/i0.wp.com\/lahoradelcampo.com.uy\/site\/wp-content\/uploads\/2024\/04\/Ternero-hereford.jpg?fit=880%2C440&ssl=1&resize=350%2C200","width":350,"height":200,"srcset":"https:\/\/i0.wp.com\/lahoradelcampo.com.uy\/site\/wp-content\/uploads\/2024\/04\/Ternero-hereford.jpg?fit=880%2C440&ssl=1&resize=350%2C200 1x, https:\/\/i0.wp.com\/lahoradelcampo.com.uy\/site\/wp-content\/uploads\/2024\/04\/Ternero-hereford.jpg?fit=880%2C440&ssl=1&resize=525%2C300 1.5x, https:\/\/i0.wp.com\/lahoradelcampo.com.uy\/site\/wp-content\/uploads\/2024\/04\/Ternero-hereford.jpg?fit=880%2C440&ssl=1&resize=700%2C400 2x"},"classes":[]},{"id":55877,"url":"https:\/\/lahoradelcampo.com.uy\/site\/se-vendieron-14-403-terneros-mas-que-en-2024-y-estan-9-mas-caros\/","url_meta":{"origin":55132,"position":1},"title":"Se vendieron 14.403 terneros m\u00e1s que en 2024, y est\u00e1n 9% m\u00e1s caros","author":"La Hora del Campo","date":"13 abril, 2025","format":false,"excerpt":"En lo que va del a\u00f1o 2025, en los tres principales consorcios de remates por pantalla, entre enero y el \u00faltimo remate de Pantalla Uruguay, se han comercializado 48.230 terneros (machos) con un peso promedio de 182 kilos por cabeza. Creciendo en 14.403 cabezas lo comercializado en igual per\u00edodo de\u2026","rel":"","context":"En \u00abActualidad\u00bb","block_context":{"text":"Actualidad","link":"https:\/\/lahoradelcampo.com.uy\/site\/category\/actualidad\/"},"img":{"alt_text":"","src":"https:\/\/i0.wp.com\/lahoradelcampo.com.uy\/site\/wp-content\/uploads\/2025\/04\/Ternerosvendidos.jpg?fit=880%2C440&ssl=1&resize=350%2C200","width":350,"height":200,"srcset":"https:\/\/i0.wp.com\/lahoradelcampo.com.uy\/site\/wp-content\/uploads\/2025\/04\/Ternerosvendidos.jpg?fit=880%2C440&ssl=1&resize=350%2C200 1x, https:\/\/i0.wp.com\/lahoradelcampo.com.uy\/site\/wp-content\/uploads\/2025\/04\/Ternerosvendidos.jpg?fit=880%2C440&ssl=1&resize=525%2C300 1.5x, https:\/\/i0.wp.com\/lahoradelcampo.com.uy\/site\/wp-content\/uploads\/2025\/04\/Ternerosvendidos.jpg?fit=880%2C440&ssl=1&resize=700%2C400 2x"},"classes":[]},{"id":53779,"url":"https:\/\/lahoradelcampo.com.uy\/site\/la-zafra-de-terneros-supera-las-33-mil-cabezas-vendidas\/","url_meta":{"origin":55132,"position":2},"title":"Se ha vendido un 8% m\u00e1s de terneros que la zafra pasada","author":"La Hora del Campo","date":"17 abril, 2024","format":false,"excerpt":"La venta de terneros contin\u00faa avanzando en el pa\u00eds y supera las 33 mil cabezas vendidas en los remates de los principales consorcios por pantalla (Lote 21, Plaza Rural y Pantalla Uruguay) desde enero hasta el momento, el volumen es levemente superior al a\u00f1o pasado en igual per\u00edodo. En tanto\u2026","rel":"","context":"En \u00abActualidad\u00bb","block_context":{"text":"Actualidad","link":"https:\/\/lahoradelcampo.com.uy\/site\/category\/actualidad\/"},"img":{"alt_text":"","src":"https:\/\/i0.wp.com\/lahoradelcampo.com.uy\/site\/wp-content\/uploads\/2024\/04\/Ternero-hereford.jpg?fit=880%2C440&ssl=1&resize=350%2C200","width":350,"height":200,"srcset":"https:\/\/i0.wp.com\/lahoradelcampo.com.uy\/site\/wp-content\/uploads\/2024\/04\/Ternero-hereford.jpg?fit=880%2C440&ssl=1&resize=350%2C200 1x, https:\/\/i0.wp.com\/lahoradelcampo.com.uy\/site\/wp-content\/uploads\/2024\/04\/Ternero-hereford.jpg?fit=880%2C440&ssl=1&resize=525%2C300 1.5x, https:\/\/i0.wp.com\/lahoradelcampo.com.uy\/site\/wp-content\/uploads\/2024\/04\/Ternero-hereford.jpg?fit=880%2C440&ssl=1&resize=700%2C400 2x"},"classes":[]},{"id":57215,"url":"https:\/\/lahoradelcampo.com.uy\/site\/la-zafra-se-adelanto-y-los-terneros-los-valores-llegaron-a-us-510\/","url_meta":{"origin":55132,"position":3},"title":"La zafra se adelant\u00f3 y los terneros los valores llegaron a US$ 5,10","author":"La Hora del Campo","date":"2 marzo, 2026","format":false,"excerpt":"Con una oferta de terneros que se estima rondar\u00e1 los tres millones de cabezas nuevamente, un mercado de hacienda gorda que contin\u00faa firme y traccionando a la reposici\u00f3n, un clima que no ha sido del todo benigno al Sur y Este del pa\u00eds, la zafra de terneros se adelanta este\u2026","rel":"","context":"En \u00abActualidad\u00bb","block_context":{"text":"Actualidad","link":"https:\/\/lahoradelcampo.com.uy\/site\/category\/actualidad\/"},"img":{"alt_text":"","src":"https:\/\/i0.wp.com\/lahoradelcampo.com.uy\/site\/wp-content\/uploads\/2026\/03\/Terneros-AA-colorado-1.jpg?fit=1200%2C797&ssl=1&resize=350%2C200","width":350,"height":200,"srcset":"https:\/\/i0.wp.com\/lahoradelcampo.com.uy\/site\/wp-content\/uploads\/2026\/03\/Terneros-AA-colorado-1.jpg?fit=1200%2C797&ssl=1&resize=350%2C200 1x, https:\/\/i0.wp.com\/lahoradelcampo.com.uy\/site\/wp-content\/uploads\/2026\/03\/Terneros-AA-colorado-1.jpg?fit=1200%2C797&ssl=1&resize=525%2C300 1.5x, https:\/\/i0.wp.com\/lahoradelcampo.com.uy\/site\/wp-content\/uploads\/2026\/03\/Terneros-AA-colorado-1.jpg?fit=1200%2C797&ssl=1&resize=700%2C400 2x, https:\/\/i0.wp.com\/lahoradelcampo.com.uy\/site\/wp-content\/uploads\/2026\/03\/Terneros-AA-colorado-1.jpg?fit=1200%2C797&ssl=1&resize=1050%2C600 3x"},"classes":[]},{"id":55503,"url":"https:\/\/lahoradelcampo.com.uy\/site\/se-vendieron-menos-terneros-en-remates-por-pantalla-pero-se-pagaron-88-mas-en-2024\/","url_meta":{"origin":55132,"position":4},"title":"Se vendieron menos terneros en remates por pantalla, pero se pagaron 8,8% m\u00e1s en 2024","author":"La Hora del Campo","date":"14 enero, 2025","format":false,"excerpt":"En los remates por pantalla del a\u00f1o 2024, contabilizando las ventas de Lote 21, Plaza Rural y Pantalla Uruguay, se comercializaron 106.466 terneros, que generaron una facturaci\u00f3n de 52.911.591d\u00f3lares, sin tener en cuenta los descuentos por beneficios que brinda cada consorcio de rematadores. Estos valores representan un aumento del 17,4%\u2026","rel":"","context":"En \u00abActualidad\u00bb","block_context":{"text":"Actualidad","link":"https:\/\/lahoradelcampo.com.uy\/site\/category\/actualidad\/"},"img":{"alt_text":"","src":"https:\/\/i0.wp.com\/lahoradelcampo.com.uy\/site\/wp-content\/uploads\/2025\/01\/Ternerospantallas.jpg?fit=880%2C440&ssl=1&resize=350%2C200","width":350,"height":200,"srcset":"https:\/\/i0.wp.com\/lahoradelcampo.com.uy\/site\/wp-content\/uploads\/2025\/01\/Ternerospantallas.jpg?fit=880%2C440&ssl=1&resize=350%2C200 1x, https:\/\/i0.wp.com\/lahoradelcampo.com.uy\/site\/wp-content\/uploads\/2025\/01\/Ternerospantallas.jpg?fit=880%2C440&ssl=1&resize=525%2C300 1.5x, https:\/\/i0.wp.com\/lahoradelcampo.com.uy\/site\/wp-content\/uploads\/2025\/01\/Ternerospantallas.jpg?fit=880%2C440&ssl=1&resize=700%2C400 2x"},"classes":[]},{"id":56260,"url":"https:\/\/lahoradelcampo.com.uy\/site\/el-ano-agricola-ganadero-2024-25-cerro-con-mas-de-100-millones-de-dolares-en-facturacion\/","url_meta":{"origin":55132,"position":5},"title":"El a\u00f1o agr\u00edcola ganadero 2024\/25 cerr\u00f3 con m\u00e1s de 100 millones de d\u00f3lares en facturaci\u00f3n","author":"La Hora del Campo","date":"3 julio, 2025","format":false,"excerpt":"En el a\u00f1o agr\u00edcola-ganadero 2024\/2025, finalizado en junio, la comercializaci\u00f3n de terneros y terneras a trav\u00e9s de los tres principales sistemas de ventas por pantalla -Plaza Rural, Lote 21 y Pantalla Uruguay- mostr\u00f3 un aumento en volumen y valor, consolidando los valores de la cr\u00eda. Durante el per\u00edodo se vendieron\u2026","rel":"","context":"En \u00abActualidad\u00bb","block_context":{"text":"Actualidad","link":"https:\/\/lahoradelcampo.com.uy\/site\/category\/actualidad\/"},"img":{"alt_text":"","src":"https:\/\/i0.wp.com\/lahoradelcampo.com.uy\/site\/wp-content\/uploads\/2025\/07\/Ventaterneros24-25-1.jpg?fit=880%2C440&ssl=1&resize=350%2C200","width":350,"height":200,"srcset":"https:\/\/i0.wp.com\/lahoradelcampo.com.uy\/site\/wp-content\/uploads\/2025\/07\/Ventaterneros24-25-1.jpg?fit=880%2C440&ssl=1&resize=350%2C200 1x, https:\/\/i0.wp.com\/lahoradelcampo.com.uy\/site\/wp-content\/uploads\/2025\/07\/Ventaterneros24-25-1.jpg?fit=880%2C440&ssl=1&resize=525%2C300 1.5x, https:\/\/i0.wp.com\/lahoradelcampo.com.uy\/site\/wp-content\/uploads\/2025\/07\/Ventaterneros24-25-1.jpg?fit=880%2C440&ssl=1&resize=700%2C400 2x"},"classes":[]}],"jetpack_likes_enabled":true,"_links":{"self":[{"href":"https:\/\/lahoradelcampo.com.uy\/site\/wp-json\/wp\/v2\/posts\/55132","targetHints":{"allow":["GET"]}}],"collection":[{"href":"https:\/\/lahoradelcampo.com.uy\/site\/wp-json\/wp\/v2\/posts"}],"about":[{"href":"https:\/\/lahoradelcampo.com.uy\/site\/wp-json\/wp\/v2\/types\/post"}],"author":[{"embeddable":true,"href":"https:\/\/lahoradelcampo.com.uy\/site\/wp-json\/wp\/v2\/users\/5"}],"replies":[{"embeddable":true,"href":"https:\/\/lahoradelcampo.com.uy\/site\/wp-json\/wp\/v2\/comments?post=55132"}],"version-history":[{"count":1,"href":"https:\/\/lahoradelcampo.com.uy\/site\/wp-json\/wp\/v2\/posts\/55132\/revisions"}],"predecessor-version":[{"id":55133,"href":"https:\/\/lahoradelcampo.com.uy\/site\/wp-json\/wp\/v2\/posts\/55132\/revisions\/55133"}],"wp:featuredmedia":[{"embeddable":true,"href":"https:\/\/lahoradelcampo.com.uy\/site\/wp-json\/wp\/v2\/media\/54935"}],"wp:attachment":[{"href":"https:\/\/lahoradelcampo.com.uy\/site\/wp-json\/wp\/v2\/media?parent=55132"}],"wp:term":[{"taxonomy":"category","embeddable":true,"href":"https:\/\/lahoradelcampo.com.uy\/site\/wp-json\/wp\/v2\/categories?post=55132"},{"taxonomy":"post_tag","embeddable":true,"href":"https:\/\/lahoradelcampo.com.uy\/site\/wp-json\/wp\/v2\/tags?post=55132"}],"curies":[{"name":"wp","href":"https:\/\/api.w.org\/{rel}","templated":true}]}}