{"id":55129,"date":"2024-11-18T12:11:39","date_gmt":"2024-11-18T15:11:39","guid":{"rendered":"http:\/\/lahoradelcampo.com.uy\/site\/?p=55129"},"modified":"2024-11-18T12:11:41","modified_gmt":"2024-11-18T15:11:41","slug":"el-engrasamiento-de-la-oveja-merino-es-clave-para-enfrentar-fluctuaciones-climaticas","status":"publish","type":"post","link":"https:\/\/lahoradelcampo.com.uy\/site\/el-engrasamiento-de-la-oveja-merino-es-clave-para-enfrentar-fluctuaciones-climaticas\/","title":{"rendered":"El engrasamiento de la oveja merino es clave para enfrentar fluctuaciones clim\u00e1ticas"},"content":{"rendered":"\n<figure class=\"wp-block-image size-full\"><a href=\"https:\/\/i0.wp.com\/lahoradelcampo.com.uy\/site\/wp-content\/uploads\/2024\/11\/gabrielciappesoni.jpg\"><img data-recalc-dims=\"1\" loading=\"lazy\" decoding=\"async\" width=\"810\" height=\"405\" data-attachment-id=\"55130\" data-permalink=\"https:\/\/lahoradelcampo.com.uy\/site\/el-engrasamiento-de-la-oveja-merino-es-clave-para-enfrentar-fluctuaciones-climaticas\/gabrielciappesoni\/\" data-orig-file=\"https:\/\/i0.wp.com\/lahoradelcampo.com.uy\/site\/wp-content\/uploads\/2024\/11\/gabrielciappesoni.jpg?fit=880%2C440&amp;ssl=1\" data-orig-size=\"880,440\" data-comments-opened=\"1\" data-image-meta=\"{&quot;aperture&quot;:&quot;0&quot;,&quot;credit&quot;:&quot;&quot;,&quot;camera&quot;:&quot;&quot;,&quot;caption&quot;:&quot;&quot;,&quot;created_timestamp&quot;:&quot;0&quot;,&quot;copyright&quot;:&quot;&quot;,&quot;focal_length&quot;:&quot;0&quot;,&quot;iso&quot;:&quot;0&quot;,&quot;shutter_speed&quot;:&quot;0&quot;,&quot;title&quot;:&quot;&quot;,&quot;orientation&quot;:&quot;1&quot;}\" data-image-title=\"gabrielciappesoni\" data-image-description=\"\" data-image-caption=\"\" data-large-file=\"https:\/\/i0.wp.com\/lahoradelcampo.com.uy\/site\/wp-content\/uploads\/2024\/11\/gabrielciappesoni.jpg?fit=810%2C405&amp;ssl=1\" src=\"https:\/\/i0.wp.com\/lahoradelcampo.com.uy\/site\/wp-content\/uploads\/2024\/11\/gabrielciappesoni.jpg?resize=810%2C405\" alt=\"\" class=\"wp-image-55130\" srcset=\"https:\/\/i0.wp.com\/lahoradelcampo.com.uy\/site\/wp-content\/uploads\/2024\/11\/gabrielciappesoni.jpg?w=880&amp;ssl=1 880w, https:\/\/i0.wp.com\/lahoradelcampo.com.uy\/site\/wp-content\/uploads\/2024\/11\/gabrielciappesoni.jpg?resize=300%2C150&amp;ssl=1 300w, https:\/\/i0.wp.com\/lahoradelcampo.com.uy\/site\/wp-content\/uploads\/2024\/11\/gabrielciappesoni.jpg?resize=768%2C384&amp;ssl=1 768w, https:\/\/i0.wp.com\/lahoradelcampo.com.uy\/site\/wp-content\/uploads\/2024\/11\/gabrielciappesoni.jpg?resize=820%2C410&amp;ssl=1 820w\" sizes=\"auto, (max-width: 810px) 100vw, 810px\" \/><\/a><\/figure>\n\n\n\n<p>El a\u00f1o que venimos transcurriendo ha sido claramente desafiante para el rubro ovino en general, pero en esta zona norte del pa\u00eds para el merino en particular. Se han observado mortandades importantes en ciertas categor\u00edas, principalmente por problemas parasitarios, y en algunos casos, se ha dicho por parte de algunos productores que la oveja merina, tras el afinamiento de sus lanas, ha perdido rusticidad para enfrentar este tipo de situaciones.<\/p>\n\n\n\n<p>El Ing. Agr. Gabriel Ciappesoni, investigador del Instituto Nacional de Investigaci\u00f3n Agropecuaria (INIA) que trabaja y acompa\u00f1a todo el desarrollo de las lanas finas en el Consorcio Regional de Innovaci\u00f3n de Lanas Ultrafinas (CRILU), dijo que \u00abes un tema en el que siempre hay que estar atentos, como sucede con cualquier aspecto de la gen\u00e9tica\u00bb.<\/p>\n\n\n\n<p>El profesional record\u00f3 que \u00abcuando se mejora mucho una caracter\u00edstica, existe el riesgo de perder en otra, lo que se conoce como \u00abtrade-offs\u00bb en ingl\u00e9s. Son compromisos: al potenciar una cosa, podr\u00edamos debilitar otra. Por eso, desde las instituciones, debemos monitorear estos aspectos para que el trabajo pesado lo hagan las instituciones y no se lleven sorpresas los productores\u00bb.<\/p>\n\n\n\n<p>Puntualmente en la investigaci\u00f3n que se desarrolla en el n\u00facleo Glencoe de INIA; \u00abhist\u00f3ricamente se ha reducido mucho el di\u00e1metro de la lana, pero desde hace unos diez a\u00f1os, aproximadamente, ese di\u00e1metro se ha estabilizado. Sigue siendo gen\u00e9ticamente mucho m\u00e1s fino que en la poblaci\u00f3n general, pero se ha mantenido\u00bb, esto ha permitido que los resultados reproductivos de los \u00faltimos cuatro a\u00f1os \u00abhan sido excelentes, con porcentajes de se\u00f1alada muy buenos, siempre superando el 100% en Merino\u00bb.<\/p>\n\n\n\n<p>Es importante precisar que estos resultados obtenidos a nivel de la investigaci\u00f3n est\u00e1n basados en \u00abun paquete tecnol\u00f3gico robusto, especialmente en lo que se refiere a caracter\u00edsticas reproductivas\u00bb, debido a que la gen\u00e9tica producida en el CRILU, no ha sido seleccionada por sus caracter\u00edsticas reproductivas, sino por el afinamiento de las lanas.<\/p>\n\n\n\n<p>\u00abLo que hemos notado es que, en los animales m\u00e1s finos, lo que m\u00e1s nos preocupa es el engrasamiento, especialmente en las hembras\u00bb dijo Ciappesoni, porque \u00abpodr\u00edan perder condici\u00f3n corporal, lo que afectar\u00eda la reserva energ\u00e9tica que necesitan para enfrentar las fluctuaciones clim\u00e1ticas\u00bb. En este sentido INIA ha trabajado en los \u00faltimos a\u00f1os en la medici\u00f3n del espesor de la grasa, especialmente sobre el bife, con ultrasonido, \u00abpara asegurarnos de que no se pierda esa reserva, fundamental para su supervivencia en condiciones adversas\u00bb.<\/p>\n\n\n\n<p>El profesional puntualiz\u00f3 que en \u00ablos primeros proyectos con pa\u00edses europeos\u00bb, se observ\u00f3 que al tiempo que el merino logro reducir el grosor de su lana en Uruguay, tambi\u00e9n se encendi\u00f3 la primera \u00abluz roja\u00bb. \u00abVimos una posible p\u00e9rdida de grasa corporal, lo que podr\u00eda generar animales demasiado magros\u00bb. Sin embargo, aclar\u00f3 que \u00aben t\u00e9rminos reproductivos no hemos notado problemas, aunque no estamos haciendo evaluaci\u00f3n gen\u00e9tica reproductiva, solo fenot\u00edpica\u00bb.<\/p>\n\n\n\n<p>Ciappesoni concluy\u00f3 que \u00abpara mejorar cualquier caracter\u00edstica, es fundamental medirla y evaluarla. Como dije antes, debemos tener la lupa puesta para asegurarnos de que, al mejorar una cosa, no estemos perdiendo en otra\u00bb.<\/p>\n\n\n\n<p>Salto, 18 de noviembre de 2024<\/p>\n","protected":false},"excerpt":{"rendered":"<p>El a\u00f1o que venimos transcurriendo ha sido claramente desafiante para el rubro ovino en general, pero en esta zona norte del pa\u00eds para el merino en particular. Se han observado [&hellip;]<\/p>\n","protected":false},"author":5,"featured_media":55130,"comment_status":"open","ping_status":"open","sticky":false,"template":"","format":"standard","meta":{"_price":"","_stock":"","_tribe_ticket_header":"","_tribe_default_ticket_provider":"","_tribe_ticket_capacity":"0","_ticket_start_date":"","_ticket_end_date":"","_tribe_ticket_show_description":"","_tribe_ticket_show_not_going":false,"_tribe_ticket_use_global_stock":"","_tribe_ticket_global_stock_level":"","_global_stock_mode":"","_global_stock_cap":"","_tribe_rsvp_for_event":"","_tribe_ticket_going_count":"","_tribe_ticket_not_going_count":"","_tribe_tickets_list":"[]","_tribe_ticket_has_attendee_info_fields":false,"h5ap_radio_sources":[],"_jetpack_newsletter_access":"","_jetpack_dont_email_post_to_subs":false,"_jetpack_newsletter_tier_id":0,"_jetpack_memberships_contains_paywalled_content":false,"_jetpack_memberships_contains_paid_content":false,"footnotes":""},"categories":[21,13],"tags":[],"class_list":["post-55129","post","type-post","status-publish","format-standard","has-post-thumbnail","hentry","category-actualidad","category-ovinos"],"jetpack_featured_media_url":"https:\/\/i0.wp.com\/lahoradelcampo.com.uy\/site\/wp-content\/uploads\/2024\/11\/gabrielciappesoni.jpg?fit=880%2C440&ssl=1","jetpack_sharing_enabled":true,"jetpack_shortlink":"https:\/\/wp.me\/p99IaT-elb","jetpack-related-posts":[{"id":54851,"url":"https:\/\/lahoradelcampo.com.uy\/site\/las-lanas-mas-finas-pueden-implicar-biotipos-menos-resistentes\/","url_meta":{"origin":55129,"position":0},"title":"\u00abLas lanas m\u00e1s finas pueden implicar biotipos menos resistentes\u00bb","author":"La Hora del Campo","date":"11 octubre, 2024","format":false,"excerpt":"Conocidos los datos de la declaraci\u00f3n jurada de Dicose, se observ\u00f3 un nuevo descenso del stock ovino y el mayor volumen de estos contin\u00faa ubic\u00e1ndose en los departamentos de Salto, Artigas y Paysand\u00fa, donde predominan los sistemas laneros basados en las lanas finas y el merino en particular. El presidente\u2026","rel":"","context":"En \u00abActualidad\u00bb","block_context":{"text":"Actualidad","link":"https:\/\/lahoradelcampo.com.uy\/site\/category\/actualidad\/"},"img":{"alt_text":"","src":"https:\/\/i0.wp.com\/lahoradelcampo.com.uy\/site\/wp-content\/uploads\/2017\/10\/Merino-Australiano.jpg?fit=880%2C440&ssl=1&resize=350%2C200","width":350,"height":200,"srcset":"https:\/\/i0.wp.com\/lahoradelcampo.com.uy\/site\/wp-content\/uploads\/2017\/10\/Merino-Australiano.jpg?fit=880%2C440&ssl=1&resize=350%2C200 1x, https:\/\/i0.wp.com\/lahoradelcampo.com.uy\/site\/wp-content\/uploads\/2017\/10\/Merino-Australiano.jpg?fit=880%2C440&ssl=1&resize=525%2C300 1.5x, https:\/\/i0.wp.com\/lahoradelcampo.com.uy\/site\/wp-content\/uploads\/2017\/10\/Merino-Australiano.jpg?fit=880%2C440&ssl=1&resize=700%2C400 2x"},"classes":[]},{"id":53550,"url":"https:\/\/lahoradelcampo.com.uy\/site\/los-valores-de-la-lana-son-determinantes-en-el-cambio-productivo-del-ovino\/","url_meta":{"origin":55129,"position":1},"title":"Los valores de la lana son determinantes en el cambio productivo del ovino","author":"La Hora del Campo","date":"6 marzo, 2024","format":false,"excerpt":"Mientras el stock ovino descend\u00eda y las se\u00f1ales apuntaban hacia sistemas productivos especializados en la producci\u00f3n ovina, tanto para la carne como para la lana, en nuestro pa\u00eds los cambios fueron m\u00e1s lentos. Poco a poco se fue consolidando el proyecto de la raza merino australiano en el afinamiento de\u2026","rel":"","context":"En \u00abActualidad\u00bb","block_context":{"text":"Actualidad","link":"https:\/\/lahoradelcampo.com.uy\/site\/category\/actualidad\/"},"img":{"alt_text":"","src":"https:\/\/i0.wp.com\/lahoradelcampo.com.uy\/site\/wp-content\/uploads\/2017\/10\/Merino-Australiano.jpg?fit=880%2C440&ssl=1&resize=350%2C200","width":350,"height":200,"srcset":"https:\/\/i0.wp.com\/lahoradelcampo.com.uy\/site\/wp-content\/uploads\/2017\/10\/Merino-Australiano.jpg?fit=880%2C440&ssl=1&resize=350%2C200 1x, https:\/\/i0.wp.com\/lahoradelcampo.com.uy\/site\/wp-content\/uploads\/2017\/10\/Merino-Australiano.jpg?fit=880%2C440&ssl=1&resize=525%2C300 1.5x, https:\/\/i0.wp.com\/lahoradelcampo.com.uy\/site\/wp-content\/uploads\/2017\/10\/Merino-Australiano.jpg?fit=880%2C440&ssl=1&resize=700%2C400 2x"},"classes":[]},{"id":11273,"url":"https:\/\/lahoradelcampo.com.uy\/site\/la-gira-merino-cerro-visitando-cabana-petra-y-el-sauce\/","url_meta":{"origin":55129,"position":2},"title":"La gira Merino cerr\u00f3 visitando caba\u00f1a \u201cPetra\u201d y  \u201cEl Sauce\u201d","author":"La Hora del Campo","date":"30 mayo, 2019","format":false,"excerpt":"En la jornada de ayer cerr\u00f3 la gira de la Sociedad de Criadores de Merino Australiano del Uruguay, que luego de visitar los establecimientos \u201cBonanza\u201d y \u201cLos Manantiales\u201d en su primera jornada, finaliz\u00f3 recorriendo en la cuchilla de Tambores, los establecimientos \u201cEl Rancho \u2013 Caba\u00f1a Petra\u201d de Fernando Dutra Da\u2026","rel":"","context":"En \u00abActualidad\u00bb","block_context":{"text":"Actualidad","link":"https:\/\/lahoradelcampo.com.uy\/site\/category\/actualidad\/"},"img":{"alt_text":"","src":"https:\/\/i0.wp.com\/lahoradelcampo.com.uy\/site\/wp-content\/uploads\/2019\/05\/Gira-Merino-2.jpg?fit=880%2C440&ssl=1&resize=350%2C200","width":350,"height":200,"srcset":"https:\/\/i0.wp.com\/lahoradelcampo.com.uy\/site\/wp-content\/uploads\/2019\/05\/Gira-Merino-2.jpg?fit=880%2C440&ssl=1&resize=350%2C200 1x, https:\/\/i0.wp.com\/lahoradelcampo.com.uy\/site\/wp-content\/uploads\/2019\/05\/Gira-Merino-2.jpg?fit=880%2C440&ssl=1&resize=525%2C300 1.5x, https:\/\/i0.wp.com\/lahoradelcampo.com.uy\/site\/wp-content\/uploads\/2019\/05\/Gira-Merino-2.jpg?fit=880%2C440&ssl=1&resize=700%2C400 2x"},"classes":[]},{"id":29360,"url":"https:\/\/lahoradelcampo.com.uy\/site\/en-el-balance-de-los-anos-es-mas-importante-la-cantidad-de-kilos-de-carne-que-una-micra-menos\/","url_meta":{"origin":55129,"position":3},"title":"\u00abEn el balance de los a\u00f1os es m\u00e1s importante la cantidad de kilos de carne que una micra menos\u00bb","author":"La Hora del Campo","date":"19 abril, 2021","format":false,"excerpt":"El mercado de la lana contin\u00faa atravesando tiempos dif\u00edciles debido a la situaci\u00f3n de la pandemia a nivel global. Si bien se visualiza una Australia que ha venido recuperando sus valores en los \u00faltimos meses de forma importante, en la regi\u00f3n tambi\u00e9n existe cierta incertidumbre a nivel de los productores\u2026","rel":"","context":"En \u00abActualidad\u00bb","block_context":{"text":"Actualidad","link":"https:\/\/lahoradelcampo.com.uy\/site\/category\/actualidad\/"},"img":{"alt_text":"","src":"https:\/\/i0.wp.com\/lahoradelcampo.com.uy\/site\/wp-content\/uploads\/2021\/04\/obyrne.jpg?fit=880%2C440&ssl=1&resize=350%2C200","width":350,"height":200,"srcset":"https:\/\/i0.wp.com\/lahoradelcampo.com.uy\/site\/wp-content\/uploads\/2021\/04\/obyrne.jpg?fit=880%2C440&ssl=1&resize=350%2C200 1x, https:\/\/i0.wp.com\/lahoradelcampo.com.uy\/site\/wp-content\/uploads\/2021\/04\/obyrne.jpg?fit=880%2C440&ssl=1&resize=525%2C300 1.5x, https:\/\/i0.wp.com\/lahoradelcampo.com.uy\/site\/wp-content\/uploads\/2021\/04\/obyrne.jpg?fit=880%2C440&ssl=1&resize=700%2C400 2x"},"classes":[]},{"id":54262,"url":"https:\/\/lahoradelcampo.com.uy\/site\/crilu-una-de-las-debilidades-es-que-todavia-tenemos-un-merino-chico\/","url_meta":{"origin":55129,"position":4},"title":"CRILU: \u201cuna de las debilidades es que todav\u00eda tenemos un merino chico\u201d","author":"La Hora del Campo","date":"21 agosto, 2024","format":false,"excerpt":"En el marco de la jornada \u201c\u00bfQu\u00e9 ovinos necesitamos en el escenario actual?\u201d organizada por el Instituto Nacional de Investigaci\u00f3n Agropecuaria (INIA) en Salto, el criador de Merino Australiano \u00c1lvaro M\u00e9ndez, integrante del Consorcio Regional de Innovaci\u00f3n de Lanas Ultrafinas (CRILU) disert\u00f3 sobre el impacto y los n\u00fameros del consorcio\u2026","rel":"","context":"En \u00abActualidad\u00bb","block_context":{"text":"Actualidad","link":"https:\/\/lahoradelcampo.com.uy\/site\/category\/actualidad\/"},"img":{"alt_text":"","src":"https:\/\/i0.wp.com\/lahoradelcampo.com.uy\/site\/wp-content\/uploads\/2024\/08\/AlvaroMendez.jpg?fit=880%2C440&ssl=1&resize=350%2C200","width":350,"height":200,"srcset":"https:\/\/i0.wp.com\/lahoradelcampo.com.uy\/site\/wp-content\/uploads\/2024\/08\/AlvaroMendez.jpg?fit=880%2C440&ssl=1&resize=350%2C200 1x, https:\/\/i0.wp.com\/lahoradelcampo.com.uy\/site\/wp-content\/uploads\/2024\/08\/AlvaroMendez.jpg?fit=880%2C440&ssl=1&resize=525%2C300 1.5x, https:\/\/i0.wp.com\/lahoradelcampo.com.uy\/site\/wp-content\/uploads\/2024\/08\/AlvaroMendez.jpg?fit=880%2C440&ssl=1&resize=700%2C400 2x"},"classes":[]},{"id":43993,"url":"https:\/\/lahoradelcampo.com.uy\/site\/juan-manuel-gonzalez-sera-el-jurado-del-merino-en-el-prado-2022\/","url_meta":{"origin":55129,"position":5},"title":"Juan Manuel Gonz\u00e1lez ser\u00e1 el jurado del Merino en el Prado 2022","author":"La Hora del Campo","date":"21 julio, 2022","format":false,"excerpt":"La raza Merino Australiano ha registrado un incremento en el n\u00famero de animales preinscriptos para una nueva edici\u00f3n de la Expo Prado, donde se tiene \"en el entorno de los 50 animales, lo cual para nuestra raza es muy bueno\", dijo el presidente de la gremial, \u00c1lvaro Fros. El criador\u2026","rel":"","context":"En \u00abActualidad\u00bb","block_context":{"text":"Actualidad","link":"https:\/\/lahoradelcampo.com.uy\/site\/category\/actualidad\/"},"img":{"alt_text":"","src":"https:\/\/i0.wp.com\/lahoradelcampo.com.uy\/site\/wp-content\/uploads\/2018\/04\/Merino.jpg?fit=880%2C440&ssl=1&resize=350%2C200","width":350,"height":200,"srcset":"https:\/\/i0.wp.com\/lahoradelcampo.com.uy\/site\/wp-content\/uploads\/2018\/04\/Merino.jpg?fit=880%2C440&ssl=1&resize=350%2C200 1x, https:\/\/i0.wp.com\/lahoradelcampo.com.uy\/site\/wp-content\/uploads\/2018\/04\/Merino.jpg?fit=880%2C440&ssl=1&resize=525%2C300 1.5x, https:\/\/i0.wp.com\/lahoradelcampo.com.uy\/site\/wp-content\/uploads\/2018\/04\/Merino.jpg?fit=880%2C440&ssl=1&resize=700%2C400 2x"},"classes":[]}],"jetpack_likes_enabled":true,"_links":{"self":[{"href":"https:\/\/lahoradelcampo.com.uy\/site\/wp-json\/wp\/v2\/posts\/55129","targetHints":{"allow":["GET"]}}],"collection":[{"href":"https:\/\/lahoradelcampo.com.uy\/site\/wp-json\/wp\/v2\/posts"}],"about":[{"href":"https:\/\/lahoradelcampo.com.uy\/site\/wp-json\/wp\/v2\/types\/post"}],"author":[{"embeddable":true,"href":"https:\/\/lahoradelcampo.com.uy\/site\/wp-json\/wp\/v2\/users\/5"}],"replies":[{"embeddable":true,"href":"https:\/\/lahoradelcampo.com.uy\/site\/wp-json\/wp\/v2\/comments?post=55129"}],"version-history":[{"count":1,"href":"https:\/\/lahoradelcampo.com.uy\/site\/wp-json\/wp\/v2\/posts\/55129\/revisions"}],"predecessor-version":[{"id":55131,"href":"https:\/\/lahoradelcampo.com.uy\/site\/wp-json\/wp\/v2\/posts\/55129\/revisions\/55131"}],"wp:featuredmedia":[{"embeddable":true,"href":"https:\/\/lahoradelcampo.com.uy\/site\/wp-json\/wp\/v2\/media\/55130"}],"wp:attachment":[{"href":"https:\/\/lahoradelcampo.com.uy\/site\/wp-json\/wp\/v2\/media?parent=55129"}],"wp:term":[{"taxonomy":"category","embeddable":true,"href":"https:\/\/lahoradelcampo.com.uy\/site\/wp-json\/wp\/v2\/categories?post=55129"},{"taxonomy":"post_tag","embeddable":true,"href":"https:\/\/lahoradelcampo.com.uy\/site\/wp-json\/wp\/v2\/tags?post=55129"}],"curies":[{"name":"wp","href":"https:\/\/api.w.org\/{rel}","templated":true}]}}