{"id":55127,"date":"2024-11-16T12:06:48","date_gmt":"2024-11-16T15:06:48","guid":{"rendered":"http:\/\/lahoradelcampo.com.uy\/site\/?p=55127"},"modified":"2024-11-18T12:08:47","modified_gmt":"2024-11-18T15:08:47","slug":"el-novillo-tipo-en-su-mayor-nivel-desde-mayo-de-2023","status":"publish","type":"post","link":"https:\/\/lahoradelcampo.com.uy\/site\/el-novillo-tipo-en-su-mayor-nivel-desde-mayo-de-2023\/","title":{"rendered":"El novillo tipo en su mayor nivel desde mayo de 2023"},"content":{"rendered":"\n<figure class=\"wp-block-image size-full\"><a href=\"https:\/\/i0.wp.com\/lahoradelcampo.com.uy\/site\/wp-content\/uploads\/2020\/08\/Novillossorgo.jpg\"><img data-recalc-dims=\"1\" loading=\"lazy\" decoding=\"async\" width=\"810\" height=\"405\" data-attachment-id=\"22562\" data-permalink=\"https:\/\/lahoradelcampo.com.uy\/site\/el-sorgo-forrajero-en-la-recria-y-el-engorde-de-novillos-en-el-verano\/novillossorgo\/\" data-orig-file=\"https:\/\/i0.wp.com\/lahoradelcampo.com.uy\/site\/wp-content\/uploads\/2020\/08\/Novillossorgo.jpg?fit=880%2C440&amp;ssl=1\" data-orig-size=\"880,440\" data-comments-opened=\"1\" data-image-meta=\"{&quot;aperture&quot;:&quot;0&quot;,&quot;credit&quot;:&quot;&quot;,&quot;camera&quot;:&quot;&quot;,&quot;caption&quot;:&quot;&quot;,&quot;created_timestamp&quot;:&quot;0&quot;,&quot;copyright&quot;:&quot;&quot;,&quot;focal_length&quot;:&quot;0&quot;,&quot;iso&quot;:&quot;0&quot;,&quot;shutter_speed&quot;:&quot;0&quot;,&quot;title&quot;:&quot;&quot;,&quot;orientation&quot;:&quot;1&quot;}\" data-image-title=\"Novillossorgo\" data-image-description=\"\" data-image-caption=\"\" data-large-file=\"https:\/\/i0.wp.com\/lahoradelcampo.com.uy\/site\/wp-content\/uploads\/2020\/08\/Novillossorgo.jpg?fit=810%2C405&amp;ssl=1\" src=\"https:\/\/i0.wp.com\/lahoradelcampo.com.uy\/site\/wp-content\/uploads\/2020\/08\/Novillossorgo.jpg?resize=810%2C405\" alt=\"\" class=\"wp-image-22562\" srcset=\"https:\/\/i0.wp.com\/lahoradelcampo.com.uy\/site\/wp-content\/uploads\/2020\/08\/Novillossorgo.jpg?w=880&amp;ssl=1 880w, https:\/\/i0.wp.com\/lahoradelcampo.com.uy\/site\/wp-content\/uploads\/2020\/08\/Novillossorgo.jpg?resize=300%2C150&amp;ssl=1 300w, https:\/\/i0.wp.com\/lahoradelcampo.com.uy\/site\/wp-content\/uploads\/2020\/08\/Novillossorgo.jpg?resize=768%2C384&amp;ssl=1 768w, https:\/\/i0.wp.com\/lahoradelcampo.com.uy\/site\/wp-content\/uploads\/2020\/08\/Novillossorgo.jpg?resize=820%2C410&amp;ssl=1 820w\" sizes=\"auto, (max-width: 810px) 100vw, 810px\" \/><\/a><\/figure>\n\n\n\n<p>Durante octubre de 2024, el valor del Novillo Tipo 2.0 alcanz\u00f3 los 1.555 d\u00f3lares por cabeza, marcando un incremento del 3,3% con respecto al mes anterior, seg\u00fan los datos del Instituto Nacional de Carnes (INAC). Este valor es el m\u00e1s alto desde los 1.610 que se registraron en mayo de 2023.<\/p>\n\n\n\n<p>Este incremento fue impulsado por el alza en el valor de los productos destinados a la exportaci\u00f3n, as\u00ed como de las menudencias y subproductos. Sin embargo, el mercado interno mostr\u00f3 una ca\u00edda en el precio de la media res, mientras que el cuero permaneci\u00f3 estable.<\/p>\n\n\n\n<p>El valor de la hacienda disminuy\u00f3 un 1%, ubic\u00e1ndose en 1.158 d\u00f3lares por cabeza, mientras que el VAI experiment\u00f3 un incremento significativo de 60 d\u00f3lares, alcanzando los 397 d\u00f3lares por cabeza. Esto permiti\u00f3 que el componente industrial representara el 26% del total, en contraste con el 74% correspondiente a la hacienda.<\/p>\n\n\n\n<p>De enero a octubre de 2024, el promedio acumulado del Novillo Tipo se situ\u00f3 en 1.476 d\u00f3lares por cabeza. Con una participaci\u00f3n del 74% de la hacienda y un 26% del VAI, se consolida la misma participaci\u00f3n del acumulado de enero a octubre en 2023, mientras que existe un cambio importante respecto a 2022 donde el indicador se conformaba en un 82% por el valor de la hacienda y el 18% del VAI.<\/p>\n\n\n\n<p>Salto, 16 de noviembre de 2024<\/p>\n","protected":false},"excerpt":{"rendered":"<p>Durante octubre de 2024, el valor del Novillo Tipo 2.0 alcanz\u00f3 los 1.555 d\u00f3lares por cabeza, marcando un incremento del 3,3% con respecto al mes anterior, seg\u00fan los datos del [&hellip;]<\/p>\n","protected":false},"author":5,"featured_media":22562,"comment_status":"open","ping_status":"open","sticky":false,"template":"","format":"standard","meta":{"_price":"","_stock":"","_tribe_ticket_header":"","_tribe_default_ticket_provider":"","_tribe_ticket_capacity":"0","_ticket_start_date":"","_ticket_end_date":"","_tribe_ticket_show_description":"","_tribe_ticket_show_not_going":false,"_tribe_ticket_use_global_stock":"","_tribe_ticket_global_stock_level":"","_global_stock_mode":"","_global_stock_cap":"","_tribe_rsvp_for_event":"","_tribe_ticket_going_count":"","_tribe_ticket_not_going_count":"","_tribe_tickets_list":"[]","_tribe_ticket_has_attendee_info_fields":false,"h5ap_radio_sources":[],"_jetpack_newsletter_access":"","_jetpack_dont_email_post_to_subs":false,"_jetpack_newsletter_tier_id":0,"_jetpack_memberships_contains_paywalled_content":false,"_jetpack_memberships_contains_paid_content":false,"footnotes":""},"categories":[21,5],"tags":[],"class_list":["post-55127","post","type-post","status-publish","format-standard","has-post-thumbnail","hentry","category-actualidad","category-ganaderia"],"jetpack_featured_media_url":"https:\/\/i0.wp.com\/lahoradelcampo.com.uy\/site\/wp-content\/uploads\/2020\/08\/Novillossorgo.jpg?fit=880%2C440&ssl=1","jetpack_sharing_enabled":true,"jetpack_shortlink":"https:\/\/wp.me\/p99IaT-el9","jetpack-related-posts":[{"id":42843,"url":"https:\/\/lahoradelcampo.com.uy\/site\/el-novillo-tipo-2-0-subio-24-en-el-mes-de-mayo-segun-inac\/","url_meta":{"origin":55127,"position":0},"title":"El Novillo Tipo 2.0 subi\u00f3 2,4% en el mes de mayo, seg\u00fan INAC","author":"La Hora del Campo","date":"16 junio, 2022","format":false,"excerpt":"El Novillo Tipo 2.0 registr\u00f3 un incremento del 2,4% en su cotizaci\u00f3n durante el mes de mayo, situ\u00e1ndose en US$ 1.870 por cabeza. Recordemos que este indicador representa la venta de todos los productos generados, tanto al mercado interno como al internacional de un novillo de razas carniceras y sus\u2026","rel":"","context":"En \u00abActualidad\u00bb","block_context":{"text":"Actualidad","link":"https:\/\/lahoradelcampo.com.uy\/site\/category\/actualidad\/"},"img":{"alt_text":"","src":"https:\/\/i0.wp.com\/lahoradelcampo.com.uy\/site\/wp-content\/uploads\/2021\/10\/novillo-gordo.jpg?fit=880%2C440&ssl=1&resize=350%2C200","width":350,"height":200,"srcset":"https:\/\/i0.wp.com\/lahoradelcampo.com.uy\/site\/wp-content\/uploads\/2021\/10\/novillo-gordo.jpg?fit=880%2C440&ssl=1&resize=350%2C200 1x, https:\/\/i0.wp.com\/lahoradelcampo.com.uy\/site\/wp-content\/uploads\/2021\/10\/novillo-gordo.jpg?fit=880%2C440&ssl=1&resize=525%2C300 1.5x, https:\/\/i0.wp.com\/lahoradelcampo.com.uy\/site\/wp-content\/uploads\/2021\/10\/novillo-gordo.jpg?fit=880%2C440&ssl=1&resize=700%2C400 2x"},"classes":[]},{"id":12773,"url":"https:\/\/lahoradelcampo.com.uy\/site\/novillo-tipo-subio-un-85-y-alcanzo-maximos-de-hace-cuatro-anos\/","url_meta":{"origin":55127,"position":1},"title":"Novillo tipo subi\u00f3 un 8,5% y alcanz\u00f3 m\u00e1ximos de hace cuatro a\u00f1os","author":"La Hora del Campo","date":"17 julio, 2019","format":false,"excerpt":"En su informe mensual del Novillo Tipo, el Instituto Nacional de Carnes (INAC) identific\u00f3 un fuerte aumento del indicador durante el mes de junio, respecto a mayo, debido a una mejora en los valores de exportaci\u00f3n de todos los productos derivados de un novillo excepto por el cuero vacuno. El\u2026","rel":"","context":"En \u00abActualidad\u00bb","block_context":{"text":"Actualidad","link":"https:\/\/lahoradelcampo.com.uy\/site\/category\/actualidad\/"},"img":{"alt_text":"","src":"https:\/\/i0.wp.com\/lahoradelcampo.com.uy\/site\/wp-content\/uploads\/2019\/07\/novillotipo.jpg?fit=880%2C440&ssl=1&resize=350%2C200","width":350,"height":200,"srcset":"https:\/\/i0.wp.com\/lahoradelcampo.com.uy\/site\/wp-content\/uploads\/2019\/07\/novillotipo.jpg?fit=880%2C440&ssl=1&resize=350%2C200 1x, https:\/\/i0.wp.com\/lahoradelcampo.com.uy\/site\/wp-content\/uploads\/2019\/07\/novillotipo.jpg?fit=880%2C440&ssl=1&resize=525%2C300 1.5x, https:\/\/i0.wp.com\/lahoradelcampo.com.uy\/site\/wp-content\/uploads\/2019\/07\/novillotipo.jpg?fit=880%2C440&ssl=1&resize=700%2C400 2x"},"classes":[]},{"id":50393,"url":"https:\/\/lahoradelcampo.com.uy\/site\/el-novillo-tipo-2-0-aumento-09-su-valor-en-abril\/","url_meta":{"origin":55127,"position":2},"title":"El Novillo Tipo 2.0 aument\u00f3 0,9% su valor en abril","author":"La Hora del Campo","date":"16 mayo, 2023","format":false,"excerpt":"El Instituto Nacional de Carnes (INAC) present\u00f3 recientemente el informe del mes de abril sobre el Novillo Tipo 2.0, un indicador estad\u00edstico que busca proporcionar transparencia en la cadena c\u00e1rnica. En este informe, se estima el ingreso que se obtiene por la venta de todos los productos (carne, menudencias y\u2026","rel":"","context":"En \u00abActualidad\u00bb","block_context":{"text":"Actualidad","link":"https:\/\/lahoradelcampo.com.uy\/site\/category\/actualidad\/"},"img":{"alt_text":"","src":"https:\/\/i0.wp.com\/lahoradelcampo.com.uy\/site\/wp-content\/uploads\/2023\/05\/Novillotipo-inac-abril23.jpg?fit=880%2C440&ssl=1&resize=350%2C200","width":350,"height":200,"srcset":"https:\/\/i0.wp.com\/lahoradelcampo.com.uy\/site\/wp-content\/uploads\/2023\/05\/Novillotipo-inac-abril23.jpg?fit=880%2C440&ssl=1&resize=350%2C200 1x, https:\/\/i0.wp.com\/lahoradelcampo.com.uy\/site\/wp-content\/uploads\/2023\/05\/Novillotipo-inac-abril23.jpg?fit=880%2C440&ssl=1&resize=525%2C300 1.5x, https:\/\/i0.wp.com\/lahoradelcampo.com.uy\/site\/wp-content\/uploads\/2023\/05\/Novillotipo-inac-abril23.jpg?fit=880%2C440&ssl=1&resize=700%2C400 2x"},"classes":[]},{"id":11945,"url":"https:\/\/lahoradelcampo.com.uy\/site\/el-novillo-tipo-recupero-terreno-en-mayo\/","url_meta":{"origin":55127,"position":3},"title":"El Novillo Tipo recuper\u00f3 terreno en mayo","author":"La Hora del Campo","date":"19 junio, 2019","format":false,"excerpt":"El aumento de los productos derivados de un novillo tipo durante el mes de mayo, tanto en el mercado interno como a nivel internacional, permitieron una recuperaci\u00f3n del indicador elaborado mensualmente por el Instituto Nacional de Carnes (INAC). En este sentido el valor que genera la venta de todos los\u2026","rel":"","context":"En \u00abActualidad\u00bb","block_context":{"text":"Actualidad","link":"https:\/\/lahoradelcampo.com.uy\/site\/category\/actualidad\/"},"img":{"alt_text":"","src":"https:\/\/i0.wp.com\/lahoradelcampo.com.uy\/site\/wp-content\/uploads\/2019\/06\/novillo.jpg?fit=880%2C440&ssl=1&resize=350%2C200","width":350,"height":200,"srcset":"https:\/\/i0.wp.com\/lahoradelcampo.com.uy\/site\/wp-content\/uploads\/2019\/06\/novillo.jpg?fit=880%2C440&ssl=1&resize=350%2C200 1x, https:\/\/i0.wp.com\/lahoradelcampo.com.uy\/site\/wp-content\/uploads\/2019\/06\/novillo.jpg?fit=880%2C440&ssl=1&resize=525%2C300 1.5x, https:\/\/i0.wp.com\/lahoradelcampo.com.uy\/site\/wp-content\/uploads\/2019\/06\/novillo.jpg?fit=880%2C440&ssl=1&resize=700%2C400 2x"},"classes":[]},{"id":2723,"url":"https:\/\/lahoradelcampo.com.uy\/site\/valor-agregado-industrial-mejoro-con-mayor-faena-y-el-novillo-mas-barato\/","url_meta":{"origin":55127,"position":4},"title":"Valor agregado industrial mejor\u00f3 con mayor faena y el novillo m\u00e1s barato","author":"La Hora del Campo","date":"15 octubre, 2017","format":false,"excerpt":"El indicador del Novillo Tipo para setiembre, informado por el Instituto Nacional de Carnes, muestra una mejora del 2% respecto al mes anterior, al cotizar en U$S 1.132 por cabeza. El indicador refleja el valor generado por la venta de todos los productos de un novillo tipo, con un peso\u2026","rel":"","context":"En \u00abActualidad\u00bb","block_context":{"text":"Actualidad","link":"https:\/\/lahoradelcampo.com.uy\/site\/category\/actualidad\/"},"img":{"alt_text":"","src":"https:\/\/i0.wp.com\/lahoradelcampo.com.uy\/site\/wp-content\/uploads\/2017\/10\/Novillo-tipo.jpg?fit=880%2C440&ssl=1&resize=350%2C200","width":350,"height":200,"srcset":"https:\/\/i0.wp.com\/lahoradelcampo.com.uy\/site\/wp-content\/uploads\/2017\/10\/Novillo-tipo.jpg?fit=880%2C440&ssl=1&resize=350%2C200 1x, https:\/\/i0.wp.com\/lahoradelcampo.com.uy\/site\/wp-content\/uploads\/2017\/10\/Novillo-tipo.jpg?fit=880%2C440&ssl=1&resize=525%2C300 1.5x, https:\/\/i0.wp.com\/lahoradelcampo.com.uy\/site\/wp-content\/uploads\/2017\/10\/Novillo-tipo.jpg?fit=880%2C440&ssl=1&resize=700%2C400 2x"},"classes":[]},{"id":48171,"url":"https:\/\/lahoradelcampo.com.uy\/site\/diciembre-cerro-con-una-baja-del-51-para-el-novillo-tipo\/","url_meta":{"origin":55127,"position":5},"title":"Diciembre cerr\u00f3 con una baja del 5,1% para el Novillo Tipo","author":"La Hora del Campo","date":"17 enero, 2023","format":false,"excerpt":"El Instituto Nacional de Carnes (INAC) actualiz\u00f3 el indicador \"Novillo Tipo\" con los datos del mes de diciembre de 2022, donde se visualiza el cuarto descenso consecutivo en su cotizaci\u00f3n, desde el \u00faltimo repunte en el mes de agosto. Este indicador se ha posicionado en US$ 1.407 por cabeza, con\u2026","rel":"","context":"En \u00abActualidad\u00bb","block_context":{"text":"Actualidad","link":"https:\/\/lahoradelcampo.com.uy\/site\/category\/actualidad\/"},"img":{"alt_text":"","src":"https:\/\/i0.wp.com\/lahoradelcampo.com.uy\/site\/wp-content\/uploads\/2023\/01\/Novillo-TIPO-diciembre22.jpg?fit=880%2C440&ssl=1&resize=350%2C200","width":350,"height":200,"srcset":"https:\/\/i0.wp.com\/lahoradelcampo.com.uy\/site\/wp-content\/uploads\/2023\/01\/Novillo-TIPO-diciembre22.jpg?fit=880%2C440&ssl=1&resize=350%2C200 1x, https:\/\/i0.wp.com\/lahoradelcampo.com.uy\/site\/wp-content\/uploads\/2023\/01\/Novillo-TIPO-diciembre22.jpg?fit=880%2C440&ssl=1&resize=525%2C300 1.5x, https:\/\/i0.wp.com\/lahoradelcampo.com.uy\/site\/wp-content\/uploads\/2023\/01\/Novillo-TIPO-diciembre22.jpg?fit=880%2C440&ssl=1&resize=700%2C400 2x"},"classes":[]}],"jetpack_likes_enabled":true,"_links":{"self":[{"href":"https:\/\/lahoradelcampo.com.uy\/site\/wp-json\/wp\/v2\/posts\/55127","targetHints":{"allow":["GET"]}}],"collection":[{"href":"https:\/\/lahoradelcampo.com.uy\/site\/wp-json\/wp\/v2\/posts"}],"about":[{"href":"https:\/\/lahoradelcampo.com.uy\/site\/wp-json\/wp\/v2\/types\/post"}],"author":[{"embeddable":true,"href":"https:\/\/lahoradelcampo.com.uy\/site\/wp-json\/wp\/v2\/users\/5"}],"replies":[{"embeddable":true,"href":"https:\/\/lahoradelcampo.com.uy\/site\/wp-json\/wp\/v2\/comments?post=55127"}],"version-history":[{"count":1,"href":"https:\/\/lahoradelcampo.com.uy\/site\/wp-json\/wp\/v2\/posts\/55127\/revisions"}],"predecessor-version":[{"id":55128,"href":"https:\/\/lahoradelcampo.com.uy\/site\/wp-json\/wp\/v2\/posts\/55127\/revisions\/55128"}],"wp:featuredmedia":[{"embeddable":true,"href":"https:\/\/lahoradelcampo.com.uy\/site\/wp-json\/wp\/v2\/media\/22562"}],"wp:attachment":[{"href":"https:\/\/lahoradelcampo.com.uy\/site\/wp-json\/wp\/v2\/media?parent=55127"}],"wp:term":[{"taxonomy":"category","embeddable":true,"href":"https:\/\/lahoradelcampo.com.uy\/site\/wp-json\/wp\/v2\/categories?post=55127"},{"taxonomy":"post_tag","embeddable":true,"href":"https:\/\/lahoradelcampo.com.uy\/site\/wp-json\/wp\/v2\/tags?post=55127"}],"curies":[{"name":"wp","href":"https:\/\/api.w.org\/{rel}","templated":true}]}}