{"id":55122,"date":"2024-11-15T11:54:58","date_gmt":"2024-11-15T14:54:58","guid":{"rendered":"http:\/\/lahoradelcampo.com.uy\/site\/?p=55122"},"modified":"2024-11-18T11:58:07","modified_gmt":"2024-11-18T14:58:07","slug":"el-tipo-de-cambio-hizo-caer-el-ime-esta-semana","status":"publish","type":"post","link":"https:\/\/lahoradelcampo.com.uy\/site\/el-tipo-de-cambio-hizo-caer-el-ime-esta-semana\/","title":{"rendered":"El tipo de cambio hizo caer el IME esta semana"},"content":{"rendered":"\n<figure class=\"wp-block-image size-full\"><a href=\"https:\/\/i0.wp.com\/lahoradelcampo.com.uy\/site\/wp-content\/uploads\/2021\/01\/Lanaaustralia.jpg\"><img data-recalc-dims=\"1\" loading=\"lazy\" decoding=\"async\" width=\"810\" height=\"405\" data-attachment-id=\"26832\" data-permalink=\"https:\/\/lahoradelcampo.com.uy\/site\/el-2021-arranco-con-el-ime-por-encima-de-los-us-900\/lanaaustralia\/\" data-orig-file=\"https:\/\/i0.wp.com\/lahoradelcampo.com.uy\/site\/wp-content\/uploads\/2021\/01\/Lanaaustralia.jpg?fit=880%2C440&amp;ssl=1\" data-orig-size=\"880,440\" data-comments-opened=\"1\" data-image-meta=\"{&quot;aperture&quot;:&quot;0&quot;,&quot;credit&quot;:&quot;&quot;,&quot;camera&quot;:&quot;&quot;,&quot;caption&quot;:&quot;&quot;,&quot;created_timestamp&quot;:&quot;0&quot;,&quot;copyright&quot;:&quot;&quot;,&quot;focal_length&quot;:&quot;0&quot;,&quot;iso&quot;:&quot;0&quot;,&quot;shutter_speed&quot;:&quot;0&quot;,&quot;title&quot;:&quot;&quot;,&quot;orientation&quot;:&quot;1&quot;}\" data-image-title=\"Lanaaustralia\" data-image-description=\"\" data-image-caption=\"\" data-large-file=\"https:\/\/i0.wp.com\/lahoradelcampo.com.uy\/site\/wp-content\/uploads\/2021\/01\/Lanaaustralia.jpg?fit=810%2C405&amp;ssl=1\" src=\"https:\/\/i0.wp.com\/lahoradelcampo.com.uy\/site\/wp-content\/uploads\/2021\/01\/Lanaaustralia.jpg?resize=810%2C405\" alt=\"\" class=\"wp-image-26832\" srcset=\"https:\/\/i0.wp.com\/lahoradelcampo.com.uy\/site\/wp-content\/uploads\/2021\/01\/Lanaaustralia.jpg?w=880&amp;ssl=1 880w, https:\/\/i0.wp.com\/lahoradelcampo.com.uy\/site\/wp-content\/uploads\/2021\/01\/Lanaaustralia.jpg?resize=300%2C150&amp;ssl=1 300w, https:\/\/i0.wp.com\/lahoradelcampo.com.uy\/site\/wp-content\/uploads\/2021\/01\/Lanaaustralia.jpg?resize=768%2C384&amp;ssl=1 768w, https:\/\/i0.wp.com\/lahoradelcampo.com.uy\/site\/wp-content\/uploads\/2021\/01\/Lanaaustralia.jpg?resize=820%2C410&amp;ssl=1 820w\" sizes=\"auto, (max-width: 810px) 100vw, 810px\" \/><\/a><\/figure>\n\n\n\n<p>Esta semana, las variaciones del tipo de cambio tras las elecciones en Estados Unidos, han influenciado el mercado lanero australiano esta semana, donde las subas registradas en el Indicador de Mercados del Este (IME) en la moneda local, se convirtieron en p\u00e9rdidas al analizar el mercado en d\u00f3lares estadounidenses.<\/p>\n\n\n\n<p>Si se observa el mercado en la moneda australiana, pr\u00e1cticamente todos los micronajes de lanas merinas terminan con subas respecto al cierre de la semana pasada. Sin embargo, al analizarse en d\u00f3lares estadounidenses, el comportamiento termina siendo dispar, con leves variaciones tanto al alza como a la baja.<\/p>\n\n\n\n<p>En las lanas m\u00e1s finas, por debajo de las 15 micras, se contin\u00faa observando una mayor variabilidad de los precios, donde los lotes con certificaci\u00f3n Non Mulesed y de sustentabilidad, atraen una mayor competencia, con los operadores europeos pujando fuertemente.<\/p>\n\n\n\n<p>En las lanas medias y gruesas, se ha observado uno de los mejores desempe\u00f1os en la moneda local, en los \u00faltimos meses, en particular, las lanas de 28 micras, que han aumentado en seis de las \u00faltimas siete series de ventas. En este sentido, en el centro de Melbourne est\u00e1n en su mayor nivel desde el 14 de julio de 2022.<\/p>\n\n\n\n<p>En este contexto el IME cerr\u00f3 en A$ 11,42 por kilogramo base limpia, subiendo diez centavos frente al cierre de la semana pasada. Teniendo en cuenta la fluctuaci\u00f3n cambiara de esta semana, en d\u00f3lares estadounidenses, el indicador cotiz\u00f3 a US$ 7,46, bajando tres centavos.<\/p>\n\n\n\n<p>Con una oferta de 32,069 fardos, se comercializ\u00f3 el 94,3% de la oferta. En la presente zafra 2024\/25 se ha vendido 530.181 fardos, lo que representa un 18,1% menos de lana que en igual per\u00edodo de la zafra pasada.<\/p>\n\n\n\n<p>Para la pr\u00f3xima semana se espera una oferta de 39.616 fardos, que se distribuir\u00e1n en los tres centros de venta, durante los d\u00edas martes 19 y mi\u00e9rcoles 20 de noviembre. Las expectativas de los operadores australianos son de una demanda estable y limitada, pero suficiente para mantener una tendencia ligeramente positiva a medida que se acerca el receso de Navidad y Fin de A\u00f1o.<\/p>\n\n\n\n<p>Salto, 15 de noviembre de 2024<\/p>\n","protected":false},"excerpt":{"rendered":"<p>Esta semana, las variaciones del tipo de cambio tras las elecciones en Estados Unidos, han influenciado el mercado lanero australiano esta semana, donde las subas registradas en el Indicador de [&hellip;]<\/p>\n","protected":false},"author":5,"featured_media":26832,"comment_status":"open","ping_status":"open","sticky":false,"template":"","format":"standard","meta":{"_price":"","_stock":"","_tribe_ticket_header":"","_tribe_default_ticket_provider":"","_tribe_ticket_capacity":"0","_ticket_start_date":"","_ticket_end_date":"","_tribe_ticket_show_description":"","_tribe_ticket_show_not_going":false,"_tribe_ticket_use_global_stock":"","_tribe_ticket_global_stock_level":"","_global_stock_mode":"","_global_stock_cap":"","_tribe_rsvp_for_event":"","_tribe_ticket_going_count":"","_tribe_ticket_not_going_count":"","_tribe_tickets_list":"[]","_tribe_ticket_has_attendee_info_fields":false,"h5ap_radio_sources":[],"_jetpack_newsletter_access":"","_jetpack_dont_email_post_to_subs":false,"_jetpack_newsletter_tier_id":0,"_jetpack_memberships_contains_paywalled_content":false,"_jetpack_memberships_contains_paid_content":false,"footnotes":""},"categories":[21,13],"tags":[],"class_list":["post-55122","post","type-post","status-publish","format-standard","has-post-thumbnail","hentry","category-actualidad","category-ovinos"],"jetpack_featured_media_url":"https:\/\/i0.wp.com\/lahoradelcampo.com.uy\/site\/wp-content\/uploads\/2021\/01\/Lanaaustralia.jpg?fit=880%2C440&ssl=1","jetpack_sharing_enabled":true,"jetpack_shortlink":"https:\/\/wp.me\/p99IaT-el4","jetpack-related-posts":[{"id":53156,"url":"https:\/\/lahoradelcampo.com.uy\/site\/semana-super-positiva-en-elmercado-lanero-australiano\/","url_meta":{"origin":55122,"position":0},"title":"Semana s\u00faper positiva en el mercado lanero australiano","author":"La Hora del Campo","date":"20 noviembre, 2023","format":false,"excerpt":"La pasada semana fue s\u00faper positiva, con un Indicador de Mercados del Este (IME) que recuper\u00f3 25 centavos, posicion\u00e1ndose en los valores del cierre de la zafra pasada. El mercado nuevamente se observ\u00f3 m\u00e1s \u00e1gil y demandado en las lanas finas, con primas destacadas en la oferta de mayor calidad.\u2026","rel":"","context":"En \u00abActualidad\u00bb","block_context":{"text":"Actualidad","link":"https:\/\/lahoradelcampo.com.uy\/site\/category\/actualidad\/"},"img":{"alt_text":"","src":"https:\/\/i0.wp.com\/lahoradelcampo.com.uy\/site\/wp-content\/uploads\/2017\/11\/lanas.jpg?fit=880%2C440&ssl=1&resize=350%2C200","width":350,"height":200,"srcset":"https:\/\/i0.wp.com\/lahoradelcampo.com.uy\/site\/wp-content\/uploads\/2017\/11\/lanas.jpg?fit=880%2C440&ssl=1&resize=350%2C200 1x, https:\/\/i0.wp.com\/lahoradelcampo.com.uy\/site\/wp-content\/uploads\/2017\/11\/lanas.jpg?fit=880%2C440&ssl=1&resize=525%2C300 1.5x, https:\/\/i0.wp.com\/lahoradelcampo.com.uy\/site\/wp-content\/uploads\/2017\/11\/lanas.jpg?fit=880%2C440&ssl=1&resize=700%2C400 2x"},"classes":[]},{"id":4717,"url":"https:\/\/lahoradelcampo.com.uy\/site\/subas-del-ime-limitadas-por-el-tipo-de-cambio\/","url_meta":{"origin":55122,"position":1},"title":"Subas del IME limitadas por el tipo de cambio","author":"La Hora del Campo","date":"7 diciembre, 2017","format":false,"excerpt":"El mercado lanero australiano cerr\u00f3 en terreno positivo est\u00e1 semana, a pesar de los altibajos del tipo de cambio, que comenzaron el martes impulsando el Indicador de Mercados del Este y terminaron limitando el crecimiento con el que la semana cerr\u00f3 a nivel de la moneda local.\u00a0En la jornada de\u2026","rel":"","context":"En \u00abActualidad\u00bb","block_context":{"text":"Actualidad","link":"https:\/\/lahoradelcampo.com.uy\/site\/category\/actualidad\/"},"img":{"alt_text":"","src":"https:\/\/i0.wp.com\/lahoradelcampo.com.uy\/site\/wp-content\/uploads\/2017\/12\/Lana1.jpg?fit=880%2C440&ssl=1&resize=350%2C200","width":350,"height":200,"srcset":"https:\/\/i0.wp.com\/lahoradelcampo.com.uy\/site\/wp-content\/uploads\/2017\/12\/Lana1.jpg?fit=880%2C440&ssl=1&resize=350%2C200 1x, https:\/\/i0.wp.com\/lahoradelcampo.com.uy\/site\/wp-content\/uploads\/2017\/12\/Lana1.jpg?fit=880%2C440&ssl=1&resize=525%2C300 1.5x, https:\/\/i0.wp.com\/lahoradelcampo.com.uy\/site\/wp-content\/uploads\/2017\/12\/Lana1.jpg?fit=880%2C440&ssl=1&resize=700%2C400 2x"},"classes":[]},{"id":45547,"url":"https:\/\/lahoradelcampo.com.uy\/site\/entre-subas-y-bajas-el-ime-continua-cayendo\/","url_meta":{"origin":55122,"position":2},"title":"Entre subas y bajas el IME contin\u00faa cayendo","author":"La Hora del Campo","date":"16 septiembre, 2022","format":false,"excerpt":"El martes el mercado lanero australiano comenz\u00f3 en suba, pero el mi\u00e9rcoles cerr\u00f3 en baja. El tipo de cambio fue el principal factor para ese vaiv\u00e9n del Indicador de Mercados del Este (IME) y que determin\u00f3 una nueva ca\u00edda semanal en ambas monedas. Seg\u00fan los datos aportados por operadores australianos\u2026","rel":"","context":"En \u00abActualidad\u00bb","block_context":{"text":"Actualidad","link":"https:\/\/lahoradelcampo.com.uy\/site\/category\/actualidad\/"},"img":{"alt_text":"","src":"https:\/\/i0.wp.com\/lahoradelcampo.com.uy\/site\/wp-content\/uploads\/2022\/01\/Lana-australia.jpg?fit=880%2C440&ssl=1&resize=350%2C200","width":350,"height":200,"srcset":"https:\/\/i0.wp.com\/lahoradelcampo.com.uy\/site\/wp-content\/uploads\/2022\/01\/Lana-australia.jpg?fit=880%2C440&ssl=1&resize=350%2C200 1x, https:\/\/i0.wp.com\/lahoradelcampo.com.uy\/site\/wp-content\/uploads\/2022\/01\/Lana-australia.jpg?fit=880%2C440&ssl=1&resize=525%2C300 1.5x, https:\/\/i0.wp.com\/lahoradelcampo.com.uy\/site\/wp-content\/uploads\/2022\/01\/Lana-australia.jpg?fit=880%2C440&ssl=1&resize=700%2C400 2x"},"classes":[]},{"id":28250,"url":"https:\/\/lahoradelcampo.com.uy\/site\/el-ime-perdio-20-centavos-y-la-semana-en-us-1020\/","url_meta":{"origin":55122,"position":3},"title":"El IME perdi\u00f3 20 centavos y la semana en US$ 10,20","author":"La Hora del Campo","date":"5 marzo, 2021","format":false,"excerpt":"En una semana de subas y bajas en la cotizaci\u00f3n del d\u00f3lar australiano frente a su par norteamericano, el mercado cerr\u00f3 dispar, con subas en la moneda local y bajas en la divisa estadounidense. En este escenario el IME cerr\u00f3 en A$ 13,10 por kilogramo base limpia, subiendo cuatro centavos\u2026","rel":"","context":"En \u00abActualidad\u00bb","block_context":{"text":"Actualidad","link":"https:\/\/lahoradelcampo.com.uy\/site\/category\/actualidad\/"},"img":{"alt_text":"","src":"https:\/\/i0.wp.com\/lahoradelcampo.com.uy\/site\/wp-content\/uploads\/2019\/06\/Lana-australia-1.jpg?fit=880%2C440&ssl=1&resize=350%2C200","width":350,"height":200,"srcset":"https:\/\/i0.wp.com\/lahoradelcampo.com.uy\/site\/wp-content\/uploads\/2019\/06\/Lana-australia-1.jpg?fit=880%2C440&ssl=1&resize=350%2C200 1x, https:\/\/i0.wp.com\/lahoradelcampo.com.uy\/site\/wp-content\/uploads\/2019\/06\/Lana-australia-1.jpg?fit=880%2C440&ssl=1&resize=525%2C300 1.5x, https:\/\/i0.wp.com\/lahoradelcampo.com.uy\/site\/wp-content\/uploads\/2019\/06\/Lana-australia-1.jpg?fit=880%2C440&ssl=1&resize=700%2C400 2x"},"classes":[]},{"id":51275,"url":"https:\/\/lahoradelcampo.com.uy\/site\/el-ime-volvio-a-caer-de-los-ocho-dolares-en-el-mercado-lanero-australiano-la-pasada-semana\/","url_meta":{"origin":55122,"position":4},"title":"El IME volvi\u00f3 a caer de los ocho d\u00f3lares la pasada semana","author":"La Hora del Campo","date":"19 junio, 2023","format":false,"excerpt":"Al igual que los \u00faltimos meses, tras la primera semana de subas en el Indicador de Mercados del Este (IME), las expectativas de mejores valores se diluyen en la segunda semana, al igual que este mes, donde el indicador cay\u00f3 nuevamente de los ocho d\u00f3lares. El reingreso del mercado de\u2026","rel":"","context":"En \u00abActualidad\u00bb","block_context":{"text":"Actualidad","link":"https:\/\/lahoradelcampo.com.uy\/site\/category\/actualidad\/"},"img":{"alt_text":"","src":"https:\/\/i0.wp.com\/lahoradelcampo.com.uy\/site\/wp-content\/uploads\/2021\/01\/Lanaaustralia.jpg?fit=880%2C440&ssl=1&resize=350%2C200","width":350,"height":200,"srcset":"https:\/\/i0.wp.com\/lahoradelcampo.com.uy\/site\/wp-content\/uploads\/2021\/01\/Lanaaustralia.jpg?fit=880%2C440&ssl=1&resize=350%2C200 1x, https:\/\/i0.wp.com\/lahoradelcampo.com.uy\/site\/wp-content\/uploads\/2021\/01\/Lanaaustralia.jpg?fit=880%2C440&ssl=1&resize=525%2C300 1.5x, https:\/\/i0.wp.com\/lahoradelcampo.com.uy\/site\/wp-content\/uploads\/2021\/01\/Lanaaustralia.jpg?fit=880%2C440&ssl=1&resize=700%2C400 2x"},"classes":[]},{"id":53455,"url":"https:\/\/lahoradelcampo.com.uy\/site\/mercado-lanero-australiano-cerro-nueva-semana-con-subas-en-el-ime\/","url_meta":{"origin":55122,"position":5},"title":"Mercado australiano cerr\u00f3 nueva semana con subas en el IME","author":"La Hora del Campo","date":"23 febrero, 2024","format":false,"excerpt":"En una semana de tres jornadas de ventas, el mercado lanero australiano marc\u00f3 subas en el Indicador de Mercados del Este (IME) en las dos primeras jornadas de actividad, ya que el jueves se ofertaron exclusivamente lanas de Nueva Zelanda, lo que no incide en la formaci\u00f3n de los distintos\u2026","rel":"","context":"En \u00abActualidad\u00bb","block_context":{"text":"Actualidad","link":"https:\/\/lahoradelcampo.com.uy\/site\/category\/actualidad\/"},"img":{"alt_text":"","src":"https:\/\/i0.wp.com\/lahoradelcampo.com.uy\/site\/wp-content\/uploads\/2019\/04\/Lanas-Australia.jpg?fit=880%2C440&ssl=1&resize=350%2C200","width":350,"height":200,"srcset":"https:\/\/i0.wp.com\/lahoradelcampo.com.uy\/site\/wp-content\/uploads\/2019\/04\/Lanas-Australia.jpg?fit=880%2C440&ssl=1&resize=350%2C200 1x, https:\/\/i0.wp.com\/lahoradelcampo.com.uy\/site\/wp-content\/uploads\/2019\/04\/Lanas-Australia.jpg?fit=880%2C440&ssl=1&resize=525%2C300 1.5x, https:\/\/i0.wp.com\/lahoradelcampo.com.uy\/site\/wp-content\/uploads\/2019\/04\/Lanas-Australia.jpg?fit=880%2C440&ssl=1&resize=700%2C400 2x"},"classes":[]}],"jetpack_likes_enabled":true,"_links":{"self":[{"href":"https:\/\/lahoradelcampo.com.uy\/site\/wp-json\/wp\/v2\/posts\/55122","targetHints":{"allow":["GET"]}}],"collection":[{"href":"https:\/\/lahoradelcampo.com.uy\/site\/wp-json\/wp\/v2\/posts"}],"about":[{"href":"https:\/\/lahoradelcampo.com.uy\/site\/wp-json\/wp\/v2\/types\/post"}],"author":[{"embeddable":true,"href":"https:\/\/lahoradelcampo.com.uy\/site\/wp-json\/wp\/v2\/users\/5"}],"replies":[{"embeddable":true,"href":"https:\/\/lahoradelcampo.com.uy\/site\/wp-json\/wp\/v2\/comments?post=55122"}],"version-history":[{"count":1,"href":"https:\/\/lahoradelcampo.com.uy\/site\/wp-json\/wp\/v2\/posts\/55122\/revisions"}],"predecessor-version":[{"id":55123,"href":"https:\/\/lahoradelcampo.com.uy\/site\/wp-json\/wp\/v2\/posts\/55122\/revisions\/55123"}],"wp:featuredmedia":[{"embeddable":true,"href":"https:\/\/lahoradelcampo.com.uy\/site\/wp-json\/wp\/v2\/media\/26832"}],"wp:attachment":[{"href":"https:\/\/lahoradelcampo.com.uy\/site\/wp-json\/wp\/v2\/media?parent=55122"}],"wp:term":[{"taxonomy":"category","embeddable":true,"href":"https:\/\/lahoradelcampo.com.uy\/site\/wp-json\/wp\/v2\/categories?post=55122"},{"taxonomy":"post_tag","embeddable":true,"href":"https:\/\/lahoradelcampo.com.uy\/site\/wp-json\/wp\/v2\/tags?post=55122"}],"curies":[{"name":"wp","href":"https:\/\/api.w.org\/{rel}","templated":true}]}}