{"id":55098,"date":"2024-11-12T15:18:32","date_gmt":"2024-11-12T18:18:32","guid":{"rendered":"https:\/\/lahoradelcampo.com.uy\/site\/?p=55098"},"modified":"2024-11-12T15:18:33","modified_gmt":"2024-11-12T18:18:33","slug":"se-celebro-ayer-en-merinosel-dia-del-campo-natural","status":"publish","type":"post","link":"https:\/\/lahoradelcampo.com.uy\/site\/se-celebro-ayer-en-merinosel-dia-del-campo-natural\/","title":{"rendered":"Se celebr\u00f3 ayer en Merinos,el d\u00eda del Campo Natural"},"content":{"rendered":"\n<figure class=\"wp-block-image size-full\"><a href=\"https:\/\/i0.wp.com\/lahoradelcampo.com.uy\/site\/wp-content\/uploads\/2024\/11\/Paspalumdeoro-premios.jpg?ssl=1\"><img data-recalc-dims=\"1\" loading=\"lazy\" decoding=\"async\" width=\"810\" height=\"405\" data-attachment-id=\"55099\" data-permalink=\"https:\/\/lahoradelcampo.com.uy\/site\/se-celebro-ayer-en-merinosel-dia-del-campo-natural\/paspalumdeoro-premios\/\" data-orig-file=\"https:\/\/i0.wp.com\/lahoradelcampo.com.uy\/site\/wp-content\/uploads\/2024\/11\/Paspalumdeoro-premios.jpg?fit=880%2C440&amp;ssl=1\" data-orig-size=\"880,440\" data-comments-opened=\"1\" data-image-meta=\"{&quot;aperture&quot;:&quot;0&quot;,&quot;credit&quot;:&quot;&quot;,&quot;camera&quot;:&quot;&quot;,&quot;caption&quot;:&quot;&quot;,&quot;created_timestamp&quot;:&quot;0&quot;,&quot;copyright&quot;:&quot;&quot;,&quot;focal_length&quot;:&quot;0&quot;,&quot;iso&quot;:&quot;0&quot;,&quot;shutter_speed&quot;:&quot;0&quot;,&quot;title&quot;:&quot;&quot;,&quot;orientation&quot;:&quot;1&quot;}\" data-image-title=\"Paspalumdeoro-premios\" data-image-description=\"\" data-image-caption=\"\" data-large-file=\"https:\/\/i0.wp.com\/lahoradelcampo.com.uy\/site\/wp-content\/uploads\/2024\/11\/Paspalumdeoro-premios.jpg?fit=810%2C405&amp;ssl=1\" src=\"https:\/\/i0.wp.com\/lahoradelcampo.com.uy\/site\/wp-content\/uploads\/2024\/11\/Paspalumdeoro-premios.jpg?resize=810%2C405&#038;ssl=1\" alt=\"\" class=\"wp-image-55099\" srcset=\"https:\/\/i0.wp.com\/lahoradelcampo.com.uy\/site\/wp-content\/uploads\/2024\/11\/Paspalumdeoro-premios.jpg?w=880&amp;ssl=1 880w, https:\/\/i0.wp.com\/lahoradelcampo.com.uy\/site\/wp-content\/uploads\/2024\/11\/Paspalumdeoro-premios.jpg?resize=300%2C150&amp;ssl=1 300w, https:\/\/i0.wp.com\/lahoradelcampo.com.uy\/site\/wp-content\/uploads\/2024\/11\/Paspalumdeoro-premios.jpg?resize=768%2C384&amp;ssl=1 768w, https:\/\/i0.wp.com\/lahoradelcampo.com.uy\/site\/wp-content\/uploads\/2024\/11\/Paspalumdeoro-premios.jpg?resize=820%2C410&amp;ssl=1 820w\" sizes=\"auto, (max-width: 810px) 100vw, 810px\" \/><\/a><\/figure>\n\n\n\n<p>Cada 11 de noviembre, Uruguay celebra el D\u00eda Nacional del Campo Natural, una fecha que invita a la reflexi\u00f3n y valorizaci\u00f3n de nuestro ecosistema de campo natural. Esta conmemoraci\u00f3n se origin\u00f3 en 2018 en el marco de la Mesa de Ganader\u00eda sobre Campo Natural, un espacio de trabajo colaborativo entre organizaciones de productores, la academia e instituciones comprometidas con el cuidado de este ecosistema.<\/p>\n\n\n\n<p>En 2022, el Parlamento Nacional oficializ\u00f3 esta celebraci\u00f3n a trav\u00e9s de la Ley N\u00b0 20.088, reconoci\u00e9ndola formalmente como el \u00abD\u00eda Nacional del Campo Natural Uruguayo\u00bb. El campo natural en nuestro pa\u00eds cubre aproximadamente el 60% del territorio nacional y es fundamental para la ganader\u00eda uruguaya.<br>Adem\u00e1s de ser la base forrajera de la producci\u00f3n ganadera, este ecosistema brinda una variedad de servicios ecosist\u00e9micos que benefician a toda la sociedad: secuestra carbono, ayudando a regular el clima, controla la erosi\u00f3n del suelo, provee agua de calidad y alberga una importante variedad de especies animales y vegetales.<\/p>\n\n\n\n<p>Este patrimonio natural no solo fortalece la identidad cultural de Uruguay, sino que tambi\u00e9n realza la belleza paisaj\u00edstica de nuestro pa\u00eds.<\/p>\n\n\n\n<p>Este a\u00f1o las actividades de celebraci\u00f3n del D\u00eda Nacional se realizaron en el establecimiento Cerro del Bombero (familia Bazzano Falcone), Merinos, departamento de Paysand\u00fa. All\u00ed se presentaron los principales resultados del proyecto \u00abgesti\u00f3n del pasto\u00bb y la tradicional ceremonia de entrega de los reconocimientos \u00abPaspalum de Oro\u00bb en su 5ta edici\u00f3n.<\/p>\n\n\n\n<p><strong>Paspalum de Oro<\/strong><\/p>\n\n\n\n<p>La quinta edici\u00f3n de los \u00abPaspalum de Oro\u00bb reconoci\u00f3 el trabajo y la dedicaci\u00f3n de quienes hace una contribuci\u00f3n significativa a la ganader\u00eda sobre el campo natural de nuestro pa\u00eds. Como en las ediciones anteriores, se ha realizado un llamado abierto a postulaciones en cada categor\u00eda y un tribunal integrado por representantes de las instituciones y organizaciones que conforman la Mesa de Campo Natural, seleccionaron las seis personas a ser reconocidas en seis categor\u00edas.<\/p>\n\n\n\n<p>El primer reconocimiento, en la categor\u00eda Extensi\u00f3n fue para el Ing. Agr. Santiago Scarlato Garc\u00eda, profesional del Este del pa\u00eds, que se ha desempe\u00f1ado en proyectos de desarrollo sostenible de la ganader\u00eda en Rocha, as\u00ed como tambi\u00e9n en el proyecto \u00abGanader\u00eda y Clima\u00bb, donde particip\u00f3 en el dise\u00f1o y ejecuci\u00f3n de la estrategia en los establecimientos de aquella zona. La entrega del reconocimiento estuvo a cargo de Alicia Rodr\u00edguez, delegada de la mesa por Pampeanas Regenerativas Orientales.<\/p>\n\n\n\n<p>La segunda categor\u00eda para reconocer fue el \u00e1rea de Docencia y Educaci\u00f3n, all\u00ed el reconocimiento fue para el Licenciado Felipe Lezama. Profesional en el \u00e1rea de las Ciencias Biol\u00f3gicas con Maestr\u00eda y Doctorado en temas de ecolog\u00eda del campo natural. Su dedicaci\u00f3n y pedagog\u00eda para transmitir sus conocimientos te\u00f3ricos y aplicados a estudiantes en temas de ecolog\u00eda del campo natural lo destacan como un docente dedicado y generoso. La entrega estuvo a cargo del Ing. Agr. Marcelo Pereira, Presidente de la Mesa de Ganader\u00eda sobre campo natural.<\/p>\n\n\n\n<p>La Licenciada Anaclara Guido, fue reconocida en el \u00e1rea de Investigaci\u00f3n. La profesional en Ciencias Biol\u00f3gicas, egresada de la Facultad de ciencias y con maestr\u00eda en la Universidad de Santiago de Compostela (Espa\u00f1a) y Doctorado en Ecolog\u00eda de la Universidad Federal de R\u00edo Grande del Sur (Brasil), fue reconocida por su labor especialmente en \u00abCapim Annoni\u00bb y las t\u00e9cnicas de regeneraci\u00f3n de pastizales degradados. La entrega del premio estuvo a cargo del Ing. Agr. Mart\u00edn Jaurena de INIA.<\/p>\n\n\n\n<p>La categor\u00eda Revelaci\u00f3n, este a\u00f1o premio a Lucia Bauer Brit, ingeniera agr\u00f3noma y fundadora de la empresa GROU Agro, dedicada a realizar proyectos, asesorar y difundir pr\u00e1cticas regenerativas en el sector agropecuario. La profesional ha liderado m\u00e1s de 30 proyectos productivos basados en el buen manejo de campo natural y actualmente colabora con el Plan Agropecuario, en la ejecuci\u00f3n de t\u00e9cnicas regenerativas que se aplicar\u00e1n en un grupo de peque\u00f1os productores de la cuenca del R\u00edo Santa Luc\u00eda en convenio con el Ministerio de Ambiente. La entrega del reconocimiento estuvo a cargo del Ing. Agr. Esteban Carriquiry, Pte. del Plan Agropecuario.<\/p>\n\n\n\n<p>La quinta entrega se realiz\u00f3 a la familia Fros-Rodr\u00edguez de la zona de Cuchilla de Laureles, en Tacuaremb\u00f3, en la categor\u00eda Producci\u00f3n. Con m\u00e1s de 20 a\u00f1os dedicados al manejo sostenible, la familia ha sabido reconocer el campo natural, no solo por su capacidad productiva, sino tambi\u00e9n por su valor desde la perspectiva de la conservaci\u00f3n de la biodiversidad y sus servicios ecosist\u00e9micos. La entrega del reconocimiento estuvo a cargo de Diego C\u00e1ceres, de la Direcci\u00f3n General de Recursos Naturales del MGAP.<\/p>\n\n\n\n<p>El \u00faltimo reconocimiento, en la categor\u00eda Arte, comunicaci\u00f3n y cultura, la Mesa de Ganader\u00eda sobre campo natural, reconoci\u00f3 la labora del periodista Eduardo Batista, quien con su programa televiso Contacto, que se emite en Canal 11 de Maldonado, recorre el pa\u00eds transmitiendo en im\u00e1genes rincones e historias desconocidas del interior, as\u00ed como el campo y la ganader\u00eda como medio de vida y motor de desarrollo econ\u00f3mico. La entrega del Paspalum de Oro en esta categor\u00eda estuvo a cargo de Martha Mart\u00ednez, delegada de la Asociaci\u00f3n uruguaya de ganaderos del pastizal (AUGAP).<\/p>\n\n\n\n<p>Salto, 12 de noviembre de 2024<\/p>\n","protected":false},"excerpt":{"rendered":"<p>Cada 11 de noviembre, Uruguay celebra el D\u00eda Nacional del Campo Natural, una fecha que invita a la reflexi\u00f3n y valorizaci\u00f3n de nuestro ecosistema de campo natural. Esta conmemoraci\u00f3n se [&hellip;]<\/p>\n","protected":false},"author":5,"featured_media":55099,"comment_status":"open","ping_status":"open","sticky":false,"template":"","format":"standard","meta":{"_price":"","_stock":"","_tribe_ticket_header":"","_tribe_default_ticket_provider":"","_tribe_ticket_capacity":"0","_ticket_start_date":"","_ticket_end_date":"","_tribe_ticket_show_description":"","_tribe_ticket_show_not_going":false,"_tribe_ticket_use_global_stock":"","_tribe_ticket_global_stock_level":"","_global_stock_mode":"","_global_stock_cap":"","_tribe_rsvp_for_event":"","_tribe_ticket_going_count":"","_tribe_ticket_not_going_count":"","_tribe_tickets_list":"[]","_tribe_ticket_has_attendee_info_fields":false,"h5ap_radio_sources":[],"_jetpack_newsletter_access":"","_jetpack_dont_email_post_to_subs":false,"_jetpack_newsletter_tier_id":0,"_jetpack_memberships_contains_paywalled_content":false,"_jetpack_memberships_contains_paid_content":false,"footnotes":""},"categories":[21,5],"tags":[],"class_list":["post-55098","post","type-post","status-publish","format-standard","has-post-thumbnail","hentry","category-actualidad","category-ganaderia"],"jetpack_featured_media_url":"https:\/\/i0.wp.com\/lahoradelcampo.com.uy\/site\/wp-content\/uploads\/2024\/11\/Paspalumdeoro-premios.jpg?fit=880%2C440&ssl=1","jetpack_sharing_enabled":true,"jetpack_shortlink":"https:\/\/wp.me\/p99IaT-ekG","jetpack-related-posts":[{"id":53033,"url":"https:\/\/lahoradelcampo.com.uy\/site\/rovira-el-campo-natural-es-nuestro-patrimonio\/","url_meta":{"origin":55098,"position":0},"title":"Jaurena: \u00abEl campo natural es nuestro patrimonio\u00bb","author":"La Hora del Campo","date":"7 noviembre, 2023","format":false,"excerpt":"El 11 de noviembre, Uruguay se prepara para celebrar el D\u00eda Nacional del Campo Natural, una fecha que tiene un significado especial para todos los amantes y defensores de este ecosistema vital. El Instituto Nacional de Investigaci\u00f3n Agropecuaria (INIA) y la Mesa de Ganader\u00eda sobre Campo Natural, han organizado una\u2026","rel":"","context":"En \u00abActualidad\u00bb","block_context":{"text":"Actualidad","link":"https:\/\/lahoradelcampo.com.uy\/site\/category\/actualidad\/"},"img":{"alt_text":"","src":"https:\/\/i0.wp.com\/lahoradelcampo.com.uy\/site\/wp-content\/uploads\/2023\/11\/INIA-Martin-Jaurena.jpg?fit=880%2C440&ssl=1&resize=350%2C200","width":350,"height":200,"srcset":"https:\/\/i0.wp.com\/lahoradelcampo.com.uy\/site\/wp-content\/uploads\/2023\/11\/INIA-Martin-Jaurena.jpg?fit=880%2C440&ssl=1&resize=350%2C200 1x, https:\/\/i0.wp.com\/lahoradelcampo.com.uy\/site\/wp-content\/uploads\/2023\/11\/INIA-Martin-Jaurena.jpg?fit=880%2C440&ssl=1&resize=525%2C300 1.5x, https:\/\/i0.wp.com\/lahoradelcampo.com.uy\/site\/wp-content\/uploads\/2023\/11\/INIA-Martin-Jaurena.jpg?fit=880%2C440&ssl=1&resize=700%2C400 2x"},"classes":[]},{"id":53113,"url":"https:\/\/lahoradelcampo.com.uy\/site\/campo-natural-el-viernes-10-se-entregaron-los-paspalum-de-oro\/","url_meta":{"origin":55098,"position":1},"title":"Campo Natural: El viernes 10 se entregaron los Paspalum de Oro","author":"La Hora del Campo","date":"16 noviembre, 2023","format":false,"excerpt":"El pasado viernes 10 de noviembre, el Instituto Nacional de Investigaci\u00f3n Agropecuaria (INIA) Tacuaremb\u00f3 fue el escenario de la entrega de los reconocimientos \"Paspalum de Oro\", en el marco del D\u00eda Nacional del Campo Natural, conmemorado cada 11 de noviembre en Uruguay. La jornada conmemorativa, que se instituy\u00f3 en el\u2026","rel":"","context":"En \u00abActualidad\u00bb","block_context":{"text":"Actualidad","link":"https:\/\/lahoradelcampo.com.uy\/site\/category\/actualidad\/"},"img":{"alt_text":"","src":"https:\/\/i0.wp.com\/lahoradelcampo.com.uy\/site\/wp-content\/uploads\/2023\/11\/CampoNatural-Paspalum.jpg?fit=880%2C440&ssl=1&resize=350%2C200","width":350,"height":200,"srcset":"https:\/\/i0.wp.com\/lahoradelcampo.com.uy\/site\/wp-content\/uploads\/2023\/11\/CampoNatural-Paspalum.jpg?fit=880%2C440&ssl=1&resize=350%2C200 1x, https:\/\/i0.wp.com\/lahoradelcampo.com.uy\/site\/wp-content\/uploads\/2023\/11\/CampoNatural-Paspalum.jpg?fit=880%2C440&ssl=1&resize=525%2C300 1.5x, https:\/\/i0.wp.com\/lahoradelcampo.com.uy\/site\/wp-content\/uploads\/2023\/11\/CampoNatural-Paspalum.jpg?fit=880%2C440&ssl=1&resize=700%2C400 2x"},"classes":[]},{"id":36447,"url":"https:\/\/lahoradelcampo.com.uy\/site\/hoy-se-celebra-el-dia-nacional-del-campo-natural-en-uruguay\/","url_meta":{"origin":55098,"position":2},"title":"Hoy se celebra el D\u00eda Nacional del Campo Natural en Uruguay","author":"La Hora del Campo","date":"11 noviembre, 2021","format":false,"excerpt":"Hoy jueves 11 se celebra, por cuarta vez, el D\u00eda Nacional del Campo Natural, dijo el Ing. Agr. Mart\u00edn Jaurena, investigaci\u00f3n del Instituto Nacional de Investigaci\u00f3n Agropecuaria (INIA) en contacto con La Hora del Campo el pasado martes, al tiempo que marc\u00f3 que hoy se entrega nuevamente el Paspalum de\u2026","rel":"","context":"En \u00abActualidad\u00bb","block_context":{"text":"Actualidad","link":"https:\/\/lahoradelcampo.com.uy\/site\/category\/actualidad\/"},"img":{"alt_text":"","src":"https:\/\/i0.wp.com\/lahoradelcampo.com.uy\/site\/wp-content\/uploads\/2021\/01\/Canutillo.jpg?fit=880%2C440&ssl=1&resize=350%2C200","width":350,"height":200,"srcset":"https:\/\/i0.wp.com\/lahoradelcampo.com.uy\/site\/wp-content\/uploads\/2021\/01\/Canutillo.jpg?fit=880%2C440&ssl=1&resize=350%2C200 1x, https:\/\/i0.wp.com\/lahoradelcampo.com.uy\/site\/wp-content\/uploads\/2021\/01\/Canutillo.jpg?fit=880%2C440&ssl=1&resize=525%2C300 1.5x, https:\/\/i0.wp.com\/lahoradelcampo.com.uy\/site\/wp-content\/uploads\/2021\/01\/Canutillo.jpg?fit=880%2C440&ssl=1&resize=700%2C400 2x"},"classes":[]},{"id":55086,"url":"https:\/\/lahoradelcampo.com.uy\/site\/dia-nacional-del-campo-natural-se-realiza-hoy-en-cerro-del-bombero\/","url_meta":{"origin":55098,"position":3},"title":"D\u00eda Nacional del Campo Natural se realiza hoy en \u201cCerro del Bombero\u201d","author":"La Hora del Campo","date":"11 noviembre, 2024","format":false,"excerpt":"En el marco del D\u00eda Nacional del Campo Natural, se realiza la \u00faltima jornada de campo del proyecto Gesti\u00f3n del Pasto y Entrega Paspalum de Oro 2024, actividad a realizarse hoy lunes 11 de noviembre en el establecimiento \u201cCerro del Bombero\u201d de la familia Bazzano Falcone, en la zona de\u2026","rel":"","context":"En \u00abActualidad\u00bb","block_context":{"text":"Actualidad","link":"https:\/\/lahoradelcampo.com.uy\/site\/category\/actualidad\/"},"img":{"alt_text":"","src":"https:\/\/i0.wp.com\/lahoradelcampo.com.uy\/site\/wp-content\/uploads\/2024\/03\/campocolonos.jpg?fit=880%2C440&ssl=1&resize=350%2C200","width":350,"height":200,"srcset":"https:\/\/i0.wp.com\/lahoradelcampo.com.uy\/site\/wp-content\/uploads\/2024\/03\/campocolonos.jpg?fit=880%2C440&ssl=1&resize=350%2C200 1x, https:\/\/i0.wp.com\/lahoradelcampo.com.uy\/site\/wp-content\/uploads\/2024\/03\/campocolonos.jpg?fit=880%2C440&ssl=1&resize=525%2C300 1.5x, https:\/\/i0.wp.com\/lahoradelcampo.com.uy\/site\/wp-content\/uploads\/2024\/03\/campocolonos.jpg?fit=880%2C440&ssl=1&resize=700%2C400 2x"},"classes":[]},{"id":25474,"url":"https:\/\/lahoradelcampo.com.uy\/site\/el-ing-rafeal-gallinal-recibio-el-paspalum-de-oro-a-la-produccion\/","url_meta":{"origin":55098,"position":4},"title":"El Ing. Rafeal Gallinal recibi\u00f3 el \u00abPaspalum  de Oro\u00bb a la Producci\u00f3n","author":"La Hora del Campo","date":"13 noviembre, 2020","format":false,"excerpt":"En la jornada de ayer, tal cual se inform\u00f3 previamente en CAMBIO, se realiz\u00f3 la celebraci\u00f3n del D\u00eda Nacional del Campo Natural, en una actividad que cont\u00f3 con la presencia del ministro de Ganader\u00eda, Agricultura y Pesca, Carlos Ma. Uriarte, el ministro de Medioambiente, Adri\u00e1n Pe\u00f1a, el subsecretario del MGAP,\u2026","rel":"","context":"En \u00abActualidad\u00bb","block_context":{"text":"Actualidad","link":"https:\/\/lahoradelcampo.com.uy\/site\/category\/actualidad\/"},"img":{"alt_text":"","src":"https:\/\/i0.wp.com\/lahoradelcampo.com.uy\/site\/wp-content\/uploads\/2020\/11\/Camponatural.jpg?fit=880%2C440&ssl=1&resize=350%2C200","width":350,"height":200,"srcset":"https:\/\/i0.wp.com\/lahoradelcampo.com.uy\/site\/wp-content\/uploads\/2020\/11\/Camponatural.jpg?fit=880%2C440&ssl=1&resize=350%2C200 1x, https:\/\/i0.wp.com\/lahoradelcampo.com.uy\/site\/wp-content\/uploads\/2020\/11\/Camponatural.jpg?fit=880%2C440&ssl=1&resize=525%2C300 1.5x, https:\/\/i0.wp.com\/lahoradelcampo.com.uy\/site\/wp-content\/uploads\/2020\/11\/Camponatural.jpg?fit=880%2C440&ssl=1&resize=700%2C400 2x"},"classes":[]},{"id":54400,"url":"https:\/\/lahoradelcampo.com.uy\/site\/abiertas-las-inscripciones-para-el-paspalum-de-oro-2024\/","url_meta":{"origin":55098,"position":5},"title":"Abiertas las inscripciones para el Paspalum de Oro 2024","author":"La Hora del Campo","date":"4 septiembre, 2024","format":false,"excerpt":"La Mesa de Ganader\u00eda sobre Campo Natural (MGCN) ha lanzado la convocatoria para la quinta edici\u00f3n del \"Paspalum de Oro\", un reconocimiento que destaca a quienes contribuyen significativamente a la ganader\u00eda sobre campo natural en Uruguay. Las postulaciones estar\u00e1n abiertas hasta el 1 de octubre de 2024 y podr\u00e1n participar\u2026","rel":"","context":"En \u00abActualidad\u00bb","block_context":{"text":"Actualidad","link":"https:\/\/lahoradelcampo.com.uy\/site\/category\/actualidad\/"},"img":{"alt_text":"","src":"https:\/\/i0.wp.com\/lahoradelcampo.com.uy\/site\/wp-content\/uploads\/2024\/04\/ganados-pastura.jpg?fit=880%2C440&ssl=1&resize=350%2C200","width":350,"height":200,"srcset":"https:\/\/i0.wp.com\/lahoradelcampo.com.uy\/site\/wp-content\/uploads\/2024\/04\/ganados-pastura.jpg?fit=880%2C440&ssl=1&resize=350%2C200 1x, https:\/\/i0.wp.com\/lahoradelcampo.com.uy\/site\/wp-content\/uploads\/2024\/04\/ganados-pastura.jpg?fit=880%2C440&ssl=1&resize=525%2C300 1.5x, https:\/\/i0.wp.com\/lahoradelcampo.com.uy\/site\/wp-content\/uploads\/2024\/04\/ganados-pastura.jpg?fit=880%2C440&ssl=1&resize=700%2C400 2x"},"classes":[]}],"jetpack_likes_enabled":true,"_links":{"self":[{"href":"https:\/\/lahoradelcampo.com.uy\/site\/wp-json\/wp\/v2\/posts\/55098","targetHints":{"allow":["GET"]}}],"collection":[{"href":"https:\/\/lahoradelcampo.com.uy\/site\/wp-json\/wp\/v2\/posts"}],"about":[{"href":"https:\/\/lahoradelcampo.com.uy\/site\/wp-json\/wp\/v2\/types\/post"}],"author":[{"embeddable":true,"href":"https:\/\/lahoradelcampo.com.uy\/site\/wp-json\/wp\/v2\/users\/5"}],"replies":[{"embeddable":true,"href":"https:\/\/lahoradelcampo.com.uy\/site\/wp-json\/wp\/v2\/comments?post=55098"}],"version-history":[{"count":1,"href":"https:\/\/lahoradelcampo.com.uy\/site\/wp-json\/wp\/v2\/posts\/55098\/revisions"}],"predecessor-version":[{"id":55100,"href":"https:\/\/lahoradelcampo.com.uy\/site\/wp-json\/wp\/v2\/posts\/55098\/revisions\/55100"}],"wp:featuredmedia":[{"embeddable":true,"href":"https:\/\/lahoradelcampo.com.uy\/site\/wp-json\/wp\/v2\/media\/55099"}],"wp:attachment":[{"href":"https:\/\/lahoradelcampo.com.uy\/site\/wp-json\/wp\/v2\/media?parent=55098"}],"wp:term":[{"taxonomy":"category","embeddable":true,"href":"https:\/\/lahoradelcampo.com.uy\/site\/wp-json\/wp\/v2\/categories?post=55098"},{"taxonomy":"post_tag","embeddable":true,"href":"https:\/\/lahoradelcampo.com.uy\/site\/wp-json\/wp\/v2\/tags?post=55098"}],"curies":[{"name":"wp","href":"https:\/\/api.w.org\/{rel}","templated":true}]}}