{"id":55094,"date":"2024-11-12T15:11:09","date_gmt":"2024-11-12T18:11:09","guid":{"rendered":"https:\/\/lahoradelcampo.com.uy\/site\/?p=55094"},"modified":"2024-11-12T15:11:10","modified_gmt":"2024-11-12T18:11:10","slug":"en-octubre-se-produjo-444-mil-toneladas-de-carne-vacuna","status":"publish","type":"post","link":"https:\/\/lahoradelcampo.com.uy\/site\/en-octubre-se-produjo-444-mil-toneladas-de-carne-vacuna\/","title":{"rendered":"En octubre se produjo 44,4 mil toneladas de carne vacuna"},"content":{"rendered":"\n<figure class=\"wp-block-image size-full\"><a href=\"https:\/\/i0.wp.com\/lahoradelcampo.com.uy\/site\/wp-content\/uploads\/2024\/06\/faena-vacuna12.jpg\"><img data-recalc-dims=\"1\" loading=\"lazy\" decoding=\"async\" width=\"810\" height=\"405\" data-attachment-id=\"53968\" data-permalink=\"https:\/\/lahoradelcampo.com.uy\/site\/la-faena-vacuna-supero-las-46-000-cabezas\/faena-vacuna12-2\/\" data-orig-file=\"https:\/\/i0.wp.com\/lahoradelcampo.com.uy\/site\/wp-content\/uploads\/2024\/06\/faena-vacuna12.jpg?fit=880%2C440&amp;ssl=1\" data-orig-size=\"880,440\" data-comments-opened=\"1\" data-image-meta=\"{&quot;aperture&quot;:&quot;0&quot;,&quot;credit&quot;:&quot;&quot;,&quot;camera&quot;:&quot;&quot;,&quot;caption&quot;:&quot;&quot;,&quot;created_timestamp&quot;:&quot;0&quot;,&quot;copyright&quot;:&quot;&quot;,&quot;focal_length&quot;:&quot;0&quot;,&quot;iso&quot;:&quot;0&quot;,&quot;shutter_speed&quot;:&quot;0&quot;,&quot;title&quot;:&quot;&quot;,&quot;orientation&quot;:&quot;1&quot;}\" data-image-title=\"faena-vacuna12\" data-image-description=\"\" data-image-caption=\"\" data-large-file=\"https:\/\/i0.wp.com\/lahoradelcampo.com.uy\/site\/wp-content\/uploads\/2024\/06\/faena-vacuna12.jpg?fit=810%2C405&amp;ssl=1\" src=\"https:\/\/i0.wp.com\/lahoradelcampo.com.uy\/site\/wp-content\/uploads\/2024\/06\/faena-vacuna12.jpg?resize=810%2C405\" alt=\"\" class=\"wp-image-53968\" srcset=\"https:\/\/i0.wp.com\/lahoradelcampo.com.uy\/site\/wp-content\/uploads\/2024\/06\/faena-vacuna12.jpg?w=880&amp;ssl=1 880w, https:\/\/i0.wp.com\/lahoradelcampo.com.uy\/site\/wp-content\/uploads\/2024\/06\/faena-vacuna12.jpg?resize=300%2C150&amp;ssl=1 300w, https:\/\/i0.wp.com\/lahoradelcampo.com.uy\/site\/wp-content\/uploads\/2024\/06\/faena-vacuna12.jpg?resize=768%2C384&amp;ssl=1 768w, https:\/\/i0.wp.com\/lahoradelcampo.com.uy\/site\/wp-content\/uploads\/2024\/06\/faena-vacuna12.jpg?resize=820%2C410&amp;ssl=1 820w\" sizes=\"auto, (max-width: 810px) 100vw, 810px\" \/><\/a><\/figure>\n\n\n\n<p>La producci\u00f3n de carne vacuna resultante de la faena de novillos y vacas durante el mes de octubre suma 44.400 toneladas, con un total de 99.975 novillos y 63.007 vacas, que rindieron en cuarta balanza 290 y 244 kilos respectivamente. <\/p>\n\n\n\n<p>Este volumen representa un 28,6% m\u00e1s de carne producida que en el mes de setiembre, sin embargo, es un 15,4% inferior a octubre de 2023. El a\u00f1o pasado la producci\u00f3n de carne de ambas categor\u00edas sumaron 52.420 toneladas, debido a un mayor nivel de faena, principalmente en el caso de las vacas. <\/p>\n\n\n\n<p>La producci\u00f3n de carne de novillos sum\u00f3 29.000 toneladas en octubre, un 25% m\u00e1s que en setiembre y en el caso de las vacas sumaron 15.380 toneladas, un 35,5% m\u00e1s.<\/p>\n\n\n\n<p>Salto, 12 de noviembre de 2024<\/p>\n","protected":false},"excerpt":{"rendered":"<p>La producci\u00f3n de carne vacuna resultante de la faena de novillos y vacas durante el mes de octubre suma 44.400 toneladas, con un total de 99.975 novillos y 63.007 vacas, [&hellip;]<\/p>\n","protected":false},"author":5,"featured_media":53968,"comment_status":"open","ping_status":"open","sticky":false,"template":"","format":"standard","meta":{"_price":"","_stock":"","_tribe_ticket_header":"","_tribe_default_ticket_provider":"","_tribe_ticket_capacity":"0","_ticket_start_date":"","_ticket_end_date":"","_tribe_ticket_show_description":"","_tribe_ticket_show_not_going":false,"_tribe_ticket_use_global_stock":"","_tribe_ticket_global_stock_level":"","_global_stock_mode":"","_global_stock_cap":"","_tribe_rsvp_for_event":"","_tribe_ticket_going_count":"","_tribe_ticket_not_going_count":"","_tribe_tickets_list":"[]","_tribe_ticket_has_attendee_info_fields":false,"h5ap_radio_sources":[],"_jetpack_newsletter_access":"","_jetpack_dont_email_post_to_subs":false,"_jetpack_newsletter_tier_id":0,"_jetpack_memberships_contains_paywalled_content":false,"_jetpack_memberships_contains_paid_content":false,"footnotes":""},"categories":[21,5],"tags":[],"class_list":["post-55094","post","type-post","status-publish","format-standard","has-post-thumbnail","hentry","category-actualidad","category-ganaderia"],"jetpack_featured_media_url":"https:\/\/i0.wp.com\/lahoradelcampo.com.uy\/site\/wp-content\/uploads\/2024\/06\/faena-vacuna12.jpg?fit=880%2C440&ssl=1","jetpack_sharing_enabled":true,"jetpack_shortlink":"https:\/\/wp.me\/p99IaT-ekC","jetpack-related-posts":[{"id":54826,"url":"https:\/\/lahoradelcampo.com.uy\/site\/en-23-24-aumento-104-la-faena-y-113-el-volumen-exportado-de-carne-vacuna\/","url_meta":{"origin":55094,"position":0},"title":"En 23\/24 aument\u00f3 10,4% la faena y 11,3% el volumen exportado de carne vacuna","author":"La Hora del Campo","date":"8 octubre, 2024","format":false,"excerpt":"De acuerdo a los datos publicados por el Instituto Nacional de Carnes, en el ejercicio agr\u00edcola 2023\/2024 el sector bovino cerr\u00f3 con una recuperaci\u00f3n tanto en faena como en las exportaciones c\u00e1rnicas, superando el promedio de la \u00faltima d\u00e9cada. En total, se faenaron 2.379.530 cabezas de ganado al 30 de\u2026","rel":"","context":"En \u00abActualidad\u00bb","block_context":{"text":"Actualidad","link":"https:\/\/lahoradelcampo.com.uy\/site\/category\/actualidad\/"},"img":{"alt_text":"","src":"https:\/\/i0.wp.com\/lahoradelcampo.com.uy\/site\/wp-content\/uploads\/2024\/10\/inac-2023-2024-vacunos.jpg?fit=880%2C440&ssl=1&resize=350%2C200","width":350,"height":200,"srcset":"https:\/\/i0.wp.com\/lahoradelcampo.com.uy\/site\/wp-content\/uploads\/2024\/10\/inac-2023-2024-vacunos.jpg?fit=880%2C440&ssl=1&resize=350%2C200 1x, https:\/\/i0.wp.com\/lahoradelcampo.com.uy\/site\/wp-content\/uploads\/2024\/10\/inac-2023-2024-vacunos.jpg?fit=880%2C440&ssl=1&resize=525%2C300 1.5x, https:\/\/i0.wp.com\/lahoradelcampo.com.uy\/site\/wp-content\/uploads\/2024\/10\/inac-2023-2024-vacunos.jpg?fit=880%2C440&ssl=1&resize=700%2C400 2x"},"classes":[]},{"id":5065,"url":"https:\/\/lahoradelcampo.com.uy\/site\/inac-preve-una-suba-del-2-en-la-faena-respecto-a-2016\/","url_meta":{"origin":55094,"position":1},"title":"INAC prev\u00e9 una suba del 2%  en la faena respecto a 2016","author":"La Hora del Campo","date":"21 diciembre, 2017","format":false,"excerpt":"El Instituto Nacional de Carnes present\u00f3 present\u00f3 un balance de 2017 donde se prev\u00e9 un incremento de la faena del 2% para este a\u00f1o, as\u00ed como tambi\u00e9n una suba en el peso de los ganados enviados a la industria frigor\u00edfica. Faena Seg\u00fan las estimaciones de INAC, cerrada la primera quincena\u2026","rel":"","context":"En \u00abActualidad\u00bb","block_context":{"text":"Actualidad","link":"https:\/\/lahoradelcampo.com.uy\/site\/category\/actualidad\/"},"img":{"alt_text":"","src":"https:\/\/i0.wp.com\/lahoradelcampo.com.uy\/site\/wp-content\/uploads\/2017\/12\/INAC.jpg?fit=880%2C440&ssl=1&resize=350%2C200","width":350,"height":200,"srcset":"https:\/\/i0.wp.com\/lahoradelcampo.com.uy\/site\/wp-content\/uploads\/2017\/12\/INAC.jpg?fit=880%2C440&ssl=1&resize=350%2C200 1x, https:\/\/i0.wp.com\/lahoradelcampo.com.uy\/site\/wp-content\/uploads\/2017\/12\/INAC.jpg?fit=880%2C440&ssl=1&resize=525%2C300 1.5x, https:\/\/i0.wp.com\/lahoradelcampo.com.uy\/site\/wp-content\/uploads\/2017\/12\/INAC.jpg?fit=880%2C440&ssl=1&resize=700%2C400 2x"},"classes":[]},{"id":55971,"url":"https:\/\/lahoradelcampo.com.uy\/site\/faena-vacuna-consolida-el-buen-ritmo-del-mes-de-abril\/","url_meta":{"origin":55094,"position":2},"title":"Faena vacuna consolida el buen ritmo del mes de abril","author":"La Hora del Campo","date":"22 abril, 2025","format":false,"excerpt":"A pesar de los feriados y la menor actividad habitual en Semana de Pascua, la industria frigor\u00edfica uruguaya logr\u00f3 faenar 39.723 vacunos, un 8% m\u00e1s que en el mismo per\u00edodo del a\u00f1o pasado, lo que equivale a unos 3 mil animales adicionales. Este crecimiento, registrado hasta el s\u00e1bado 19 de\u2026","rel":"","context":"En \u00abActualidad\u00bb","block_context":{"text":"Actualidad","link":"https:\/\/lahoradelcampo.com.uy\/site\/category\/actualidad\/"},"img":{"alt_text":"","src":"https:\/\/i0.wp.com\/lahoradelcampo.com.uy\/site\/wp-content\/uploads\/2017\/12\/Faena-1.jpg?fit=880%2C440&ssl=1&resize=350%2C200","width":350,"height":200,"srcset":"https:\/\/i0.wp.com\/lahoradelcampo.com.uy\/site\/wp-content\/uploads\/2017\/12\/Faena-1.jpg?fit=880%2C440&ssl=1&resize=350%2C200 1x, https:\/\/i0.wp.com\/lahoradelcampo.com.uy\/site\/wp-content\/uploads\/2017\/12\/Faena-1.jpg?fit=880%2C440&ssl=1&resize=525%2C300 1.5x, https:\/\/i0.wp.com\/lahoradelcampo.com.uy\/site\/wp-content\/uploads\/2017\/12\/Faena-1.jpg?fit=880%2C440&ssl=1&resize=700%2C400 2x"},"classes":[]},{"id":9611,"url":"https:\/\/lahoradelcampo.com.uy\/site\/exportaciones-de-carne-vacuna-estadounidense-cayeron-un-1-en-enero\/","url_meta":{"origin":55094,"position":3},"title":"Exportaciones de carne vacuna estadounidense cayeron un 1% en enero","author":"La Hora del Campo","date":"5 abril, 2019","format":false,"excerpt":"La Federaci\u00f3n de Exportaci\u00f3n de Carne de los Estados Unidos (USMEF) inform\u00f3 que las exportaciones de carne vacuna y cerdo registraron leves descensos durante el mes de enero, comparado con igual per\u00edodo del a\u00f1o pasado. Las exportaciones de estos productos significaron un ingreso de 642 millones de d\u00f3lares por la\u2026","rel":"","context":"En \u00abActualidad\u00bb","block_context":{"text":"Actualidad","link":"https:\/\/lahoradelcampo.com.uy\/site\/category\/actualidad\/"},"img":{"alt_text":"","src":"https:\/\/i0.wp.com\/lahoradelcampo.com.uy\/site\/wp-content\/uploads\/2019\/04\/Carnes.jpg?fit=880%2C440&ssl=1&resize=350%2C200","width":350,"height":200,"srcset":"https:\/\/i0.wp.com\/lahoradelcampo.com.uy\/site\/wp-content\/uploads\/2019\/04\/Carnes.jpg?fit=880%2C440&ssl=1&resize=350%2C200 1x, https:\/\/i0.wp.com\/lahoradelcampo.com.uy\/site\/wp-content\/uploads\/2019\/04\/Carnes.jpg?fit=880%2C440&ssl=1&resize=525%2C300 1.5x, https:\/\/i0.wp.com\/lahoradelcampo.com.uy\/site\/wp-content\/uploads\/2019\/04\/Carnes.jpg?fit=880%2C440&ssl=1&resize=700%2C400 2x"},"classes":[]},{"id":53062,"url":"https:\/\/lahoradelcampo.com.uy\/site\/exportaciones-australianas-con-su-volumen-mas-alto-en-cuatro-anos\/","url_meta":{"origin":55094,"position":4},"title":"Exportaciones australianas con su volumen m\u00e1s alto en cuatro a\u00f1os","author":"La Hora del Campo","date":"8 noviembre, 2023","format":false,"excerpt":"Australia est\u00e1 presenciando un repunte en las exportaciones de carne vacuna, marcando un hito significativo con el volumen m\u00e1s alto en cuatro a\u00f1os. Con una producci\u00f3n de carne en constante aumento, las cifras revelan un incremento del 7% en las exportaciones de carne vacuna desde el pasado mes de septiembre,\u2026","rel":"","context":"En \u00abActualidad\u00bb","block_context":{"text":"Actualidad","link":"https:\/\/lahoradelcampo.com.uy\/site\/category\/actualidad\/"},"img":{"alt_text":"","src":"https:\/\/i0.wp.com\/lahoradelcampo.com.uy\/site\/wp-content\/uploads\/2017\/11\/Carne.jpg?fit=880%2C440&ssl=1&resize=350%2C200","width":350,"height":200,"srcset":"https:\/\/i0.wp.com\/lahoradelcampo.com.uy\/site\/wp-content\/uploads\/2017\/11\/Carne.jpg?fit=880%2C440&ssl=1&resize=350%2C200 1x, https:\/\/i0.wp.com\/lahoradelcampo.com.uy\/site\/wp-content\/uploads\/2017\/11\/Carne.jpg?fit=880%2C440&ssl=1&resize=525%2C300 1.5x, https:\/\/i0.wp.com\/lahoradelcampo.com.uy\/site\/wp-content\/uploads\/2017\/11\/Carne.jpg?fit=880%2C440&ssl=1&resize=700%2C400 2x"},"classes":[]},{"id":11523,"url":"https:\/\/lahoradelcampo.com.uy\/site\/china-incremento-un-35-sus-compras-de-carne-en-uruguay\/","url_meta":{"origin":55094,"position":5},"title":"China increment\u00f3 un 35% sus compras de carne en Uruguay","author":"La Hora del Campo","date":"5 junio, 2019","format":false,"excerpt":"Las compras desde China se han incrementado un 35% al cierre del mes de mayo. De acuerdo a los datos de la Direcci\u00f3n Nacional de Aduanas, divulgados por el informe Faxcarne de la Consultora Tardaguila Agromercados, se embarcaron en los primeros cinco meses del a\u00f1o 97.265 toneladas peso embarque de\u2026","rel":"","context":"En \u00abActualidad\u00bb","block_context":{"text":"Actualidad","link":"https:\/\/lahoradelcampo.com.uy\/site\/category\/actualidad\/"},"img":{"alt_text":"","src":"https:\/\/i0.wp.com\/lahoradelcampo.com.uy\/site\/wp-content\/uploads\/2018\/05\/Carnes.jpg?fit=880%2C440&ssl=1&resize=350%2C200","width":350,"height":200,"srcset":"https:\/\/i0.wp.com\/lahoradelcampo.com.uy\/site\/wp-content\/uploads\/2018\/05\/Carnes.jpg?fit=880%2C440&ssl=1&resize=350%2C200 1x, https:\/\/i0.wp.com\/lahoradelcampo.com.uy\/site\/wp-content\/uploads\/2018\/05\/Carnes.jpg?fit=880%2C440&ssl=1&resize=525%2C300 1.5x, https:\/\/i0.wp.com\/lahoradelcampo.com.uy\/site\/wp-content\/uploads\/2018\/05\/Carnes.jpg?fit=880%2C440&ssl=1&resize=700%2C400 2x"},"classes":[]}],"jetpack_likes_enabled":true,"_links":{"self":[{"href":"https:\/\/lahoradelcampo.com.uy\/site\/wp-json\/wp\/v2\/posts\/55094","targetHints":{"allow":["GET"]}}],"collection":[{"href":"https:\/\/lahoradelcampo.com.uy\/site\/wp-json\/wp\/v2\/posts"}],"about":[{"href":"https:\/\/lahoradelcampo.com.uy\/site\/wp-json\/wp\/v2\/types\/post"}],"author":[{"embeddable":true,"href":"https:\/\/lahoradelcampo.com.uy\/site\/wp-json\/wp\/v2\/users\/5"}],"replies":[{"embeddable":true,"href":"https:\/\/lahoradelcampo.com.uy\/site\/wp-json\/wp\/v2\/comments?post=55094"}],"version-history":[{"count":1,"href":"https:\/\/lahoradelcampo.com.uy\/site\/wp-json\/wp\/v2\/posts\/55094\/revisions"}],"predecessor-version":[{"id":55095,"href":"https:\/\/lahoradelcampo.com.uy\/site\/wp-json\/wp\/v2\/posts\/55094\/revisions\/55095"}],"wp:featuredmedia":[{"embeddable":true,"href":"https:\/\/lahoradelcampo.com.uy\/site\/wp-json\/wp\/v2\/media\/53968"}],"wp:attachment":[{"href":"https:\/\/lahoradelcampo.com.uy\/site\/wp-json\/wp\/v2\/media?parent=55094"}],"wp:term":[{"taxonomy":"category","embeddable":true,"href":"https:\/\/lahoradelcampo.com.uy\/site\/wp-json\/wp\/v2\/categories?post=55094"},{"taxonomy":"post_tag","embeddable":true,"href":"https:\/\/lahoradelcampo.com.uy\/site\/wp-json\/wp\/v2\/tags?post=55094"}],"curies":[{"name":"wp","href":"https:\/\/api.w.org\/{rel}","templated":true}]}}