{"id":55054,"date":"2024-11-06T17:57:30","date_gmt":"2024-11-06T20:57:30","guid":{"rendered":"http:\/\/lahoradelcampo.com.uy\/site\/?p=55054"},"modified":"2024-11-06T17:57:31","modified_gmt":"2024-11-06T20:57:31","slug":"aberdeen-angus-una-zafra-muy-positiva","status":"publish","type":"post","link":"https:\/\/lahoradelcampo.com.uy\/site\/aberdeen-angus-una-zafra-muy-positiva\/","title":{"rendered":"Aberdeen Angus: \u00abuna zafra muy positiva\u00bb"},"content":{"rendered":"\n<figure class=\"wp-block-image size-full\"><a href=\"https:\/\/i0.wp.com\/lahoradelcampo.com.uy\/site\/wp-content\/uploads\/2024\/09\/Angus-OBT.jpg\"><img data-recalc-dims=\"1\" loading=\"lazy\" decoding=\"async\" width=\"810\" height=\"405\" data-attachment-id=\"54745\" data-permalink=\"https:\/\/lahoradelcampo.com.uy\/site\/obt-premium-black-vendio-su-torada-en-us-2-955\/angus-obt\/\" data-orig-file=\"https:\/\/i0.wp.com\/lahoradelcampo.com.uy\/site\/wp-content\/uploads\/2024\/09\/Angus-OBT.jpg?fit=880%2C440&amp;ssl=1\" data-orig-size=\"880,440\" data-comments-opened=\"1\" data-image-meta=\"{&quot;aperture&quot;:&quot;0&quot;,&quot;credit&quot;:&quot;&quot;,&quot;camera&quot;:&quot;&quot;,&quot;caption&quot;:&quot;&quot;,&quot;created_timestamp&quot;:&quot;0&quot;,&quot;copyright&quot;:&quot;&quot;,&quot;focal_length&quot;:&quot;0&quot;,&quot;iso&quot;:&quot;0&quot;,&quot;shutter_speed&quot;:&quot;0&quot;,&quot;title&quot;:&quot;&quot;,&quot;orientation&quot;:&quot;1&quot;}\" data-image-title=\"Angus-OBT\" data-image-description=\"\" data-image-caption=\"\" data-large-file=\"https:\/\/i0.wp.com\/lahoradelcampo.com.uy\/site\/wp-content\/uploads\/2024\/09\/Angus-OBT.jpg?fit=810%2C405&amp;ssl=1\" src=\"https:\/\/i0.wp.com\/lahoradelcampo.com.uy\/site\/wp-content\/uploads\/2024\/09\/Angus-OBT.jpg?resize=810%2C405\" alt=\"\" class=\"wp-image-54745\" srcset=\"https:\/\/i0.wp.com\/lahoradelcampo.com.uy\/site\/wp-content\/uploads\/2024\/09\/Angus-OBT.jpg?w=880&amp;ssl=1 880w, https:\/\/i0.wp.com\/lahoradelcampo.com.uy\/site\/wp-content\/uploads\/2024\/09\/Angus-OBT.jpg?resize=300%2C150&amp;ssl=1 300w, https:\/\/i0.wp.com\/lahoradelcampo.com.uy\/site\/wp-content\/uploads\/2024\/09\/Angus-OBT.jpg?resize=768%2C384&amp;ssl=1 768w, https:\/\/i0.wp.com\/lahoradelcampo.com.uy\/site\/wp-content\/uploads\/2024\/09\/Angus-OBT.jpg?resize=820%2C410&amp;ssl=1 820w\" sizes=\"auto, (max-width: 810px) 100vw, 810px\" \/><\/a><\/figure>\n\n\n\n<p>La raza Aberdeen Angus, fue la de mayor volumen de toros comercializados en la presente zafra, entre el 12 de setiembre y el 1 de noviembre. En total se vendieron 3.372 toros, un 8,6% m\u00e1s que el a\u00f1o pasado. El promedio alcanzado es de US$ 3.385, subiendo un 10,7% entre zafras. El 61,1% de los toros este a\u00f1o, se han vendido por debajo del promedio de la raza.<\/p>\n\n\n\n<p>Diego Oribe, integrante de la Sociedad de Criadores de Aberdeen Angus del Uruguay, dijo que es \u00abuna zafra muy positiva, desde todo punto de vista, con una colocaci\u00f3n muy buena\u00bb. El productor se\u00f1al\u00f3 que \u00aben todos los remates se ha visto muy buena demanda y muy buenos valores\u00bb. <\/p>\n\n\n\n<p>Sobre el aumento de la oferta de toros de la raza, indic\u00f3 que \u00abcada vez hay m\u00e1s remates e incluso los remates que se suman tambi\u00e9n observamos que cada vez la oferta, si se quiere, es m\u00e1s profesional, con m\u00e1s informaci\u00f3n objetiva\u00bb. Lo cual tambi\u00e9n es requerido por parte de los criadores en los distintos remates.<\/p>\n\n\n\n<p>Salto, 6 de noviembre de 2024<\/p>\n","protected":false},"excerpt":{"rendered":"<p>La raza Aberdeen Angus, fue la de mayor volumen de toros comercializados en la presente zafra, entre el 12 de setiembre y el 1 de noviembre. En total se vendieron [&hellip;]<\/p>\n","protected":false},"author":5,"featured_media":54745,"comment_status":"open","ping_status":"open","sticky":false,"template":"","format":"standard","meta":{"_price":"","_stock":"","_tribe_ticket_header":"","_tribe_default_ticket_provider":"","_tribe_ticket_capacity":"0","_ticket_start_date":"","_ticket_end_date":"","_tribe_ticket_show_description":"","_tribe_ticket_show_not_going":false,"_tribe_ticket_use_global_stock":"","_tribe_ticket_global_stock_level":"","_global_stock_mode":"","_global_stock_cap":"","_tribe_rsvp_for_event":"","_tribe_ticket_going_count":"","_tribe_ticket_not_going_count":"","_tribe_tickets_list":"[]","_tribe_ticket_has_attendee_info_fields":false,"h5ap_radio_sources":[],"_jetpack_newsletter_access":"","_jetpack_dont_email_post_to_subs":false,"_jetpack_newsletter_tier_id":0,"_jetpack_memberships_contains_paywalled_content":false,"_jetpack_memberships_contains_paid_content":false,"footnotes":""},"categories":[21,5],"tags":[],"class_list":["post-55054","post","type-post","status-publish","format-standard","has-post-thumbnail","hentry","category-actualidad","category-ganaderia"],"jetpack_featured_media_url":"https:\/\/i0.wp.com\/lahoradelcampo.com.uy\/site\/wp-content\/uploads\/2024\/09\/Angus-OBT.jpg?fit=880%2C440&ssl=1","jetpack_sharing_enabled":true,"jetpack_shortlink":"https:\/\/wp.me\/p99IaT-ejY","jetpack-related-posts":[{"id":57076,"url":"https:\/\/lahoradelcampo.com.uy\/site\/el-59-de-los-toros-se-comercializo-por-debajodel-promedio-de-us-4-180-en-esta-zafra\/","url_meta":{"origin":55054,"position":0},"title":"El 59% de los toros se comercializ\u00f3 por debajodel promedio de US$ 4.180 en esta zafra","author":"La Hora del Campo","date":"17 noviembre, 2025","format":false,"excerpt":"En la zafra de toros, durante los meses de setiembre y octubre, se han comercializado 6.088 reproductores en 150 subastas de caba\u00f1as \u00fanicamente, sin tener en cuenta las exposiciones. Esta cantidad de toros vendidos en las pistas y\/o subastas virtuales, es un 7,7% m\u00e1s que los registrados en igual per\u00edodo\u2026","rel":"","context":"En \u00abActualidad\u00bb","block_context":{"text":"Actualidad","link":"https:\/\/lahoradelcampo.com.uy\/site\/category\/actualidad\/"},"img":{"alt_text":"","src":"https:\/\/i0.wp.com\/lahoradelcampo.com.uy\/site\/wp-content\/uploads\/2025\/11\/Toros-copia.jpg?fit=751%2C563&ssl=1&resize=350%2C200","width":350,"height":200,"srcset":"https:\/\/i0.wp.com\/lahoradelcampo.com.uy\/site\/wp-content\/uploads\/2025\/11\/Toros-copia.jpg?fit=751%2C563&ssl=1&resize=350%2C200 1x, https:\/\/i0.wp.com\/lahoradelcampo.com.uy\/site\/wp-content\/uploads\/2025\/11\/Toros-copia.jpg?fit=751%2C563&ssl=1&resize=525%2C300 1.5x, https:\/\/i0.wp.com\/lahoradelcampo.com.uy\/site\/wp-content\/uploads\/2025\/11\/Toros-copia.jpg?fit=751%2C563&ssl=1&resize=700%2C400 2x"},"classes":[]},{"id":54867,"url":"https:\/\/lahoradelcampo.com.uy\/site\/en-el-registro-3-628-toros-vendidos-a-us-3-479-de-promedio\/","url_meta":{"origin":55054,"position":1},"title":"En el registro: 3.628 toros vendidos a US$ 3.479 de promedio","author":"La Hora del Campo","date":"16 octubre, 2024","format":false,"excerpt":"Hasta el 15 de octubre, contabilizados 3.628 toros al bajar el martillo en 78 remates de la presente zafra de reproductores, con una facturaci\u00f3n de US$ 12.622.512 (valor que luego sufre variaciones de acuerdo con los descuentos y beneficios otorgados por las caba\u00f1as a sus distintos clientes. El m\u00e1ximo ha\u2026","rel":"","context":"En \u00abActualidad\u00bb","block_context":{"text":"Actualidad","link":"https:\/\/lahoradelcampo.com.uy\/site\/category\/actualidad\/"},"img":{"alt_text":"","src":"https:\/\/i0.wp.com\/lahoradelcampo.com.uy\/site\/wp-content\/uploads\/2020\/10\/zafratoros.jpg?fit=880%2C440&ssl=1&resize=350%2C200","width":350,"height":200,"srcset":"https:\/\/i0.wp.com\/lahoradelcampo.com.uy\/site\/wp-content\/uploads\/2020\/10\/zafratoros.jpg?fit=880%2C440&ssl=1&resize=350%2C200 1x, https:\/\/i0.wp.com\/lahoradelcampo.com.uy\/site\/wp-content\/uploads\/2020\/10\/zafratoros.jpg?fit=880%2C440&ssl=1&resize=525%2C300 1.5x, https:\/\/i0.wp.com\/lahoradelcampo.com.uy\/site\/wp-content\/uploads\/2020\/10\/zafratoros.jpg?fit=880%2C440&ssl=1&resize=700%2C400 2x"},"classes":[]},{"id":55050,"url":"https:\/\/lahoradelcampo.com.uy\/site\/durazno-artigas-y-tacuarembo-los-departamentos-con-mas-toros-vendidos\/","url_meta":{"origin":55054,"position":2},"title":"Durazno, Artigas y Tacuaremb\u00f3 los departamentos con m\u00e1s toros vendidos","author":"La Hora del Campo","date":"6 noviembre, 2024","format":false,"excerpt":"Si miramos la zafra por volumen colocado en cada departamento, Durazno (927), Artigas (561) y Tacuaremb\u00f3 (528) son los que han comercializado m\u00e1s reproductores. En el caso de Durazno, se han comercializado 927 toros a un promedio de US$ 3.502, con el 62,2% de los toros comercializados por debajo. En\u2026","rel":"","context":"En \u00abActualidad\u00bb","block_context":{"text":"Actualidad","link":"https:\/\/lahoradelcampo.com.uy\/site\/category\/actualidad\/"},"img":{"alt_text":"","src":"https:\/\/i0.wp.com\/lahoradelcampo.com.uy\/site\/wp-content\/uploads\/2024\/11\/torosdepartamento-1.jpg?fit=880%2C440&ssl=1&resize=350%2C200","width":350,"height":200,"srcset":"https:\/\/i0.wp.com\/lahoradelcampo.com.uy\/site\/wp-content\/uploads\/2024\/11\/torosdepartamento-1.jpg?fit=880%2C440&ssl=1&resize=350%2C200 1x, https:\/\/i0.wp.com\/lahoradelcampo.com.uy\/site\/wp-content\/uploads\/2024\/11\/torosdepartamento-1.jpg?fit=880%2C440&ssl=1&resize=525%2C300 1.5x, https:\/\/i0.wp.com\/lahoradelcampo.com.uy\/site\/wp-content\/uploads\/2024\/11\/torosdepartamento-1.jpg?fit=880%2C440&ssl=1&resize=700%2C400 2x"},"classes":[]},{"id":54934,"url":"https:\/\/lahoradelcampo.com.uy\/site\/en-la-moneda-del-criador-los-toros-estan-11-mas-baratos\/","url_meta":{"origin":55054,"position":3},"title":"En la moneda del criador, los toros est\u00e1n 11% m\u00e1s baratos","author":"La Hora del Campo","date":"22 octubre, 2024","format":false,"excerpt":"La zafra contin\u00faa avanzando y, a pesar de que el valor promedio al que se comercializan los reproductores se encuentra por encima del a\u00f1o pasado, en la moneda del criador los toros est\u00e1n 11% m\u00e1s baratos, seg\u00fan los datos relevados por La Hora del Campo en m\u00e1s de 100 ventas.\u2026","rel":"","context":"En \u00abActualidad\u00bb","block_context":{"text":"Actualidad","link":"https:\/\/lahoradelcampo.com.uy\/site\/category\/actualidad\/"},"img":{"alt_text":"","src":"https:\/\/i0.wp.com\/lahoradelcampo.com.uy\/site\/wp-content\/uploads\/2024\/10\/Ternerosangus.jpg?fit=880%2C440&ssl=1&resize=350%2C200","width":350,"height":200,"srcset":"https:\/\/i0.wp.com\/lahoradelcampo.com.uy\/site\/wp-content\/uploads\/2024\/10\/Ternerosangus.jpg?fit=880%2C440&ssl=1&resize=350%2C200 1x, https:\/\/i0.wp.com\/lahoradelcampo.com.uy\/site\/wp-content\/uploads\/2024\/10\/Ternerosangus.jpg?fit=880%2C440&ssl=1&resize=525%2C300 1.5x, https:\/\/i0.wp.com\/lahoradelcampo.com.uy\/site\/wp-content\/uploads\/2024\/10\/Ternerosangus.jpg?fit=880%2C440&ssl=1&resize=700%2C400 2x"},"classes":[]},{"id":57082,"url":"https:\/\/lahoradelcampo.com.uy\/site\/en-salto-se-vendieron-445-toros-a-un-promedio-de-us-4-407\/","url_meta":{"origin":55054,"position":4},"title":"En Salto se vendieron 445 toros a un promedio de US$ 4.407","author":"La Hora del Campo","date":"18 noviembre, 2025","format":false,"excerpt":"La zafra de reproductores en Salto cerr\u00f3 octubre con resultados altamente positivos, confirmando un incremento tanto en precios como en volumen frente al a\u00f1o anterior. En total, se comercializaron 445 toros -30 m\u00e1s que en 2024- por una facturaci\u00f3n total de US$ 1.961.110, lo que representa un aumento del 33%\u2026","rel":"","context":"En \u00abActualidad\u00bb","block_context":{"text":"Actualidad","link":"https:\/\/lahoradelcampo.com.uy\/site\/category\/actualidad\/"},"img":{"alt_text":"","src":"https:\/\/i0.wp.com\/lahoradelcampo.com.uy\/site\/wp-content\/uploads\/2025\/11\/Toros-Hereford-scaled.jpg?fit=1200%2C904&ssl=1&resize=350%2C200","width":350,"height":200,"srcset":"https:\/\/i0.wp.com\/lahoradelcampo.com.uy\/site\/wp-content\/uploads\/2025\/11\/Toros-Hereford-scaled.jpg?fit=1200%2C904&ssl=1&resize=350%2C200 1x, https:\/\/i0.wp.com\/lahoradelcampo.com.uy\/site\/wp-content\/uploads\/2025\/11\/Toros-Hereford-scaled.jpg?fit=1200%2C904&ssl=1&resize=525%2C300 1.5x, https:\/\/i0.wp.com\/lahoradelcampo.com.uy\/site\/wp-content\/uploads\/2025\/11\/Toros-Hereford-scaled.jpg?fit=1200%2C904&ssl=1&resize=700%2C400 2x, https:\/\/i0.wp.com\/lahoradelcampo.com.uy\/site\/wp-content\/uploads\/2025\/11\/Toros-Hereford-scaled.jpg?fit=1200%2C904&ssl=1&resize=1050%2C600 3x"},"classes":[]},{"id":34823,"url":"https:\/\/lahoradelcampo.com.uy\/site\/la-cabana-del-gran-campeon-del-prado-vendio-sus-angus-en-us-3-644\/","url_meta":{"origin":55054,"position":5},"title":"La caba\u00f1a del Gran Campe\u00f3n del  Prado vendi\u00f3 sus Angus en US$ 3.644","author":"La Hora del Campo","date":"30 septiembre, 2021","format":false,"excerpt":"San Gregorio Ganadera realiz\u00f3 su d\u00e9cimo cuarto remate anual, en la propia estancia en Soriano, con los martillos de los escritorios Pages Ma\u00f1ay y Coco Morales. Se coloc\u00f3 el 100% de los toros Aberdeen Angus, en tanto que en el Polled Hereford la colocaci\u00f3n fue parcial. Al cierre del remate\u2026","rel":"","context":"En \u00abActualidad\u00bb","block_context":{"text":"Actualidad","link":"https:\/\/lahoradelcampo.com.uy\/site\/category\/actualidad\/"},"img":{"alt_text":"","src":"https:\/\/i0.wp.com\/lahoradelcampo.com.uy\/site\/wp-content\/uploads\/2021\/09\/Zafra-Sangregorio.jpg?fit=880%2C440&ssl=1&resize=350%2C200","width":350,"height":200,"srcset":"https:\/\/i0.wp.com\/lahoradelcampo.com.uy\/site\/wp-content\/uploads\/2021\/09\/Zafra-Sangregorio.jpg?fit=880%2C440&ssl=1&resize=350%2C200 1x, https:\/\/i0.wp.com\/lahoradelcampo.com.uy\/site\/wp-content\/uploads\/2021\/09\/Zafra-Sangregorio.jpg?fit=880%2C440&ssl=1&resize=525%2C300 1.5x, https:\/\/i0.wp.com\/lahoradelcampo.com.uy\/site\/wp-content\/uploads\/2021\/09\/Zafra-Sangregorio.jpg?fit=880%2C440&ssl=1&resize=700%2C400 2x"},"classes":[]}],"jetpack_likes_enabled":true,"_links":{"self":[{"href":"https:\/\/lahoradelcampo.com.uy\/site\/wp-json\/wp\/v2\/posts\/55054","targetHints":{"allow":["GET"]}}],"collection":[{"href":"https:\/\/lahoradelcampo.com.uy\/site\/wp-json\/wp\/v2\/posts"}],"about":[{"href":"https:\/\/lahoradelcampo.com.uy\/site\/wp-json\/wp\/v2\/types\/post"}],"author":[{"embeddable":true,"href":"https:\/\/lahoradelcampo.com.uy\/site\/wp-json\/wp\/v2\/users\/5"}],"replies":[{"embeddable":true,"href":"https:\/\/lahoradelcampo.com.uy\/site\/wp-json\/wp\/v2\/comments?post=55054"}],"version-history":[{"count":1,"href":"https:\/\/lahoradelcampo.com.uy\/site\/wp-json\/wp\/v2\/posts\/55054\/revisions"}],"predecessor-version":[{"id":55055,"href":"https:\/\/lahoradelcampo.com.uy\/site\/wp-json\/wp\/v2\/posts\/55054\/revisions\/55055"}],"wp:featuredmedia":[{"embeddable":true,"href":"https:\/\/lahoradelcampo.com.uy\/site\/wp-json\/wp\/v2\/media\/54745"}],"wp:attachment":[{"href":"https:\/\/lahoradelcampo.com.uy\/site\/wp-json\/wp\/v2\/media?parent=55054"}],"wp:term":[{"taxonomy":"category","embeddable":true,"href":"https:\/\/lahoradelcampo.com.uy\/site\/wp-json\/wp\/v2\/categories?post=55054"},{"taxonomy":"post_tag","embeddable":true,"href":"https:\/\/lahoradelcampo.com.uy\/site\/wp-json\/wp\/v2\/tags?post=55054"}],"curies":[{"name":"wp","href":"https:\/\/api.w.org\/{rel}","templated":true}]}}