{"id":55047,"date":"2024-11-06T17:52:24","date_gmt":"2024-11-06T20:52:24","guid":{"rendered":"http:\/\/lahoradelcampo.com.uy\/site\/?p=55047"},"modified":"2024-11-06T17:52:26","modified_gmt":"2024-11-06T20:52:26","slug":"la-zafra-esta-llegando-a-su-fin-con-mas-demanda-por-toros","status":"publish","type":"post","link":"https:\/\/lahoradelcampo.com.uy\/site\/la-zafra-esta-llegando-a-su-fin-con-mas-demanda-por-toros\/","title":{"rendered":"La zafra esta llegando a su fin con m\u00e1s demanda por toros"},"content":{"rendered":"\n<figure class=\"wp-block-image size-full\"><a href=\"https:\/\/i0.wp.com\/lahoradelcampo.com.uy\/site\/wp-content\/uploads\/2024\/11\/torosnacional.jpg\"><img data-recalc-dims=\"1\" loading=\"lazy\" decoding=\"async\" width=\"810\" height=\"405\" data-attachment-id=\"55048\" data-permalink=\"https:\/\/lahoradelcampo.com.uy\/site\/la-zafra-esta-llegando-a-su-fin-con-mas-demanda-por-toros\/torosnacional\/\" data-orig-file=\"https:\/\/i0.wp.com\/lahoradelcampo.com.uy\/site\/wp-content\/uploads\/2024\/11\/torosnacional.jpg?fit=880%2C440&amp;ssl=1\" data-orig-size=\"880,440\" data-comments-opened=\"1\" data-image-meta=\"{&quot;aperture&quot;:&quot;0&quot;,&quot;credit&quot;:&quot;&quot;,&quot;camera&quot;:&quot;&quot;,&quot;caption&quot;:&quot;&quot;,&quot;created_timestamp&quot;:&quot;0&quot;,&quot;copyright&quot;:&quot;&quot;,&quot;focal_length&quot;:&quot;0&quot;,&quot;iso&quot;:&quot;0&quot;,&quot;shutter_speed&quot;:&quot;0&quot;,&quot;title&quot;:&quot;&quot;,&quot;orientation&quot;:&quot;1&quot;}\" data-image-title=\"torosnacional\" data-image-description=\"\" data-image-caption=\"\" data-large-file=\"https:\/\/i0.wp.com\/lahoradelcampo.com.uy\/site\/wp-content\/uploads\/2024\/11\/torosnacional.jpg?fit=810%2C405&amp;ssl=1\" src=\"https:\/\/i0.wp.com\/lahoradelcampo.com.uy\/site\/wp-content\/uploads\/2024\/11\/torosnacional.jpg?resize=810%2C405\" alt=\"\" class=\"wp-image-55048\" srcset=\"https:\/\/i0.wp.com\/lahoradelcampo.com.uy\/site\/wp-content\/uploads\/2024\/11\/torosnacional.jpg?w=880&amp;ssl=1 880w, https:\/\/i0.wp.com\/lahoradelcampo.com.uy\/site\/wp-content\/uploads\/2024\/11\/torosnacional.jpg?resize=300%2C150&amp;ssl=1 300w, https:\/\/i0.wp.com\/lahoradelcampo.com.uy\/site\/wp-content\/uploads\/2024\/11\/torosnacional.jpg?resize=768%2C384&amp;ssl=1 768w, https:\/\/i0.wp.com\/lahoradelcampo.com.uy\/site\/wp-content\/uploads\/2024\/11\/torosnacional.jpg?resize=820%2C410&amp;ssl=1 820w\" sizes=\"auto, (max-width: 810px) 100vw, 810px\" \/><\/a><\/figure>\n\n\n\n<p>Al finalizar la zafra la demanda por toros parece incrementarse, con remates exitosos y ventas totales en la mayor\u00eda de las subastas. La primavera se afirma, los valores de la hacienda acompa\u00f1an, tanto para el gordo como en el caso de la reposici\u00f3n, y eso ha ayudado a que una zafra muy concentrada, que en muchos casos atomiz\u00f3 a los productores con m\u00e1s de cuatro ventas a la misma hora en distintos puntos del pa\u00eds, lograra transcurrir con ventas pr\u00e1cticamente que totales en las pistas de venta y subastas virtuales.<\/p>\n\n\n\n<p>Como es tradicional, en La Hora del Campo, realizamos un balance de la zafra en base a los remates que acompa\u00f1amos presencialmente, as\u00ed como tambi\u00e9n aquellos que visualizamos v\u00eda internet, a trav\u00e9s de las transmisiones de Clic Rural, CampoTV, y los canales de Youtube de los escritorios rematadores. En muchos casos se visualizaron una vez finalizados, debido a que muchos de los mismos se realizaron a la misma hora.<\/p>\n\n\n\n<p>Tambi\u00e9n es v\u00e1lido aclarar que se contabilizaron \u00fanicamente los toros vendidos en la pista, al bajar el martillo, mientras que los reproductores que se colocaron por fuera de la subasta en este caso no son tenidos en cuenta.<\/p>\n\n\n\n<p>Al primero de noviembre, acompa\u00f1amos 141 remates y subastas virtuales, con un total de 5.654 reproductores vendidos, lo que marca un 6,5% m\u00e1s de toros que los registrados en igual periodo de 2023. Este aumento se vio impulsado por un incremento en la cantidad de toros vendidos de las distintas razas, salvo la Hereford, que descendi\u00f3 levemente.<\/p>\n\n\n\n<p>El promedio ha sido de US$ 3.354 este a\u00f1o, lo que marca un aumento del 8% respecto a los US$ 3.105 registrados en 2023. El precio m\u00e1ximo se registr\u00f3 en el remate \u00abGen\u00e9tica Efectiva\u00bb, de las caba\u00f1as Campo Norte y Manantial Verde, donde se comercializ\u00f3 en US$ 20.000 el 50% del Gran Campe\u00f3n Aberdeen Angus de la Expo Prado 2024, lo que eleva su valor total a US$ 40.000. En tanto que el piso se ubic\u00f3 en US$ 1.800.<\/p>\n\n\n\n<p>El 58,9% de los toros se han comercializado por debajo del promedio en esta zafra. En tanto que la \u00abmediana\u00bb de los toros se ubic\u00f3 en US$ 3.120 y el valor m\u00e1s repetido en la zafra ha sido US$ 2.400 para 491 reproductores.<\/p>\n\n\n\n<p>Salto, 6 de noviembre de 2024<\/p>\n","protected":false},"excerpt":{"rendered":"<p>Al finalizar la zafra la demanda por toros parece incrementarse, con remates exitosos y ventas totales en la mayor\u00eda de las subastas. La primavera se afirma, los valores de la [&hellip;]<\/p>\n","protected":false},"author":5,"featured_media":55048,"comment_status":"open","ping_status":"open","sticky":false,"template":"","format":"standard","meta":{"_price":"","_stock":"","_tribe_ticket_header":"","_tribe_default_ticket_provider":"","_tribe_ticket_capacity":"0","_ticket_start_date":"","_ticket_end_date":"","_tribe_ticket_show_description":"","_tribe_ticket_show_not_going":false,"_tribe_ticket_use_global_stock":"","_tribe_ticket_global_stock_level":"","_global_stock_mode":"","_global_stock_cap":"","_tribe_rsvp_for_event":"","_tribe_ticket_going_count":"","_tribe_ticket_not_going_count":"","_tribe_tickets_list":"[]","_tribe_ticket_has_attendee_info_fields":false,"h5ap_radio_sources":[],"_jetpack_newsletter_access":"","_jetpack_dont_email_post_to_subs":false,"_jetpack_newsletter_tier_id":0,"_jetpack_memberships_contains_paywalled_content":false,"_jetpack_memberships_contains_paid_content":false,"footnotes":""},"categories":[21,5],"tags":[],"class_list":["post-55047","post","type-post","status-publish","format-standard","has-post-thumbnail","hentry","category-actualidad","category-ganaderia"],"jetpack_featured_media_url":"https:\/\/i0.wp.com\/lahoradelcampo.com.uy\/site\/wp-content\/uploads\/2024\/11\/torosnacional.jpg?fit=880%2C440&ssl=1","jetpack_sharing_enabled":true,"jetpack_shortlink":"https:\/\/wp.me\/p99IaT-ejR","jetpack-related-posts":[{"id":14703,"url":"https:\/\/lahoradelcampo.com.uy\/site\/los-primeros-remates-de-la-zafra-de-toros-vienen-con-colocacion-total-en-la-pista\/","url_meta":{"origin":55047,"position":0},"title":"Los primeros remates de la zafra de toros vienen con colocaci\u00f3n total en la pista","author":"La Hora del Campo","date":"1 octubre, 2019","format":false,"excerpt":"El angus de Grumbacher, el hereford de Kiy\u00fa, el brangus de El Coraje, el senepol de El Cerro, lograron colocaci\u00f3n total en la pista durante las primeras subastas de la zafra y valores firmes y al alza respecto al a\u00f1o pasado. El angus de La Competencia de Grumbacher se coloc\u00f3\u2026","rel":"","context":"En \u00abActualidad\u00bb","block_context":{"text":"Actualidad","link":"https:\/\/lahoradelcampo.com.uy\/site\/category\/actualidad\/"},"img":{"alt_text":"","src":"https:\/\/i0.wp.com\/lahoradelcampo.com.uy\/site\/wp-content\/uploads\/2019\/10\/novilleros.jpg?fit=880%2C440&ssl=1&resize=350%2C200","width":350,"height":200,"srcset":"https:\/\/i0.wp.com\/lahoradelcampo.com.uy\/site\/wp-content\/uploads\/2019\/10\/novilleros.jpg?fit=880%2C440&ssl=1&resize=350%2C200 1x, https:\/\/i0.wp.com\/lahoradelcampo.com.uy\/site\/wp-content\/uploads\/2019\/10\/novilleros.jpg?fit=880%2C440&ssl=1&resize=525%2C300 1.5x, https:\/\/i0.wp.com\/lahoradelcampo.com.uy\/site\/wp-content\/uploads\/2019\/10\/novilleros.jpg?fit=880%2C440&ssl=1&resize=700%2C400 2x"},"classes":[]},{"id":24536,"url":"https:\/\/lahoradelcampo.com.uy\/site\/la-zafra-de-toros-continua-con-buenos-valores-y-buena-demanda\/","url_meta":{"origin":55047,"position":1},"title":"La zafra de toros contin\u00faa con buenos valores y buena demanda","author":"La Hora del Campo","date":"12 octubre, 2020","format":false,"excerpt":"La zafra de reproductores viene caminando a buen ritmo, con alto nivel de demanda y valores que cotizan, promedialmente por debajo de la zafra pasada en la mayor\u00eda de las ventas, algo casi l\u00f3gico de explicar debido a la suba del d\u00f3lar y la baja del valor del novillo gordo.\u2026","rel":"","context":"En \u00abActualidad\u00bb","block_context":{"text":"Actualidad","link":"https:\/\/lahoradelcampo.com.uy\/site\/category\/actualidad\/"},"img":{"alt_text":"","src":"https:\/\/i0.wp.com\/lahoradelcampo.com.uy\/site\/wp-content\/uploads\/2020\/10\/zafratoros.jpg?fit=880%2C440&ssl=1&resize=350%2C200","width":350,"height":200,"srcset":"https:\/\/i0.wp.com\/lahoradelcampo.com.uy\/site\/wp-content\/uploads\/2020\/10\/zafratoros.jpg?fit=880%2C440&ssl=1&resize=350%2C200 1x, https:\/\/i0.wp.com\/lahoradelcampo.com.uy\/site\/wp-content\/uploads\/2020\/10\/zafratoros.jpg?fit=880%2C440&ssl=1&resize=525%2C300 1.5x, https:\/\/i0.wp.com\/lahoradelcampo.com.uy\/site\/wp-content\/uploads\/2020\/10\/zafratoros.jpg?fit=880%2C440&ssl=1&resize=700%2C400 2x"},"classes":[]},{"id":45823,"url":"https:\/\/lahoradelcampo.com.uy\/site\/cuanto-valdran-los-toros-esta-zafra-los-cabaneros-responden\/","url_meta":{"origin":55047,"position":2},"title":"\u00bfCu\u00e1nto valdr\u00e1n los toros esta zafra?  Los caba\u00f1eros responden","author":"La Hora del Campo","date":"26 septiembre, 2022","format":false,"excerpt":"Ya han comenzado a desarrollarse algunos remates de reproductores a nivel pa\u00eds, marcando en los primeros casos, subas de precios frente a la zafra anterior en el eje de un 30%, caso lo ocurrido en las ventas de la Sociedad de Criadores de Hereford en Kiy\u00fa y el remate de\u2026","rel":"","context":"En \u00abActualidad\u00bb","block_context":{"text":"Actualidad","link":"https:\/\/lahoradelcampo.com.uy\/site\/category\/actualidad\/"},"img":{"alt_text":"","src":"https:\/\/i0.wp.com\/lahoradelcampo.com.uy\/site\/wp-content\/uploads\/2020\/10\/zafratoros.jpg?fit=880%2C440&ssl=1&resize=350%2C200","width":350,"height":200,"srcset":"https:\/\/i0.wp.com\/lahoradelcampo.com.uy\/site\/wp-content\/uploads\/2020\/10\/zafratoros.jpg?fit=880%2C440&ssl=1&resize=350%2C200 1x, https:\/\/i0.wp.com\/lahoradelcampo.com.uy\/site\/wp-content\/uploads\/2020\/10\/zafratoros.jpg?fit=880%2C440&ssl=1&resize=525%2C300 1.5x, https:\/\/i0.wp.com\/lahoradelcampo.com.uy\/site\/wp-content\/uploads\/2020\/10\/zafratoros.jpg?fit=880%2C440&ssl=1&resize=700%2C400 2x"},"classes":[]},{"id":57082,"url":"https:\/\/lahoradelcampo.com.uy\/site\/en-salto-se-vendieron-445-toros-a-un-promedio-de-us-4-407\/","url_meta":{"origin":55047,"position":3},"title":"En Salto se vendieron 445 toros a un promedio de US$ 4.407","author":"La Hora del Campo","date":"18 noviembre, 2025","format":false,"excerpt":"La zafra de reproductores en Salto cerr\u00f3 octubre con resultados altamente positivos, confirmando un incremento tanto en precios como en volumen frente al a\u00f1o anterior. En total, se comercializaron 445 toros -30 m\u00e1s que en 2024- por una facturaci\u00f3n total de US$ 1.961.110, lo que representa un aumento del 33%\u2026","rel":"","context":"En \u00abActualidad\u00bb","block_context":{"text":"Actualidad","link":"https:\/\/lahoradelcampo.com.uy\/site\/category\/actualidad\/"},"img":{"alt_text":"","src":"https:\/\/i0.wp.com\/lahoradelcampo.com.uy\/site\/wp-content\/uploads\/2025\/11\/Toros-Hereford-scaled.jpg?fit=1200%2C904&ssl=1&resize=350%2C200","width":350,"height":200,"srcset":"https:\/\/i0.wp.com\/lahoradelcampo.com.uy\/site\/wp-content\/uploads\/2025\/11\/Toros-Hereford-scaled.jpg?fit=1200%2C904&ssl=1&resize=350%2C200 1x, https:\/\/i0.wp.com\/lahoradelcampo.com.uy\/site\/wp-content\/uploads\/2025\/11\/Toros-Hereford-scaled.jpg?fit=1200%2C904&ssl=1&resize=525%2C300 1.5x, https:\/\/i0.wp.com\/lahoradelcampo.com.uy\/site\/wp-content\/uploads\/2025\/11\/Toros-Hereford-scaled.jpg?fit=1200%2C904&ssl=1&resize=700%2C400 2x, https:\/\/i0.wp.com\/lahoradelcampo.com.uy\/site\/wp-content\/uploads\/2025\/11\/Toros-Hereford-scaled.jpg?fit=1200%2C904&ssl=1&resize=1050%2C600 3x"},"classes":[]},{"id":2909,"url":"https:\/\/lahoradelcampo.com.uy\/site\/la-zafra-esta-enmarcada-en-la-realidad-economica-del-sector\/","url_meta":{"origin":55047,"position":4},"title":"La zafra esta enmarcada en la realidad econ\u00f3mica del sector","author":"La Hora del Campo","date":"18 octubre, 2017","format":false,"excerpt":"El presidente de la Sociedad de Criadores de Hereford del Uruguay, Cr. Javier Aznarez, dijo que la zafra \"se est\u00e1 dando de acuerdo a las expectativas de los productores, hay una clara necesidad de toros\". Sin embargo reconoci\u00f3 que la misma \"est\u00e1 enmarcada en lo que es una realidad econ\u00f3mica\u2026","rel":"","context":"En \u00abActualidad\u00bb","block_context":{"text":"Actualidad","link":"https:\/\/lahoradelcampo.com.uy\/site\/category\/actualidad\/"},"img":{"alt_text":"","src":"https:\/\/i0.wp.com\/lahoradelcampo.com.uy\/site\/wp-content\/uploads\/2017\/10\/Javier-Aznarez.jpg?fit=880%2C440&ssl=1&resize=350%2C200","width":350,"height":200,"srcset":"https:\/\/i0.wp.com\/lahoradelcampo.com.uy\/site\/wp-content\/uploads\/2017\/10\/Javier-Aznarez.jpg?fit=880%2C440&ssl=1&resize=350%2C200 1x, https:\/\/i0.wp.com\/lahoradelcampo.com.uy\/site\/wp-content\/uploads\/2017\/10\/Javier-Aznarez.jpg?fit=880%2C440&ssl=1&resize=525%2C300 1.5x, https:\/\/i0.wp.com\/lahoradelcampo.com.uy\/site\/wp-content\/uploads\/2017\/10\/Javier-Aznarez.jpg?fit=880%2C440&ssl=1&resize=700%2C400 2x"},"classes":[]},{"id":55054,"url":"https:\/\/lahoradelcampo.com.uy\/site\/aberdeen-angus-una-zafra-muy-positiva\/","url_meta":{"origin":55047,"position":5},"title":"Aberdeen Angus: \u00abuna zafra muy positiva\u00bb","author":"La Hora del Campo","date":"6 noviembre, 2024","format":false,"excerpt":"La raza Aberdeen Angus, fue la de mayor volumen de toros comercializados en la presente zafra, entre el 12 de setiembre y el 1 de noviembre. En total se vendieron 3.372 toros, un 8,6% m\u00e1s que el a\u00f1o pasado. El promedio alcanzado es de US$ 3.385, subiendo un 10,7% entre\u2026","rel":"","context":"En \u00abActualidad\u00bb","block_context":{"text":"Actualidad","link":"https:\/\/lahoradelcampo.com.uy\/site\/category\/actualidad\/"},"img":{"alt_text":"","src":"https:\/\/i0.wp.com\/lahoradelcampo.com.uy\/site\/wp-content\/uploads\/2024\/09\/Angus-OBT.jpg?fit=880%2C440&ssl=1&resize=350%2C200","width":350,"height":200,"srcset":"https:\/\/i0.wp.com\/lahoradelcampo.com.uy\/site\/wp-content\/uploads\/2024\/09\/Angus-OBT.jpg?fit=880%2C440&ssl=1&resize=350%2C200 1x, https:\/\/i0.wp.com\/lahoradelcampo.com.uy\/site\/wp-content\/uploads\/2024\/09\/Angus-OBT.jpg?fit=880%2C440&ssl=1&resize=525%2C300 1.5x, https:\/\/i0.wp.com\/lahoradelcampo.com.uy\/site\/wp-content\/uploads\/2024\/09\/Angus-OBT.jpg?fit=880%2C440&ssl=1&resize=700%2C400 2x"},"classes":[]}],"jetpack_likes_enabled":true,"_links":{"self":[{"href":"https:\/\/lahoradelcampo.com.uy\/site\/wp-json\/wp\/v2\/posts\/55047","targetHints":{"allow":["GET"]}}],"collection":[{"href":"https:\/\/lahoradelcampo.com.uy\/site\/wp-json\/wp\/v2\/posts"}],"about":[{"href":"https:\/\/lahoradelcampo.com.uy\/site\/wp-json\/wp\/v2\/types\/post"}],"author":[{"embeddable":true,"href":"https:\/\/lahoradelcampo.com.uy\/site\/wp-json\/wp\/v2\/users\/5"}],"replies":[{"embeddable":true,"href":"https:\/\/lahoradelcampo.com.uy\/site\/wp-json\/wp\/v2\/comments?post=55047"}],"version-history":[{"count":1,"href":"https:\/\/lahoradelcampo.com.uy\/site\/wp-json\/wp\/v2\/posts\/55047\/revisions"}],"predecessor-version":[{"id":55049,"href":"https:\/\/lahoradelcampo.com.uy\/site\/wp-json\/wp\/v2\/posts\/55047\/revisions\/55049"}],"wp:featuredmedia":[{"embeddable":true,"href":"https:\/\/lahoradelcampo.com.uy\/site\/wp-json\/wp\/v2\/media\/55048"}],"wp:attachment":[{"href":"https:\/\/lahoradelcampo.com.uy\/site\/wp-json\/wp\/v2\/media?parent=55047"}],"wp:term":[{"taxonomy":"category","embeddable":true,"href":"https:\/\/lahoradelcampo.com.uy\/site\/wp-json\/wp\/v2\/categories?post=55047"},{"taxonomy":"post_tag","embeddable":true,"href":"https:\/\/lahoradelcampo.com.uy\/site\/wp-json\/wp\/v2\/tags?post=55047"}],"curies":[{"name":"wp","href":"https:\/\/api.w.org\/{rel}","templated":true}]}}