{"id":55044,"date":"2024-11-06T14:06:44","date_gmt":"2024-11-06T17:06:44","guid":{"rendered":"https:\/\/lahoradelcampo.com.uy\/site\/?p=55044"},"modified":"2024-11-06T14:06:45","modified_gmt":"2024-11-06T17:06:45","slug":"uruguay-y-fao-apuntan-a-una-transformacion-sostenible-de-la-ganaderia","status":"publish","type":"post","link":"https:\/\/lahoradelcampo.com.uy\/site\/uruguay-y-fao-apuntan-a-una-transformacion-sostenible-de-la-ganaderia\/","title":{"rendered":"Uruguay y FAO apuntan a una transformaci\u00f3n sostenible de la ganader\u00eda"},"content":{"rendered":"\n<figure class=\"wp-block-image size-full\"><a href=\"https:\/\/i0.wp.com\/lahoradelcampo.com.uy\/site\/wp-content\/uploads\/2024\/11\/LacalleyFAO.jpg?ssl=1\"><img data-recalc-dims=\"1\" loading=\"lazy\" decoding=\"async\" width=\"810\" height=\"405\" data-attachment-id=\"55045\" data-permalink=\"https:\/\/lahoradelcampo.com.uy\/site\/uruguay-y-fao-apuntan-a-una-transformacion-sostenible-de-la-ganaderia\/lacalleyfao\/\" data-orig-file=\"https:\/\/i0.wp.com\/lahoradelcampo.com.uy\/site\/wp-content\/uploads\/2024\/11\/LacalleyFAO.jpg?fit=880%2C440&amp;ssl=1\" data-orig-size=\"880,440\" data-comments-opened=\"1\" data-image-meta=\"{&quot;aperture&quot;:&quot;0&quot;,&quot;credit&quot;:&quot;&quot;,&quot;camera&quot;:&quot;&quot;,&quot;caption&quot;:&quot;&quot;,&quot;created_timestamp&quot;:&quot;0&quot;,&quot;copyright&quot;:&quot;&quot;,&quot;focal_length&quot;:&quot;0&quot;,&quot;iso&quot;:&quot;0&quot;,&quot;shutter_speed&quot;:&quot;0&quot;,&quot;title&quot;:&quot;&quot;,&quot;orientation&quot;:&quot;1&quot;}\" data-image-title=\"LacalleyFAO\" data-image-description=\"\" data-image-caption=\"\" data-large-file=\"https:\/\/i0.wp.com\/lahoradelcampo.com.uy\/site\/wp-content\/uploads\/2024\/11\/LacalleyFAO.jpg?fit=810%2C405&amp;ssl=1\" src=\"https:\/\/i0.wp.com\/lahoradelcampo.com.uy\/site\/wp-content\/uploads\/2024\/11\/LacalleyFAO.jpg?resize=810%2C405&#038;ssl=1\" alt=\"\" class=\"wp-image-55045\" srcset=\"https:\/\/i0.wp.com\/lahoradelcampo.com.uy\/site\/wp-content\/uploads\/2024\/11\/LacalleyFAO.jpg?w=880&amp;ssl=1 880w, https:\/\/i0.wp.com\/lahoradelcampo.com.uy\/site\/wp-content\/uploads\/2024\/11\/LacalleyFAO.jpg?resize=300%2C150&amp;ssl=1 300w, https:\/\/i0.wp.com\/lahoradelcampo.com.uy\/site\/wp-content\/uploads\/2024\/11\/LacalleyFAO.jpg?resize=768%2C384&amp;ssl=1 768w, https:\/\/i0.wp.com\/lahoradelcampo.com.uy\/site\/wp-content\/uploads\/2024\/11\/LacalleyFAO.jpg?resize=820%2C410&amp;ssl=1 820w\" sizes=\"auto, (max-width: 810px) 100vw, 810px\" \/><\/a><\/figure>\n\n\n\n<p>En el marco de la primera Conferencia Regional para la Transformaci\u00f3n Sostenible de la Ganader\u00eda en Am\u00e9rica Latina y el Caribe, que comenz\u00f3 ayer y finaliza en el d\u00eda de hoy en Punta del Este, el presidente de la Rep\u00fablica, Dr. Luis Lacalle Pou, destac\u00f3 la importancia de incluir a los peque\u00f1os productores en el avance hacia una ganader\u00eda sostenible.<\/p>\n\n\n\n<p>En su discurso inaugural, el mandatario subray\u00f3 que la sostenibilidad no debe limitarse al \u00e1mbito productivo, sino tambi\u00e9n a la institucionalidad del pa\u00eds, resaltando que \u00abalgo que asegura la sostenibilidad es la confianza, y es lo que nosotros hemos tratado de generar en estos a\u00f1os\u00bb.<\/p>\n\n\n\n<p>Durante su intervenci\u00f3n, Lacalle Pou se\u00f1al\u00f3 que, aunque la naturaleza ha sido un factor determinante en el desarrollo de Uruguay, el pa\u00eds ha avanzado en ciencia y tecnolog\u00eda para optimizar su producci\u00f3n sin sacrificar la inclusi\u00f3n de los peque\u00f1os productores. Para el mandatario, esta inclusi\u00f3n es esencial en un sector en el que predominan los grandes establecimientos. \u00abEs importante que la econom\u00eda contemple a los peque\u00f1os productores para que no queden excluidos ante los grandes establecimientos\u00bb, sostuvo.<\/p>\n\n\n\n<p>En este contexto, destac\u00f3 la creaci\u00f3n del Ministerio de Ambiente, una iniciativa de su administraci\u00f3n que refuerza la institucionalidad ambiental en el pa\u00eds. Lacalle Pou resalt\u00f3 el trabajo coordinado entre las diferentes secretar\u00edas de Estado, superando las tensiones naturales que surgen en la asignaci\u00f3n de recursos, y afirm\u00f3 que el Gobierno \u00abcamina en conjunto\u00bb hacia un modelo de desarrollo m\u00e1s sostenible.<\/p>\n\n\n\n<p><strong>Fernando Mattos<\/strong><\/p>\n\n\n\n<p>El ministro de Ganader\u00eda, Agricultura y Pesca, Fernando Mattos, destac\u00f3 la decisi\u00f3n de la FAO de realizar en Uruguay esta conferencia regional. En este sentido subray\u00f3 que nuestro pa\u00eds, con m\u00e1s del 55% de su territorio conservando pasturas naturales, reafirma su compromiso con una producci\u00f3n ganadera sostenible. \u00abElige el pa\u00eds m\u00e1s ganadero del mundo\u00bb, se\u00f1al\u00f3 el ministro, resaltando el papel de Uruguay como proveedor mundial de alimentos.<\/p>\n\n\n\n<p>Mattos enfatiz\u00f3 que el modelo de producci\u00f3n uruguayo se basa en la conservaci\u00f3n de recursos naturales y en el cumplimiento de normas de alta calidad, lo cual permite al pa\u00eds exportar carne y productos ganaderos a diversas naciones desarrolladas. Destac\u00f3 que este enfoque no solo es una ventaja competitiva, sino tambi\u00e9n una responsabilidad con el medio ambiente que Uruguay est\u00e1 decidido a mantener.<\/p>\n\n\n\n<p><strong>Azucena Arbeleche<\/strong><\/p>\n\n\n\n<p>Por su parte, la ministra de Econom\u00eda y Finanzas, Azucena Arbeleche, se refiri\u00f3 al cambio de paradigma global, en el que los impactos ambientales son cada vez m\u00e1s considerados en decisiones gubernamentales y empresariales.<\/p>\n\n\n\n<p>Para Uruguay, integrar la sostenibilidad en la pol\u00edtica econ\u00f3mica es fundamental para el crecimiento del pa\u00eds y la creaci\u00f3n de empleos. \u00abLos pa\u00edses que contribuyen al cuidado ambiental deben recibir un reconocimiento econ\u00f3mico\u00bb, sostuvo, abogando por que estos esfuerzos sean recompensados a trav\u00e9s de menores costos de financiamiento a nivel internacional.<\/p>\n\n\n\n<p>Arbeleche tambi\u00e9n anunci\u00f3 que enviar\u00e1 al Parlamento un proyecto para constituir un fondo dedicado al clima y la naturaleza, el cual se financiar\u00e1 con ahorros obtenidos por el cumplimiento de indicadores ambientales, recursos de Rentas Generales y posibles aportes internacionales.<\/p>\n\n\n\n<p>Adem\u00e1s, record\u00f3 que Uruguay ya ha implementado medidas como el bono soberano vinculado a objetivos de sostenibilidad y el ajuste de impuestos internos para reducir las emisiones de carbono, aline\u00e1ndose con las normativas ambientales de la Uni\u00f3n Europea que entrar\u00e1n en vigor en 2025.<\/p>\n\n\n\n<p>En el marco de la conferencia, se destac\u00f3 el trabajo conjunto entre el Ministerio de Ganader\u00eda y el Instituto Nacional de Carnes (INAC) para certificar la carne de exportaci\u00f3n como \u00ablibre de deforestaci\u00f3n\u00bb, un est\u00e1ndar que refuerza el compromiso de Uruguay con la conservaci\u00f3n ambiental y mejora su acceso a mercados internacionales.<\/p>\n\n\n\n<p>Este enfoque, concluy\u00f3 Arbeleche, permite que la promoci\u00f3n del desarrollo sostenible no solo impulse la econom\u00eda, sino que genere \u00abm\u00e1s oportunidades de inversi\u00f3n, mejores condiciones comerciales y m\u00e1s empleos para nuestros ciudadanos\u00bb.<\/p>\n\n\n\n<p>Salto, 6 de noviembre de 2024<\/p>\n","protected":false},"excerpt":{"rendered":"<p>En el marco de la primera Conferencia Regional para la Transformaci\u00f3n Sostenible de la Ganader\u00eda en Am\u00e9rica Latina y el Caribe, que comenz\u00f3 ayer y finaliza en el d\u00eda de [&hellip;]<\/p>\n","protected":false},"author":5,"featured_media":55045,"comment_status":"open","ping_status":"open","sticky":false,"template":"","format":"standard","meta":{"_price":"","_stock":"","_tribe_ticket_header":"","_tribe_default_ticket_provider":"","_tribe_ticket_capacity":"0","_ticket_start_date":"","_ticket_end_date":"","_tribe_ticket_show_description":"","_tribe_ticket_show_not_going":false,"_tribe_ticket_use_global_stock":"","_tribe_ticket_global_stock_level":"","_global_stock_mode":"","_global_stock_cap":"","_tribe_rsvp_for_event":"","_tribe_ticket_going_count":"","_tribe_ticket_not_going_count":"","_tribe_tickets_list":"[]","_tribe_ticket_has_attendee_info_fields":false,"h5ap_radio_sources":[],"_jetpack_newsletter_access":"","_jetpack_dont_email_post_to_subs":false,"_jetpack_newsletter_tier_id":0,"_jetpack_memberships_contains_paywalled_content":false,"_jetpack_memberships_contains_paid_content":false,"footnotes":""},"categories":[21,5],"tags":[],"class_list":["post-55044","post","type-post","status-publish","format-standard","has-post-thumbnail","hentry","category-actualidad","category-ganaderia"],"jetpack_featured_media_url":"https:\/\/i0.wp.com\/lahoradelcampo.com.uy\/site\/wp-content\/uploads\/2024\/11\/LacalleyFAO.jpg?fit=880%2C440&ssl=1","jetpack_sharing_enabled":true,"jetpack_shortlink":"https:\/\/wp.me\/p99IaT-ejO","jetpack-related-posts":[{"id":50190,"url":"https:\/\/lahoradelcampo.com.uy\/site\/ganaderia-sostenible-en-latinoamerica-el-papel-de-la-ciencia-y-la-tecnologia\/","url_meta":{"origin":55044,"position":0},"title":"Ganader\u00eda sostenible en latinoam\u00e9rica: el papel de la ciencia y la tecnolog\u00eda","author":"La Hora del Campo","date":"25 abril, 2023","format":false,"excerpt":"La ganader\u00eda es uno de los sectores m\u00e1s importantes de la econom\u00eda de latinoamericana, por lo que la sostenibilidad de la misma es vital para el desarrollo equitativo de la regi\u00f3n. En este sentido, el ingeniero agr\u00f3nomo Fabio Montossi, investigador principal del Programa Nacional Carne y Lana en el Instituto\u2026","rel":"","context":"En \u00abActualidad\u00bb","block_context":{"text":"Actualidad","link":"https:\/\/lahoradelcampo.com.uy\/site\/category\/actualidad\/"},"img":{"alt_text":"","src":"https:\/\/i0.wp.com\/lahoradelcampo.com.uy\/site\/wp-content\/uploads\/2017\/09\/Fabio-Montossi.jpg?fit=880%2C440&ssl=1&resize=350%2C200","width":350,"height":200,"srcset":"https:\/\/i0.wp.com\/lahoradelcampo.com.uy\/site\/wp-content\/uploads\/2017\/09\/Fabio-Montossi.jpg?fit=880%2C440&ssl=1&resize=350%2C200 1x, https:\/\/i0.wp.com\/lahoradelcampo.com.uy\/site\/wp-content\/uploads\/2017\/09\/Fabio-Montossi.jpg?fit=880%2C440&ssl=1&resize=525%2C300 1.5x, https:\/\/i0.wp.com\/lahoradelcampo.com.uy\/site\/wp-content\/uploads\/2017\/09\/Fabio-Montossi.jpg?fit=880%2C440&ssl=1&resize=700%2C400 2x"},"classes":[]},{"id":54662,"url":"https:\/\/lahoradelcampo.com.uy\/site\/plan-agropecuario-y-minerva-foods-impulsan-la-ganaderia-sostenible\/","url_meta":{"origin":55044,"position":1},"title":"Plan Agropecuario y Minerva Foods impulsan la ganader\u00eda sostenible","author":"La Hora del Campo","date":"25 septiembre, 2024","format":false,"excerpt":"El pasado martes 10 de septiembre, en el marco de la Expoprado 2024, se firm\u00f3 un acuerdo clave para la sostenibilidad de la producci\u00f3n ganadera en Uruguay. El convenio entre el Instituto Plan Agropecuario (IPA) y Minerva Foods, presentado por Esteban Carriquiry, Presidente del IPA, y Patricio Silveira, Presidente de\u2026","rel":"","context":"En \u00abActualidad\u00bb","block_context":{"text":"Actualidad","link":"https:\/\/lahoradelcampo.com.uy\/site\/category\/actualidad\/"},"img":{"alt_text":"","src":"https:\/\/i0.wp.com\/lahoradelcampo.com.uy\/site\/wp-content\/uploads\/2024\/09\/Planagropecuario-minerva.jpg?fit=880%2C440&ssl=1&resize=350%2C200","width":350,"height":200,"srcset":"https:\/\/i0.wp.com\/lahoradelcampo.com.uy\/site\/wp-content\/uploads\/2024\/09\/Planagropecuario-minerva.jpg?fit=880%2C440&ssl=1&resize=350%2C200 1x, https:\/\/i0.wp.com\/lahoradelcampo.com.uy\/site\/wp-content\/uploads\/2024\/09\/Planagropecuario-minerva.jpg?fit=880%2C440&ssl=1&resize=525%2C300 1.5x, https:\/\/i0.wp.com\/lahoradelcampo.com.uy\/site\/wp-content\/uploads\/2024\/09\/Planagropecuario-minerva.jpg?fit=880%2C440&ssl=1&resize=700%2C400 2x"},"classes":[]},{"id":55011,"url":"https:\/\/lahoradelcampo.com.uy\/site\/uruguay-se-convierte-en-modelo-de-ganaderia-sostenible-en-conferencia-de-la-fao\/","url_meta":{"origin":55044,"position":2},"title":"Uruguay se convierte en modelo de ganader\u00eda sostenible en conferencia de la FAO","author":"La Hora del Campo","date":"31 octubre, 2024","format":false,"excerpt":"Del 4 al 6 de noviembre, el Centro de Convenciones de Punta del Este ser\u00e1 el escenario donde Uruguay presentar\u00e1 su modelo de ganader\u00eda sostenible ante l\u00edderes internacionales y expertos del sector c\u00e1rnico, como parte de la Conferencia Regional para la Transformaci\u00f3n Sostenible de la Ganader\u00eda, organizada por la Organizaci\u00f3n\u2026","rel":"","context":"En \u00abActualidad\u00bb","block_context":{"text":"Actualidad","link":"https:\/\/lahoradelcampo.com.uy\/site\/category\/actualidad\/"},"img":{"alt_text":"","src":"https:\/\/i0.wp.com\/lahoradelcampo.com.uy\/site\/wp-content\/uploads\/2024\/11\/Conradoferber1.jpg?fit=880%2C440&ssl=1&resize=350%2C200","width":350,"height":200,"srcset":"https:\/\/i0.wp.com\/lahoradelcampo.com.uy\/site\/wp-content\/uploads\/2024\/11\/Conradoferber1.jpg?fit=880%2C440&ssl=1&resize=350%2C200 1x, https:\/\/i0.wp.com\/lahoradelcampo.com.uy\/site\/wp-content\/uploads\/2024\/11\/Conradoferber1.jpg?fit=880%2C440&ssl=1&resize=525%2C300 1.5x, https:\/\/i0.wp.com\/lahoradelcampo.com.uy\/site\/wp-content\/uploads\/2024\/11\/Conradoferber1.jpg?fit=880%2C440&ssl=1&resize=700%2C400 2x"},"classes":[]},{"id":52747,"url":"https:\/\/lahoradelcampo.com.uy\/site\/uruguay-firmo-un-prestamo-con-el-banco-mundial-que-premiara-el-cumplimiento-de-objetivos-climaticos\/","url_meta":{"origin":55044,"position":3},"title":"Uruguay firm\u00f3 un pr\u00e9stamo con el Banco Mundial que premiar\u00e1 el cumplimiento de objetivos clim\u00e1ticos","author":"La Hora del Campo","date":"13 octubre, 2023","format":false,"excerpt":"El Gobierno de Uruguay y el Banco Mundial anunciaron un emocionante acuerdo que ha marcado un hito a nivel mundial: un innovador pr\u00e9stamo multilateral que premiar\u00e1 el cumplimiento de objetivos clim\u00e1ticos en el pa\u00eds sudamericano. Este acuerdo, que busca fomentar la sostenibilidad y la producci\u00f3n ganadera sostenible, est\u00e1 a la\u2026","rel":"","context":"En \u00abActualidad\u00bb","block_context":{"text":"Actualidad","link":"https:\/\/lahoradelcampo.com.uy\/site\/category\/actualidad\/"},"img":{"alt_text":"","src":"https:\/\/i0.wp.com\/lahoradelcampo.com.uy\/site\/wp-content\/uploads\/2023\/10\/Economia-BM.jpg?fit=880%2C440&ssl=1&resize=350%2C200","width":350,"height":200,"srcset":"https:\/\/i0.wp.com\/lahoradelcampo.com.uy\/site\/wp-content\/uploads\/2023\/10\/Economia-BM.jpg?fit=880%2C440&ssl=1&resize=350%2C200 1x, https:\/\/i0.wp.com\/lahoradelcampo.com.uy\/site\/wp-content\/uploads\/2023\/10\/Economia-BM.jpg?fit=880%2C440&ssl=1&resize=525%2C300 1.5x, https:\/\/i0.wp.com\/lahoradelcampo.com.uy\/site\/wp-content\/uploads\/2023\/10\/Economia-BM.jpg?fit=880%2C440&ssl=1&resize=700%2C400 2x"},"classes":[]},{"id":56293,"url":"https:\/\/lahoradelcampo.com.uy\/site\/uruguay-participa-en-un-proyecto-regional-sobre-ganaderia-sustentable\/","url_meta":{"origin":55044,"position":4},"title":"Uruguay participa en un proyecto regional sobre ganader\u00eda sustentable","author":"La Hora del Campo","date":"10 julio, 2025","format":false,"excerpt":"Con una agenda cada vez m\u00e1s marcada por los desaf\u00edos clim\u00e1ticos, las exigencias internacionales y la necesidad de una producci\u00f3n responsable, Am\u00e9rica Latina avanza en la construcci\u00f3n de un marco com\u00fan para la ganader\u00eda sostenible. As\u00ed lo explic\u00f3 el Ing. Agr. Fabio Montossi, referente del Instituto Nacional de Investigaci\u00f3n Agropecuaria\u2026","rel":"","context":"En \u00abActualidad\u00bb","block_context":{"text":"Actualidad","link":"https:\/\/lahoradelcampo.com.uy\/site\/category\/actualidad\/"},"img":{"alt_text":"","src":"https:\/\/i0.wp.com\/lahoradelcampo.com.uy\/site\/wp-content\/uploads\/2017\/09\/Fabio-Montossi.jpg?fit=880%2C440&ssl=1&resize=350%2C200","width":350,"height":200,"srcset":"https:\/\/i0.wp.com\/lahoradelcampo.com.uy\/site\/wp-content\/uploads\/2017\/09\/Fabio-Montossi.jpg?fit=880%2C440&ssl=1&resize=350%2C200 1x, https:\/\/i0.wp.com\/lahoradelcampo.com.uy\/site\/wp-content\/uploads\/2017\/09\/Fabio-Montossi.jpg?fit=880%2C440&ssl=1&resize=525%2C300 1.5x, https:\/\/i0.wp.com\/lahoradelcampo.com.uy\/site\/wp-content\/uploads\/2017\/09\/Fabio-Montossi.jpg?fit=880%2C440&ssl=1&resize=700%2C400 2x"},"classes":[]},{"id":33251,"url":"https:\/\/lahoradelcampo.com.uy\/site\/uruguay-cuenta-con-ventajas-brutales-para-la-produccion-de-biomasa\/","url_meta":{"origin":55044,"position":5},"title":"\u201cUruguay cuenta con ventajas brutales para la producci\u00f3n de biomasa\u201d","author":"La Hora del Campo","date":"19 agosto, 2021","format":false,"excerpt":"La Organizaci\u00f3n de las Naciones Unidas para la Alimentaci\u00f3n y la Agricultura y el Ministerio de Ganader\u00eda, Agricultura y Pesca (MGAP) presentaron, este jueves 19, los esfuerzos realizados para establecer un sistema de monitoreo de la bioeconom\u00eda. La instancia se bas\u00f3 en el concepto desarrollado por el Instituto Th\u00fcnen de\u2026","rel":"","context":"En \u00abActualidad\u00bb","block_context":{"text":"Actualidad","link":"https:\/\/lahoradelcampo.com.uy\/site\/category\/actualidad\/"},"img":{"alt_text":"","src":"https:\/\/i0.wp.com\/lahoradelcampo.com.uy\/site\/wp-content\/uploads\/2017\/11\/Buffa.jpg?fit=880%2C440&ssl=1&resize=350%2C200","width":350,"height":200,"srcset":"https:\/\/i0.wp.com\/lahoradelcampo.com.uy\/site\/wp-content\/uploads\/2017\/11\/Buffa.jpg?fit=880%2C440&ssl=1&resize=350%2C200 1x, https:\/\/i0.wp.com\/lahoradelcampo.com.uy\/site\/wp-content\/uploads\/2017\/11\/Buffa.jpg?fit=880%2C440&ssl=1&resize=525%2C300 1.5x, https:\/\/i0.wp.com\/lahoradelcampo.com.uy\/site\/wp-content\/uploads\/2017\/11\/Buffa.jpg?fit=880%2C440&ssl=1&resize=700%2C400 2x"},"classes":[]}],"jetpack_likes_enabled":true,"_links":{"self":[{"href":"https:\/\/lahoradelcampo.com.uy\/site\/wp-json\/wp\/v2\/posts\/55044","targetHints":{"allow":["GET"]}}],"collection":[{"href":"https:\/\/lahoradelcampo.com.uy\/site\/wp-json\/wp\/v2\/posts"}],"about":[{"href":"https:\/\/lahoradelcampo.com.uy\/site\/wp-json\/wp\/v2\/types\/post"}],"author":[{"embeddable":true,"href":"https:\/\/lahoradelcampo.com.uy\/site\/wp-json\/wp\/v2\/users\/5"}],"replies":[{"embeddable":true,"href":"https:\/\/lahoradelcampo.com.uy\/site\/wp-json\/wp\/v2\/comments?post=55044"}],"version-history":[{"count":1,"href":"https:\/\/lahoradelcampo.com.uy\/site\/wp-json\/wp\/v2\/posts\/55044\/revisions"}],"predecessor-version":[{"id":55046,"href":"https:\/\/lahoradelcampo.com.uy\/site\/wp-json\/wp\/v2\/posts\/55044\/revisions\/55046"}],"wp:featuredmedia":[{"embeddable":true,"href":"https:\/\/lahoradelcampo.com.uy\/site\/wp-json\/wp\/v2\/media\/55045"}],"wp:attachment":[{"href":"https:\/\/lahoradelcampo.com.uy\/site\/wp-json\/wp\/v2\/media?parent=55044"}],"wp:term":[{"taxonomy":"category","embeddable":true,"href":"https:\/\/lahoradelcampo.com.uy\/site\/wp-json\/wp\/v2\/categories?post=55044"},{"taxonomy":"post_tag","embeddable":true,"href":"https:\/\/lahoradelcampo.com.uy\/site\/wp-json\/wp\/v2\/tags?post=55044"}],"curies":[{"name":"wp","href":"https:\/\/api.w.org\/{rel}","templated":true}]}}