{"id":54851,"date":"2024-10-11T09:35:16","date_gmt":"2024-10-11T12:35:16","guid":{"rendered":"http:\/\/lahoradelcampo.com.uy\/site\/?p=54851"},"modified":"2024-10-11T09:35:20","modified_gmt":"2024-10-11T12:35:20","slug":"las-lanas-mas-finas-pueden-implicar-biotipos-menos-resistentes","status":"publish","type":"post","link":"https:\/\/lahoradelcampo.com.uy\/site\/las-lanas-mas-finas-pueden-implicar-biotipos-menos-resistentes\/","title":{"rendered":"\u00abLas lanas m\u00e1s finas pueden implicar biotipos menos resistentes\u00bb"},"content":{"rendered":"\n<figure class=\"wp-block-image size-full\"><a href=\"https:\/\/i0.wp.com\/lahoradelcampo.com.uy\/site\/wp-content\/uploads\/2017\/10\/Merino-Australiano.jpg\"><img data-recalc-dims=\"1\" loading=\"lazy\" decoding=\"async\" width=\"810\" height=\"405\" data-attachment-id=\"2185\" data-permalink=\"https:\/\/lahoradelcampo.com.uy\/site\/salto-sera-sede-del-merino-australiano-a-nivel-mundial\/merino-australiano-2\/\" data-orig-file=\"https:\/\/i0.wp.com\/lahoradelcampo.com.uy\/site\/wp-content\/uploads\/2017\/10\/Merino-Australiano.jpg?fit=880%2C440&amp;ssl=1\" data-orig-size=\"880,440\" data-comments-opened=\"1\" data-image-meta=\"{&quot;aperture&quot;:&quot;0&quot;,&quot;credit&quot;:&quot;Vicente-Manuel-Tort&quot;,&quot;camera&quot;:&quot;&quot;,&quot;caption&quot;:&quot;&quot;,&quot;created_timestamp&quot;:&quot;0&quot;,&quot;copyright&quot;:&quot;Presidencia de la Republica - Sec.Com.Inst.&quot;,&quot;focal_length&quot;:&quot;0&quot;,&quot;iso&quot;:&quot;0&quot;,&quot;shutter_speed&quot;:&quot;0&quot;,&quot;title&quot;:&quot;&quot;,&quot;orientation&quot;:&quot;1&quot;}\" data-image-title=\"Merino Australiano\" data-image-description=\"\" data-image-caption=\"\" data-large-file=\"https:\/\/i0.wp.com\/lahoradelcampo.com.uy\/site\/wp-content\/uploads\/2017\/10\/Merino-Australiano.jpg?fit=810%2C405&amp;ssl=1\" src=\"https:\/\/i0.wp.com\/lahoradelcampo.com.uy\/site\/wp-content\/uploads\/2017\/10\/Merino-Australiano.jpg?resize=810%2C405\" alt=\"\" class=\"wp-image-2185\" srcset=\"https:\/\/i0.wp.com\/lahoradelcampo.com.uy\/site\/wp-content\/uploads\/2017\/10\/Merino-Australiano.jpg?w=880&amp;ssl=1 880w, https:\/\/i0.wp.com\/lahoradelcampo.com.uy\/site\/wp-content\/uploads\/2017\/10\/Merino-Australiano.jpg?resize=300%2C150&amp;ssl=1 300w, https:\/\/i0.wp.com\/lahoradelcampo.com.uy\/site\/wp-content\/uploads\/2017\/10\/Merino-Australiano.jpg?resize=768%2C384&amp;ssl=1 768w, https:\/\/i0.wp.com\/lahoradelcampo.com.uy\/site\/wp-content\/uploads\/2017\/10\/Merino-Australiano.jpg?resize=820%2C410&amp;ssl=1 820w\" sizes=\"auto, (max-width: 810px) 100vw, 810px\" \/><\/a><\/figure>\n\n\n\n<p>Conocidos los datos de la declaraci\u00f3n jurada de Dicose, se observ\u00f3 un nuevo descenso del stock ovino y el mayor volumen de estos contin\u00faa ubic\u00e1ndose en los departamentos de Salto, Artigas y Paysand\u00fa, donde predominan los sistemas laneros basados en las lanas finas y el merino en particular. <\/p>\n\n\n\n<p>El presidente de la Sociedad de Criadores de Merino Australiano del Uruguay, Ing. Agr. Fernando Dutra, dijo que la ca\u00edda del stock \u00abes algo que venimos observando\u00bb dentro de la situaci\u00f3n actual del ovino en Uruguay, donde \u00abla lana fina, y en particular el Merino, es lo que m\u00e1s se ha mantenido\u00bb. El criador se\u00f1alo que no se tienen los datos espec\u00edficos de la raza dentro del stock, sin embargo, afirm\u00f3 que \u00abla raza ha crecido en este contexto, porque todos conocemos a alg\u00fan vecino, amigo o conocido que pas\u00f3 de una raza a otra, migrando al Merino\u00bb.<\/p>\n\n\n\n<p>Respecto a la ca\u00edda del stock se\u00f1alo que existen varios motivos, entre los cuales indico lo desafiante de la situaci\u00f3n clim\u00e1tica para el ovino. \u00abFue un a\u00f1o muy desafiante para la oveja, con p\u00e9rdidas superiores a lo normal en todas las categor\u00edas. Adem\u00e1s, cuando salimos de la sequ\u00eda, lo \u00fanico que hab\u00eda para vender en t\u00e9rminos de animales gordos era la oveja\u00bb indico.<\/p>\n\n\n\n<p>Afinar el merino<\/p>\n\n\n\n<p>Luego de m\u00e1s de 20 a\u00f1os de trabajar en el afinamiento de las lanas, el merino a logrado una finura que lo posiciona en un escenario de buena demanda y valores que reaccionan r\u00e1pidamente a esa demanda. Ahora bien, el merino \u00bfdebe continuar afinando o lleg\u00f3 a su mejor nivel desde el punto de vista comercial?<\/p>\n\n\n\n<p>Al respecto Dutra decidi\u00f3 brindar una respuesta desde el punto de vista \u00ababsolutamente personal\u00bb. En este sentido indico que \u00abdespu\u00e9s de m\u00e1s de 20 a\u00f1os de afinamiento, el Merino se ha posicionado en un rango de finura de lana que est\u00e1 en el segmento de mayor precio\u00bb y se\u00f1alo que dentro de dicho rango \u00abcada productor seg\u00fan sus caracter\u00edsticas, gustos, y sistema productivo, debe decidir si quiere estar sobre los 15, 17, o 19 micras. Para m\u00ed, lo ideal es estar por debajo de las 19 micras\u00bb.<\/p>\n\n\n\n<p>Dutra concord\u00f3 que el trabajo realizado en los \u00faltimos 20 a\u00f1os ha buscado \u00abtorcer\u00bb esa tendencia l\u00f3gica de que al afinar las lanas se pierde peso de vell\u00f3n. \u00abSe ha demostrado que es posible: se puede afinar y aumentar el peso del vell\u00f3n, se puede afinar y mejorar el tama\u00f1o del animal\u00bb dijo el presidente de la sociedad de criadores y remarc\u00f3 que \u00abel Merino es mucho m\u00e1s fino, en promedio, tres o cuatro micras por debajo de lo que est\u00e1bamos hace 25 a\u00f1os. Probablemente, el Merino actual sea m\u00e1s productivo en t\u00e9rminos de lana que hace 20 o 25 a\u00f1os\u00bb.<\/p>\n\n\n\n<p>M\u00e1s all\u00e1 de esto, el criador dijo tener \u00abalguna duda\u00bb sobre la p\u00e9rdida de \u00abrusticidad\u00bb dentro de la raza. \u00abLas lanas m\u00e1s finas pueden implicar biotipos menos resistentes frente a condiciones clim\u00e1ticas adversas o ataques de par\u00e1sitos\u00bb dijo Dutra.<\/p>\n\n\n\n<p>A pesar de la duda expuesta por el criador, remarc\u00f3 que \u00ablo que se ha hecho ha sido correcto, porque los n\u00fameros lo avalan. Al final del d\u00eda, lo importante es si el negocio es rentable o no, y las lanas finas han agregado mucho valor a los establecimientos ovinos\u00bb.<\/p>\n\n\n\n<p>Salto, 11 de octubre de 2024<\/p>\n","protected":false},"excerpt":{"rendered":"<p>Conocidos los datos de la declaraci\u00f3n jurada de Dicose, se observ\u00f3 un nuevo descenso del stock ovino y el mayor volumen de estos contin\u00faa ubic\u00e1ndose en los departamentos de Salto, [&hellip;]<\/p>\n","protected":false},"author":5,"featured_media":2185,"comment_status":"open","ping_status":"open","sticky":false,"template":"","format":"standard","meta":{"_price":"","_stock":"","_tribe_ticket_header":"","_tribe_default_ticket_provider":"","_tribe_ticket_capacity":"0","_ticket_start_date":"","_ticket_end_date":"","_tribe_ticket_show_description":"","_tribe_ticket_show_not_going":false,"_tribe_ticket_use_global_stock":"","_tribe_ticket_global_stock_level":"","_global_stock_mode":"","_global_stock_cap":"","_tribe_rsvp_for_event":"","_tribe_ticket_going_count":"","_tribe_ticket_not_going_count":"","_tribe_tickets_list":"[]","_tribe_ticket_has_attendee_info_fields":false,"h5ap_radio_sources":[],"_jetpack_newsletter_access":"","_jetpack_dont_email_post_to_subs":false,"_jetpack_newsletter_tier_id":0,"_jetpack_memberships_contains_paywalled_content":false,"_jetpack_memberships_contains_paid_content":false,"footnotes":""},"categories":[21,13],"tags":[],"class_list":["post-54851","post","type-post","status-publish","format-standard","has-post-thumbnail","hentry","category-actualidad","category-ovinos"],"jetpack_featured_media_url":"https:\/\/i0.wp.com\/lahoradelcampo.com.uy\/site\/wp-content\/uploads\/2017\/10\/Merino-Australiano.jpg?fit=880%2C440&ssl=1","jetpack_sharing_enabled":true,"jetpack_shortlink":"https:\/\/wp.me\/p99IaT-egH","jetpack-related-posts":[{"id":28696,"url":"https:\/\/lahoradelcampo.com.uy\/site\/en-22-anos-el-merino-paso-a-producir-75-millones-de-kilos-por-debajo-de-las-225-micras\/","url_meta":{"origin":54851,"position":0},"title":"En 22 a\u00f1os el merino pas\u00f3 a producir 7,5 millones de kilos por debajo de las 22,5 micras","author":"La Hora del Campo","date":"22 marzo, 2021","format":false,"excerpt":"El Ing. Roberto Cardellino, de Delta Consultores, elabor\u00f3 un informe donde se visualiza el cambio en la producci\u00f3n de lanas en el Uruguay, enfocado a los resultados que ha obtenido el Proyecto Merino Fino en sus dos etapas y el actual Consorcio Regional de Innovaci\u00f3n en Lana Ultrafina (Crilu), donde\u2026","rel":"","context":"En \u00abActualidad\u00bb","block_context":{"text":"Actualidad","link":"https:\/\/lahoradelcampo.com.uy\/site\/category\/actualidad\/"},"img":{"alt_text":"","src":"https:\/\/i0.wp.com\/lahoradelcampo.com.uy\/site\/wp-content\/uploads\/2017\/10\/Merino-Australiano.jpg?fit=880%2C440&ssl=1&resize=350%2C200","width":350,"height":200,"srcset":"https:\/\/i0.wp.com\/lahoradelcampo.com.uy\/site\/wp-content\/uploads\/2017\/10\/Merino-Australiano.jpg?fit=880%2C440&ssl=1&resize=350%2C200 1x, https:\/\/i0.wp.com\/lahoradelcampo.com.uy\/site\/wp-content\/uploads\/2017\/10\/Merino-Australiano.jpg?fit=880%2C440&ssl=1&resize=525%2C300 1.5x, https:\/\/i0.wp.com\/lahoradelcampo.com.uy\/site\/wp-content\/uploads\/2017\/10\/Merino-Australiano.jpg?fit=880%2C440&ssl=1&resize=700%2C400 2x"},"classes":[]},{"id":29020,"url":"https:\/\/lahoradelcampo.com.uy\/site\/en-el-futuro-las-lanas-finas-tienen-espacio-para-seguir-disminuyendo-el-diametro-y-las-lanas-medias\/","url_meta":{"origin":54851,"position":1},"title":"En el futuro \u00ablas lanas finas tienen espacio para seguir disminuyendo el di\u00e1metro\u00bb \u00bfy las lanas medias?","author":"La Hora del Campo","date":"5 abril, 2021","format":false,"excerpt":"En un momento donde se ha analizado el avance que tuvieron las lanas finas en su colocaci\u00f3n a nivel internacional, dada la disminuci\u00f3n de su micronaje, y las dificultades que se observan para la venta de las lanas de 28 micras y m\u00e1s gruesas, en un di\u00e1logo mantenido con el\u2026","rel":"","context":"En \u00abActualidad\u00bb","block_context":{"text":"Actualidad","link":"https:\/\/lahoradelcampo.com.uy\/site\/category\/actualidad\/"},"img":{"alt_text":"","src":"https:\/\/i0.wp.com\/lahoradelcampo.com.uy\/site\/wp-content\/uploads\/2019\/08\/Roberto-Cardellino.jpg?fit=880%2C440&ssl=1&resize=350%2C200","width":350,"height":200,"srcset":"https:\/\/i0.wp.com\/lahoradelcampo.com.uy\/site\/wp-content\/uploads\/2019\/08\/Roberto-Cardellino.jpg?fit=880%2C440&ssl=1&resize=350%2C200 1x, https:\/\/i0.wp.com\/lahoradelcampo.com.uy\/site\/wp-content\/uploads\/2019\/08\/Roberto-Cardellino.jpg?fit=880%2C440&ssl=1&resize=525%2C300 1.5x, https:\/\/i0.wp.com\/lahoradelcampo.com.uy\/site\/wp-content\/uploads\/2019\/08\/Roberto-Cardellino.jpg?fit=880%2C440&ssl=1&resize=700%2C400 2x"},"classes":[]},{"id":2183,"url":"https:\/\/lahoradelcampo.com.uy\/site\/salto-sera-sede-del-merino-australiano-a-nivel-mundial\/","url_meta":{"origin":54851,"position":2},"title":"Salto ser\u00e1 sede del Merino Australiano a nivel mundial","author":"La Hora del Campo","date":"4 octubre, 2017","format":false,"excerpt":"Del 7 al 15 de abril se desarrollar\u00e1 en nuestro pa\u00eds la 10\u00aa Conferencia Mundial Merino Australiano, est\u00e1 es la segunda oportunidad donde este congreso llega a nuestro pa\u00eds, la primera fue en el a\u00f1o 1994, donde fueron recibidas las delegaciones participantes de la cuarta conferencia mundial. Los escenarios son\u2026","rel":"","context":"En \u00abActualidad\u00bb","block_context":{"text":"Actualidad","link":"https:\/\/lahoradelcampo.com.uy\/site\/category\/actualidad\/"},"img":{"alt_text":"","src":"https:\/\/i0.wp.com\/lahoradelcampo.com.uy\/site\/wp-content\/uploads\/2017\/10\/Merino-Australiano.jpg?fit=880%2C440&ssl=1&resize=350%2C200","width":350,"height":200,"srcset":"https:\/\/i0.wp.com\/lahoradelcampo.com.uy\/site\/wp-content\/uploads\/2017\/10\/Merino-Australiano.jpg?fit=880%2C440&ssl=1&resize=350%2C200 1x, https:\/\/i0.wp.com\/lahoradelcampo.com.uy\/site\/wp-content\/uploads\/2017\/10\/Merino-Australiano.jpg?fit=880%2C440&ssl=1&resize=525%2C300 1.5x, https:\/\/i0.wp.com\/lahoradelcampo.com.uy\/site\/wp-content\/uploads\/2017\/10\/Merino-Australiano.jpg?fit=880%2C440&ssl=1&resize=700%2C400 2x"},"classes":[]},{"id":53550,"url":"https:\/\/lahoradelcampo.com.uy\/site\/los-valores-de-la-lana-son-determinantes-en-el-cambio-productivo-del-ovino\/","url_meta":{"origin":54851,"position":3},"title":"Los valores de la lana son determinantes en el cambio productivo del ovino","author":"La Hora del Campo","date":"6 marzo, 2024","format":false,"excerpt":"Mientras el stock ovino descend\u00eda y las se\u00f1ales apuntaban hacia sistemas productivos especializados en la producci\u00f3n ovina, tanto para la carne como para la lana, en nuestro pa\u00eds los cambios fueron m\u00e1s lentos. Poco a poco se fue consolidando el proyecto de la raza merino australiano en el afinamiento de\u2026","rel":"","context":"En \u00abActualidad\u00bb","block_context":{"text":"Actualidad","link":"https:\/\/lahoradelcampo.com.uy\/site\/category\/actualidad\/"},"img":{"alt_text":"","src":"https:\/\/i0.wp.com\/lahoradelcampo.com.uy\/site\/wp-content\/uploads\/2017\/10\/Merino-Australiano.jpg?fit=880%2C440&ssl=1&resize=350%2C200","width":350,"height":200,"srcset":"https:\/\/i0.wp.com\/lahoradelcampo.com.uy\/site\/wp-content\/uploads\/2017\/10\/Merino-Australiano.jpg?fit=880%2C440&ssl=1&resize=350%2C200 1x, https:\/\/i0.wp.com\/lahoradelcampo.com.uy\/site\/wp-content\/uploads\/2017\/10\/Merino-Australiano.jpg?fit=880%2C440&ssl=1&resize=525%2C300 1.5x, https:\/\/i0.wp.com\/lahoradelcampo.com.uy\/site\/wp-content\/uploads\/2017\/10\/Merino-Australiano.jpg?fit=880%2C440&ssl=1&resize=700%2C400 2x"},"classes":[]},{"id":3755,"url":"https:\/\/lahoradelcampo.com.uy\/site\/analistas-estiman-que-los-precios-de-la-lana-merino-se-mantendran-altos\/","url_meta":{"origin":54851,"position":4},"title":"Analistas estiman \u00abque los precios de la lana merino se mantendr\u00e1n\u00a0altos\u00bb","author":"La Hora del Campo","date":"8 noviembre, 2017","format":false,"excerpt":"En un trabajo denominado \"Mejores vientos para las lanas finas\" realizado para el Anuario de la Sociedad de Criadores de Merino Australiano del Uruguay por parte de Roberto Cardellino (Delta Consultores), Chris Wilcox (Poimena Analysis) y Jos\u00e9 Luis Trifoglio (Dpto. de Lanas de Zambrano & C\u00eda), se analiza las condiciones\u2026","rel":"","context":"En \u00abActualidad\u00bb","block_context":{"text":"Actualidad","link":"https:\/\/lahoradelcampo.com.uy\/site\/category\/actualidad\/"},"img":{"alt_text":"","src":"https:\/\/i0.wp.com\/lahoradelcampo.com.uy\/site\/wp-content\/uploads\/2017\/11\/Lanas2.jpg?fit=880%2C440&ssl=1&resize=350%2C200","width":350,"height":200,"srcset":"https:\/\/i0.wp.com\/lahoradelcampo.com.uy\/site\/wp-content\/uploads\/2017\/11\/Lanas2.jpg?fit=880%2C440&ssl=1&resize=350%2C200 1x, https:\/\/i0.wp.com\/lahoradelcampo.com.uy\/site\/wp-content\/uploads\/2017\/11\/Lanas2.jpg?fit=880%2C440&ssl=1&resize=525%2C300 1.5x, https:\/\/i0.wp.com\/lahoradelcampo.com.uy\/site\/wp-content\/uploads\/2017\/11\/Lanas2.jpg?fit=880%2C440&ssl=1&resize=700%2C400 2x"},"classes":[]},{"id":56011,"url":"https:\/\/lahoradelcampo.com.uy\/site\/la-raza-realmente-de-doble-proposito-es-el-merino-eso-esta-claro\/","url_meta":{"origin":54851,"position":5},"title":"\u00abLa raza realmente de doble prop\u00f3sito es el Merino, eso est\u00e1 claro\u00bb","author":"La Hora del Campo","date":"28 abril, 2025","format":false,"excerpt":"Douglas Cortela, productor ovejero y principal de la caba\u00f1a de Merino Australiano \"Santa Catalina\", destac\u00f3 su visi\u00f3n del merino como una raza de doble prop\u00f3sito, donde la producci\u00f3n de carne complementa una lana que, si bien no alcanza los precios de anta\u00f1o, sigue siendo de calidad y tiene mejores valores\u2026","rel":"","context":"En \u00abActualidad\u00bb","block_context":{"text":"Actualidad","link":"https:\/\/lahoradelcampo.com.uy\/site\/category\/actualidad\/"},"img":{"alt_text":"","src":"https:\/\/i0.wp.com\/lahoradelcampo.com.uy\/site\/wp-content\/uploads\/2025\/04\/DouglasCortela.jpg?fit=880%2C440&ssl=1&resize=350%2C200","width":350,"height":200,"srcset":"https:\/\/i0.wp.com\/lahoradelcampo.com.uy\/site\/wp-content\/uploads\/2025\/04\/DouglasCortela.jpg?fit=880%2C440&ssl=1&resize=350%2C200 1x, https:\/\/i0.wp.com\/lahoradelcampo.com.uy\/site\/wp-content\/uploads\/2025\/04\/DouglasCortela.jpg?fit=880%2C440&ssl=1&resize=525%2C300 1.5x, https:\/\/i0.wp.com\/lahoradelcampo.com.uy\/site\/wp-content\/uploads\/2025\/04\/DouglasCortela.jpg?fit=880%2C440&ssl=1&resize=700%2C400 2x"},"classes":[]}],"jetpack_likes_enabled":true,"_links":{"self":[{"href":"https:\/\/lahoradelcampo.com.uy\/site\/wp-json\/wp\/v2\/posts\/54851","targetHints":{"allow":["GET"]}}],"collection":[{"href":"https:\/\/lahoradelcampo.com.uy\/site\/wp-json\/wp\/v2\/posts"}],"about":[{"href":"https:\/\/lahoradelcampo.com.uy\/site\/wp-json\/wp\/v2\/types\/post"}],"author":[{"embeddable":true,"href":"https:\/\/lahoradelcampo.com.uy\/site\/wp-json\/wp\/v2\/users\/5"}],"replies":[{"embeddable":true,"href":"https:\/\/lahoradelcampo.com.uy\/site\/wp-json\/wp\/v2\/comments?post=54851"}],"version-history":[{"count":1,"href":"https:\/\/lahoradelcampo.com.uy\/site\/wp-json\/wp\/v2\/posts\/54851\/revisions"}],"predecessor-version":[{"id":54852,"href":"https:\/\/lahoradelcampo.com.uy\/site\/wp-json\/wp\/v2\/posts\/54851\/revisions\/54852"}],"wp:featuredmedia":[{"embeddable":true,"href":"https:\/\/lahoradelcampo.com.uy\/site\/wp-json\/wp\/v2\/media\/2185"}],"wp:attachment":[{"href":"https:\/\/lahoradelcampo.com.uy\/site\/wp-json\/wp\/v2\/media?parent=54851"}],"wp:term":[{"taxonomy":"category","embeddable":true,"href":"https:\/\/lahoradelcampo.com.uy\/site\/wp-json\/wp\/v2\/categories?post=54851"},{"taxonomy":"post_tag","embeddable":true,"href":"https:\/\/lahoradelcampo.com.uy\/site\/wp-json\/wp\/v2\/tags?post=54851"}],"curies":[{"name":"wp","href":"https:\/\/api.w.org\/{rel}","templated":true}]}}