{"id":54517,"date":"2024-09-11T19:50:00","date_gmt":"2024-09-11T22:50:00","guid":{"rendered":"http:\/\/lahoradelcampo.com.uy\/site\/?p=54517"},"modified":"2024-09-14T11:58:35","modified_gmt":"2024-09-14T14:58:35","slug":"la-raza-shorthorn-destaca-por-su-armonia-y-funcionalidad","status":"publish","type":"post","link":"https:\/\/lahoradelcampo.com.uy\/site\/la-raza-shorthorn-destaca-por-su-armonia-y-funcionalidad\/","title":{"rendered":"La raza Shorthorn destaca por su armon\u00eda y funcionalidad"},"content":{"rendered":"\n<figure class=\"wp-block-image size-full\"><a href=\"https:\/\/i0.wp.com\/lahoradelcampo.com.uy\/site\/wp-content\/uploads\/2024\/09\/Prado24-GCMShortorn.jpg\"><img data-recalc-dims=\"1\" loading=\"lazy\" decoding=\"async\" width=\"810\" height=\"405\" data-attachment-id=\"54518\" data-permalink=\"https:\/\/lahoradelcampo.com.uy\/site\/la-raza-shorthorn-destaca-por-su-armonia-y-funcionalidad\/prado24-gcmshortorn\/\" data-orig-file=\"https:\/\/i0.wp.com\/lahoradelcampo.com.uy\/site\/wp-content\/uploads\/2024\/09\/Prado24-GCMShortorn.jpg?fit=880%2C440&amp;ssl=1\" data-orig-size=\"880,440\" data-comments-opened=\"1\" data-image-meta=\"{&quot;aperture&quot;:&quot;0&quot;,&quot;credit&quot;:&quot;&quot;,&quot;camera&quot;:&quot;&quot;,&quot;caption&quot;:&quot;&quot;,&quot;created_timestamp&quot;:&quot;0&quot;,&quot;copyright&quot;:&quot;&quot;,&quot;focal_length&quot;:&quot;0&quot;,&quot;iso&quot;:&quot;0&quot;,&quot;shutter_speed&quot;:&quot;0&quot;,&quot;title&quot;:&quot;&quot;,&quot;orientation&quot;:&quot;1&quot;}\" data-image-title=\"Prado24-GCMShortorn\" data-image-description=\"\" data-image-caption=\"\" data-large-file=\"https:\/\/i0.wp.com\/lahoradelcampo.com.uy\/site\/wp-content\/uploads\/2024\/09\/Prado24-GCMShortorn.jpg?fit=810%2C405&amp;ssl=1\" src=\"https:\/\/i0.wp.com\/lahoradelcampo.com.uy\/site\/wp-content\/uploads\/2024\/09\/Prado24-GCMShortorn.jpg?resize=810%2C405\" alt=\"\" class=\"wp-image-54518\" srcset=\"https:\/\/i0.wp.com\/lahoradelcampo.com.uy\/site\/wp-content\/uploads\/2024\/09\/Prado24-GCMShortorn.jpg?w=880&amp;ssl=1 880w, https:\/\/i0.wp.com\/lahoradelcampo.com.uy\/site\/wp-content\/uploads\/2024\/09\/Prado24-GCMShortorn.jpg?resize=300%2C150&amp;ssl=1 300w, https:\/\/i0.wp.com\/lahoradelcampo.com.uy\/site\/wp-content\/uploads\/2024\/09\/Prado24-GCMShortorn.jpg?resize=768%2C384&amp;ssl=1 768w, https:\/\/i0.wp.com\/lahoradelcampo.com.uy\/site\/wp-content\/uploads\/2024\/09\/Prado24-GCMShortorn.jpg?resize=820%2C410&amp;ssl=1 820w\" sizes=\"auto, (max-width: 810px) 100vw, 810px\" \/><\/a><\/figure>\n\n\n\n<p>En la Expo Prado 2024, la raza Shorthorn volvi\u00f3 a demostrar su relevancia en la ganader\u00eda uruguaya con una muestra de 16 animales juzgada por el Dr. Pablo Zerbino. El jurado busc\u00f3 ejemplares \u00abarm\u00f3nicos, balanceados, carnudos, crecedores, s\u00f3lidos estructuralmente y con desplazamiento f\u00e1cil\u00bb, lo que permiti\u00f3 seleccionar a los animales que m\u00e1s podr\u00edan aportar a la ganader\u00eda comercial.<\/p>\n\n\n\n<p>El toro ganador se destac\u00f3 por ser un animal \u00abmuy correcto, carnudo, ancho, de buenos huesos, desplazamientos correctos y buenos test\u00edculos\u00bb, seg\u00fan afirm\u00f3 Zerbino. Por su parte, la vaca campeona fue elogiada por su firmeza, carnitud y correcci\u00f3n, caracter\u00edsticas esenciales para la ganader\u00eda.<\/p>\n\n\n\n<p>Rodolfo Lugaro, presidente de la Sociedad de Criadores de Shorthorn del Uruguay, destac\u00f3 la mejora en la cantidad de expositores en comparaci\u00f3n con el a\u00f1o anterior, lo que calific\u00f3 como \u00abun buen espaldarazo\u00bb para la raza. A pesar de no ser una muestra numerosa, Lugaro resalt\u00f3 que fue una presentaci\u00f3n de calidad que super\u00f3 las expectativas previas.<\/p>\n\n\n\n<p>En cuanto a los resultados, la Gran Campeona fue presentada por Walter Mario Damboriarena, mientras que Agrocolonia obtuvo el t\u00edtulo de Reservada Gran Campeona, y Joaqu\u00edn Didone se llev\u00f3 el tercer lugar. En la categor\u00eda de machos, el Gran Campe\u00f3n fue de Santa Magdalena, el Reservado Gran Campe\u00f3n de Horacio Javier Acosta y el tercer lugar lo ocup\u00f3 La Loma SG.<\/p>\n\n\n\n<p>Montevideo, 11 de setiembre de 2024<\/p>\n","protected":false},"excerpt":{"rendered":"<p>En la Expo Prado 2024, la raza Shorthorn volvi\u00f3 a demostrar su relevancia en la ganader\u00eda uruguaya con una muestra de 16 animales juzgada por el Dr. Pablo Zerbino. El [&hellip;]<\/p>\n","protected":false},"author":5,"featured_media":54518,"comment_status":"open","ping_status":"open","sticky":false,"template":"","format":"standard","meta":{"_price":"","_stock":"","_tribe_ticket_header":"","_tribe_default_ticket_provider":"","_tribe_ticket_capacity":"0","_ticket_start_date":"","_ticket_end_date":"","_tribe_ticket_show_description":"","_tribe_ticket_show_not_going":false,"_tribe_ticket_use_global_stock":"","_tribe_ticket_global_stock_level":"","_global_stock_mode":"","_global_stock_cap":"","_tribe_rsvp_for_event":"","_tribe_ticket_going_count":"","_tribe_ticket_not_going_count":"","_tribe_tickets_list":"[]","_tribe_ticket_has_attendee_info_fields":false,"h5ap_radio_sources":[],"_jetpack_newsletter_access":"","_jetpack_dont_email_post_to_subs":false,"_jetpack_newsletter_tier_id":0,"_jetpack_memberships_contains_paywalled_content":false,"_jetpack_memberships_contains_paid_content":false,"footnotes":""},"categories":[21,5],"tags":[],"class_list":["post-54517","post","type-post","status-publish","format-standard","has-post-thumbnail","hentry","category-actualidad","category-ganaderia"],"jetpack_featured_media_url":"https:\/\/i0.wp.com\/lahoradelcampo.com.uy\/site\/wp-content\/uploads\/2024\/09\/Prado24-GCMShortorn.jpg?fit=880%2C440&ssl=1","jetpack_sharing_enabled":true,"jetpack_shortlink":"https:\/\/wp.me\/p99IaT-ebj","jetpack-related-posts":[{"id":56775,"url":"https:\/\/lahoradelcampo.com.uy\/site\/la-loma-presento-el-gran-campeon-shorthorn\/","url_meta":{"origin":54517,"position":0},"title":"\u00abLa Loma\u00bb present\u00f3 el Gran Campe\u00f3n Shorthorn","author":"La Hora del Campo","date":"13 septiembre, 2025","format":false,"excerpt":"La raza Shorthorn, la m\u00e1s antigua del pa\u00eds, tuvo su jura en el Prado con seis ejemplares de cuatro caba\u00f1as, aunque la muestra qued\u00f3 reducida debido a que siete animales no superaron la admisi\u00f3n sanitaria.El jurado Guillermo Zerbino destac\u00f3 que los animales presentados eran buenos en t\u00e9rminos generales, aunque algo\u2026","rel":"","context":"En \u00abActualidad\u00bb","block_context":{"text":"Actualidad","link":"https:\/\/lahoradelcampo.com.uy\/site\/category\/actualidad\/"},"img":{"alt_text":"","src":"https:\/\/i0.wp.com\/lahoradelcampo.com.uy\/site\/wp-content\/uploads\/2025\/09\/2025-Shorthorn.jpg?fit=880%2C440&ssl=1&resize=350%2C200","width":350,"height":200,"srcset":"https:\/\/i0.wp.com\/lahoradelcampo.com.uy\/site\/wp-content\/uploads\/2025\/09\/2025-Shorthorn.jpg?fit=880%2C440&ssl=1&resize=350%2C200 1x, https:\/\/i0.wp.com\/lahoradelcampo.com.uy\/site\/wp-content\/uploads\/2025\/09\/2025-Shorthorn.jpg?fit=880%2C440&ssl=1&resize=525%2C300 1.5x, https:\/\/i0.wp.com\/lahoradelcampo.com.uy\/site\/wp-content\/uploads\/2025\/09\/2025-Shorthorn.jpg?fit=880%2C440&ssl=1&resize=700%2C400 2x"},"classes":[]},{"id":43473,"url":"https:\/\/lahoradelcampo.com.uy\/site\/zerbino-y-penagaricano-calificaran-las-principales-razas-britanicas-en-el-prado\/","url_meta":{"origin":54517,"position":1},"title":"Zerbino y Pe\u00f1agaricano calificaran las principales  razas brit\u00e1nicas en el Prado","author":"La Hora del Campo","date":"5 julio, 2022","format":false,"excerpt":"El pasado 30 de agosto cerr\u00f3 el plazo para las preinscripciones de animales de cara a la 117\u00aa edici\u00f3n de la Exposici\u00f3n Internacional de Ganader\u00eda y Muestra Agro Industrial y Comercial, Expo Prado 2022, que se llevar\u00e1 a cabo entre el 9 y 18 de setiembre. Para esta edici\u00f3n se\u2026","rel":"","context":"En \u00abActualidad\u00bb","block_context":{"text":"Actualidad","link":"https:\/\/lahoradelcampo.com.uy\/site\/category\/actualidad\/"},"img":{"alt_text":"","src":"https:\/\/i0.wp.com\/lahoradelcampo.com.uy\/site\/wp-content\/uploads\/2021\/12\/Angus-Zerbino.jpg?fit=880%2C440&ssl=1&resize=350%2C200","width":350,"height":200,"srcset":"https:\/\/i0.wp.com\/lahoradelcampo.com.uy\/site\/wp-content\/uploads\/2021\/12\/Angus-Zerbino.jpg?fit=880%2C440&ssl=1&resize=350%2C200 1x, https:\/\/i0.wp.com\/lahoradelcampo.com.uy\/site\/wp-content\/uploads\/2021\/12\/Angus-Zerbino.jpg?fit=880%2C440&ssl=1&resize=525%2C300 1.5x, https:\/\/i0.wp.com\/lahoradelcampo.com.uy\/site\/wp-content\/uploads\/2021\/12\/Angus-Zerbino.jpg?fit=880%2C440&ssl=1&resize=700%2C400 2x"},"classes":[]},{"id":34171,"url":"https:\/\/lahoradelcampo.com.uy\/site\/desde-lavalleja-llegaron-los-grandes-campeones-de-la-raza-shorthorn\/","url_meta":{"origin":54517,"position":2},"title":"Desde Lavalleja llegaron los Grandes Campeones de la raza Shorthorn","author":"La Hora del Campo","date":"15 septiembre, 2021","format":false,"excerpt":"En la tarde de ayer martes, el Dr. H\u00e9ctor Bonomi, fue el encargado de calificar los mejores ejemplares de la raza Shorthorn en la Expo Prado 2021 y tanto la hembra como el macho, provienen de la zona de Piraraj\u00e1, en el departamento de Lavalleja donde Horacio Javier Acosta Miraballe\u2026","rel":"","context":"En \u00abActualidad\u00bb","block_context":{"text":"Actualidad","link":"https:\/\/lahoradelcampo.com.uy\/site\/category\/actualidad\/"},"img":{"alt_text":"","src":"https:\/\/i0.wp.com\/lahoradelcampo.com.uy\/site\/wp-content\/uploads\/2021\/09\/Prado-shorthorn.jpg?fit=880%2C440&ssl=1&resize=350%2C200","width":350,"height":200,"srcset":"https:\/\/i0.wp.com\/lahoradelcampo.com.uy\/site\/wp-content\/uploads\/2021\/09\/Prado-shorthorn.jpg?fit=880%2C440&ssl=1&resize=350%2C200 1x, https:\/\/i0.wp.com\/lahoradelcampo.com.uy\/site\/wp-content\/uploads\/2021\/09\/Prado-shorthorn.jpg?fit=880%2C440&ssl=1&resize=525%2C300 1.5x, https:\/\/i0.wp.com\/lahoradelcampo.com.uy\/site\/wp-content\/uploads\/2021\/09\/Prado-shorthorn.jpg?fit=880%2C440&ssl=1&resize=700%2C400 2x"},"classes":[]},{"id":45529,"url":"https:\/\/lahoradelcampo.com.uy\/site\/shorthorn-la-mejor-raza-para-hacer-cruzamientos-pero-no-es-moda\/","url_meta":{"origin":54517,"position":3},"title":"Shorthorn: \u201cla mejor raza para hacer cruzamientos, pero no es moda\u201d","author":"La Hora del Campo","date":"16 septiembre, 2022","format":false,"excerpt":"Con biotipos de animales muy diferentes en la pista, Norman Catto experto de origen escoc\u00e9s radicado en Argentina calific\u00f3 el Shorthorn en la Expo Prado, defini\u00e9ndola como \u201cla mejor raza para hacer cruzamientos, pero se usa poco porque no es moda y hay otras que van ganando terreno\u201d. Adem\u00e1s expres\u00f3\u2026","rel":"","context":"En \u00abActualidad\u00bb","block_context":{"text":"Actualidad","link":"https:\/\/lahoradelcampo.com.uy\/site\/category\/actualidad\/"},"img":{"alt_text":"","src":"https:\/\/i0.wp.com\/lahoradelcampo.com.uy\/site\/wp-content\/uploads\/2022\/09\/Prado-shorthorn-1.jpg?fit=880%2C440&ssl=1&resize=350%2C200","width":350,"height":200,"srcset":"https:\/\/i0.wp.com\/lahoradelcampo.com.uy\/site\/wp-content\/uploads\/2022\/09\/Prado-shorthorn-1.jpg?fit=880%2C440&ssl=1&resize=350%2C200 1x, https:\/\/i0.wp.com\/lahoradelcampo.com.uy\/site\/wp-content\/uploads\/2022\/09\/Prado-shorthorn-1.jpg?fit=880%2C440&ssl=1&resize=525%2C300 1.5x, https:\/\/i0.wp.com\/lahoradelcampo.com.uy\/site\/wp-content\/uploads\/2022\/09\/Prado-shorthorn-1.jpg?fit=880%2C440&ssl=1&resize=700%2C400 2x"},"classes":[]},{"id":23684,"url":"https:\/\/lahoradelcampo.com.uy\/site\/el-shorthorn-marco-su-vigencia-como-productor-de-carne\/","url_meta":{"origin":54517,"position":4},"title":"El Shorthorn marc\u00f3 su vigencia como productor de carne","author":"La Hora del Campo","date":"17 septiembre, 2020","format":false,"excerpt":"La raza Shorthorn present\u00f3 un mayor nivel de ejemplares que el a\u00f1o pasado en la pista y marc\u00f3 su vigencia como productora de carne de calidad. Recordemos que es una raza que aparece en la geneolog\u00eda, en la creaci\u00f3n, de varias de las razas criadas en el pa\u00eds. El Gran\u2026","rel":"","context":"En \u00abActualidad\u00bb","block_context":{"text":"Actualidad","link":"https:\/\/lahoradelcampo.com.uy\/site\/category\/actualidad\/"},"img":{"alt_text":"","src":"https:\/\/i0.wp.com\/lahoradelcampo.com.uy\/site\/wp-content\/uploads\/2020\/09\/Shortohrn.jpg?fit=880%2C440&ssl=1&resize=350%2C200","width":350,"height":200,"srcset":"https:\/\/i0.wp.com\/lahoradelcampo.com.uy\/site\/wp-content\/uploads\/2020\/09\/Shortohrn.jpg?fit=880%2C440&ssl=1&resize=350%2C200 1x, https:\/\/i0.wp.com\/lahoradelcampo.com.uy\/site\/wp-content\/uploads\/2020\/09\/Shortohrn.jpg?fit=880%2C440&ssl=1&resize=525%2C300 1.5x, https:\/\/i0.wp.com\/lahoradelcampo.com.uy\/site\/wp-content\/uploads\/2020\/09\/Shortohrn.jpg?fit=880%2C440&ssl=1&resize=700%2C400 2x"},"classes":[]},{"id":52454,"url":"https:\/\/lahoradelcampo.com.uy\/site\/limangus-presento-un-toro-impresionante-segun-el-jurado-argentino\/","url_meta":{"origin":54517,"position":5},"title":"Limangus present\u00f3 \u201cun toro impresionante\u201d seg\u00fan el jurado argentino","author":"La Hora del Campo","date":"14 septiembre, 2023","format":false,"excerpt":"La raza Limangus particip\u00f3 por segundo a\u00f1o consecutivo en la Expo Prado. El Gran Campe\u00f3n fue un toro Senior, ganador de su categor\u00eda, presentado por Gilberto Porta Leivas. El Reservado Gran Campe\u00f3n, que tambi\u00e9n fue Campe\u00f3n Dos A\u00f1os, fue expuesto por Patricio Alves Alonso. El Tercer Mejor Macho fue el\u2026","rel":"","context":"En \u00abActualidad\u00bb","block_context":{"text":"Actualidad","link":"https:\/\/lahoradelcampo.com.uy\/site\/category\/actualidad\/"},"img":{"alt_text":"","src":"https:\/\/i0.wp.com\/lahoradelcampo.com.uy\/site\/wp-content\/uploads\/2023\/09\/Limangus-prado.jpg?fit=880%2C440&ssl=1&resize=350%2C200","width":350,"height":200,"srcset":"https:\/\/i0.wp.com\/lahoradelcampo.com.uy\/site\/wp-content\/uploads\/2023\/09\/Limangus-prado.jpg?fit=880%2C440&ssl=1&resize=350%2C200 1x, https:\/\/i0.wp.com\/lahoradelcampo.com.uy\/site\/wp-content\/uploads\/2023\/09\/Limangus-prado.jpg?fit=880%2C440&ssl=1&resize=525%2C300 1.5x, https:\/\/i0.wp.com\/lahoradelcampo.com.uy\/site\/wp-content\/uploads\/2023\/09\/Limangus-prado.jpg?fit=880%2C440&ssl=1&resize=700%2C400 2x"},"classes":[]}],"jetpack_likes_enabled":true,"_links":{"self":[{"href":"https:\/\/lahoradelcampo.com.uy\/site\/wp-json\/wp\/v2\/posts\/54517","targetHints":{"allow":["GET"]}}],"collection":[{"href":"https:\/\/lahoradelcampo.com.uy\/site\/wp-json\/wp\/v2\/posts"}],"about":[{"href":"https:\/\/lahoradelcampo.com.uy\/site\/wp-json\/wp\/v2\/types\/post"}],"author":[{"embeddable":true,"href":"https:\/\/lahoradelcampo.com.uy\/site\/wp-json\/wp\/v2\/users\/5"}],"replies":[{"embeddable":true,"href":"https:\/\/lahoradelcampo.com.uy\/site\/wp-json\/wp\/v2\/comments?post=54517"}],"version-history":[{"count":1,"href":"https:\/\/lahoradelcampo.com.uy\/site\/wp-json\/wp\/v2\/posts\/54517\/revisions"}],"predecessor-version":[{"id":54519,"href":"https:\/\/lahoradelcampo.com.uy\/site\/wp-json\/wp\/v2\/posts\/54517\/revisions\/54519"}],"wp:featuredmedia":[{"embeddable":true,"href":"https:\/\/lahoradelcampo.com.uy\/site\/wp-json\/wp\/v2\/media\/54518"}],"wp:attachment":[{"href":"https:\/\/lahoradelcampo.com.uy\/site\/wp-json\/wp\/v2\/media?parent=54517"}],"wp:term":[{"taxonomy":"category","embeddable":true,"href":"https:\/\/lahoradelcampo.com.uy\/site\/wp-json\/wp\/v2\/categories?post=54517"},{"taxonomy":"post_tag","embeddable":true,"href":"https:\/\/lahoradelcampo.com.uy\/site\/wp-json\/wp\/v2\/tags?post=54517"}],"curies":[{"name":"wp","href":"https:\/\/api.w.org\/{rel}","templated":true}]}}