{"id":54514,"date":"2024-09-11T19:40:00","date_gmt":"2024-09-11T22:40:00","guid":{"rendered":"http:\/\/lahoradelcampo.com.uy\/site\/?p=54514"},"modified":"2024-09-14T11:54:44","modified_gmt":"2024-09-14T14:54:44","slug":"limangus-destaca-por-su-excelente-conformacion","status":"publish","type":"post","link":"https:\/\/lahoradelcampo.com.uy\/site\/limangus-destaca-por-su-excelente-conformacion\/","title":{"rendered":"Limangus destaca por su \u00abexcelente conformaci\u00f3n\u00bb"},"content":{"rendered":"\n<figure class=\"wp-block-image size-full\"><a href=\"https:\/\/i0.wp.com\/lahoradelcampo.com.uy\/site\/wp-content\/uploads\/2024\/09\/Prado24-GCMLimangus.jpg\"><img data-recalc-dims=\"1\" loading=\"lazy\" decoding=\"async\" width=\"810\" height=\"405\" data-attachment-id=\"54515\" data-permalink=\"https:\/\/lahoradelcampo.com.uy\/site\/limangus-destaca-por-su-excelente-conformacion\/prado24-gcmlimangus\/\" data-orig-file=\"https:\/\/i0.wp.com\/lahoradelcampo.com.uy\/site\/wp-content\/uploads\/2024\/09\/Prado24-GCMLimangus.jpg?fit=880%2C440&amp;ssl=1\" data-orig-size=\"880,440\" data-comments-opened=\"1\" data-image-meta=\"{&quot;aperture&quot;:&quot;0&quot;,&quot;credit&quot;:&quot;&quot;,&quot;camera&quot;:&quot;&quot;,&quot;caption&quot;:&quot;&quot;,&quot;created_timestamp&quot;:&quot;0&quot;,&quot;copyright&quot;:&quot;&quot;,&quot;focal_length&quot;:&quot;0&quot;,&quot;iso&quot;:&quot;0&quot;,&quot;shutter_speed&quot;:&quot;0&quot;,&quot;title&quot;:&quot;&quot;,&quot;orientation&quot;:&quot;1&quot;}\" data-image-title=\"Prado24-GCMLimangus\" data-image-description=\"\" data-image-caption=\"\" data-large-file=\"https:\/\/i0.wp.com\/lahoradelcampo.com.uy\/site\/wp-content\/uploads\/2024\/09\/Prado24-GCMLimangus.jpg?fit=810%2C405&amp;ssl=1\" src=\"https:\/\/i0.wp.com\/lahoradelcampo.com.uy\/site\/wp-content\/uploads\/2024\/09\/Prado24-GCMLimangus.jpg?resize=810%2C405\" alt=\"\" class=\"wp-image-54515\" srcset=\"https:\/\/i0.wp.com\/lahoradelcampo.com.uy\/site\/wp-content\/uploads\/2024\/09\/Prado24-GCMLimangus.jpg?w=880&amp;ssl=1 880w, https:\/\/i0.wp.com\/lahoradelcampo.com.uy\/site\/wp-content\/uploads\/2024\/09\/Prado24-GCMLimangus.jpg?resize=300%2C150&amp;ssl=1 300w, https:\/\/i0.wp.com\/lahoradelcampo.com.uy\/site\/wp-content\/uploads\/2024\/09\/Prado24-GCMLimangus.jpg?resize=768%2C384&amp;ssl=1 768w, https:\/\/i0.wp.com\/lahoradelcampo.com.uy\/site\/wp-content\/uploads\/2024\/09\/Prado24-GCMLimangus.jpg?resize=820%2C410&amp;ssl=1 820w\" sizes=\"auto, (max-width: 810px) 100vw, 810px\" \/><\/a><\/figure>\n\n\n\n<p>Seis animales compitieron en la calificaci\u00f3n de la raza Limangus. El jurado argentino Horacio Cook destac\u00f3 la \u00abexcelente conformaci\u00f3n\u00bb de la Gran Campeona, una ternera de caba\u00f1a \u00abLos Pirulos Uruguay\u00bb, que se impuso ante una vaca del mismo origen. Cook subray\u00f3 que la ternera ganadora, pr\u00f3xima a cumplir un a\u00f1o, mostr\u00f3 \u00abmuy buenos datos ecogr\u00e1ficos\u00bb, reflejando las cualidades que se buscan en esta raza. <\/p>\n\n\n\n<p>Leonardo Hern\u00e1ndez, propietario de la ternera, expres\u00f3 su satisfacci\u00f3n al detallar que el animal es producto de una transferencia embrionaria que combina la gen\u00e9tica de la primera Gran Campeona hembra del Prado en la raza Limangus con un toro destacado de Argentina. \u00abEl semen de este toro lleg\u00f3 a Uruguay y permiti\u00f3 hacer posible este embri\u00f3n\u00bb, explic\u00f3 Hern\u00e1ndez, subrayando la importancia de la gen\u00e9tica en el \u00e9xito obtenido.<\/p>\n\n\n\n<p>Montevideo, 11 de setiembre de 2024<\/p>\n","protected":false},"excerpt":{"rendered":"<p>Seis animales compitieron en la calificaci\u00f3n de la raza Limangus. El jurado argentino Horacio Cook destac\u00f3 la \u00abexcelente conformaci\u00f3n\u00bb de la Gran Campeona, una ternera de caba\u00f1a \u00abLos Pirulos Uruguay\u00bb, [&hellip;]<\/p>\n","protected":false},"author":5,"featured_media":54515,"comment_status":"open","ping_status":"open","sticky":false,"template":"","format":"standard","meta":{"_price":"","_stock":"","_tribe_ticket_header":"","_tribe_default_ticket_provider":"","_tribe_ticket_capacity":"0","_ticket_start_date":"","_ticket_end_date":"","_tribe_ticket_show_description":"","_tribe_ticket_show_not_going":false,"_tribe_ticket_use_global_stock":"","_tribe_ticket_global_stock_level":"","_global_stock_mode":"","_global_stock_cap":"","_tribe_rsvp_for_event":"","_tribe_ticket_going_count":"","_tribe_ticket_not_going_count":"","_tribe_tickets_list":"[]","_tribe_ticket_has_attendee_info_fields":false,"h5ap_radio_sources":[],"_jetpack_newsletter_access":"","_jetpack_dont_email_post_to_subs":false,"_jetpack_newsletter_tier_id":0,"_jetpack_memberships_contains_paywalled_content":false,"_jetpack_memberships_contains_paid_content":false,"footnotes":""},"categories":[21,5],"tags":[],"class_list":["post-54514","post","type-post","status-publish","format-standard","has-post-thumbnail","hentry","category-actualidad","category-ganaderia"],"jetpack_featured_media_url":"https:\/\/i0.wp.com\/lahoradelcampo.com.uy\/site\/wp-content\/uploads\/2024\/09\/Prado24-GCMLimangus.jpg?fit=880%2C440&ssl=1","jetpack_sharing_enabled":true,"jetpack_shortlink":"https:\/\/wp.me\/p99IaT-ebg","jetpack-related-posts":[{"id":52448,"url":"https:\/\/lahoradelcampo.com.uy\/site\/la-gran-campeona-aberdeen-angus-es-de-la-santina\/","url_meta":{"origin":54514,"position":0},"title":"La Gran Campeona Aberdeen Angus es de \u00abLa Santina\u00bb","author":"La Hora del Campo","date":"13 septiembre, 2023","format":false,"excerpt":"La Expo Prado 2023 ha sido testigo de una destacada pista de la raza Aberdeen Angus, con \"La Santina\" presentando a la mejor hembra de esta raza en la muestra. Logro que realza su importancia en el excelente nivel de competencia que mostraron las diferentes caba\u00f1as. El jurado, Andr\u00e9s Pe\u00f1agaricano,\u2026","rel":"","context":"En \u00abActualidad\u00bb","block_context":{"text":"Actualidad","link":"https:\/\/lahoradelcampo.com.uy\/site\/category\/actualidad\/"},"img":{"alt_text":"","src":"https:\/\/i0.wp.com\/lahoradelcampo.com.uy\/site\/wp-content\/uploads\/2023\/09\/Angus-prado.jpg?fit=880%2C440&ssl=1&resize=350%2C200","width":350,"height":200,"srcset":"https:\/\/i0.wp.com\/lahoradelcampo.com.uy\/site\/wp-content\/uploads\/2023\/09\/Angus-prado.jpg?fit=880%2C440&ssl=1&resize=350%2C200 1x, https:\/\/i0.wp.com\/lahoradelcampo.com.uy\/site\/wp-content\/uploads\/2023\/09\/Angus-prado.jpg?fit=880%2C440&ssl=1&resize=525%2C300 1.5x, https:\/\/i0.wp.com\/lahoradelcampo.com.uy\/site\/wp-content\/uploads\/2023\/09\/Angus-prado.jpg?fit=880%2C440&ssl=1&resize=700%2C400 2x"},"classes":[]},{"id":45485,"url":"https:\/\/lahoradelcampo.com.uy\/site\/raffaella-es-la-gran-campeona-angus-de-bayucua\/","url_meta":{"origin":54514,"position":1},"title":"\u00abRaffaella\u00bb es la Gran Campeona Angus de Bayucu\u00e1","author":"La Hora del Campo","date":"14 septiembre, 2022","format":false,"excerpt":"La caba\u00f1a salte\u00f1a Bayucu\u00e1 con 115 a\u00f1os de historia, alcanz\u00f3 su Prado 75 de forma ininterrumpida, y lo festej\u00f3 ayer en la tarde con \"Raffaella\" una vaquillona mayor que deleito al jurado desde que ingres\u00f3 a la pista y se coron\u00f3 como Campeona Vaquillona Mayor y a la postre como\u2026","rel":"","context":"En \u00abActualidad\u00bb","block_context":{"text":"Actualidad","link":"https:\/\/lahoradelcampo.com.uy\/site\/category\/actualidad\/"},"img":{"alt_text":"","src":"https:\/\/i0.wp.com\/lahoradelcampo.com.uy\/site\/wp-content\/uploads\/2022\/09\/Prado-AngusGCHBayucua.jpg?fit=880%2C440&ssl=1&resize=350%2C200","width":350,"height":200,"srcset":"https:\/\/i0.wp.com\/lahoradelcampo.com.uy\/site\/wp-content\/uploads\/2022\/09\/Prado-AngusGCHBayucua.jpg?fit=880%2C440&ssl=1&resize=350%2C200 1x, https:\/\/i0.wp.com\/lahoradelcampo.com.uy\/site\/wp-content\/uploads\/2022\/09\/Prado-AngusGCHBayucua.jpg?fit=880%2C440&ssl=1&resize=525%2C300 1.5x, https:\/\/i0.wp.com\/lahoradelcampo.com.uy\/site\/wp-content\/uploads\/2022\/09\/Prado-AngusGCHBayucua.jpg?fit=880%2C440&ssl=1&resize=700%2C400 2x"},"classes":[]},{"id":52454,"url":"https:\/\/lahoradelcampo.com.uy\/site\/limangus-presento-un-toro-impresionante-segun-el-jurado-argentino\/","url_meta":{"origin":54514,"position":2},"title":"Limangus present\u00f3 \u201cun toro impresionante\u201d seg\u00fan el jurado argentino","author":"La Hora del Campo","date":"14 septiembre, 2023","format":false,"excerpt":"La raza Limangus particip\u00f3 por segundo a\u00f1o consecutivo en la Expo Prado. El Gran Campe\u00f3n fue un toro Senior, ganador de su categor\u00eda, presentado por Gilberto Porta Leivas. El Reservado Gran Campe\u00f3n, que tambi\u00e9n fue Campe\u00f3n Dos A\u00f1os, fue expuesto por Patricio Alves Alonso. El Tercer Mejor Macho fue el\u2026","rel":"","context":"En \u00abActualidad\u00bb","block_context":{"text":"Actualidad","link":"https:\/\/lahoradelcampo.com.uy\/site\/category\/actualidad\/"},"img":{"alt_text":"","src":"https:\/\/i0.wp.com\/lahoradelcampo.com.uy\/site\/wp-content\/uploads\/2023\/09\/Limangus-prado.jpg?fit=880%2C440&ssl=1&resize=350%2C200","width":350,"height":200,"srcset":"https:\/\/i0.wp.com\/lahoradelcampo.com.uy\/site\/wp-content\/uploads\/2023\/09\/Limangus-prado.jpg?fit=880%2C440&ssl=1&resize=350%2C200 1x, https:\/\/i0.wp.com\/lahoradelcampo.com.uy\/site\/wp-content\/uploads\/2023\/09\/Limangus-prado.jpg?fit=880%2C440&ssl=1&resize=525%2C300 1.5x, https:\/\/i0.wp.com\/lahoradelcampo.com.uy\/site\/wp-content\/uploads\/2023\/09\/Limangus-prado.jpg?fit=880%2C440&ssl=1&resize=700%2C400 2x"},"classes":[]},{"id":45523,"url":"https:\/\/lahoradelcampo.com.uy\/site\/%ef%bb%bfel-limangus-debuto-en-las-pistas-del-prado\/","url_meta":{"origin":54514,"position":3},"title":"\ufeffEl Limangus debut\u00f3 en las pistas del Prado","author":"La Hora del Campo","date":"16 septiembre, 2022","format":false,"excerpt":"Tras un acuerdo entre una caba\u00f1a uruguaya y su par argentina, se expuso por primera vez la raza Limangus en el marco de la Expo Prado, convirti\u00e9ndose en un nuevo hecho hist\u00f3rico para la exposici\u00f3n de la Asociaci\u00f3n Rural del Uruguay. Las calificaciones estuvieron a cargo de Juan O. Godi\u00f1o.\u2026","rel":"","context":"En \u00abActualidad\u00bb","block_context":{"text":"Actualidad","link":"https:\/\/lahoradelcampo.com.uy\/site\/category\/actualidad\/"},"img":{"alt_text":"","src":"https:\/\/i0.wp.com\/lahoradelcampo.com.uy\/site\/wp-content\/uploads\/2022\/09\/Prado-Limangus.jpg?fit=880%2C440&ssl=1&resize=350%2C200","width":350,"height":200,"srcset":"https:\/\/i0.wp.com\/lahoradelcampo.com.uy\/site\/wp-content\/uploads\/2022\/09\/Prado-Limangus.jpg?fit=880%2C440&ssl=1&resize=350%2C200 1x, https:\/\/i0.wp.com\/lahoradelcampo.com.uy\/site\/wp-content\/uploads\/2022\/09\/Prado-Limangus.jpg?fit=880%2C440&ssl=1&resize=525%2C300 1.5x, https:\/\/i0.wp.com\/lahoradelcampo.com.uy\/site\/wp-content\/uploads\/2022\/09\/Prado-Limangus.jpg?fit=880%2C440&ssl=1&resize=700%2C400 2x"},"classes":[]},{"id":52706,"url":"https:\/\/lahoradelcampo.com.uy\/site\/la-magdalena-vasco-pampeano-ybayucua-se-lucieron-en-la-pista-del-angus\/","url_meta":{"origin":54514,"position":4},"title":"La Magdalena, Vasco Pampeano y Bayucu\u00e1 se lucieron en la pista del Angus","author":"La Hora del Campo","date":"5 octubre, 2023","format":false,"excerpt":"Dos jurados j\u00f3venes pero con experiencia en la cr\u00eda y selecci\u00f3n gen\u00e9tica de la raza aberdeen Angus, como Mariano Rodr\u00edguez de caba\u00f1a La Estela, qui\u00e9n particip\u00f3 de la reciente Expo Prado con sus animales, como tambi\u00e9n Ra\u00fal Mar\u00eda Irazabal, de caba\u00f1a \"La Martineta\", asumieron la responsabilidad de evaluar la muestra\u2026","rel":"","context":"En \u00abActualidad\u00bb","block_context":{"text":"Actualidad","link":"https:\/\/lahoradelcampo.com.uy\/site\/category\/actualidad\/"},"img":{"alt_text":"","src":"https:\/\/i0.wp.com\/lahoradelcampo.com.uy\/site\/wp-content\/uploads\/2023\/10\/angus-exposalto.jpg?fit=880%2C440&ssl=1&resize=350%2C200","width":350,"height":200,"srcset":"https:\/\/i0.wp.com\/lahoradelcampo.com.uy\/site\/wp-content\/uploads\/2023\/10\/angus-exposalto.jpg?fit=880%2C440&ssl=1&resize=350%2C200 1x, https:\/\/i0.wp.com\/lahoradelcampo.com.uy\/site\/wp-content\/uploads\/2023\/10\/angus-exposalto.jpg?fit=880%2C440&ssl=1&resize=525%2C300 1.5x, https:\/\/i0.wp.com\/lahoradelcampo.com.uy\/site\/wp-content\/uploads\/2023\/10\/angus-exposalto.jpg?fit=880%2C440&ssl=1&resize=700%2C400 2x"},"classes":[]},{"id":23670,"url":"https:\/\/lahoradelcampo.com.uy\/site\/angus-mostro-todo-el-potencial-de-los-vientres-de-la-raza-en-la-pista-del-prado\/","url_meta":{"origin":54514,"position":5},"title":"Angus mostr\u00f3 todo el potencial de los  vientres de la raza en la pista del Prado","author":"La Hora del Campo","date":"16 septiembre, 2020","format":false,"excerpt":"En una gran exhibici\u00f3n de gen\u00e9tica que demuestra el excelente momento que pasa la raza Aberdeen Angus en el pa\u00eds, el ingeniero agr\u00f3nomo Alvaro D\u00edaz Nadal tuvo un extenso trabajo con los mejores vientres expuestos por las principales caba\u00f1as del pa\u00eds. En una pista algo m\u00e1s grande que lo habitual,\u2026","rel":"","context":"En \u00abActualidad\u00bb","block_context":{"text":"Actualidad","link":"https:\/\/lahoradelcampo.com.uy\/site\/category\/actualidad\/"},"img":{"alt_text":"","src":"https:\/\/i0.wp.com\/lahoradelcampo.com.uy\/site\/wp-content\/uploads\/2020\/09\/AngusGCH.jpg?fit=880%2C440&ssl=1&resize=350%2C200","width":350,"height":200,"srcset":"https:\/\/i0.wp.com\/lahoradelcampo.com.uy\/site\/wp-content\/uploads\/2020\/09\/AngusGCH.jpg?fit=880%2C440&ssl=1&resize=350%2C200 1x, https:\/\/i0.wp.com\/lahoradelcampo.com.uy\/site\/wp-content\/uploads\/2020\/09\/AngusGCH.jpg?fit=880%2C440&ssl=1&resize=525%2C300 1.5x, https:\/\/i0.wp.com\/lahoradelcampo.com.uy\/site\/wp-content\/uploads\/2020\/09\/AngusGCH.jpg?fit=880%2C440&ssl=1&resize=700%2C400 2x"},"classes":[]}],"jetpack_likes_enabled":true,"_links":{"self":[{"href":"https:\/\/lahoradelcampo.com.uy\/site\/wp-json\/wp\/v2\/posts\/54514","targetHints":{"allow":["GET"]}}],"collection":[{"href":"https:\/\/lahoradelcampo.com.uy\/site\/wp-json\/wp\/v2\/posts"}],"about":[{"href":"https:\/\/lahoradelcampo.com.uy\/site\/wp-json\/wp\/v2\/types\/post"}],"author":[{"embeddable":true,"href":"https:\/\/lahoradelcampo.com.uy\/site\/wp-json\/wp\/v2\/users\/5"}],"replies":[{"embeddable":true,"href":"https:\/\/lahoradelcampo.com.uy\/site\/wp-json\/wp\/v2\/comments?post=54514"}],"version-history":[{"count":1,"href":"https:\/\/lahoradelcampo.com.uy\/site\/wp-json\/wp\/v2\/posts\/54514\/revisions"}],"predecessor-version":[{"id":54516,"href":"https:\/\/lahoradelcampo.com.uy\/site\/wp-json\/wp\/v2\/posts\/54514\/revisions\/54516"}],"wp:featuredmedia":[{"embeddable":true,"href":"https:\/\/lahoradelcampo.com.uy\/site\/wp-json\/wp\/v2\/media\/54515"}],"wp:attachment":[{"href":"https:\/\/lahoradelcampo.com.uy\/site\/wp-json\/wp\/v2\/media?parent=54514"}],"wp:term":[{"taxonomy":"category","embeddable":true,"href":"https:\/\/lahoradelcampo.com.uy\/site\/wp-json\/wp\/v2\/categories?post=54514"},{"taxonomy":"post_tag","embeddable":true,"href":"https:\/\/lahoradelcampo.com.uy\/site\/wp-json\/wp\/v2\/tags?post=54514"}],"curies":[{"name":"wp","href":"https:\/\/api.w.org\/{rel}","templated":true}]}}