{"id":54509,"date":"2024-09-11T19:30:00","date_gmt":"2024-09-11T22:30:00","guid":{"rendered":"http:\/\/lahoradelcampo.com.uy\/site\/?p=54509"},"modified":"2024-09-14T11:46:17","modified_gmt":"2024-09-14T14:46:17","slug":"economia-no-esta-entendiendo-la-situacion-de-los-productores","status":"publish","type":"post","link":"https:\/\/lahoradelcampo.com.uy\/site\/economia-no-esta-entendiendo-la-situacion-de-los-productores\/","title":{"rendered":"\u00abEconom\u00eda no est\u00e1 entendiendo la situaci\u00f3n de los productores\u00bb"},"content":{"rendered":"\n<figure class=\"wp-block-image size-full\"><a href=\"https:\/\/i0.wp.com\/lahoradelcampo.com.uy\/site\/wp-content\/uploads\/2018\/03\/web-federacion.jpg\"><img data-recalc-dims=\"1\" loading=\"lazy\" decoding=\"async\" width=\"810\" height=\"405\" data-attachment-id=\"6025\" data-permalink=\"https:\/\/lahoradelcampo.com.uy\/site\/federacion-rural-rebatio-conceptos-no-ajustados-a-la-realidad\/web-federacion\/\" data-orig-file=\"https:\/\/i0.wp.com\/lahoradelcampo.com.uy\/site\/wp-content\/uploads\/2018\/03\/web-federacion.jpg?fit=880%2C440&amp;ssl=1\" data-orig-size=\"880,440\" data-comments-opened=\"1\" data-image-meta=\"{&quot;aperture&quot;:&quot;0&quot;,&quot;credit&quot;:&quot;&quot;,&quot;camera&quot;:&quot;&quot;,&quot;caption&quot;:&quot;&quot;,&quot;created_timestamp&quot;:&quot;0&quot;,&quot;copyright&quot;:&quot;&quot;,&quot;focal_length&quot;:&quot;0&quot;,&quot;iso&quot;:&quot;0&quot;,&quot;shutter_speed&quot;:&quot;0&quot;,&quot;title&quot;:&quot;&quot;,&quot;orientation&quot;:&quot;1&quot;}\" data-image-title=\"web federacion\" data-image-description=\"\" data-image-caption=\"\" data-large-file=\"https:\/\/i0.wp.com\/lahoradelcampo.com.uy\/site\/wp-content\/uploads\/2018\/03\/web-federacion.jpg?fit=810%2C405&amp;ssl=1\" src=\"https:\/\/i0.wp.com\/lahoradelcampo.com.uy\/site\/wp-content\/uploads\/2018\/03\/web-federacion.jpg?resize=810%2C405\" alt=\"\" class=\"wp-image-6025\" srcset=\"https:\/\/i0.wp.com\/lahoradelcampo.com.uy\/site\/wp-content\/uploads\/2018\/03\/web-federacion.jpg?w=880&amp;ssl=1 880w, https:\/\/i0.wp.com\/lahoradelcampo.com.uy\/site\/wp-content\/uploads\/2018\/03\/web-federacion.jpg?resize=300%2C150&amp;ssl=1 300w, https:\/\/i0.wp.com\/lahoradelcampo.com.uy\/site\/wp-content\/uploads\/2018\/03\/web-federacion.jpg?resize=768%2C384&amp;ssl=1 768w, https:\/\/i0.wp.com\/lahoradelcampo.com.uy\/site\/wp-content\/uploads\/2018\/03\/web-federacion.jpg?resize=820%2C410&amp;ssl=1 820w\" sizes=\"auto, (max-width: 810px) 100vw, 810px\" \/><\/a><\/figure>\n\n\n\n<p>La Federaci\u00f3n Rural emiti\u00f3 un comunicado este mi\u00e9rcoles 11 de setiembre, en el cual marc\u00f3 su malestar por haber sido ignorados por el Ministerio de Econom\u00eda y Finanzas, ante planteos realizados para prorrogar el vencimiento de los pagos de BPS. \u00abEl Ministerio de Econom\u00eda no est\u00e1 entendiendo la situaci\u00f3n de los productores que viven del campo\u00bb dijo el presidente de la Federaci\u00f3n Rural, Jorge Andr\u00e9s Rodr\u00edguez, quien explico que se le planteo al ministerio prorrogar por un trimestre los vencimientos de los pagos de BPS.<\/p>\n\n\n\n<p>El planteo fue realizado con las gremiales que conforman Campo Unido (ACA, ANPL, ARU, CAF, CNFR y FR), el pasado 22 de agosto. La prorroga fue planteada en base a la \u00abdelicada situaci\u00f3n econ\u00f3mica y financiera que enfrentan la mayor\u00eda de los productores\u00bb. El comunicado se\u00f1ala que, a pesar de la relevancia de la solicitud, \u00ablas autoridades optaron por ignorar el pedido, sin brindar respuesta ni mostrar disposici\u00f3n a atender las necesidades del sector\u00bb.<\/p>\n\n\n\n<p>Salto, 11 de setiembre de 2024<\/p>\n","protected":false},"excerpt":{"rendered":"<p>La Federaci\u00f3n Rural emiti\u00f3 un comunicado este mi\u00e9rcoles 11 de setiembre, en el cual marc\u00f3 su malestar por haber sido ignorados por el Ministerio de Econom\u00eda y Finanzas, ante planteos [&hellip;]<\/p>\n","protected":false},"author":5,"featured_media":6025,"comment_status":"open","ping_status":"open","sticky":false,"template":"","format":"standard","meta":{"_price":"","_stock":"","_tribe_ticket_header":"","_tribe_default_ticket_provider":"","_tribe_ticket_capacity":"0","_ticket_start_date":"","_ticket_end_date":"","_tribe_ticket_show_description":"","_tribe_ticket_show_not_going":false,"_tribe_ticket_use_global_stock":"","_tribe_ticket_global_stock_level":"","_global_stock_mode":"","_global_stock_cap":"","_tribe_rsvp_for_event":"","_tribe_ticket_going_count":"","_tribe_ticket_not_going_count":"","_tribe_tickets_list":"[]","_tribe_ticket_has_attendee_info_fields":false,"h5ap_radio_sources":[],"_jetpack_newsletter_access":"","_jetpack_dont_email_post_to_subs":false,"_jetpack_newsletter_tier_id":0,"_jetpack_memberships_contains_paywalled_content":false,"_jetpack_memberships_contains_paid_content":false,"footnotes":""},"categories":[21,5],"tags":[],"class_list":["post-54509","post","type-post","status-publish","format-standard","has-post-thumbnail","hentry","category-actualidad","category-ganaderia"],"jetpack_featured_media_url":"https:\/\/i0.wp.com\/lahoradelcampo.com.uy\/site\/wp-content\/uploads\/2018\/03\/web-federacion.jpg?fit=880%2C440&ssl=1","jetpack_sharing_enabled":true,"jetpack_shortlink":"https:\/\/wp.me\/p99IaT-ebb","jetpack-related-posts":[{"id":12135,"url":"https:\/\/lahoradelcampo.com.uy\/site\/el-ministerio-del-interior-a-medio-vaciado-las-comisarias\/","url_meta":{"origin":54509,"position":0},"title":"\u00abEl Ministerio del Interior a medio vaciado las comisarias\u00bb","author":"La Hora del Campo","date":"25 junio, 2019","format":false,"excerpt":"El presidente de la Federaci\u00f3n Rural del Uruguay, Julio Armand Ug\u00f3n, particip\u00f3 de la Asamblea Anual de la Asociaci\u00f3n Fomento Rural de Valent\u00edn donde se plante\u00f3 el tema de la seguridad rural, el abigeato y las jaur\u00edas de perros. En este sentido durante el fin de semana en la zona\u2026","rel":"","context":"En \u00abActualidad\u00bb","block_context":{"text":"Actualidad","link":"https:\/\/lahoradelcampo.com.uy\/site\/category\/actualidad\/"},"img":{"alt_text":"","src":"https:\/\/i0.wp.com\/lahoradelcampo.com.uy\/site\/wp-content\/uploads\/2019\/06\/julio-armand-ugon.jpg?fit=880%2C440&ssl=1&resize=350%2C200","width":350,"height":200,"srcset":"https:\/\/i0.wp.com\/lahoradelcampo.com.uy\/site\/wp-content\/uploads\/2019\/06\/julio-armand-ugon.jpg?fit=880%2C440&ssl=1&resize=350%2C200 1x, https:\/\/i0.wp.com\/lahoradelcampo.com.uy\/site\/wp-content\/uploads\/2019\/06\/julio-armand-ugon.jpg?fit=880%2C440&ssl=1&resize=525%2C300 1.5x, https:\/\/i0.wp.com\/lahoradelcampo.com.uy\/site\/wp-content\/uploads\/2019\/06\/julio-armand-ugon.jpg?fit=880%2C440&ssl=1&resize=700%2C400 2x"},"classes":[]},{"id":48847,"url":"https:\/\/lahoradelcampo.com.uy\/site\/economia-anuncio-envio-al-parlamento-de-medidas-por-la-sequia\/","url_meta":{"origin":54509,"position":1},"title":"Econom\u00eda anunci\u00f3 envi\u00f3 al Parlamento de medidas por la sequ\u00eda","author":"La Hora del Campo","date":"24 febrero, 2023","format":false,"excerpt":"Este jueves 23 de enero, la ministra de Econom\u00eda y Finanzas, Azucena Arbeleche, particip\u00f3 de una conferencia de prensa en el marco de la Expo Durazno, donde respondi\u00f3 las consultas realizadas por los colegas del centro del pa\u00eds. La mayor\u00eda de las mismas apuntaban a la situaci\u00f3n de emergencia agropecuaria\u2026","rel":"","context":"En \u00abActualidad\u00bb","block_context":{"text":"Actualidad","link":"https:\/\/lahoradelcampo.com.uy\/site\/category\/actualidad\/"},"img":{"alt_text":"","src":"https:\/\/i0.wp.com\/lahoradelcampo.com.uy\/site\/wp-content\/uploads\/2023\/02\/MIinistra-de-econom%C3%ADa.jpg?fit=880%2C440&ssl=1&resize=350%2C200","width":350,"height":200,"srcset":"https:\/\/i0.wp.com\/lahoradelcampo.com.uy\/site\/wp-content\/uploads\/2023\/02\/MIinistra-de-econom%C3%ADa.jpg?fit=880%2C440&ssl=1&resize=350%2C200 1x, https:\/\/i0.wp.com\/lahoradelcampo.com.uy\/site\/wp-content\/uploads\/2023\/02\/MIinistra-de-econom%C3%ADa.jpg?fit=880%2C440&ssl=1&resize=525%2C300 1.5x, https:\/\/i0.wp.com\/lahoradelcampo.com.uy\/site\/wp-content\/uploads\/2023\/02\/MIinistra-de-econom%C3%ADa.jpg?fit=880%2C440&ssl=1&resize=700%2C400 2x"},"classes":[]},{"id":54002,"url":"https:\/\/lahoradelcampo.com.uy\/site\/federacion-rural-advirtio-sobre-resultados-muy-magros\/","url_meta":{"origin":54509,"position":2},"title":"Federaci\u00f3n Rural advirti\u00f3 sobre \u00abresultados muy magros\u00bb","author":"La Hora del Campo","date":"21 junio, 2024","format":false,"excerpt":"\u201cSe esperan resultados muy magros para el agro\u201d, asegur\u00f3 la Federaci\u00f3n Rural en un comunicado dirigido a la opini\u00f3n p\u00fablica, y pide a las autoridades las \u201ccondiciones necesarias\u201d, porque si las tienen, los productores podr\u00e1n hacerlo \u201cmucho mejor\u201d, seg\u00fan la misiva. \u201cEstamos en v\u00edsperas de llegar a la fecha de\u2026","rel":"","context":"En \u00abActualidad\u00bb","block_context":{"text":"Actualidad","link":"https:\/\/lahoradelcampo.com.uy\/site\/category\/actualidad\/"},"img":{"alt_text":"","src":"https:\/\/i0.wp.com\/lahoradelcampo.com.uy\/site\/wp-content\/uploads\/2018\/03\/web-federacion.jpg?fit=880%2C440&ssl=1&resize=350%2C200","width":350,"height":200,"srcset":"https:\/\/i0.wp.com\/lahoradelcampo.com.uy\/site\/wp-content\/uploads\/2018\/03\/web-federacion.jpg?fit=880%2C440&ssl=1&resize=350%2C200 1x, https:\/\/i0.wp.com\/lahoradelcampo.com.uy\/site\/wp-content\/uploads\/2018\/03\/web-federacion.jpg?fit=880%2C440&ssl=1&resize=525%2C300 1.5x, https:\/\/i0.wp.com\/lahoradelcampo.com.uy\/site\/wp-content\/uploads\/2018\/03\/web-federacion.jpg?fit=880%2C440&ssl=1&resize=700%2C400 2x"},"classes":[]},{"id":55194,"url":"https:\/\/lahoradelcampo.com.uy\/site\/federacion-rural-repudio-los-paros-sorpresivos-de-la-foica\/","url_meta":{"origin":54509,"position":3},"title":"Federaci\u00f3n Rural repudi\u00f3 los paros sorpresivos de la FOICA","author":"La Hora del Campo","date":"2 diciembre, 2024","format":false,"excerpt":"Desde el pasado lunes, la Federaci\u00f3n de Obreros de la Industria C\u00e1rnica y Afines (FOICA) se declar\u00f3 en conflicto y plante\u00f3 como estrategia la realizaci\u00f3n de paros sorpresivos, anunciados en la noche previa a los trabajadores, como parte de las medidas para llegar a un acuerdo en la negociaci\u00f3n salarial\u2026","rel":"","context":"En \u00abActualidad\u00bb","block_context":{"text":"Actualidad","link":"https:\/\/lahoradelcampo.com.uy\/site\/category\/actualidad\/"},"img":{"alt_text":"","src":"https:\/\/i0.wp.com\/lahoradelcampo.com.uy\/site\/wp-content\/uploads\/2017\/09\/Faena-frigorificos.jpg?fit=880%2C440&ssl=1&resize=350%2C200","width":350,"height":200,"srcset":"https:\/\/i0.wp.com\/lahoradelcampo.com.uy\/site\/wp-content\/uploads\/2017\/09\/Faena-frigorificos.jpg?fit=880%2C440&ssl=1&resize=350%2C200 1x, https:\/\/i0.wp.com\/lahoradelcampo.com.uy\/site\/wp-content\/uploads\/2017\/09\/Faena-frigorificos.jpg?fit=880%2C440&ssl=1&resize=525%2C300 1.5x, https:\/\/i0.wp.com\/lahoradelcampo.com.uy\/site\/wp-content\/uploads\/2017\/09\/Faena-frigorificos.jpg?fit=880%2C440&ssl=1&resize=700%2C400 2x"},"classes":[]},{"id":56567,"url":"https:\/\/lahoradelcampo.com.uy\/site\/federacion-rural-reclama-medidas-urgentes-por-la-seguridad-en-el-medio-rural\/","url_meta":{"origin":54509,"position":4},"title":"Federaci\u00f3n Rural reclama medidas urgentes por la seguridad en el medio rural","author":"La Hora del Campo","date":"13 agosto, 2025","format":false,"excerpt":"La Federaci\u00f3n Rural del Uruguay expres\u00f3 su preocupaci\u00f3n ante la creciente inseguridad que afecta al medio rural, con especial \u00e9nfasis en el incremento de los casos de abigeato y los ataques recurrentes de jaur\u00edas de perros a las majadas ovinas. En un comunicado emitido este martes 12 de agosto, la\u2026","rel":"","context":"En \u00abActualidad\u00bb","block_context":{"text":"Actualidad","link":"https:\/\/lahoradelcampo.com.uy\/site\/category\/actualidad\/"},"img":{"alt_text":"","src":"https:\/\/i0.wp.com\/lahoradelcampo.com.uy\/site\/wp-content\/uploads\/2023\/04\/ataqueperros-sanjose.jpg?fit=880%2C440&ssl=1&resize=350%2C200","width":350,"height":200,"srcset":"https:\/\/i0.wp.com\/lahoradelcampo.com.uy\/site\/wp-content\/uploads\/2023\/04\/ataqueperros-sanjose.jpg?fit=880%2C440&ssl=1&resize=350%2C200 1x, https:\/\/i0.wp.com\/lahoradelcampo.com.uy\/site\/wp-content\/uploads\/2023\/04\/ataqueperros-sanjose.jpg?fit=880%2C440&ssl=1&resize=525%2C300 1.5x, https:\/\/i0.wp.com\/lahoradelcampo.com.uy\/site\/wp-content\/uploads\/2023\/04\/ataqueperros-sanjose.jpg?fit=880%2C440&ssl=1&resize=700%2C400 2x"},"classes":[]},{"id":18992,"url":"https:\/\/lahoradelcampo.com.uy\/site\/las-gremiales-representan-a-en-el-acierto-o-en-el-error-a-todos-los-productores\/","url_meta":{"origin":54509,"position":5},"title":"Las gremiales representan \u00aben el acierto o en el error a todos los productores\u00bb","author":"La Hora del Campo","date":"17 abril, 2020","format":false,"excerpt":"En la \u00faltima conferencia de prensa, realizada el pasado martes mediante videoconferencia, La Hora del Campo consult\u00f3 al Ministro de Ganader\u00eda, Carlos Mar\u00eda Uriarte, sobre la obligatoriedad de esta renuncia del 1% a la venta de semovientes a trav\u00e9s de los certificados de BPS, en el entendido que las gremiales\u2026","rel":"","context":"En \u00abActualidad\u00bb","block_context":{"text":"Actualidad","link":"https:\/\/lahoradelcampo.com.uy\/site\/category\/actualidad\/"},"img":{"alt_text":"","src":"https:\/\/i0.wp.com\/lahoradelcampo.com.uy\/site\/wp-content\/uploads\/2019\/12\/Uriarte-granja.jpg?fit=880%2C440&ssl=1&resize=350%2C200","width":350,"height":200,"srcset":"https:\/\/i0.wp.com\/lahoradelcampo.com.uy\/site\/wp-content\/uploads\/2019\/12\/Uriarte-granja.jpg?fit=880%2C440&ssl=1&resize=350%2C200 1x, https:\/\/i0.wp.com\/lahoradelcampo.com.uy\/site\/wp-content\/uploads\/2019\/12\/Uriarte-granja.jpg?fit=880%2C440&ssl=1&resize=525%2C300 1.5x, https:\/\/i0.wp.com\/lahoradelcampo.com.uy\/site\/wp-content\/uploads\/2019\/12\/Uriarte-granja.jpg?fit=880%2C440&ssl=1&resize=700%2C400 2x"},"classes":[]}],"jetpack_likes_enabled":true,"_links":{"self":[{"href":"https:\/\/lahoradelcampo.com.uy\/site\/wp-json\/wp\/v2\/posts\/54509","targetHints":{"allow":["GET"]}}],"collection":[{"href":"https:\/\/lahoradelcampo.com.uy\/site\/wp-json\/wp\/v2\/posts"}],"about":[{"href":"https:\/\/lahoradelcampo.com.uy\/site\/wp-json\/wp\/v2\/types\/post"}],"author":[{"embeddable":true,"href":"https:\/\/lahoradelcampo.com.uy\/site\/wp-json\/wp\/v2\/users\/5"}],"replies":[{"embeddable":true,"href":"https:\/\/lahoradelcampo.com.uy\/site\/wp-json\/wp\/v2\/comments?post=54509"}],"version-history":[{"count":1,"href":"https:\/\/lahoradelcampo.com.uy\/site\/wp-json\/wp\/v2\/posts\/54509\/revisions"}],"predecessor-version":[{"id":54510,"href":"https:\/\/lahoradelcampo.com.uy\/site\/wp-json\/wp\/v2\/posts\/54509\/revisions\/54510"}],"wp:featuredmedia":[{"embeddable":true,"href":"https:\/\/lahoradelcampo.com.uy\/site\/wp-json\/wp\/v2\/media\/6025"}],"wp:attachment":[{"href":"https:\/\/lahoradelcampo.com.uy\/site\/wp-json\/wp\/v2\/media?parent=54509"}],"wp:term":[{"taxonomy":"category","embeddable":true,"href":"https:\/\/lahoradelcampo.com.uy\/site\/wp-json\/wp\/v2\/categories?post=54509"},{"taxonomy":"post_tag","embeddable":true,"href":"https:\/\/lahoradelcampo.com.uy\/site\/wp-json\/wp\/v2\/tags?post=54509"}],"curies":[{"name":"wp","href":"https:\/\/api.w.org\/{rel}","templated":true}]}}