{"id":54506,"date":"2024-09-10T20:15:00","date_gmt":"2024-09-10T23:15:00","guid":{"rendered":"http:\/\/lahoradelcampo.com.uy\/site\/?p=54506"},"modified":"2024-09-14T11:28:20","modified_gmt":"2024-09-14T14:28:20","slug":"red-poll-presento-un-toro-muy-clasudo-y-una-vaca-bien-femenina","status":"publish","type":"post","link":"https:\/\/lahoradelcampo.com.uy\/site\/red-poll-presento-un-toro-muy-clasudo-y-una-vaca-bien-femenina\/","title":{"rendered":"Red Poll present\u00f3 un toro \u00abmuy clasudo\u00bb y una vaca \u00abbien femenina\u00bb"},"content":{"rendered":"\n<figure class=\"wp-block-image size-full\"><a href=\"https:\/\/i0.wp.com\/lahoradelcampo.com.uy\/site\/wp-content\/uploads\/2024\/09\/Prado24-GCMredpoll.jpg\"><img data-recalc-dims=\"1\" loading=\"lazy\" decoding=\"async\" width=\"810\" height=\"405\" data-attachment-id=\"54507\" data-permalink=\"https:\/\/lahoradelcampo.com.uy\/site\/red-poll-presento-un-toro-muy-clasudo-y-una-vaca-bien-femenina\/prado24-gcmredpoll\/\" data-orig-file=\"https:\/\/i0.wp.com\/lahoradelcampo.com.uy\/site\/wp-content\/uploads\/2024\/09\/Prado24-GCMredpoll.jpg?fit=880%2C440&amp;ssl=1\" data-orig-size=\"880,440\" data-comments-opened=\"1\" data-image-meta=\"{&quot;aperture&quot;:&quot;0&quot;,&quot;credit&quot;:&quot;&quot;,&quot;camera&quot;:&quot;&quot;,&quot;caption&quot;:&quot;&quot;,&quot;created_timestamp&quot;:&quot;0&quot;,&quot;copyright&quot;:&quot;&quot;,&quot;focal_length&quot;:&quot;0&quot;,&quot;iso&quot;:&quot;0&quot;,&quot;shutter_speed&quot;:&quot;0&quot;,&quot;title&quot;:&quot;&quot;,&quot;orientation&quot;:&quot;1&quot;}\" data-image-title=\"Prado24-GCMredpoll\" data-image-description=\"\" data-image-caption=\"\" data-large-file=\"https:\/\/i0.wp.com\/lahoradelcampo.com.uy\/site\/wp-content\/uploads\/2024\/09\/Prado24-GCMredpoll.jpg?fit=810%2C405&amp;ssl=1\" src=\"https:\/\/i0.wp.com\/lahoradelcampo.com.uy\/site\/wp-content\/uploads\/2024\/09\/Prado24-GCMredpoll.jpg?resize=810%2C405\" alt=\"\" class=\"wp-image-54507\" srcset=\"https:\/\/i0.wp.com\/lahoradelcampo.com.uy\/site\/wp-content\/uploads\/2024\/09\/Prado24-GCMredpoll.jpg?w=880&amp;ssl=1 880w, https:\/\/i0.wp.com\/lahoradelcampo.com.uy\/site\/wp-content\/uploads\/2024\/09\/Prado24-GCMredpoll.jpg?resize=300%2C150&amp;ssl=1 300w, https:\/\/i0.wp.com\/lahoradelcampo.com.uy\/site\/wp-content\/uploads\/2024\/09\/Prado24-GCMredpoll.jpg?resize=768%2C384&amp;ssl=1 768w, https:\/\/i0.wp.com\/lahoradelcampo.com.uy\/site\/wp-content\/uploads\/2024\/09\/Prado24-GCMredpoll.jpg?resize=820%2C410&amp;ssl=1 820w\" sizes=\"auto, (max-width: 810px) 100vw, 810px\" \/><\/a><\/figure>\n\n\n\n<p>La raza Red Poll present\u00f3 dos ejemplares en esta Expo Prado, presentados por la caba\u00f1a \u00abSan Florencio\u00bb de Mariano Fern\u00e1ndez. El jurado brasile\u00f1o Jean Pierre Martins Machado destac\u00f3 la calidad de ambos ejemplares. La Gran Campeona es una \u00abhembra bien femenina\u00bb seg\u00fan \u00e9l jurado, que resalto virtudes de la raza, como \u00abfacilidad de parto, habilidad materna, destetar muchos kilos de ternero y un biotipo caracter\u00edstico de la raza\u00bb. El caba\u00f1ero, Mariano Fern\u00e1ndez, dijo que la vaquillona pes\u00f3 570 kilos. <\/p>\n\n\n\n<p>\u00abNo es un animal grande pero s\u00ed con el peso adecuado, y nuestro objetivo es pre\u00f1ar una vaca para que de un ternero cada a\u00f1o\u00bb. Respecto al macho, el jurado dijo que es \u00abmuy clasudo, con aplomos que nos han gustado mucho, circunferencia escrotal con buenos dict\u00e1menes\u00bb. En este sentido el caba\u00f1ero agreg\u00f3 que la \u00abconversi\u00f3n y eficiencia son muy buenas, porque las ganancias del animal han colmado las expectativas\u00bb.<\/p>\n\n\n\n<p><strong>Raza Wagyu<\/strong><\/p>\n\n\n\n<p>En la pista de los Wagyu, los jurados Abel Fornalino y Ricardo Hara, ambos de Argentina eligieron como Gran Campe\u00f3n a un ejemplar de Las Dos Hermanas y reservado Gran Campe\u00f3n de Senfex SA. La Gran Campeona fue expuesta por la firma Senfex SA.<\/p>\n\n\n\n<p>Montevideo, 10 de setiembre de 2024<\/p>\n","protected":false},"excerpt":{"rendered":"<p>La raza Red Poll present\u00f3 dos ejemplares en esta Expo Prado, presentados por la caba\u00f1a \u00abSan Florencio\u00bb de Mariano Fern\u00e1ndez. El jurado brasile\u00f1o Jean Pierre Martins Machado destac\u00f3 la calidad [&hellip;]<\/p>\n","protected":false},"author":5,"featured_media":54507,"comment_status":"open","ping_status":"open","sticky":false,"template":"","format":"standard","meta":{"_price":"","_stock":"","_tribe_ticket_header":"","_tribe_default_ticket_provider":"","_tribe_ticket_capacity":"0","_ticket_start_date":"","_ticket_end_date":"","_tribe_ticket_show_description":"","_tribe_ticket_show_not_going":false,"_tribe_ticket_use_global_stock":"","_tribe_ticket_global_stock_level":"","_global_stock_mode":"","_global_stock_cap":"","_tribe_rsvp_for_event":"","_tribe_ticket_going_count":"","_tribe_ticket_not_going_count":"","_tribe_tickets_list":"[]","_tribe_ticket_has_attendee_info_fields":false,"h5ap_radio_sources":[],"_jetpack_newsletter_access":"","_jetpack_dont_email_post_to_subs":false,"_jetpack_newsletter_tier_id":0,"_jetpack_memberships_contains_paywalled_content":false,"_jetpack_memberships_contains_paid_content":false,"footnotes":""},"categories":[21,5],"tags":[],"class_list":["post-54506","post","type-post","status-publish","format-standard","has-post-thumbnail","hentry","category-actualidad","category-ganaderia"],"jetpack_featured_media_url":"https:\/\/i0.wp.com\/lahoradelcampo.com.uy\/site\/wp-content\/uploads\/2024\/09\/Prado24-GCMredpoll.jpg?fit=880%2C440&ssl=1","jetpack_sharing_enabled":true,"jetpack_shortlink":"https:\/\/wp.me\/p99IaT-eb8","jetpack-related-posts":[{"id":34161,"url":"https:\/\/lahoradelcampo.com.uy\/site\/paso-de-los-carros-presento-los-grandes-campeones-de-la-raza-senepol\/","url_meta":{"origin":54506,"position":0},"title":"\u00abPaso de los Carros\u00bb present\u00f3 los grandes campeones de la raza Senepol","author":"La Hora del Campo","date":"15 septiembre, 2021","format":false,"excerpt":"Jurado: Javier EscurraGran Campe\u00f3n y Gran Campeona: Caba\u00f1a \"Paso de los Carros\" Pocos ejemplares pero con un potencial muy importante para la raza, animales j\u00f3venes que muestran el enorme potencial que posee el Senepol para producir carne en el pa\u00eds. El jurado argentino Javier Escurra, premio como Gran Campe\u00f3n y\u2026","rel":"","context":"En \u00abActualidad\u00bb","block_context":{"text":"Actualidad","link":"https:\/\/lahoradelcampo.com.uy\/site\/category\/actualidad\/"},"img":{"alt_text":"","src":"https:\/\/i0.wp.com\/lahoradelcampo.com.uy\/site\/wp-content\/uploads\/2021\/09\/Prado-Senepol.jpg?fit=880%2C440&ssl=1&resize=350%2C200","width":350,"height":200,"srcset":"https:\/\/i0.wp.com\/lahoradelcampo.com.uy\/site\/wp-content\/uploads\/2021\/09\/Prado-Senepol.jpg?fit=880%2C440&ssl=1&resize=350%2C200 1x, https:\/\/i0.wp.com\/lahoradelcampo.com.uy\/site\/wp-content\/uploads\/2021\/09\/Prado-Senepol.jpg?fit=880%2C440&ssl=1&resize=525%2C300 1.5x, https:\/\/i0.wp.com\/lahoradelcampo.com.uy\/site\/wp-content\/uploads\/2021\/09\/Prado-Senepol.jpg?fit=880%2C440&ssl=1&resize=700%2C400 2x"},"classes":[]},{"id":52436,"url":"https:\/\/lahoradelcampo.com.uy\/site\/de-boismenu-trinfo-en-el-charolais-y-el-alamo-en-wagyu\/","url_meta":{"origin":54506,"position":1},"title":"De Boismen\u00fa trinf\u00f3 en el Charolais y El \u00c1lamo en Wagyu","author":"La Hora del Campo","date":"13 septiembre, 2023","format":false,"excerpt":"Este martes en la Expo Prado 2023, las razas Charolais, Wagyu y Red Poll se destacaron con ejemplares notables, demostrando la diversidad y calidad de la ganader\u00eda en Uruguay. Charolais: La raza Charolais cont\u00f3 con el juicio del experto brasile\u00f1o Renee Fonseca. En la categor\u00eda de machos, el Gran Campe\u00f3n\u2026","rel":"","context":"En \u00abActualidad\u00bb","block_context":{"text":"Actualidad","link":"https:\/\/lahoradelcampo.com.uy\/site\/category\/actualidad\/"},"img":{"alt_text":"","src":"https:\/\/i0.wp.com\/lahoradelcampo.com.uy\/site\/wp-content\/uploads\/2023\/09\/Wagyuprado.jpg?fit=880%2C440&ssl=1&resize=350%2C200","width":350,"height":200,"srcset":"https:\/\/i0.wp.com\/lahoradelcampo.com.uy\/site\/wp-content\/uploads\/2023\/09\/Wagyuprado.jpg?fit=880%2C440&ssl=1&resize=350%2C200 1x, https:\/\/i0.wp.com\/lahoradelcampo.com.uy\/site\/wp-content\/uploads\/2023\/09\/Wagyuprado.jpg?fit=880%2C440&ssl=1&resize=525%2C300 1.5x, https:\/\/i0.wp.com\/lahoradelcampo.com.uy\/site\/wp-content\/uploads\/2023\/09\/Wagyuprado.jpg?fit=880%2C440&ssl=1&resize=700%2C400 2x"},"classes":[]},{"id":54524,"url":"https:\/\/lahoradelcampo.com.uy\/site\/las-anitas-y-las-marias-lideraron-la-escalera-de-hembras-de-la-raza-hereford\/","url_meta":{"origin":54506,"position":2},"title":"\u00abLas Anitas\u00bb y \u00abLas Mar\u00edas\u00bb, lideraron la escalera de hembras de la raza Hereford","author":"La Hora del Campo","date":"11 septiembre, 2024","format":false,"excerpt":"En una larga jornada de trabajo, el jurado Enrique Bonino destac\u00f3 la calidad de las hembras presentadas por la raza Hereford, resaltando la excelencia de los ejemplares exhibidos. \"Vacas con calidad, pigmentadas, llenas de carne, femeninas, que se mueven bien, \u00e1giles, libres y buenas en las l\u00edneas bajas\", coment\u00f3 Bonino\u2026","rel":"","context":"En \u00abActualidad\u00bb","block_context":{"text":"Actualidad","link":"https:\/\/lahoradelcampo.com.uy\/site\/category\/actualidad\/"},"img":{"alt_text":"","src":"https:\/\/i0.wp.com\/lahoradelcampo.com.uy\/site\/wp-content\/uploads\/2024\/09\/Prado24-GCHHereford.jpg?fit=880%2C440&ssl=1&resize=350%2C200","width":350,"height":200,"srcset":"https:\/\/i0.wp.com\/lahoradelcampo.com.uy\/site\/wp-content\/uploads\/2024\/09\/Prado24-GCHHereford.jpg?fit=880%2C440&ssl=1&resize=350%2C200 1x, https:\/\/i0.wp.com\/lahoradelcampo.com.uy\/site\/wp-content\/uploads\/2024\/09\/Prado24-GCHHereford.jpg?fit=880%2C440&ssl=1&resize=525%2C300 1.5x, https:\/\/i0.wp.com\/lahoradelcampo.com.uy\/site\/wp-content\/uploads\/2024\/09\/Prado24-GCHHereford.jpg?fit=880%2C440&ssl=1&resize=700%2C400 2x"},"classes":[]},{"id":54527,"url":"https:\/\/lahoradelcampo.com.uy\/site\/mounga-el-toro-angus-de-campo-norte-gran-campeon-en-la-expo-prado\/","url_meta":{"origin":54506,"position":3},"title":"\u00abMounga\u00bb, el toro Angus de Campo Norte, Gran Campe\u00f3n en la Expo Prado","author":"La Hora del Campo","date":"11 septiembre, 2024","format":false,"excerpt":"\"Mounga\", el toro de la caba\u00f1a Campo Norte, revalid\u00f3 su supremac\u00eda al coronarse Gran Campe\u00f3n Aberdeen Angus en la Expo Prado 2024, un a\u00f1o despu\u00e9s de haber sido el Campe\u00f3n Supremo como ternero en la misma muestra. El jurado, Ing. Agr. Rodrigo Fern\u00e1ndez Abella, destac\u00f3 su potencial productivo y musculatura,\u2026","rel":"","context":"En \u00abActualidad\u00bb","block_context":{"text":"Actualidad","link":"https:\/\/lahoradelcampo.com.uy\/site\/category\/actualidad\/"},"img":{"alt_text":"","src":"https:\/\/i0.wp.com\/lahoradelcampo.com.uy\/site\/wp-content\/uploads\/2024\/09\/Prado24-GCMAngus.jpg?fit=880%2C440&ssl=1&resize=350%2C200","width":350,"height":200,"srcset":"https:\/\/i0.wp.com\/lahoradelcampo.com.uy\/site\/wp-content\/uploads\/2024\/09\/Prado24-GCMAngus.jpg?fit=880%2C440&ssl=1&resize=350%2C200 1x, https:\/\/i0.wp.com\/lahoradelcampo.com.uy\/site\/wp-content\/uploads\/2024\/09\/Prado24-GCMAngus.jpg?fit=880%2C440&ssl=1&resize=525%2C300 1.5x, https:\/\/i0.wp.com\/lahoradelcampo.com.uy\/site\/wp-content\/uploads\/2024\/09\/Prado24-GCMAngus.jpg?fit=880%2C440&ssl=1&resize=700%2C400 2x"},"classes":[]},{"id":52474,"url":"https:\/\/lahoradelcampo.com.uy\/site\/el-jurado-sudafricano-del-jersey-destaco-la-adaptacion-de-la-raza-al-pais\/","url_meta":{"origin":54506,"position":4},"title":"El jurado sudafricano del Jersey destac\u00f3 la adaptaci\u00f3n de la raza al pa\u00eds","author":"La Hora del Campo","date":"15 septiembre, 2023","format":false,"excerpt":"El jurado sudafricano Johannes Van Eeden, quien ya hab\u00eda evaluado la raza en la Expo Prado hace 12 a\u00f1os, elogi\u00f3 la adaptaci\u00f3n de esta raza al entorno productivo de la lecher\u00eda uruguaya. Siete caba\u00f1as compitieron en la muestra Jersey, exhibiendo un total de 25 ejemplares que representan la evoluci\u00f3n de\u2026","rel":"","context":"En \u00abActualidad\u00bb","block_context":{"text":"Actualidad","link":"https:\/\/lahoradelcampo.com.uy\/site\/category\/actualidad\/"},"img":{"alt_text":"","src":"https:\/\/i0.wp.com\/lahoradelcampo.com.uy\/site\/wp-content\/uploads\/2023\/09\/Jersey-PradoVaca.jpg?fit=880%2C440&ssl=1&resize=350%2C200","width":350,"height":200,"srcset":"https:\/\/i0.wp.com\/lahoradelcampo.com.uy\/site\/wp-content\/uploads\/2023\/09\/Jersey-PradoVaca.jpg?fit=880%2C440&ssl=1&resize=350%2C200 1x, https:\/\/i0.wp.com\/lahoradelcampo.com.uy\/site\/wp-content\/uploads\/2023\/09\/Jersey-PradoVaca.jpg?fit=880%2C440&ssl=1&resize=525%2C300 1.5x, https:\/\/i0.wp.com\/lahoradelcampo.com.uy\/site\/wp-content\/uploads\/2023\/09\/Jersey-PradoVaca.jpg?fit=880%2C440&ssl=1&resize=700%2C400 2x"},"classes":[]},{"id":52442,"url":"https:\/\/lahoradelcampo.com.uy\/site\/tres-cerros-presento-la-gran-campeona-braford\/","url_meta":{"origin":54506,"position":5},"title":"Tres Cerros present\u00f3 la Gran Campeona Braford","author":"La Hora del Campo","date":"13 septiembre, 2023","format":false,"excerpt":"Con ejemplares destacados de las caba\u00f1as La Perdiz, Tres Cerros y Ganagr\u00edn SA, el Braford defini\u00f3 sus grandes campeones en la pistas de la Expo Prado, bajo la atenta definici\u00f3n del doctor Gast\u00f3n Garc\u00eda, responsable del jurado, quien elogi\u00f3 la calidad y funcionalidad de los animales presentados. En la competencia\u2026","rel":"","context":"En \u00abActualidad\u00bb","block_context":{"text":"Actualidad","link":"https:\/\/lahoradelcampo.com.uy\/site\/category\/actualidad\/"},"img":{"alt_text":"","src":"https:\/\/i0.wp.com\/lahoradelcampo.com.uy\/site\/wp-content\/uploads\/2023\/09\/Brford-Prado.jpg?fit=880%2C440&ssl=1&resize=350%2C200","width":350,"height":200,"srcset":"https:\/\/i0.wp.com\/lahoradelcampo.com.uy\/site\/wp-content\/uploads\/2023\/09\/Brford-Prado.jpg?fit=880%2C440&ssl=1&resize=350%2C200 1x, https:\/\/i0.wp.com\/lahoradelcampo.com.uy\/site\/wp-content\/uploads\/2023\/09\/Brford-Prado.jpg?fit=880%2C440&ssl=1&resize=525%2C300 1.5x, https:\/\/i0.wp.com\/lahoradelcampo.com.uy\/site\/wp-content\/uploads\/2023\/09\/Brford-Prado.jpg?fit=880%2C440&ssl=1&resize=700%2C400 2x"},"classes":[]}],"jetpack_likes_enabled":true,"_links":{"self":[{"href":"https:\/\/lahoradelcampo.com.uy\/site\/wp-json\/wp\/v2\/posts\/54506","targetHints":{"allow":["GET"]}}],"collection":[{"href":"https:\/\/lahoradelcampo.com.uy\/site\/wp-json\/wp\/v2\/posts"}],"about":[{"href":"https:\/\/lahoradelcampo.com.uy\/site\/wp-json\/wp\/v2\/types\/post"}],"author":[{"embeddable":true,"href":"https:\/\/lahoradelcampo.com.uy\/site\/wp-json\/wp\/v2\/users\/5"}],"replies":[{"embeddable":true,"href":"https:\/\/lahoradelcampo.com.uy\/site\/wp-json\/wp\/v2\/comments?post=54506"}],"version-history":[{"count":1,"href":"https:\/\/lahoradelcampo.com.uy\/site\/wp-json\/wp\/v2\/posts\/54506\/revisions"}],"predecessor-version":[{"id":54508,"href":"https:\/\/lahoradelcampo.com.uy\/site\/wp-json\/wp\/v2\/posts\/54506\/revisions\/54508"}],"wp:featuredmedia":[{"embeddable":true,"href":"https:\/\/lahoradelcampo.com.uy\/site\/wp-json\/wp\/v2\/media\/54507"}],"wp:attachment":[{"href":"https:\/\/lahoradelcampo.com.uy\/site\/wp-json\/wp\/v2\/media?parent=54506"}],"wp:term":[{"taxonomy":"category","embeddable":true,"href":"https:\/\/lahoradelcampo.com.uy\/site\/wp-json\/wp\/v2\/categories?post=54506"},{"taxonomy":"post_tag","embeddable":true,"href":"https:\/\/lahoradelcampo.com.uy\/site\/wp-json\/wp\/v2\/tags?post=54506"}],"curies":[{"name":"wp","href":"https:\/\/api.w.org\/{rel}","templated":true}]}}