{"id":54503,"date":"2024-09-10T20:35:00","date_gmt":"2024-09-10T23:35:00","guid":{"rendered":"http:\/\/lahoradelcampo.com.uy\/site\/?p=54503"},"modified":"2024-09-14T11:19:15","modified_gmt":"2024-09-14T14:19:15","slug":"la-raza-braford-presento-animales-productivos-y-resistentes","status":"publish","type":"post","link":"https:\/\/lahoradelcampo.com.uy\/site\/la-raza-braford-presento-animales-productivos-y-resistentes\/","title":{"rendered":"La raza Braford present\u00f3 animales productivos y resistentes"},"content":{"rendered":"\n<figure class=\"wp-block-image size-full\"><a href=\"https:\/\/i0.wp.com\/lahoradelcampo.com.uy\/site\/wp-content\/uploads\/2024\/09\/Prado24-GCMBraford.jpg\"><img data-recalc-dims=\"1\" loading=\"lazy\" decoding=\"async\" width=\"810\" height=\"405\" data-attachment-id=\"54504\" data-permalink=\"https:\/\/lahoradelcampo.com.uy\/site\/la-raza-braford-presento-animales-productivos-y-resistentes\/prado24-gcmbraford\/\" data-orig-file=\"https:\/\/i0.wp.com\/lahoradelcampo.com.uy\/site\/wp-content\/uploads\/2024\/09\/Prado24-GCMBraford.jpg?fit=880%2C440&amp;ssl=1\" data-orig-size=\"880,440\" data-comments-opened=\"1\" data-image-meta=\"{&quot;aperture&quot;:&quot;0&quot;,&quot;credit&quot;:&quot;&quot;,&quot;camera&quot;:&quot;&quot;,&quot;caption&quot;:&quot;&quot;,&quot;created_timestamp&quot;:&quot;0&quot;,&quot;copyright&quot;:&quot;&quot;,&quot;focal_length&quot;:&quot;0&quot;,&quot;iso&quot;:&quot;0&quot;,&quot;shutter_speed&quot;:&quot;0&quot;,&quot;title&quot;:&quot;&quot;,&quot;orientation&quot;:&quot;1&quot;}\" data-image-title=\"Prado24-GCMBraford\" data-image-description=\"\" data-image-caption=\"\" data-large-file=\"https:\/\/i0.wp.com\/lahoradelcampo.com.uy\/site\/wp-content\/uploads\/2024\/09\/Prado24-GCMBraford.jpg?fit=810%2C405&amp;ssl=1\" src=\"https:\/\/i0.wp.com\/lahoradelcampo.com.uy\/site\/wp-content\/uploads\/2024\/09\/Prado24-GCMBraford.jpg?resize=810%2C405\" alt=\"\" class=\"wp-image-54504\" srcset=\"https:\/\/i0.wp.com\/lahoradelcampo.com.uy\/site\/wp-content\/uploads\/2024\/09\/Prado24-GCMBraford.jpg?w=880&amp;ssl=1 880w, https:\/\/i0.wp.com\/lahoradelcampo.com.uy\/site\/wp-content\/uploads\/2024\/09\/Prado24-GCMBraford.jpg?resize=300%2C150&amp;ssl=1 300w, https:\/\/i0.wp.com\/lahoradelcampo.com.uy\/site\/wp-content\/uploads\/2024\/09\/Prado24-GCMBraford.jpg?resize=768%2C384&amp;ssl=1 768w, https:\/\/i0.wp.com\/lahoradelcampo.com.uy\/site\/wp-content\/uploads\/2024\/09\/Prado24-GCMBraford.jpg?resize=820%2C410&amp;ssl=1 820w\" sizes=\"auto, (max-width: 810px) 100vw, 810px\" \/><\/a><\/figure>\n\n\n\n<p>La caba\u00f1a \u00abTres Cerros\u00bb, de A &amp; E Stolovas, se llev\u00f3 un doblete de las pistas de la Expo Prado 2024 al exponer al Gran Campe\u00f3n y la Gran Campeona de la raza Braford. Las calificaciones de la raza estuvieron a cargo del jurado argentino, el Dr. Rodrigo Rold\u00e1n, qui\u00e9n se\u00f1al\u00f3 que los animales presentados destacaron por su capacidad productiva y resistencia.<\/p>\n\n\n\n<p>El Dr. Alberto Stolovas, presidente de la sociedad de criadores de la raza, afirm\u00f3 que los animales que se presentaron en el Prado, \u00abson animales \u00fatiles en todos los campos\u00bb y resalt\u00f3 que la gen\u00e9tica uruguaya \u00abes competitiva en toda la regi\u00f3n, as\u00ed como lo dicen los jurados que han venido estos a\u00f1os y han visualizado la evoluci\u00f3n de la raza en el pa\u00eds\u00bb.<\/p>\n\n\n\n<p>El Gran Campe\u00f3n, un ternero de tan solo un a\u00f1o, es hijo de \u00abExperto\u00bb y fue descrito por el veterinario argentino Diego Gran\u00e9, asesor de la caba\u00f1a, como \u00abun toro masculino, con cabeza bien de padre, buena caracterizaci\u00f3n racial, buen volumen corporal y muy buena circunferencia escrotal\u00bb. Este ejemplar, junto a la Gran Campeona, que fue expuesta en sociedad con Ganagrin, provienen de las l\u00edneas gen\u00e9ticas m\u00e1s s\u00f3lidas de la caba\u00f1a artiguense \u00abTres Cerros\u00bb.<\/p>\n\n\n\n<p>El Reservado Gran Campe\u00f3n fue adjudicado a El Tel\u00e9grafo, al igual que el Tercer Mejor Macho, mientras que, la Gran Campeona, que fue adquirida en parte por caba\u00f1a Santa Irene en el remate Esencial de Corrientes, es hija de \u00abCa\u00edn\u00bb y \u00ab5358\u00bb, una de las donantes m\u00e1s importantes de \u00abTres Cerros\u00bb. \u00abEs media hermana de la Gran Campeona del a\u00f1o pasado y del anterior\u00bb, coment\u00f3 Gran\u00e9, destacando la continuidad gen\u00e9tica de calidad en los premios obtenidos.<\/p>\n\n\n\n<p>En cuanto a la Reservada Gran Campeona, fue para El Tel\u00e9grafo, mientras que la Tercera Mejor Hembra fue presentada por Vasco Pampeano. Estos logros resaltan el avance y crecimiento de la raza Braford en Uruguay, con animales que no solo muestran una gran adaptabilidad, sino que adem\u00e1s destacan por su capacidad productiva y resistencia frente a las exigencias actuales, como el cambio clim\u00e1tico y los ectopar\u00e1sitos.<\/p>\n\n\n\n<p>Montevideo, 10 de setiembre de 2024<\/p>\n","protected":false},"excerpt":{"rendered":"<p>La caba\u00f1a \u00abTres Cerros\u00bb, de A &amp; E Stolovas, se llev\u00f3 un doblete de las pistas de la Expo Prado 2024 al exponer al Gran Campe\u00f3n y la Gran Campeona [&hellip;]<\/p>\n","protected":false},"author":5,"featured_media":54504,"comment_status":"open","ping_status":"open","sticky":false,"template":"","format":"standard","meta":{"_price":"","_stock":"","_tribe_ticket_header":"","_tribe_default_ticket_provider":"","_tribe_ticket_capacity":"0","_ticket_start_date":"","_ticket_end_date":"","_tribe_ticket_show_description":"","_tribe_ticket_show_not_going":false,"_tribe_ticket_use_global_stock":"","_tribe_ticket_global_stock_level":"","_global_stock_mode":"","_global_stock_cap":"","_tribe_rsvp_for_event":"","_tribe_ticket_going_count":"","_tribe_ticket_not_going_count":"","_tribe_tickets_list":"[]","_tribe_ticket_has_attendee_info_fields":false,"h5ap_radio_sources":[],"_jetpack_newsletter_access":"","_jetpack_dont_email_post_to_subs":false,"_jetpack_newsletter_tier_id":0,"_jetpack_memberships_contains_paywalled_content":false,"_jetpack_memberships_contains_paid_content":false,"footnotes":""},"categories":[21,5],"tags":[],"class_list":["post-54503","post","type-post","status-publish","format-standard","has-post-thumbnail","hentry","category-actualidad","category-ganaderia"],"jetpack_featured_media_url":"https:\/\/i0.wp.com\/lahoradelcampo.com.uy\/site\/wp-content\/uploads\/2024\/09\/Prado24-GCMBraford.jpg?fit=880%2C440&ssl=1","jetpack_sharing_enabled":true,"jetpack_shortlink":"https:\/\/wp.me\/p99IaT-eb5","jetpack-related-posts":[{"id":45465,"url":"https:\/\/lahoradelcampo.com.uy\/site\/el-braford-presento-animales-largos-y-con-pureza-racial-dijo-el-jurado\/","url_meta":{"origin":54503,"position":0},"title":"El Braford present\u00f3 \u00abanimales largos y con pureza racial\u00bb dijo el jurado","author":"La Hora del Campo","date":"14 septiembre, 2022","format":false,"excerpt":"El jurado brasile\u00f1o, Dr. Aldo Tavares do Santos, dijo que encontr\u00f3 \"menos animales\" en la pista, sin embargo remarc\u00f3 que los mismos tienen un \"nivel important\u00edsimo\". El criador en la zona de Bag\u00e9, tiene un vasto conocimiento de la cr\u00eda de la raza tambi\u00e9n en nuestro pa\u00eds, por lo que\u2026","rel":"","context":"En \u00abActualidad\u00bb","block_context":{"text":"Actualidad","link":"https:\/\/lahoradelcampo.com.uy\/site\/category\/actualidad\/"},"img":{"alt_text":"","src":"https:\/\/i0.wp.com\/lahoradelcampo.com.uy\/site\/wp-content\/uploads\/2022\/09\/Prado-Braford-1.jpg?fit=880%2C440&ssl=1&resize=350%2C200","width":350,"height":200,"srcset":"https:\/\/i0.wp.com\/lahoradelcampo.com.uy\/site\/wp-content\/uploads\/2022\/09\/Prado-Braford-1.jpg?fit=880%2C440&ssl=1&resize=350%2C200 1x, https:\/\/i0.wp.com\/lahoradelcampo.com.uy\/site\/wp-content\/uploads\/2022\/09\/Prado-Braford-1.jpg?fit=880%2C440&ssl=1&resize=525%2C300 1.5x, https:\/\/i0.wp.com\/lahoradelcampo.com.uy\/site\/wp-content\/uploads\/2022\/09\/Prado-Braford-1.jpg?fit=880%2C440&ssl=1&resize=700%2C400 2x"},"classes":[]},{"id":46059,"url":"https:\/\/lahoradelcampo.com.uy\/site\/la-joven-cabana-saltena-korapi-brillo-en-las-pistas-del-brangus\/","url_meta":{"origin":54503,"position":1},"title":"La joven caba\u00f1a salte\u00f1a \u201cKorapi\u201d, brill\u00f3 en las pistas del Brangus","author":"La Hora del Campo","date":"2 octubre, 2022","format":false,"excerpt":"Ari Stolovas fue el encargado de jurar la raza Brangus, y estuvo acompa\u00f1ado por su padre el Dr. Alberto Stolovas. En la pista de bozal, ejemplares de la caba\u00f1a \u201cKorapi\u201d, \u201ces una caba\u00f1a joven, que tiene 12 a\u00f1os y viene trabajando en base a gen\u00e9tica importada desde Argentina\u201d dijo Rafael\u2026","rel":"","context":"En \u00abActualidad\u00bb","block_context":{"text":"Actualidad","link":"https:\/\/lahoradelcampo.com.uy\/site\/category\/actualidad\/"},"img":{"alt_text":"","src":"https:\/\/i0.wp.com\/lahoradelcampo.com.uy\/site\/wp-content\/uploads\/2022\/10\/ExpoSalto-brangus.jpg?fit=880%2C440&ssl=1&resize=350%2C200","width":350,"height":200,"srcset":"https:\/\/i0.wp.com\/lahoradelcampo.com.uy\/site\/wp-content\/uploads\/2022\/10\/ExpoSalto-brangus.jpg?fit=880%2C440&ssl=1&resize=350%2C200 1x, https:\/\/i0.wp.com\/lahoradelcampo.com.uy\/site\/wp-content\/uploads\/2022\/10\/ExpoSalto-brangus.jpg?fit=880%2C440&ssl=1&resize=525%2C300 1.5x, https:\/\/i0.wp.com\/lahoradelcampo.com.uy\/site\/wp-content\/uploads\/2022\/10\/ExpoSalto-brangus.jpg?fit=880%2C440&ssl=1&resize=700%2C400 2x"},"classes":[]},{"id":14307,"url":"https:\/\/lahoradelcampo.com.uy\/site\/braford-poco-volumen-pero-mostro-avances-geneticos-en-la-pista-del-prado\/","url_meta":{"origin":54503,"position":2},"title":"Braford: poco volumen pero mostr\u00f3 avances gen\u00e9ticos en la pista del Prado","author":"La Hora del Campo","date":"14 septiembre, 2019","format":false,"excerpt":"El presidente de la Sociedad de Criadores de Braford y Ceb\u00fa del Uruguay, Diego Otegui, se\u00f1al\u00f3 que la raza ha evolucionado gen\u00e9ticamente, posicion\u00e1ndose en un muy buen nivel y destac\u00f3 el trabajo realizado por el jurado argentino, Carlo Ojea. \"Carlos Ojea es un genetista a nivel internacional, un muy buen\u2026","rel":"","context":"En \u00abActualidad\u00bb","block_context":{"text":"Actualidad","link":"https:\/\/lahoradelcampo.com.uy\/site\/category\/actualidad\/"},"img":{"alt_text":"","src":"https:\/\/i0.wp.com\/lahoradelcampo.com.uy\/site\/wp-content\/uploads\/2019\/09\/braford-prado.jpg?fit=880%2C440&ssl=1&resize=350%2C200","width":350,"height":200,"srcset":"https:\/\/i0.wp.com\/lahoradelcampo.com.uy\/site\/wp-content\/uploads\/2019\/09\/braford-prado.jpg?fit=880%2C440&ssl=1&resize=350%2C200 1x, https:\/\/i0.wp.com\/lahoradelcampo.com.uy\/site\/wp-content\/uploads\/2019\/09\/braford-prado.jpg?fit=880%2C440&ssl=1&resize=525%2C300 1.5x, https:\/\/i0.wp.com\/lahoradelcampo.com.uy\/site\/wp-content\/uploads\/2019\/09\/braford-prado.jpg?fit=880%2C440&ssl=1&resize=700%2C400 2x"},"classes":[]},{"id":56766,"url":"https:\/\/lahoradelcampo.com.uy\/site\/pista-braford-destaco-por-funcionalidad-y-genetica-joven\/","url_meta":{"origin":54503,"position":3},"title":"Pista Braford destac\u00f3 por funcionalidad y gen\u00e9tica joven","author":"La Hora del Campo","date":"13 septiembre, 2025","format":false,"excerpt":"La pista Braford present\u00f3 un total de 22 ejemplares entre machos y hembras, bajo la evaluaci\u00f3n del jurado brasile\u00f1o Diego Kasali, quien valor\u00f3 el nivel de la muestra como \"muy positivo, con animales bien productivos y funcionales\". A lo largo de la jura, el especialista destac\u00f3 que los ejemplares premiados\u2026","rel":"","context":"En \u00abActualidad\u00bb","block_context":{"text":"Actualidad","link":"https:\/\/lahoradelcampo.com.uy\/site\/category\/actualidad\/"},"img":{"alt_text":"","src":"https:\/\/i0.wp.com\/lahoradelcampo.com.uy\/site\/wp-content\/uploads\/2025\/09\/2025-Prado-braford.jpg?fit=880%2C440&ssl=1&resize=350%2C200","width":350,"height":200,"srcset":"https:\/\/i0.wp.com\/lahoradelcampo.com.uy\/site\/wp-content\/uploads\/2025\/09\/2025-Prado-braford.jpg?fit=880%2C440&ssl=1&resize=350%2C200 1x, https:\/\/i0.wp.com\/lahoradelcampo.com.uy\/site\/wp-content\/uploads\/2025\/09\/2025-Prado-braford.jpg?fit=880%2C440&ssl=1&resize=525%2C300 1.5x, https:\/\/i0.wp.com\/lahoradelcampo.com.uy\/site\/wp-content\/uploads\/2025\/09\/2025-Prado-braford.jpg?fit=880%2C440&ssl=1&resize=700%2C400 2x"},"classes":[]},{"id":23664,"url":"https:\/\/lahoradelcampo.com.uy\/site\/braford-ganaron-la-perdiz-en-machos-y-el-telegrafo-en-hembras\/","url_meta":{"origin":54503,"position":4},"title":"Braford: Ganaron La Perd\u00edz en machos y El Tel\u00e9grafo en hembras","author":"La Hora del Campo","date":"16 septiembre, 2020","format":false,"excerpt":"Ayer se juraron los mejores ejemplares de la raza Braford, con la participaci\u00f3n de menos caba\u00f1as que en ediciones anteriores, algo esperable debido a la situaci\u00f3n actual de la pandemia. A pesar de la menor presencia de caba\u00f1as, los productores exhibieron una destacada gen\u00e9tica de la raza. El Dr. H\u00e9ctor\u2026","rel":"","context":"En \u00abActualidad\u00bb","block_context":{"text":"Actualidad","link":"https:\/\/lahoradelcampo.com.uy\/site\/category\/actualidad\/"},"img":{"alt_text":"","src":"https:\/\/i0.wp.com\/lahoradelcampo.com.uy\/site\/wp-content\/uploads\/2020\/09\/Brafordprado.jpg?fit=880%2C440&ssl=1&resize=350%2C200","width":350,"height":200,"srcset":"https:\/\/i0.wp.com\/lahoradelcampo.com.uy\/site\/wp-content\/uploads\/2020\/09\/Brafordprado.jpg?fit=880%2C440&ssl=1&resize=350%2C200 1x, https:\/\/i0.wp.com\/lahoradelcampo.com.uy\/site\/wp-content\/uploads\/2020\/09\/Brafordprado.jpg?fit=880%2C440&ssl=1&resize=525%2C300 1.5x, https:\/\/i0.wp.com\/lahoradelcampo.com.uy\/site\/wp-content\/uploads\/2020\/09\/Brafordprado.jpg?fit=880%2C440&ssl=1&resize=700%2C400 2x"},"classes":[]},{"id":1103,"url":"https:\/\/lahoradelcampo.com.uy\/site\/tres-cerros-obtuvo-el-gran-campeon-braford\/","url_meta":{"origin":54503,"position":5},"title":"Tres Cerros obtuvo el Gran Campe\u00f3n Braford","author":"La Hora del Campo","date":"13 septiembre, 2017","format":false,"excerpt":"La caba\u00f1a Tres Cerros de A&E Stolovas obtuvo el Gran Campe\u00f3n y la Reservada Gran Campeona de la raza Braford, en las pistas de la Expo Prado, con el productor argentino Mauricio Groppo como jurado. Los propietarios de la caba\u00f1a artiguense, con campos en el departamento de Salto, se mostraron\u2026","rel":"","context":"En \u00abActualidad\u00bb","block_context":{"text":"Actualidad","link":"https:\/\/lahoradelcampo.com.uy\/site\/category\/actualidad\/"},"img":{"alt_text":"","src":"https:\/\/i0.wp.com\/lahoradelcampo.com.uy\/site\/wp-content\/uploads\/2017\/09\/Braford-GCM.jpg?fit=880%2C440&ssl=1&resize=350%2C200","width":350,"height":200,"srcset":"https:\/\/i0.wp.com\/lahoradelcampo.com.uy\/site\/wp-content\/uploads\/2017\/09\/Braford-GCM.jpg?fit=880%2C440&ssl=1&resize=350%2C200 1x, https:\/\/i0.wp.com\/lahoradelcampo.com.uy\/site\/wp-content\/uploads\/2017\/09\/Braford-GCM.jpg?fit=880%2C440&ssl=1&resize=525%2C300 1.5x, https:\/\/i0.wp.com\/lahoradelcampo.com.uy\/site\/wp-content\/uploads\/2017\/09\/Braford-GCM.jpg?fit=880%2C440&ssl=1&resize=700%2C400 2x"},"classes":[]}],"jetpack_likes_enabled":true,"_links":{"self":[{"href":"https:\/\/lahoradelcampo.com.uy\/site\/wp-json\/wp\/v2\/posts\/54503","targetHints":{"allow":["GET"]}}],"collection":[{"href":"https:\/\/lahoradelcampo.com.uy\/site\/wp-json\/wp\/v2\/posts"}],"about":[{"href":"https:\/\/lahoradelcampo.com.uy\/site\/wp-json\/wp\/v2\/types\/post"}],"author":[{"embeddable":true,"href":"https:\/\/lahoradelcampo.com.uy\/site\/wp-json\/wp\/v2\/users\/5"}],"replies":[{"embeddable":true,"href":"https:\/\/lahoradelcampo.com.uy\/site\/wp-json\/wp\/v2\/comments?post=54503"}],"version-history":[{"count":1,"href":"https:\/\/lahoradelcampo.com.uy\/site\/wp-json\/wp\/v2\/posts\/54503\/revisions"}],"predecessor-version":[{"id":54505,"href":"https:\/\/lahoradelcampo.com.uy\/site\/wp-json\/wp\/v2\/posts\/54503\/revisions\/54505"}],"wp:featuredmedia":[{"embeddable":true,"href":"https:\/\/lahoradelcampo.com.uy\/site\/wp-json\/wp\/v2\/media\/54504"}],"wp:attachment":[{"href":"https:\/\/lahoradelcampo.com.uy\/site\/wp-json\/wp\/v2\/media?parent=54503"}],"wp:term":[{"taxonomy":"category","embeddable":true,"href":"https:\/\/lahoradelcampo.com.uy\/site\/wp-json\/wp\/v2\/categories?post=54503"},{"taxonomy":"post_tag","embeddable":true,"href":"https:\/\/lahoradelcampo.com.uy\/site\/wp-json\/wp\/v2\/tags?post=54503"}],"curies":[{"name":"wp","href":"https:\/\/api.w.org\/{rel}","templated":true}]}}