{"id":54500,"date":"2024-09-10T20:30:00","date_gmt":"2024-09-10T23:30:00","guid":{"rendered":"http:\/\/lahoradelcampo.com.uy\/site\/?p=54500"},"modified":"2024-09-14T11:01:54","modified_gmt":"2024-09-14T14:01:54","slug":"charolais-con-animales-productivos-y-funcionales-segun-la-jurada-mexicana","status":"publish","type":"post","link":"https:\/\/lahoradelcampo.com.uy\/site\/charolais-con-animales-productivos-y-funcionales-segun-la-jurada-mexicana\/","title":{"rendered":"Charolais con animales \u00abproductivos y funcionales\u00bb seg\u00fan la jurada mexicana"},"content":{"rendered":"\n<figure class=\"wp-block-image size-full\"><a href=\"https:\/\/i0.wp.com\/lahoradelcampo.com.uy\/site\/wp-content\/uploads\/2024\/09\/Prado24-GCMCharolais.jpg\"><img data-recalc-dims=\"1\" loading=\"lazy\" decoding=\"async\" width=\"810\" height=\"405\" data-attachment-id=\"54501\" data-permalink=\"https:\/\/lahoradelcampo.com.uy\/site\/charolais-con-animales-productivos-y-funcionales-segun-la-jurada-mexicana\/prado24-gcmcharolais\/\" data-orig-file=\"https:\/\/i0.wp.com\/lahoradelcampo.com.uy\/site\/wp-content\/uploads\/2024\/09\/Prado24-GCMCharolais.jpg?fit=880%2C440&amp;ssl=1\" data-orig-size=\"880,440\" data-comments-opened=\"1\" data-image-meta=\"{&quot;aperture&quot;:&quot;0&quot;,&quot;credit&quot;:&quot;&quot;,&quot;camera&quot;:&quot;&quot;,&quot;caption&quot;:&quot;&quot;,&quot;created_timestamp&quot;:&quot;0&quot;,&quot;copyright&quot;:&quot;&quot;,&quot;focal_length&quot;:&quot;0&quot;,&quot;iso&quot;:&quot;0&quot;,&quot;shutter_speed&quot;:&quot;0&quot;,&quot;title&quot;:&quot;&quot;,&quot;orientation&quot;:&quot;1&quot;}\" data-image-title=\"Prado24-GCMCharolais\" data-image-description=\"\" data-image-caption=\"\" data-large-file=\"https:\/\/i0.wp.com\/lahoradelcampo.com.uy\/site\/wp-content\/uploads\/2024\/09\/Prado24-GCMCharolais.jpg?fit=810%2C405&amp;ssl=1\" src=\"https:\/\/i0.wp.com\/lahoradelcampo.com.uy\/site\/wp-content\/uploads\/2024\/09\/Prado24-GCMCharolais.jpg?resize=810%2C405\" alt=\"\" class=\"wp-image-54501\" srcset=\"https:\/\/i0.wp.com\/lahoradelcampo.com.uy\/site\/wp-content\/uploads\/2024\/09\/Prado24-GCMCharolais.jpg?w=880&amp;ssl=1 880w, https:\/\/i0.wp.com\/lahoradelcampo.com.uy\/site\/wp-content\/uploads\/2024\/09\/Prado24-GCMCharolais.jpg?resize=300%2C150&amp;ssl=1 300w, https:\/\/i0.wp.com\/lahoradelcampo.com.uy\/site\/wp-content\/uploads\/2024\/09\/Prado24-GCMCharolais.jpg?resize=768%2C384&amp;ssl=1 768w, https:\/\/i0.wp.com\/lahoradelcampo.com.uy\/site\/wp-content\/uploads\/2024\/09\/Prado24-GCMCharolais.jpg?resize=820%2C410&amp;ssl=1 820w\" sizes=\"auto, (max-width: 810px) 100vw, 810px\" \/><\/a><\/figure>\n\n\n\n<p>La raza Charolais present\u00f3 12 ejemplares, que fueron calificados por la jurada mexicana Georgina Alejandra \u00c1valos Herrera. \u00abVimos animales que siempre queremos ver en pista: productivos y funcionales\u00bb, afirm\u00f3 Avalos, destacando la calidad de los reproductores tanto en hembras como en machos.<\/p>\n\n\n\n<p>\u00c1valos, invitada por la Sociedad de Criadores de Charolais del Uruguay, elogi\u00f3 especialmente la feminidad de las hembras y la robustez de los machos. \u00abEl Charolais uruguayo tiene una muy buena bondad, me gustan las hembras que son femeninas y los machos con buena capacidad de desplazamiento\u00bb, coment\u00f3 durante su evaluaci\u00f3n.<\/p>\n\n\n\n<p>La presencia de la jurada internacional fue gestionada por el presidente de la sociedad de criadores, Alexis de Boismen\u00fa, quien subray\u00f3 la importancia de mostrar el trabajo uruguayo a nivel internacional. \u00abTraer a una jurada de M\u00e9xico abre puertas, ya que all\u00e1 el Charolais es muy fuerte\u00bb, expres\u00f3 de Boismen\u00fa, destacando el valor de intercambios como este para potenciar la proyecci\u00f3n de la raza en Uruguay.<\/p>\n\n\n\n<p>El Gran Campe\u00f3n de la muestra fue presentado por Jos\u00e9 Jorge de Boismen\u00fa, quien tambi\u00e9n se llev\u00f3 el Reservado Gran Campe\u00f3n. El tercer mejor macho fue expuesto por Horacio Andr\u00e9s Bianchi Pol, quien adem\u00e1s gan\u00f3 el premio m\u00e1s codiciado de la jornada: el reconocimiento al mejor ejemplar sin distinci\u00f3n de sexo, con una hembra que se destac\u00f3 por su impresionante gen\u00e9tica.<\/p>\n\n\n\n<p>Por su parte, en la categor\u00eda de hembras, la Gran Campeona fue presentada por Horacio Andr\u00e9s Bianchi Pol, mientras que Benoit Alphonse Wyaux Dumont obtuvo el t\u00edtulo de Reservada Gran Campeona. Mar\u00eda Antonieta Gori Pistone se qued\u00f3 con el tercer puesto en esta competencia, demostrando que la calidad de los reproductores Charolais en Uruguay sigue en ascenso.<\/p>\n\n\n\n<p>Montevideo, 10 de setiembre de 2024<\/p>\n","protected":false},"excerpt":{"rendered":"<p>La raza Charolais present\u00f3 12 ejemplares, que fueron calificados por la jurada mexicana Georgina Alejandra \u00c1valos Herrera. \u00abVimos animales que siempre queremos ver en pista: productivos y funcionales\u00bb, afirm\u00f3 Avalos, [&hellip;]<\/p>\n","protected":false},"author":5,"featured_media":54501,"comment_status":"open","ping_status":"open","sticky":false,"template":"","format":"standard","meta":{"_price":"","_stock":"","_tribe_ticket_header":"","_tribe_default_ticket_provider":"","_tribe_ticket_capacity":"0","_ticket_start_date":"","_ticket_end_date":"","_tribe_ticket_show_description":"","_tribe_ticket_show_not_going":false,"_tribe_ticket_use_global_stock":"","_tribe_ticket_global_stock_level":"","_global_stock_mode":"","_global_stock_cap":"","_tribe_rsvp_for_event":"","_tribe_ticket_going_count":"","_tribe_ticket_not_going_count":"","_tribe_tickets_list":"[]","_tribe_ticket_has_attendee_info_fields":false,"h5ap_radio_sources":[],"_jetpack_newsletter_access":"","_jetpack_dont_email_post_to_subs":false,"_jetpack_newsletter_tier_id":0,"_jetpack_memberships_contains_paywalled_content":false,"_jetpack_memberships_contains_paid_content":false,"footnotes":""},"categories":[21,5],"tags":[],"class_list":["post-54500","post","type-post","status-publish","format-standard","has-post-thumbnail","hentry","category-actualidad","category-ganaderia"],"jetpack_featured_media_url":"https:\/\/i0.wp.com\/lahoradelcampo.com.uy\/site\/wp-content\/uploads\/2024\/09\/Prado24-GCMCharolais.jpg?fit=880%2C440&ssl=1","jetpack_sharing_enabled":true,"jetpack_shortlink":"https:\/\/wp.me\/p99IaT-eb2","jetpack-related-posts":[{"id":52436,"url":"https:\/\/lahoradelcampo.com.uy\/site\/de-boismenu-trinfo-en-el-charolais-y-el-alamo-en-wagyu\/","url_meta":{"origin":54500,"position":0},"title":"De Boismen\u00fa trinf\u00f3 en el Charolais y El \u00c1lamo en Wagyu","author":"La Hora del Campo","date":"13 septiembre, 2023","format":false,"excerpt":"Este martes en la Expo Prado 2023, las razas Charolais, Wagyu y Red Poll se destacaron con ejemplares notables, demostrando la diversidad y calidad de la ganader\u00eda en Uruguay. Charolais: La raza Charolais cont\u00f3 con el juicio del experto brasile\u00f1o Renee Fonseca. En la categor\u00eda de machos, el Gran Campe\u00f3n\u2026","rel":"","context":"En \u00abActualidad\u00bb","block_context":{"text":"Actualidad","link":"https:\/\/lahoradelcampo.com.uy\/site\/category\/actualidad\/"},"img":{"alt_text":"","src":"https:\/\/i0.wp.com\/lahoradelcampo.com.uy\/site\/wp-content\/uploads\/2023\/09\/Wagyuprado.jpg?fit=880%2C440&ssl=1&resize=350%2C200","width":350,"height":200,"srcset":"https:\/\/i0.wp.com\/lahoradelcampo.com.uy\/site\/wp-content\/uploads\/2023\/09\/Wagyuprado.jpg?fit=880%2C440&ssl=1&resize=350%2C200 1x, https:\/\/i0.wp.com\/lahoradelcampo.com.uy\/site\/wp-content\/uploads\/2023\/09\/Wagyuprado.jpg?fit=880%2C440&ssl=1&resize=525%2C300 1.5x, https:\/\/i0.wp.com\/lahoradelcampo.com.uy\/site\/wp-content\/uploads\/2023\/09\/Wagyuprado.jpg?fit=880%2C440&ssl=1&resize=700%2C400 2x"},"classes":[]},{"id":45481,"url":"https:\/\/lahoradelcampo.com.uy\/site\/los-principales-lauros-en-charolais-los-obtuvo-cabana-la-margarita\/","url_meta":{"origin":54500,"position":1},"title":"Los principales lauros en Charolais, los obtuvo caba\u00f1a \u00abLa Margarita\u00bb","author":"La Hora del Campo","date":"14 septiembre, 2022","format":false,"excerpt":"Los jurados de la raza Charolais llegaron desde Brasil, Joaqu\u00edn Villegas y Rosalina Ribas Gonzales, definiendo los grandes campeones en machos y hembras de la caba\u00f1a La Margarita de Horacio y Andr\u00e9s Bianchi, quienes el a\u00f1o pasado y con estos mismos ejemplares fueron reservados de grandes campeones. El jurado se\u2026","rel":"","context":"En \u00abActualidad\u00bb","block_context":{"text":"Actualidad","link":"https:\/\/lahoradelcampo.com.uy\/site\/category\/actualidad\/"},"img":{"alt_text":"","src":"https:\/\/i0.wp.com\/lahoradelcampo.com.uy\/site\/wp-content\/uploads\/2022\/09\/Prado-Charolais-1.jpg?fit=880%2C440&ssl=1&resize=350%2C200","width":350,"height":200,"srcset":"https:\/\/i0.wp.com\/lahoradelcampo.com.uy\/site\/wp-content\/uploads\/2022\/09\/Prado-Charolais-1.jpg?fit=880%2C440&ssl=1&resize=350%2C200 1x, https:\/\/i0.wp.com\/lahoradelcampo.com.uy\/site\/wp-content\/uploads\/2022\/09\/Prado-Charolais-1.jpg?fit=880%2C440&ssl=1&resize=525%2C300 1.5x, https:\/\/i0.wp.com\/lahoradelcampo.com.uy\/site\/wp-content\/uploads\/2022\/09\/Prado-Charolais-1.jpg?fit=880%2C440&ssl=1&resize=700%2C400 2x"},"classes":[]},{"id":34187,"url":"https:\/\/lahoradelcampo.com.uy\/site\/la-raza-charolais-premio-sus-mejores-ejemplares\/","url_meta":{"origin":54500,"position":2},"title":"La raza Charolais premi\u00f3 sus mejores ejemplares","author":"La Hora del Campo","date":"16 septiembre, 2021","format":false,"excerpt":"Jurado: \u00c1lvaro D\u00edaz Nadal Gran Campeona: La Margarita de Horacio BianchiGran Campe\u00f3n y Campe\u00f3n Supremo: La Legua de Jos\u00e9 Jorge de Boismen\u00fa. El Ing. Agr. \u00c1lvaro D\u00edaz Nadal fue el encargado de seleccionar los principales ejemplares de la raza Charolais en las pistas de la Expo Prado. El jurado manifest\u00f3\u2026","rel":"","context":"En \u00abActualidad\u00bb","block_context":{"text":"Actualidad","link":"https:\/\/lahoradelcampo.com.uy\/site\/category\/actualidad\/"},"img":{"alt_text":"","src":"https:\/\/i0.wp.com\/lahoradelcampo.com.uy\/site\/wp-content\/uploads\/2021\/09\/Prado-Charolais.jpg?fit=880%2C440&ssl=1&resize=350%2C200","width":350,"height":200,"srcset":"https:\/\/i0.wp.com\/lahoradelcampo.com.uy\/site\/wp-content\/uploads\/2021\/09\/Prado-Charolais.jpg?fit=880%2C440&ssl=1&resize=350%2C200 1x, https:\/\/i0.wp.com\/lahoradelcampo.com.uy\/site\/wp-content\/uploads\/2021\/09\/Prado-Charolais.jpg?fit=880%2C440&ssl=1&resize=525%2C300 1.5x, https:\/\/i0.wp.com\/lahoradelcampo.com.uy\/site\/wp-content\/uploads\/2021\/09\/Prado-Charolais.jpg?fit=880%2C440&ssl=1&resize=700%2C400 2x"},"classes":[]},{"id":35467,"url":"https:\/\/lahoradelcampo.com.uy\/site\/destacada-oferta-de-la-lucha-y-buen-abrigo-hoy-en-la-agropecuaria-de-salto\/","url_meta":{"origin":54500,"position":3},"title":"Destacada oferta de la Lucha y Buen Abrigo hoy en la Agropecuaria de Salto","author":"La Hora del Campo","date":"14 octubre, 2021","format":false,"excerpt":"Las caba\u00f1as \"La Lucha\" de Echeverr\u00eda y \"Buen Abrigo\", realizan en la jornada de hoy su tercer remate anual, en el predio de la Asociaci\u00f3n Agropecuaria de Salto, con una destacada oferta de Aberdeen Angus, Polled Hereford y Charolais, tanto en machos como en hembras. El remate es auspiciado por\u2026","rel":"","context":"En \u00abActualidad\u00bb","block_context":{"text":"Actualidad","link":"https:\/\/lahoradelcampo.com.uy\/site\/category\/actualidad\/"},"img":{"alt_text":"","src":"https:\/\/i0.wp.com\/lahoradelcampo.com.uy\/site\/wp-content\/uploads\/2021\/10\/laluchaprevia.jpg?fit=880%2C440&ssl=1&resize=350%2C200","width":350,"height":200,"srcset":"https:\/\/i0.wp.com\/lahoradelcampo.com.uy\/site\/wp-content\/uploads\/2021\/10\/laluchaprevia.jpg?fit=880%2C440&ssl=1&resize=350%2C200 1x, https:\/\/i0.wp.com\/lahoradelcampo.com.uy\/site\/wp-content\/uploads\/2021\/10\/laluchaprevia.jpg?fit=880%2C440&ssl=1&resize=525%2C300 1.5x, https:\/\/i0.wp.com\/lahoradelcampo.com.uy\/site\/wp-content\/uploads\/2021\/10\/laluchaprevia.jpg?fit=880%2C440&ssl=1&resize=700%2C400 2x"},"classes":[]},{"id":605,"url":"https:\/\/lahoradelcampo.com.uy\/site\/expo-ficcc-2018\/","url_meta":{"origin":54500,"position":4},"title":"Expo FICCC 2018","author":"La Hora del Campo","date":"8 septiembre, 2017","format":false,"excerpt":"La Sociedad de Criadores de Caballos Criollos del Uruguay ya prepara para la pr\u00f3xima exposici\u00f3n de la Federaci\u00f3n Internacional de Criadores de Caballos Criollos, que se desarrollar\u00e1 en Esteio, Brasil, conjuntamente con la Clasificatoria Abierta del Freno de Oro, entre el 14 y 20 de mayo de 2018. PROGRAMA Entrada\u2026","rel":"","context":"En \u00abEquinos\u00bb","block_context":{"text":"Equinos","link":"https:\/\/lahoradelcampo.com.uy\/site\/category\/equinos\/"},"img":{"alt_text":"","src":"https:\/\/i0.wp.com\/lahoradelcampo.com.uy\/site\/wp-content\/uploads\/2017\/09\/caballos-criollos-san-fermin-fermin-cautiva-en-crioulos-de-punta-2.jpg?fit=1024%2C681&ssl=1&resize=350%2C200","width":350,"height":200,"srcset":"https:\/\/i0.wp.com\/lahoradelcampo.com.uy\/site\/wp-content\/uploads\/2017\/09\/caballos-criollos-san-fermin-fermin-cautiva-en-crioulos-de-punta-2.jpg?fit=1024%2C681&ssl=1&resize=350%2C200 1x, https:\/\/i0.wp.com\/lahoradelcampo.com.uy\/site\/wp-content\/uploads\/2017\/09\/caballos-criollos-san-fermin-fermin-cautiva-en-crioulos-de-punta-2.jpg?fit=1024%2C681&ssl=1&resize=525%2C300 1.5x, https:\/\/i0.wp.com\/lahoradelcampo.com.uy\/site\/wp-content\/uploads\/2017\/09\/caballos-criollos-san-fermin-fermin-cautiva-en-crioulos-de-punta-2.jpg?fit=1024%2C681&ssl=1&resize=700%2C400 2x"},"classes":[]},{"id":56766,"url":"https:\/\/lahoradelcampo.com.uy\/site\/pista-braford-destaco-por-funcionalidad-y-genetica-joven\/","url_meta":{"origin":54500,"position":5},"title":"Pista Braford destac\u00f3 por funcionalidad y gen\u00e9tica joven","author":"La Hora del Campo","date":"13 septiembre, 2025","format":false,"excerpt":"La pista Braford present\u00f3 un total de 22 ejemplares entre machos y hembras, bajo la evaluaci\u00f3n del jurado brasile\u00f1o Diego Kasali, quien valor\u00f3 el nivel de la muestra como \"muy positivo, con animales bien productivos y funcionales\". A lo largo de la jura, el especialista destac\u00f3 que los ejemplares premiados\u2026","rel":"","context":"En \u00abActualidad\u00bb","block_context":{"text":"Actualidad","link":"https:\/\/lahoradelcampo.com.uy\/site\/category\/actualidad\/"},"img":{"alt_text":"","src":"https:\/\/i0.wp.com\/lahoradelcampo.com.uy\/site\/wp-content\/uploads\/2025\/09\/2025-Prado-braford.jpg?fit=880%2C440&ssl=1&resize=350%2C200","width":350,"height":200,"srcset":"https:\/\/i0.wp.com\/lahoradelcampo.com.uy\/site\/wp-content\/uploads\/2025\/09\/2025-Prado-braford.jpg?fit=880%2C440&ssl=1&resize=350%2C200 1x, https:\/\/i0.wp.com\/lahoradelcampo.com.uy\/site\/wp-content\/uploads\/2025\/09\/2025-Prado-braford.jpg?fit=880%2C440&ssl=1&resize=525%2C300 1.5x, https:\/\/i0.wp.com\/lahoradelcampo.com.uy\/site\/wp-content\/uploads\/2025\/09\/2025-Prado-braford.jpg?fit=880%2C440&ssl=1&resize=700%2C400 2x"},"classes":[]}],"jetpack_likes_enabled":true,"_links":{"self":[{"href":"https:\/\/lahoradelcampo.com.uy\/site\/wp-json\/wp\/v2\/posts\/54500","targetHints":{"allow":["GET"]}}],"collection":[{"href":"https:\/\/lahoradelcampo.com.uy\/site\/wp-json\/wp\/v2\/posts"}],"about":[{"href":"https:\/\/lahoradelcampo.com.uy\/site\/wp-json\/wp\/v2\/types\/post"}],"author":[{"embeddable":true,"href":"https:\/\/lahoradelcampo.com.uy\/site\/wp-json\/wp\/v2\/users\/5"}],"replies":[{"embeddable":true,"href":"https:\/\/lahoradelcampo.com.uy\/site\/wp-json\/wp\/v2\/comments?post=54500"}],"version-history":[{"count":1,"href":"https:\/\/lahoradelcampo.com.uy\/site\/wp-json\/wp\/v2\/posts\/54500\/revisions"}],"predecessor-version":[{"id":54502,"href":"https:\/\/lahoradelcampo.com.uy\/site\/wp-json\/wp\/v2\/posts\/54500\/revisions\/54502"}],"wp:featuredmedia":[{"embeddable":true,"href":"https:\/\/lahoradelcampo.com.uy\/site\/wp-json\/wp\/v2\/media\/54501"}],"wp:attachment":[{"href":"https:\/\/lahoradelcampo.com.uy\/site\/wp-json\/wp\/v2\/media?parent=54500"}],"wp:term":[{"taxonomy":"category","embeddable":true,"href":"https:\/\/lahoradelcampo.com.uy\/site\/wp-json\/wp\/v2\/categories?post=54500"},{"taxonomy":"post_tag","embeddable":true,"href":"https:\/\/lahoradelcampo.com.uy\/site\/wp-json\/wp\/v2\/tags?post=54500"}],"curies":[{"name":"wp","href":"https:\/\/api.w.org\/{rel}","templated":true}]}}