{"id":54497,"date":"2024-09-10T21:00:00","date_gmt":"2024-09-11T00:00:00","guid":{"rendered":"http:\/\/lahoradelcampo.com.uy\/site\/?p=54497"},"modified":"2024-09-14T10:56:21","modified_gmt":"2024-09-14T13:56:21","slug":"san-gregorio-ganadera-gano-la-gran-campeona-aberdeen-angus","status":"publish","type":"post","link":"https:\/\/lahoradelcampo.com.uy\/site\/san-gregorio-ganadera-gano-la-gran-campeona-aberdeen-angus\/","title":{"rendered":"San Gregorio Ganadera gan\u00f3 la Gran Campeona Aberdeen Angus"},"content":{"rendered":"\n<p>132 vientres pasaron bajo la mirada del Ing. Agr. Rodrigo Fern\u00e1ndez, quien actu\u00f3 de jurado y tuvo la tarea de formar la fila final y las tres mejores hembras de la muestra. <\/p>\n\n\n\n<p>Rodrigo Fern\u00e1ndez, tras una ardua tarea de m\u00e1s de cinco horas, observ\u00f3 la fila final y remarc\u00f3 que en la misma est\u00e1 \u00abel presente y el futuro de la raza\u00bb. En este sentido remarc\u00f3 se observa \u00abunas hembras j\u00f3venes b\u00e1rbaras, proyectadas a ser, sinceramente, iguales o mejor a esa vaquillona mayor, esa vaca joven, esa vaca parida\u00bb.<\/p>\n\n\n\n<p>Respecto justamente a esas vacas, que son el presente de la raza, y que expresan todo su potencial, el jurado dijo que la raza tiene en esas vacas \u00abun presente espectacular, con hembras que pesan lo que tienen que pesar\u00bb y record\u00f3 que en el Prado est\u00e1 \u00abla punta de la pir\u00e1mide y estas son las hembras que derraman hacia abajo\u00bb.<\/p>\n\n\n\n<p>En la pista, el productor, defini\u00f3 como Gran Campeona Hembra, una vaca con cr\u00eda al pie expuesta por la caba\u00f1a San Gregorio Ganadera, en sociedad con la caba\u00f1a \u00abCa\u00f1ada Sta. Mar\u00eda\u00bb y Silvio Castro.<\/p>\n\n\n\n<p>Federico Fern\u00e1ndez, principal de la caba\u00f1a San Gregorio Ganadera, se mostr\u00f3 emocionado con el premio obtenido y dijo \u00abme emociono, si bien llevamos varias campeonas, porque son todas diferentes, ninguna se repite\u00bb. En este caso en particular \u00abes una vaca que importamos desde Argentina, nos gust\u00f3 desde chiquita, era una vaca que creemos que va a andar muy bien ac\u00e1 y como dijo Rodrigo con un ternero que est\u00e1 mostrando un futuro espectacular\u00bb.<\/p>\n\n\n\n<p>Veredictos:<\/p>\n\n\n\n<p>Gran Campeona hembra de San Gregorio Ganadera, Ca\u00f1ada Sta Mar\u00eda y Silvio Castro<br>Reservada Gran Campeona hembra de Jos\u00e9 Mar\u00eda Bentancur Cortabarr\u00eda<br>Tercer mejor hembra de Campo Norte, Mariel Romero, Monegier Brice y L. L\u00f3pez.<br>Campeona Ternera Suprema de H\u00e9ctor Mario Eugui Bonetto.<\/p>\n\n\n\n<p>Montevideo, 10 de setiembre de 2024<\/p>\n","protected":false},"excerpt":{"rendered":"<p>132 vientres pasaron bajo la mirada del Ing. Agr. Rodrigo Fern\u00e1ndez, quien actu\u00f3 de jurado y tuvo la tarea de formar la fila final y las tres mejores hembras de [&hellip;]<\/p>\n","protected":false},"author":5,"featured_media":54498,"comment_status":"open","ping_status":"open","sticky":false,"template":"","format":"standard","meta":{"_price":"","_stock":"","_tribe_ticket_header":"","_tribe_default_ticket_provider":"","_tribe_ticket_capacity":"0","_ticket_start_date":"","_ticket_end_date":"","_tribe_ticket_show_description":"","_tribe_ticket_show_not_going":false,"_tribe_ticket_use_global_stock":"","_tribe_ticket_global_stock_level":"","_global_stock_mode":"","_global_stock_cap":"","_tribe_rsvp_for_event":"","_tribe_ticket_going_count":"","_tribe_ticket_not_going_count":"","_tribe_tickets_list":"[]","_tribe_ticket_has_attendee_info_fields":false,"h5ap_radio_sources":[],"_jetpack_newsletter_access":"","_jetpack_dont_email_post_to_subs":false,"_jetpack_newsletter_tier_id":0,"_jetpack_memberships_contains_paywalled_content":false,"_jetpack_memberships_contains_paid_content":false,"footnotes":""},"categories":[21,5],"tags":[],"class_list":["post-54497","post","type-post","status-publish","format-standard","has-post-thumbnail","hentry","category-actualidad","category-ganaderia"],"jetpack_featured_media_url":"https:\/\/i0.wp.com\/lahoradelcampo.com.uy\/site\/wp-content\/uploads\/2024\/09\/Prado24-GCHAngus.jpg?fit=880%2C440&ssl=1","jetpack_sharing_enabled":true,"jetpack_shortlink":"https:\/\/wp.me\/p99IaT-eaZ","jetpack-related-posts":[{"id":50621,"url":"https:\/\/lahoradelcampo.com.uy\/site\/jurado-destaco-el-potencial-del-hereford-en-la-quinta-exposicion-nacional\/","url_meta":{"origin":54497,"position":0},"title":"Jurado destac\u00f3 el potencial del Hereford en la quinta Exposici\u00f3n Nacional","author":"La Hora del Campo","date":"22 mayo, 2023","format":false,"excerpt":"En una jornada de oto\u00f1o, la Expo Nacional celebrada en Salto mostr\u00f3 el potencial y futuro de la raza Hereford a trav\u00e9s de los ejemplares que desfilaron ante la atenta mirada del jurado Gonzalo Pepe Rampoldi. A pesar de contar con menos animales en el bozal que en ediciones anteriores,\u2026","rel":"","context":"En \u00abActualidad\u00bb","block_context":{"text":"Actualidad","link":"https:\/\/lahoradelcampo.com.uy\/site\/category\/actualidad\/"},"img":{"alt_text":"","src":"https:\/\/i0.wp.com\/lahoradelcampo.com.uy\/site\/wp-content\/uploads\/2023\/05\/Hereford-GranCampeon.jpg?fit=880%2C440&ssl=1&resize=350%2C200","width":350,"height":200,"srcset":"https:\/\/i0.wp.com\/lahoradelcampo.com.uy\/site\/wp-content\/uploads\/2023\/05\/Hereford-GranCampeon.jpg?fit=880%2C440&ssl=1&resize=350%2C200 1x, https:\/\/i0.wp.com\/lahoradelcampo.com.uy\/site\/wp-content\/uploads\/2023\/05\/Hereford-GranCampeon.jpg?fit=880%2C440&ssl=1&resize=525%2C300 1.5x, https:\/\/i0.wp.com\/lahoradelcampo.com.uy\/site\/wp-content\/uploads\/2023\/05\/Hereford-GranCampeon.jpg?fit=880%2C440&ssl=1&resize=700%2C400 2x"},"classes":[]},{"id":34175,"url":"https:\/\/lahoradelcampo.com.uy\/site\/san-gregorio-ganadera-presento-la-gran-campeona-aberdeen-angus\/","url_meta":{"origin":54497,"position":1},"title":"San Gregorio Ganadera present\u00f3 la  Gran Campeona Aberdeen Angus","author":"La Hora del Campo","date":"15 septiembre, 2021","format":false,"excerpt":"Los diferentes criadores y caba\u00f1eros de Aberdeen Angus, previo al comienzo de las calificaciones, dec\u00edan que el jurado, Enrique Bonino, tendr\u00eda mucho trabajo para definir las mejores hembras de la raza, sin embargo fue una jura \u00e1gil y con un lineamiento muy definido en cuanto a lo que el especialista\u2026","rel":"","context":"En \u00abActualidad\u00bb","block_context":{"text":"Actualidad","link":"https:\/\/lahoradelcampo.com.uy\/site\/category\/actualidad\/"},"img":{"alt_text":"","src":"https:\/\/i0.wp.com\/lahoradelcampo.com.uy\/site\/wp-content\/uploads\/2021\/09\/Prado-Angushembra.jpg?fit=880%2C440&ssl=1&resize=350%2C200","width":350,"height":200,"srcset":"https:\/\/i0.wp.com\/lahoradelcampo.com.uy\/site\/wp-content\/uploads\/2021\/09\/Prado-Angushembra.jpg?fit=880%2C440&ssl=1&resize=350%2C200 1x, https:\/\/i0.wp.com\/lahoradelcampo.com.uy\/site\/wp-content\/uploads\/2021\/09\/Prado-Angushembra.jpg?fit=880%2C440&ssl=1&resize=525%2C300 1.5x, https:\/\/i0.wp.com\/lahoradelcampo.com.uy\/site\/wp-content\/uploads\/2021\/09\/Prado-Angushembra.jpg?fit=880%2C440&ssl=1&resize=700%2C400 2x"},"classes":[]},{"id":54524,"url":"https:\/\/lahoradelcampo.com.uy\/site\/las-anitas-y-las-marias-lideraron-la-escalera-de-hembras-de-la-raza-hereford\/","url_meta":{"origin":54497,"position":2},"title":"\u00abLas Anitas\u00bb y \u00abLas Mar\u00edas\u00bb, lideraron la escalera de hembras de la raza Hereford","author":"La Hora del Campo","date":"11 septiembre, 2024","format":false,"excerpt":"En una larga jornada de trabajo, el jurado Enrique Bonino destac\u00f3 la calidad de las hembras presentadas por la raza Hereford, resaltando la excelencia de los ejemplares exhibidos. \"Vacas con calidad, pigmentadas, llenas de carne, femeninas, que se mueven bien, \u00e1giles, libres y buenas en las l\u00edneas bajas\", coment\u00f3 Bonino\u2026","rel":"","context":"En \u00abActualidad\u00bb","block_context":{"text":"Actualidad","link":"https:\/\/lahoradelcampo.com.uy\/site\/category\/actualidad\/"},"img":{"alt_text":"","src":"https:\/\/i0.wp.com\/lahoradelcampo.com.uy\/site\/wp-content\/uploads\/2024\/09\/Prado24-GCHHereford.jpg?fit=880%2C440&ssl=1&resize=350%2C200","width":350,"height":200,"srcset":"https:\/\/i0.wp.com\/lahoradelcampo.com.uy\/site\/wp-content\/uploads\/2024\/09\/Prado24-GCHHereford.jpg?fit=880%2C440&ssl=1&resize=350%2C200 1x, https:\/\/i0.wp.com\/lahoradelcampo.com.uy\/site\/wp-content\/uploads\/2024\/09\/Prado24-GCHHereford.jpg?fit=880%2C440&ssl=1&resize=525%2C300 1.5x, https:\/\/i0.wp.com\/lahoradelcampo.com.uy\/site\/wp-content\/uploads\/2024\/09\/Prado24-GCHHereford.jpg?fit=880%2C440&ssl=1&resize=700%2C400 2x"},"classes":[]},{"id":7123,"url":"https:\/\/lahoradelcampo.com.uy\/site\/hereford-eligio-las-mejores-hembras-de-la-raza-en-paysandu\/","url_meta":{"origin":54497,"position":3},"title":"Hereford eligi\u00f3 las mejores hembras de la raza en Paysand\u00fa","author":"La Hora del Campo","date":"12 mayo, 2018","format":false,"excerpt":"Se inici\u00f3 ayer en el predio de la Exposici\u00f3n Feria de Paysand\u00fa la Nacional Hereford, considerado el mayor evento de la raza en el a\u00f1o, con una importante presencia de caba\u00f1as y criadores de distintos puntos del pa\u00eds. Enrique Bonino fue el responsable de calificar los vientres que se exhibieron\u2026","rel":"","context":"En \u00abActualidad\u00bb","block_context":{"text":"Actualidad","link":"https:\/\/lahoradelcampo.com.uy\/site\/category\/actualidad\/"},"img":{"alt_text":"","src":"https:\/\/i0.wp.com\/lahoradelcampo.com.uy\/site\/wp-content\/uploads\/2018\/05\/hereford.jpg?fit=880%2C440&ssl=1&resize=350%2C200","width":350,"height":200,"srcset":"https:\/\/i0.wp.com\/lahoradelcampo.com.uy\/site\/wp-content\/uploads\/2018\/05\/hereford.jpg?fit=880%2C440&ssl=1&resize=350%2C200 1x, https:\/\/i0.wp.com\/lahoradelcampo.com.uy\/site\/wp-content\/uploads\/2018\/05\/hereford.jpg?fit=880%2C440&ssl=1&resize=525%2C300 1.5x, https:\/\/i0.wp.com\/lahoradelcampo.com.uy\/site\/wp-content\/uploads\/2018\/05\/hereford.jpg?fit=880%2C440&ssl=1&resize=700%2C400 2x"},"classes":[]},{"id":45517,"url":"https:\/\/lahoradelcampo.com.uy\/site\/jurado-argentino-remarco-el-alto-nivel-genetico-del-limousin-en-uruguay\/","url_meta":{"origin":54497,"position":4},"title":"Jurado argentino remarc\u00f3 el alto nivel gen\u00e9tico del Limousin en Uruguay","author":"La Hora del Campo","date":"16 septiembre, 2022","format":false,"excerpt":"El criador argentino, Dr. Diego Febre, que tuvo a su cargo las calificaciones de la raza Limousin ayer en la Expo Prado, felicit\u00f3 a los criadores uruguayos de esta raza francesa por la presentaci\u00f3n de \u201canimales muy productivos y de alt\u00edsimo nivel\u201d. Principalmente remarc\u00f3 que se exhibi\u00f3 animales \u201cde tama\u00f1o\u2026","rel":"","context":"En \u00abActualidad\u00bb","block_context":{"text":"Actualidad","link":"https:\/\/lahoradelcampo.com.uy\/site\/category\/actualidad\/"},"img":{"alt_text":"","src":"https:\/\/i0.wp.com\/lahoradelcampo.com.uy\/site\/wp-content\/uploads\/2022\/09\/Prado-limousin1.jpg?fit=880%2C440&ssl=1&resize=350%2C200","width":350,"height":200,"srcset":"https:\/\/i0.wp.com\/lahoradelcampo.com.uy\/site\/wp-content\/uploads\/2022\/09\/Prado-limousin1.jpg?fit=880%2C440&ssl=1&resize=350%2C200 1x, https:\/\/i0.wp.com\/lahoradelcampo.com.uy\/site\/wp-content\/uploads\/2022\/09\/Prado-limousin1.jpg?fit=880%2C440&ssl=1&resize=525%2C300 1.5x, https:\/\/i0.wp.com\/lahoradelcampo.com.uy\/site\/wp-content\/uploads\/2022\/09\/Prado-limousin1.jpg?fit=880%2C440&ssl=1&resize=700%2C400 2x"},"classes":[]},{"id":56784,"url":"https:\/\/lahoradelcampo.com.uy\/site\/las-anitas-y-romay-elorza-presentaron-las-mejores-hembras-hereford\/","url_meta":{"origin":54497,"position":5},"title":"Las Anitas y Romay Elorza presentaron las mejores hembras Hereford","author":"La Hora del Campo","date":"13 septiembre, 2025","format":false,"excerpt":"La pista de Hereford en la Expo Prado 2025 volvi\u00f3 a ser uno de los puntos de mayor atracci\u00f3n, con animales de gran nivel y un jurado que resalt\u00f3 la funcionalidad y la capacidad carnicera como ejes centrales de la evaluaci\u00f3n. Gonzalo Rodr\u00edguez Mendaro, a cargo de la calificaci\u00f3n de\u2026","rel":"","context":"En \u00abActualidad\u00bb","block_context":{"text":"Actualidad","link":"https:\/\/lahoradelcampo.com.uy\/site\/category\/actualidad\/"},"img":{"alt_text":"","src":"https:\/\/i0.wp.com\/lahoradelcampo.com.uy\/site\/wp-content\/uploads\/2025\/09\/2025-prado-herefordhembra.jpg?fit=880%2C440&ssl=1&resize=350%2C200","width":350,"height":200,"srcset":"https:\/\/i0.wp.com\/lahoradelcampo.com.uy\/site\/wp-content\/uploads\/2025\/09\/2025-prado-herefordhembra.jpg?fit=880%2C440&ssl=1&resize=350%2C200 1x, https:\/\/i0.wp.com\/lahoradelcampo.com.uy\/site\/wp-content\/uploads\/2025\/09\/2025-prado-herefordhembra.jpg?fit=880%2C440&ssl=1&resize=525%2C300 1.5x, https:\/\/i0.wp.com\/lahoradelcampo.com.uy\/site\/wp-content\/uploads\/2025\/09\/2025-prado-herefordhembra.jpg?fit=880%2C440&ssl=1&resize=700%2C400 2x"},"classes":[]}],"jetpack_likes_enabled":true,"_links":{"self":[{"href":"https:\/\/lahoradelcampo.com.uy\/site\/wp-json\/wp\/v2\/posts\/54497","targetHints":{"allow":["GET"]}}],"collection":[{"href":"https:\/\/lahoradelcampo.com.uy\/site\/wp-json\/wp\/v2\/posts"}],"about":[{"href":"https:\/\/lahoradelcampo.com.uy\/site\/wp-json\/wp\/v2\/types\/post"}],"author":[{"embeddable":true,"href":"https:\/\/lahoradelcampo.com.uy\/site\/wp-json\/wp\/v2\/users\/5"}],"replies":[{"embeddable":true,"href":"https:\/\/lahoradelcampo.com.uy\/site\/wp-json\/wp\/v2\/comments?post=54497"}],"version-history":[{"count":1,"href":"https:\/\/lahoradelcampo.com.uy\/site\/wp-json\/wp\/v2\/posts\/54497\/revisions"}],"predecessor-version":[{"id":54499,"href":"https:\/\/lahoradelcampo.com.uy\/site\/wp-json\/wp\/v2\/posts\/54497\/revisions\/54499"}],"wp:featuredmedia":[{"embeddable":true,"href":"https:\/\/lahoradelcampo.com.uy\/site\/wp-json\/wp\/v2\/media\/54498"}],"wp:attachment":[{"href":"https:\/\/lahoradelcampo.com.uy\/site\/wp-json\/wp\/v2\/media?parent=54497"}],"wp:term":[{"taxonomy":"category","embeddable":true,"href":"https:\/\/lahoradelcampo.com.uy\/site\/wp-json\/wp\/v2\/categories?post=54497"},{"taxonomy":"post_tag","embeddable":true,"href":"https:\/\/lahoradelcampo.com.uy\/site\/wp-json\/wp\/v2\/tags?post=54497"}],"curies":[{"name":"wp","href":"https:\/\/api.w.org\/{rel}","templated":true}]}}