{"id":54486,"date":"2024-09-10T19:48:00","date_gmt":"2024-09-10T22:48:00","guid":{"rendered":"http:\/\/lahoradelcampo.com.uy\/site\/?p=54486"},"modified":"2024-09-14T10:57:32","modified_gmt":"2024-09-14T13:57:32","slug":"comienza-el-censo-de-productores-de-olivos","status":"publish","type":"post","link":"https:\/\/lahoradelcampo.com.uy\/site\/comienza-el-censo-de-productores-de-olivos\/","title":{"rendered":"Comienza el censo de productores de olivos"},"content":{"rendered":"\n<figure class=\"wp-block-image size-full\"><a href=\"https:\/\/i0.wp.com\/lahoradelcampo.com.uy\/site\/wp-content\/uploads\/2024\/09\/Aceituna-olivos.jpg\"><img data-recalc-dims=\"1\" loading=\"lazy\" decoding=\"async\" width=\"810\" height=\"405\" data-attachment-id=\"54488\" data-permalink=\"https:\/\/lahoradelcampo.com.uy\/site\/comienza-el-censo-de-productores-de-olivos\/aceituna-olivos\/\" data-orig-file=\"https:\/\/i0.wp.com\/lahoradelcampo.com.uy\/site\/wp-content\/uploads\/2024\/09\/Aceituna-olivos.jpg?fit=880%2C440&amp;ssl=1\" data-orig-size=\"880,440\" data-comments-opened=\"1\" data-image-meta=\"{&quot;aperture&quot;:&quot;0&quot;,&quot;credit&quot;:&quot;&quot;,&quot;camera&quot;:&quot;&quot;,&quot;caption&quot;:&quot;&quot;,&quot;created_timestamp&quot;:&quot;0&quot;,&quot;copyright&quot;:&quot;&quot;,&quot;focal_length&quot;:&quot;0&quot;,&quot;iso&quot;:&quot;0&quot;,&quot;shutter_speed&quot;:&quot;0&quot;,&quot;title&quot;:&quot;&quot;,&quot;orientation&quot;:&quot;1&quot;}\" data-image-title=\"Aceituna-olivos\" data-image-description=\"\" data-image-caption=\"\" data-large-file=\"https:\/\/i0.wp.com\/lahoradelcampo.com.uy\/site\/wp-content\/uploads\/2024\/09\/Aceituna-olivos.jpg?fit=810%2C405&amp;ssl=1\" src=\"https:\/\/i0.wp.com\/lahoradelcampo.com.uy\/site\/wp-content\/uploads\/2024\/09\/Aceituna-olivos.jpg?resize=810%2C405\" alt=\"\" class=\"wp-image-54488\" srcset=\"https:\/\/i0.wp.com\/lahoradelcampo.com.uy\/site\/wp-content\/uploads\/2024\/09\/Aceituna-olivos.jpg?w=880&amp;ssl=1 880w, https:\/\/i0.wp.com\/lahoradelcampo.com.uy\/site\/wp-content\/uploads\/2024\/09\/Aceituna-olivos.jpg?resize=300%2C150&amp;ssl=1 300w, https:\/\/i0.wp.com\/lahoradelcampo.com.uy\/site\/wp-content\/uploads\/2024\/09\/Aceituna-olivos.jpg?resize=768%2C384&amp;ssl=1 768w, https:\/\/i0.wp.com\/lahoradelcampo.com.uy\/site\/wp-content\/uploads\/2024\/09\/Aceituna-olivos.jpg?resize=820%2C410&amp;ssl=1 820w\" sizes=\"auto, (max-width: 810px) 100vw, 810px\" \/><\/a><\/figure>\n\n\n\n<p>La Oficina de Estad\u00edsticas Agropecuarias (DIEA) del Ministerio de Ganader\u00eda, Agricultura y Pesca realizar\u00e1 el Censo de Productores de Olivos 2024, entre el 12 de setiembre y el 18 de octubre. \u00ab\u00a1Es crucial contar con informaci\u00f3n precisa y actualizada sobre los olivos del pa\u00eds!\u00bb dice el comunicado emitido por la repartici\u00f3n ministerial, que invita a los productores a ser parte del censo.<\/p>\n\n\n\n<p>El censo se desarrollar\u00e1 de manera virtual mediante un cuestionario Web y la finalidad ser\u00e1 la de actualizar la informaci\u00f3n brindada durante los relevamientos anteriores. <\/p>\n\n\n\n<p>La informaci\u00f3n brindada, est\u00e1 amparada por el secreto estad\u00edstico (Ley N\u00ba 16.616 del 20\/10\/94), lo cual significa que los datos suministrados son estrictamente confidenciales, estando expresamente prohibida su divulgaci\u00f3n a nivel individual.<\/p>\n\n\n\n<p>Ante dudas los productores pueden comunicarse al tel\u00e9fono 2 418 20 54.<\/p>\n\n\n\n<p>Salto, 10 de setiembre de 2024<\/p>\n","protected":false},"excerpt":{"rendered":"<p>La Oficina de Estad\u00edsticas Agropecuarias (DIEA) del Ministerio de Ganader\u00eda, Agricultura y Pesca realizar\u00e1 el Censo de Productores de Olivos 2024, entre el 12 de setiembre y el 18 de [&hellip;]<\/p>\n","protected":false},"author":5,"featured_media":54488,"comment_status":"open","ping_status":"open","sticky":false,"template":"","format":"standard","meta":{"_price":"","_stock":"","_tribe_ticket_header":"","_tribe_default_ticket_provider":"","_tribe_ticket_capacity":"0","_ticket_start_date":"","_ticket_end_date":"","_tribe_ticket_show_description":"","_tribe_ticket_show_not_going":false,"_tribe_ticket_use_global_stock":"","_tribe_ticket_global_stock_level":"","_global_stock_mode":"","_global_stock_cap":"","_tribe_rsvp_for_event":"","_tribe_ticket_going_count":"","_tribe_ticket_not_going_count":"","_tribe_tickets_list":"[]","_tribe_ticket_has_attendee_info_fields":false,"h5ap_radio_sources":[],"_jetpack_newsletter_access":"","_jetpack_dont_email_post_to_subs":false,"_jetpack_newsletter_tier_id":0,"_jetpack_memberships_contains_paywalled_content":false,"_jetpack_memberships_contains_paid_content":false,"footnotes":""},"categories":[21],"tags":[],"class_list":["post-54486","post","type-post","status-publish","format-standard","has-post-thumbnail","hentry","category-actualidad"],"jetpack_featured_media_url":"https:\/\/i0.wp.com\/lahoradelcampo.com.uy\/site\/wp-content\/uploads\/2024\/09\/Aceituna-olivos.jpg?fit=880%2C440&ssl=1","jetpack_sharing_enabled":true,"jetpack_shortlink":"https:\/\/wp.me\/p99IaT-eaO","jetpack-related-posts":[{"id":33693,"url":"https:\/\/lahoradelcampo.com.uy\/site\/diea-realizara-una-nueva-encuesta-sobre-la-produccion-de-olivos\/","url_meta":{"origin":54486,"position":0},"title":"DIEA realizar\u00e1 una nueva encuesta sobre la producci\u00f3n de Olivos","author":"La Hora del Campo","date":"3 septiembre, 2021","format":false,"excerpt":"La Direcci\u00f3n de Informaci\u00f3n y Estad\u00edsticas Agropecuarias del Ministerio de Ganader\u00eda, Agricultura y Pesca (DIEA-MGAP) realizar\u00e1 entre el 1 y el 15 de setiembre, la segunda encuesta nacional \"Olivos 2021\". La misma se realizar\u00e1 v\u00eda web, los t\u00e9cnicos de la oficina se comunicar\u00e1n con el productor\/ra haci\u00e9ndole llegar el usuario\u2026","rel":"","context":"En \u00abActualidad\u00bb","block_context":{"text":"Actualidad","link":"https:\/\/lahoradelcampo.com.uy\/site\/category\/actualidad\/"},"img":{"alt_text":"","src":"https:\/\/i0.wp.com\/lahoradelcampo.com.uy\/site\/wp-content\/uploads\/2021\/09\/olivo-aceituna.jpg?fit=880%2C440&ssl=1&resize=350%2C200","width":350,"height":200,"srcset":"https:\/\/i0.wp.com\/lahoradelcampo.com.uy\/site\/wp-content\/uploads\/2021\/09\/olivo-aceituna.jpg?fit=880%2C440&ssl=1&resize=350%2C200 1x, https:\/\/i0.wp.com\/lahoradelcampo.com.uy\/site\/wp-content\/uploads\/2021\/09\/olivo-aceituna.jpg?fit=880%2C440&ssl=1&resize=525%2C300 1.5x, https:\/\/i0.wp.com\/lahoradelcampo.com.uy\/site\/wp-content\/uploads\/2021\/09\/olivo-aceituna.jpg?fit=880%2C440&ssl=1&resize=700%2C400 2x"},"classes":[]},{"id":40567,"url":"https:\/\/lahoradelcampo.com.uy\/site\/manana-realizan-el-lanzamiento-de-la-cosecha-de-olivos\/","url_meta":{"origin":54486,"position":1},"title":"Ma\u00f1ana realizan  el lanzamiento de la cosecha de olivos","author":"La Hora del Campo","date":"5 abril, 2022","format":false,"excerpt":"Ma\u00f1ana mi\u00e9rcoles 6 de abril a partir de las 10.30 ser\u00e1 el \u201cPrimer Lanzamiento Nacional de la Cosecha de Olivos\u201d. La actividad ser\u00e1 en la Finca \u201cJos\u00e9 Ignacio\u201d Ruta 9 km 157, en Jos\u00e9 Ignacio, departamento de Maldonado. Se contar\u00e1 con la participaci\u00f3n de autoridades nacionales y del Consejo Ole\u00edcola\u2026","rel":"","context":"En \u00abActualidad\u00bb","block_context":{"text":"Actualidad","link":"https:\/\/lahoradelcampo.com.uy\/site\/category\/actualidad\/"},"img":{"alt_text":"","src":"https:\/\/i0.wp.com\/lahoradelcampo.com.uy\/site\/wp-content\/uploads\/2021\/09\/olivo-aceituna.jpg?fit=880%2C440&ssl=1&resize=350%2C200","width":350,"height":200,"srcset":"https:\/\/i0.wp.com\/lahoradelcampo.com.uy\/site\/wp-content\/uploads\/2021\/09\/olivo-aceituna.jpg?fit=880%2C440&ssl=1&resize=350%2C200 1x, https:\/\/i0.wp.com\/lahoradelcampo.com.uy\/site\/wp-content\/uploads\/2021\/09\/olivo-aceituna.jpg?fit=880%2C440&ssl=1&resize=525%2C300 1.5x, https:\/\/i0.wp.com\/lahoradelcampo.com.uy\/site\/wp-content\/uploads\/2021\/09\/olivo-aceituna.jpg?fit=880%2C440&ssl=1&resize=700%2C400 2x"},"classes":[]},{"id":53322,"url":"https:\/\/lahoradelcampo.com.uy\/site\/olivos-produccion-record-a-pesar-de-la-sequia\/","url_meta":{"origin":54486,"position":2},"title":"Olivos: Producci\u00f3n r\u00e9cord a pesar de la sequ\u00eda","author":"La Hora del Campo","date":"2 enero, 2024","format":false,"excerpt":"En el marco del Censo Nacional de Olivos 2023, realizado por la Direcci\u00f3n de Estad\u00edsticas Agropecuarias (DIEA) del Ministerio de Ganader\u00eda, Agricultura y Pesca (MGAP) se observa que Uruguay cuenta con 208 explotaciones que abarcan una superficie total de 7.044 hect\u00e1reas destinadas a la producci\u00f3n de aceitunas. Sin embargo, preocupa\u2026","rel":"","context":"En \u00abActualidad\u00bb","block_context":{"text":"Actualidad","link":"https:\/\/lahoradelcampo.com.uy\/site\/category\/actualidad\/"},"img":{"alt_text":"","src":"https:\/\/i0.wp.com\/lahoradelcampo.com.uy\/site\/wp-content\/uploads\/2024\/01\/Olivos.jpg?fit=880%2C440&ssl=1&resize=350%2C200","width":350,"height":200,"srcset":"https:\/\/i0.wp.com\/lahoradelcampo.com.uy\/site\/wp-content\/uploads\/2024\/01\/Olivos.jpg?fit=880%2C440&ssl=1&resize=350%2C200 1x, https:\/\/i0.wp.com\/lahoradelcampo.com.uy\/site\/wp-content\/uploads\/2024\/01\/Olivos.jpg?fit=880%2C440&ssl=1&resize=525%2C300 1.5x, https:\/\/i0.wp.com\/lahoradelcampo.com.uy\/site\/wp-content\/uploads\/2024\/01\/Olivos.jpg?fit=880%2C440&ssl=1&resize=700%2C400 2x"},"classes":[]},{"id":53982,"url":"https:\/\/lahoradelcampo.com.uy\/site\/censo-general-agropecuario-lleva-28-000-registros-efectuados\/","url_meta":{"origin":54486,"position":3},"title":"Censo General Agropecuario lleva 28.000 registros efectuados","author":"La Hora del Campo","date":"20 junio, 2024","format":false,"excerpt":"En conferencia de prensa realizada en el Ministerio de Ganader\u00eda, Agricultura y Pesca, y con la participaci\u00f3n del ministro Fernando Mattos, el subsecretario, Juan Ignacio Buffa, el director del Instituto Nacional de Estad\u00edsticas (INE), Diego Aboal , y el coordinador de DIEA, Pablo Couto. se presentaron los avances y detalles\u2026","rel":"","context":"En \u00abActualidad\u00bb","block_context":{"text":"Actualidad","link":"https:\/\/lahoradelcampo.com.uy\/site\/category\/actualidad\/"},"img":{"alt_text":"","src":"https:\/\/i0.wp.com\/lahoradelcampo.com.uy\/site\/wp-content\/uploads\/2024\/06\/MGAP-censoagropecuario.jpg?fit=880%2C440&ssl=1&resize=350%2C200","width":350,"height":200,"srcset":"https:\/\/i0.wp.com\/lahoradelcampo.com.uy\/site\/wp-content\/uploads\/2024\/06\/MGAP-censoagropecuario.jpg?fit=880%2C440&ssl=1&resize=350%2C200 1x, https:\/\/i0.wp.com\/lahoradelcampo.com.uy\/site\/wp-content\/uploads\/2024\/06\/MGAP-censoagropecuario.jpg?fit=880%2C440&ssl=1&resize=525%2C300 1.5x, https:\/\/i0.wp.com\/lahoradelcampo.com.uy\/site\/wp-content\/uploads\/2024\/06\/MGAP-censoagropecuario.jpg?fit=880%2C440&ssl=1&resize=700%2C400 2x"},"classes":[]},{"id":53596,"url":"https:\/\/lahoradelcampo.com.uy\/site\/retoman-actividades-del-censo-general-agropecuario\/","url_meta":{"origin":54486,"position":4},"title":"Retoman actividades del Censo General Agropecuario","author":"La Hora del Campo","date":"17 marzo, 2024","format":false,"excerpt":"El Ministerio de Ganader\u00eda, Agricultura y Pesca (MGAP), a trav\u00e9s de la Oficina de Estad\u00edsticas Agropecuarias (DIEA) y el Instituto Nacional de Estad\u00edstica (INE), anunci\u00f3 que a partir del 14 de marzo se reanudar\u00e1n las actividades del Censo General Agropecuario en Uruguay. El Censo General Agropecuario es una herramienta crucial\u2026","rel":"","context":"En \u00abActualidad\u00bb","block_context":{"text":"Actualidad","link":"https:\/\/lahoradelcampo.com.uy\/site\/category\/actualidad\/"},"img":{"alt_text":"","src":"https:\/\/i0.wp.com\/lahoradelcampo.com.uy\/site\/wp-content\/uploads\/2024\/03\/Censo-MGAP2.jpg?fit=880%2C440&ssl=1&resize=350%2C200","width":350,"height":200,"srcset":"https:\/\/i0.wp.com\/lahoradelcampo.com.uy\/site\/wp-content\/uploads\/2024\/03\/Censo-MGAP2.jpg?fit=880%2C440&ssl=1&resize=350%2C200 1x, https:\/\/i0.wp.com\/lahoradelcampo.com.uy\/site\/wp-content\/uploads\/2024\/03\/Censo-MGAP2.jpg?fit=880%2C440&ssl=1&resize=525%2C300 1.5x, https:\/\/i0.wp.com\/lahoradelcampo.com.uy\/site\/wp-content\/uploads\/2024\/03\/Censo-MGAP2.jpg?fit=880%2C440&ssl=1&resize=700%2C400 2x"},"classes":[]},{"id":40935,"url":"https:\/\/lahoradelcampo.com.uy\/site\/diea-realizara-prueba-piloto-del-censo-general-agropecuario\/","url_meta":{"origin":54486,"position":5},"title":"DIEA realizar\u00e1 prueba piloto del Censo General Agropecuario","author":"La Hora del Campo","date":"20 abril, 2022","format":false,"excerpt":"Con motivo del Censo General Agropecuario, a realizarse entre setiembre y diciembre de 2022 en todo el pa\u00eds, la Oficina de Estad\u00edsticas Agropecuarias (DIEA) efectuar\u00e1 una prueba piloto con el objetivo de probar el funcionamiento de los programas desarrollados para la recolecci\u00f3n de datos censales y geogr\u00e1ficos. Dicho piloto estar\u00e1\u2026","rel":"","context":"En \u00abActualidad\u00bb","block_context":{"text":"Actualidad","link":"https:\/\/lahoradelcampo.com.uy\/site\/category\/actualidad\/"},"img":{"alt_text":"","src":"https:\/\/i0.wp.com\/lahoradelcampo.com.uy\/site\/wp-content\/uploads\/2022\/04\/MGAP-Censo.jpg?fit=880%2C440&ssl=1&resize=350%2C200","width":350,"height":200,"srcset":"https:\/\/i0.wp.com\/lahoradelcampo.com.uy\/site\/wp-content\/uploads\/2022\/04\/MGAP-Censo.jpg?fit=880%2C440&ssl=1&resize=350%2C200 1x, https:\/\/i0.wp.com\/lahoradelcampo.com.uy\/site\/wp-content\/uploads\/2022\/04\/MGAP-Censo.jpg?fit=880%2C440&ssl=1&resize=525%2C300 1.5x, https:\/\/i0.wp.com\/lahoradelcampo.com.uy\/site\/wp-content\/uploads\/2022\/04\/MGAP-Censo.jpg?fit=880%2C440&ssl=1&resize=700%2C400 2x"},"classes":[]}],"jetpack_likes_enabled":true,"_links":{"self":[{"href":"https:\/\/lahoradelcampo.com.uy\/site\/wp-json\/wp\/v2\/posts\/54486","targetHints":{"allow":["GET"]}}],"collection":[{"href":"https:\/\/lahoradelcampo.com.uy\/site\/wp-json\/wp\/v2\/posts"}],"about":[{"href":"https:\/\/lahoradelcampo.com.uy\/site\/wp-json\/wp\/v2\/types\/post"}],"author":[{"embeddable":true,"href":"https:\/\/lahoradelcampo.com.uy\/site\/wp-json\/wp\/v2\/users\/5"}],"replies":[{"embeddable":true,"href":"https:\/\/lahoradelcampo.com.uy\/site\/wp-json\/wp\/v2\/comments?post=54486"}],"version-history":[{"count":1,"href":"https:\/\/lahoradelcampo.com.uy\/site\/wp-json\/wp\/v2\/posts\/54486\/revisions"}],"predecessor-version":[{"id":54489,"href":"https:\/\/lahoradelcampo.com.uy\/site\/wp-json\/wp\/v2\/posts\/54486\/revisions\/54489"}],"wp:featuredmedia":[{"embeddable":true,"href":"https:\/\/lahoradelcampo.com.uy\/site\/wp-json\/wp\/v2\/media\/54488"}],"wp:attachment":[{"href":"https:\/\/lahoradelcampo.com.uy\/site\/wp-json\/wp\/v2\/media?parent=54486"}],"wp:term":[{"taxonomy":"category","embeddable":true,"href":"https:\/\/lahoradelcampo.com.uy\/site\/wp-json\/wp\/v2\/categories?post=54486"},{"taxonomy":"post_tag","embeddable":true,"href":"https:\/\/lahoradelcampo.com.uy\/site\/wp-json\/wp\/v2\/tags?post=54486"}],"curies":[{"name":"wp","href":"https:\/\/api.w.org\/{rel}","templated":true}]}}