{"id":54479,"date":"2024-09-09T22:48:05","date_gmt":"2024-09-10T01:48:05","guid":{"rendered":"http:\/\/lahoradelcampo.com.uy\/site\/?p=54479"},"modified":"2024-09-09T22:48:06","modified_gmt":"2024-09-10T01:48:06","slug":"se-cierran-negocios-de-novillos-a-us-380-en-el-este-del-pais","status":"publish","type":"post","link":"https:\/\/lahoradelcampo.com.uy\/site\/se-cierran-negocios-de-novillos-a-us-380-en-el-este-del-pais\/","title":{"rendered":"Se cierran negocios de novillos a US$ 3,80 en el este del pa\u00eds"},"content":{"rendered":"\n<figure class=\"wp-block-image size-full\"><a href=\"https:\/\/i0.wp.com\/lahoradelcampo.com.uy\/site\/wp-content\/uploads\/2024\/09\/federicorodriguez.jpg\"><img data-recalc-dims=\"1\" loading=\"lazy\" decoding=\"async\" width=\"810\" height=\"405\" data-attachment-id=\"54480\" data-permalink=\"https:\/\/lahoradelcampo.com.uy\/site\/se-cierran-negocios-de-novillos-a-us-380-en-el-este-del-pais\/federicorodriguez\/\" data-orig-file=\"https:\/\/i0.wp.com\/lahoradelcampo.com.uy\/site\/wp-content\/uploads\/2024\/09\/federicorodriguez.jpg?fit=880%2C440&amp;ssl=1\" data-orig-size=\"880,440\" data-comments-opened=\"1\" data-image-meta=\"{&quot;aperture&quot;:&quot;0&quot;,&quot;credit&quot;:&quot;&quot;,&quot;camera&quot;:&quot;&quot;,&quot;caption&quot;:&quot;&quot;,&quot;created_timestamp&quot;:&quot;0&quot;,&quot;copyright&quot;:&quot;&quot;,&quot;focal_length&quot;:&quot;0&quot;,&quot;iso&quot;:&quot;0&quot;,&quot;shutter_speed&quot;:&quot;0&quot;,&quot;title&quot;:&quot;&quot;,&quot;orientation&quot;:&quot;1&quot;}\" data-image-title=\"federicorodriguez\" data-image-description=\"\" data-image-caption=\"\" data-large-file=\"https:\/\/i0.wp.com\/lahoradelcampo.com.uy\/site\/wp-content\/uploads\/2024\/09\/federicorodriguez.jpg?fit=810%2C405&amp;ssl=1\" src=\"https:\/\/i0.wp.com\/lahoradelcampo.com.uy\/site\/wp-content\/uploads\/2024\/09\/federicorodriguez.jpg?resize=810%2C405\" alt=\"\" class=\"wp-image-54480\" srcset=\"https:\/\/i0.wp.com\/lahoradelcampo.com.uy\/site\/wp-content\/uploads\/2024\/09\/federicorodriguez.jpg?w=880&amp;ssl=1 880w, https:\/\/i0.wp.com\/lahoradelcampo.com.uy\/site\/wp-content\/uploads\/2024\/09\/federicorodriguez.jpg?resize=300%2C150&amp;ssl=1 300w, https:\/\/i0.wp.com\/lahoradelcampo.com.uy\/site\/wp-content\/uploads\/2024\/09\/federicorodriguez.jpg?resize=768%2C384&amp;ssl=1 768w, https:\/\/i0.wp.com\/lahoradelcampo.com.uy\/site\/wp-content\/uploads\/2024\/09\/federicorodriguez.jpg?resize=820%2C410&amp;ssl=1 820w\" sizes=\"auto, (max-width: 810px) 100vw, 810px\" \/><\/a><\/figure>\n\n\n\n<p>El consignatario de ganados y presidente de Lote 21, Federico Rodr\u00edguez, dijo que la presi\u00f3n bajista que ejerci\u00f3 la industria en las dos \u00faltimas semanas para bajar los precios, el paro de los trabajadores de la industria ha pesado sobre el mercado de haciendas y se concretan negocios a US$ 3,80 por novillos en el este del pa\u00eds.<\/p>\n\n\n\n<p>Rodr\u00edguez indic\u00f3 que hay \u201cgente que por ah\u00ed no est\u00e1 dispuesta a vender a determinados valores, esperando que se pueda reponer\u201d el mercado, mientras que la industria \u201cest\u00e1 planteando menores valores\u201d por lo que se\u00f1al\u00f3 que es dif\u00edcil saber que \u201cpuede llegar a seguir\u201d en materia de mercado.<\/p>\n\n\n\n<p>M\u00e1s all\u00e1 de esto, dijo que \u201ces real que no hay oferta de ganado disponibles, gordos, o por lo menos una muy buena oferta de ganado disponible\u201d. Seg\u00fan explic\u00f3 el consignatario \u201cla faena de feedlot ha venido pr\u00e1cticamente culminando en lo que es la 481 y tampoco vemos una oferta grande de ganados encerrados\u201d se\u00f1al\u00f3.<\/p>\n\n\n\n<p>Como referencia de precios para el ganado, indic\u00f3 que \u201cest\u00e1 muy dispar\u201d el mercado, sin embargo, hablo de \u201cun novillo en US$ 3,80 y esos son los valores en algunos casos, y en algunos casos menos\u201d.<\/p>\n\n\n\n<p>Salto, 9 de setiembre de 2024<\/p>\n","protected":false},"excerpt":{"rendered":"<p>El consignatario de ganados y presidente de Lote 21, Federico Rodr\u00edguez, dijo que la presi\u00f3n bajista que ejerci\u00f3 la industria en las dos \u00faltimas semanas para bajar los precios, el [&hellip;]<\/p>\n","protected":false},"author":5,"featured_media":54480,"comment_status":"open","ping_status":"open","sticky":false,"template":"","format":"standard","meta":{"_price":"","_stock":"","_tribe_ticket_header":"","_tribe_default_ticket_provider":"","_tribe_ticket_capacity":"0","_ticket_start_date":"","_ticket_end_date":"","_tribe_ticket_show_description":"","_tribe_ticket_show_not_going":false,"_tribe_ticket_use_global_stock":"","_tribe_ticket_global_stock_level":"","_global_stock_mode":"","_global_stock_cap":"","_tribe_rsvp_for_event":"","_tribe_ticket_going_count":"","_tribe_ticket_not_going_count":"","_tribe_tickets_list":"[]","_tribe_ticket_has_attendee_info_fields":false,"h5ap_radio_sources":[],"_jetpack_newsletter_access":"","_jetpack_dont_email_post_to_subs":false,"_jetpack_newsletter_tier_id":0,"_jetpack_memberships_contains_paywalled_content":false,"_jetpack_memberships_contains_paid_content":false,"footnotes":""},"categories":[21,5],"tags":[],"class_list":["post-54479","post","type-post","status-publish","format-standard","has-post-thumbnail","hentry","category-actualidad","category-ganaderia"],"jetpack_featured_media_url":"https:\/\/i0.wp.com\/lahoradelcampo.com.uy\/site\/wp-content\/uploads\/2024\/09\/federicorodriguez.jpg?fit=880%2C440&ssl=1","jetpack_sharing_enabled":true,"jetpack_shortlink":"https:\/\/wp.me\/p99IaT-eaH","jetpack-related-posts":[{"id":17092,"url":"https:\/\/lahoradelcampo.com.uy\/site\/novillos-gordos-cotizan-de-us-350-a-us-390\/","url_meta":{"origin":54479,"position":0},"title":"Novillos gordos cotizan  de US$ 3,50 a US$ 3,90","author":"La Hora del Campo","date":"27 enero, 2020","format":false,"excerpt":"El mercado del gordo sigue con una muy amplia disparidad de precios en la industria frigor\u00edfica. Hay 40 centavos de diferencia entre el precio que pasan la mayor\u00eda de las plantas y al que compra la que maneja cotizaciones de punta. Por el momento ning\u00fan operador confirm\u00f3 que hayan realizado\u2026","rel":"","context":"En \u00abActualidad\u00bb","block_context":{"text":"Actualidad","link":"https:\/\/lahoradelcampo.com.uy\/site\/category\/actualidad\/"},"img":{"alt_text":"","src":"https:\/\/i0.wp.com\/lahoradelcampo.com.uy\/site\/wp-content\/uploads\/2017\/09\/Novillo.jpg?fit=880%2C440&ssl=1&resize=350%2C200","width":350,"height":200,"srcset":"https:\/\/i0.wp.com\/lahoradelcampo.com.uy\/site\/wp-content\/uploads\/2017\/09\/Novillo.jpg?fit=880%2C440&ssl=1&resize=350%2C200 1x, https:\/\/i0.wp.com\/lahoradelcampo.com.uy\/site\/wp-content\/uploads\/2017\/09\/Novillo.jpg?fit=880%2C440&ssl=1&resize=525%2C300 1.5x, https:\/\/i0.wp.com\/lahoradelcampo.com.uy\/site\/wp-content\/uploads\/2017\/09\/Novillo.jpg?fit=880%2C440&ssl=1&resize=700%2C400 2x"},"classes":[]},{"id":1253,"url":"https:\/\/lahoradelcampo.com.uy\/site\/mercado-del-gordo-mas-animado-con-novillos-a-us-300\/","url_meta":{"origin":54479,"position":1},"title":"Mercado del gordo m\u00e1s animado con novillos a U$S 3,00","author":"La Hora del Campo","date":"15 septiembre, 2017","format":false,"excerpt":"En una semana donde la atenci\u00f3n est\u00e1 centrada en la capital del pa\u00eds, por el desarrollo de la Expo Prado 2017, a nivel del mercado de haciendas se contin\u00faan concretando los negocios, con valores que alcanzan los U$S 3,00 para el novillo y con disparidad en las cargas. Carlos Mart\u00edn\u2026","rel":"","context":"En \u00abGanader\u00eda\u00bb","block_context":{"text":"Ganader\u00eda","link":"https:\/\/lahoradelcampo.com.uy\/site\/category\/ganaderia\/"},"img":{"alt_text":"","src":"https:\/\/i0.wp.com\/lahoradelcampo.com.uy\/site\/wp-content\/uploads\/2017\/09\/Carlos-martin-Correa.jpg?fit=880%2C440&ssl=1&resize=350%2C200","width":350,"height":200,"srcset":"https:\/\/i0.wp.com\/lahoradelcampo.com.uy\/site\/wp-content\/uploads\/2017\/09\/Carlos-martin-Correa.jpg?fit=880%2C440&ssl=1&resize=350%2C200 1x, https:\/\/i0.wp.com\/lahoradelcampo.com.uy\/site\/wp-content\/uploads\/2017\/09\/Carlos-martin-Correa.jpg?fit=880%2C440&ssl=1&resize=525%2C300 1.5x, https:\/\/i0.wp.com\/lahoradelcampo.com.uy\/site\/wp-content\/uploads\/2017\/09\/Carlos-martin-Correa.jpg?fit=880%2C440&ssl=1&resize=700%2C400 2x"},"classes":[]},{"id":16840,"url":"https:\/\/lahoradelcampo.com.uy\/site\/el-mercado-de-haciendas-gorda-entre-baja-demanda-y-escasa-oferta\/","url_meta":{"origin":54479,"position":2},"title":"El mercado de haciendas gorda entre baja demanda y escasa oferta","author":"La Hora del Campo","date":"13 enero, 2020","format":false,"excerpt":"Con una importante disparidad entre las plantas frigor\u00edficas en cuenta a los precios y entradas a planta y la baja de los valores tanto para la vaca como para el novillo, el mercado se encuentra retra\u00eddo y sin una fluidez de negocios que permita manejar referencias de precios precisas esta\u2026","rel":"","context":"En \u00abActualidad\u00bb","block_context":{"text":"Actualidad","link":"https:\/\/lahoradelcampo.com.uy\/site\/category\/actualidad\/"},"img":{"alt_text":"","src":"https:\/\/i0.wp.com\/lahoradelcampo.com.uy\/site\/wp-content\/uploads\/2018\/01\/vacunos.jpg?fit=880%2C440&ssl=1&resize=350%2C200","width":350,"height":200,"srcset":"https:\/\/i0.wp.com\/lahoradelcampo.com.uy\/site\/wp-content\/uploads\/2018\/01\/vacunos.jpg?fit=880%2C440&ssl=1&resize=350%2C200 1x, https:\/\/i0.wp.com\/lahoradelcampo.com.uy\/site\/wp-content\/uploads\/2018\/01\/vacunos.jpg?fit=880%2C440&ssl=1&resize=525%2C300 1.5x, https:\/\/i0.wp.com\/lahoradelcampo.com.uy\/site\/wp-content\/uploads\/2018\/01\/vacunos.jpg?fit=880%2C440&ssl=1&resize=700%2C400 2x"},"classes":[]},{"id":38921,"url":"https:\/\/lahoradelcampo.com.uy\/site\/el-mercado-del-gordo-esta-con-una-flecha-para-arriba-y-arrastrando-la-reposicion\/","url_meta":{"origin":54479,"position":3},"title":"\u00abEl mercado del gordo est\u00e1 con una flecha para arriba y arrastrando la reposici\u00f3n\u00bb","author":"La Hora del Campo","date":"7 febrero, 2022","format":false,"excerpt":"La pasada semana el mercado de haciendas comenz\u00f3 con valores de US$ 4,15 a US$ 4,20 por los novillos gordos a la industria, pero termin\u00f3 con negocios el viernes a US$ 4,50 y US$ 4,60 y hasta alg\u00fan centavo m\u00e1s dependiendo de la calidad y el volumen de los ganados\u2026","rel":"","context":"En \u00abActualidad\u00bb","block_context":{"text":"Actualidad","link":"https:\/\/lahoradelcampo.com.uy\/site\/category\/actualidad\/"},"img":{"alt_text":"","src":"https:\/\/i0.wp.com\/lahoradelcampo.com.uy\/site\/wp-content\/uploads\/2019\/04\/Canepa.jpg?fit=880%2C440&ssl=1&resize=350%2C200","width":350,"height":200,"srcset":"https:\/\/i0.wp.com\/lahoradelcampo.com.uy\/site\/wp-content\/uploads\/2019\/04\/Canepa.jpg?fit=880%2C440&ssl=1&resize=350%2C200 1x, https:\/\/i0.wp.com\/lahoradelcampo.com.uy\/site\/wp-content\/uploads\/2019\/04\/Canepa.jpg?fit=880%2C440&ssl=1&resize=525%2C300 1.5x, https:\/\/i0.wp.com\/lahoradelcampo.com.uy\/site\/wp-content\/uploads\/2019\/04\/Canepa.jpg?fit=880%2C440&ssl=1&resize=700%2C400 2x"},"classes":[]},{"id":40131,"url":"https:\/\/lahoradelcampo.com.uy\/site\/el-novillo-gordo-sigue-subiendo-y-los-especiales-de-punta-alcanzan-los-us-525\/","url_meta":{"origin":54479,"position":4},"title":"El novillo gordo sigue subiendo y los especiales de punta alcanzan los US$ 5,25","author":"La Hora del Campo","date":"22 marzo, 2022","format":false,"excerpt":"Con una faena que contin\u00faa creciendo en el pa\u00eds, superando las 58 mil cabezas en la \u00faltima semana, el mercado de haciendas contin\u00faa firme y con tendencia alcista, m\u00e1s all\u00e1 que la mayor\u00eda de los operadores al comienzo de la semana pasada esperaban una estabilidad en el mercado. Seg\u00fan los\u2026","rel":"","context":"En \u00abActualidad\u00bb","block_context":{"text":"Actualidad","link":"https:\/\/lahoradelcampo.com.uy\/site\/category\/actualidad\/"},"img":{"alt_text":"","src":"https:\/\/i0.wp.com\/lahoradelcampo.com.uy\/site\/wp-content\/uploads\/2022\/03\/Carlosdefreitas.jpg?fit=880%2C440&ssl=1&resize=350%2C200","width":350,"height":200,"srcset":"https:\/\/i0.wp.com\/lahoradelcampo.com.uy\/site\/wp-content\/uploads\/2022\/03\/Carlosdefreitas.jpg?fit=880%2C440&ssl=1&resize=350%2C200 1x, https:\/\/i0.wp.com\/lahoradelcampo.com.uy\/site\/wp-content\/uploads\/2022\/03\/Carlosdefreitas.jpg?fit=880%2C440&ssl=1&resize=525%2C300 1.5x, https:\/\/i0.wp.com\/lahoradelcampo.com.uy\/site\/wp-content\/uploads\/2022\/03\/Carlosdefreitas.jpg?fit=880%2C440&ssl=1&resize=700%2C400 2x"},"classes":[]},{"id":51956,"url":"https:\/\/lahoradelcampo.com.uy\/site\/la-escasez-de-ganadopresiona-al-alza-los-preciosen-el-mercado-carnico\/","url_meta":{"origin":54479,"position":5},"title":"La escasez de ganado presiona al alza los precios en el mercado c\u00e1rnico","author":"La Hora del Campo","date":"22 julio, 2023","format":false,"excerpt":"La oferta de ganado en el mercado se ha reducido a\u00fan m\u00e1s, lo que ha llevado a un aumento de los precios. Los productores est\u00e1n pidiendo precios m\u00e1s altos por su ganado, y la industria est\u00e1 dispuesta a pagarlos, ya que la demanda de carne es fuerte. Los precios para\u2026","rel":"","context":"En \u00abActualidad\u00bb","block_context":{"text":"Actualidad","link":"https:\/\/lahoradelcampo.com.uy\/site\/category\/actualidad\/"},"img":{"alt_text":"","src":"https:\/\/i0.wp.com\/lahoradelcampo.com.uy\/site\/wp-content\/uploads\/2023\/07\/ganados-pastura.jpg?fit=880%2C440&ssl=1&resize=350%2C200","width":350,"height":200,"srcset":"https:\/\/i0.wp.com\/lahoradelcampo.com.uy\/site\/wp-content\/uploads\/2023\/07\/ganados-pastura.jpg?fit=880%2C440&ssl=1&resize=350%2C200 1x, https:\/\/i0.wp.com\/lahoradelcampo.com.uy\/site\/wp-content\/uploads\/2023\/07\/ganados-pastura.jpg?fit=880%2C440&ssl=1&resize=525%2C300 1.5x, https:\/\/i0.wp.com\/lahoradelcampo.com.uy\/site\/wp-content\/uploads\/2023\/07\/ganados-pastura.jpg?fit=880%2C440&ssl=1&resize=700%2C400 2x"},"classes":[]}],"jetpack_likes_enabled":true,"_links":{"self":[{"href":"https:\/\/lahoradelcampo.com.uy\/site\/wp-json\/wp\/v2\/posts\/54479","targetHints":{"allow":["GET"]}}],"collection":[{"href":"https:\/\/lahoradelcampo.com.uy\/site\/wp-json\/wp\/v2\/posts"}],"about":[{"href":"https:\/\/lahoradelcampo.com.uy\/site\/wp-json\/wp\/v2\/types\/post"}],"author":[{"embeddable":true,"href":"https:\/\/lahoradelcampo.com.uy\/site\/wp-json\/wp\/v2\/users\/5"}],"replies":[{"embeddable":true,"href":"https:\/\/lahoradelcampo.com.uy\/site\/wp-json\/wp\/v2\/comments?post=54479"}],"version-history":[{"count":1,"href":"https:\/\/lahoradelcampo.com.uy\/site\/wp-json\/wp\/v2\/posts\/54479\/revisions"}],"predecessor-version":[{"id":54481,"href":"https:\/\/lahoradelcampo.com.uy\/site\/wp-json\/wp\/v2\/posts\/54479\/revisions\/54481"}],"wp:featuredmedia":[{"embeddable":true,"href":"https:\/\/lahoradelcampo.com.uy\/site\/wp-json\/wp\/v2\/media\/54480"}],"wp:attachment":[{"href":"https:\/\/lahoradelcampo.com.uy\/site\/wp-json\/wp\/v2\/media?parent=54479"}],"wp:term":[{"taxonomy":"category","embeddable":true,"href":"https:\/\/lahoradelcampo.com.uy\/site\/wp-json\/wp\/v2\/categories?post=54479"},{"taxonomy":"post_tag","embeddable":true,"href":"https:\/\/lahoradelcampo.com.uy\/site\/wp-json\/wp\/v2\/tags?post=54479"}],"curies":[{"name":"wp","href":"https:\/\/api.w.org\/{rel}","templated":true}]}}