{"id":54476,"date":"2024-09-09T22:44:37","date_gmt":"2024-09-10T01:44:37","guid":{"rendered":"http:\/\/lahoradelcampo.com.uy\/site\/?p=54476"},"modified":"2024-09-09T22:44:40","modified_gmt":"2024-09-10T01:44:40","slug":"advierten-que-en-el-servicio-pasado-se-han-roto-muchos-toros","status":"publish","type":"post","link":"https:\/\/lahoradelcampo.com.uy\/site\/advierten-que-en-el-servicio-pasado-se-han-roto-muchos-toros\/","title":{"rendered":"Advierten que en el servicio pasado \u00abse han roto muchos toros\u00bb"},"content":{"rendered":"\n<figure class=\"wp-block-image size-full\"><a href=\"https:\/\/i0.wp.com\/lahoradelcampo.com.uy\/site\/wp-content\/uploads\/2024\/09\/Torosdeespalda.jpg\"><img data-recalc-dims=\"1\" loading=\"lazy\" decoding=\"async\" width=\"810\" height=\"405\" data-attachment-id=\"54477\" data-permalink=\"https:\/\/lahoradelcampo.com.uy\/site\/advierten-que-en-el-servicio-pasado-se-han-roto-muchos-toros\/torosdeespalda\/\" data-orig-file=\"https:\/\/i0.wp.com\/lahoradelcampo.com.uy\/site\/wp-content\/uploads\/2024\/09\/Torosdeespalda.jpg?fit=880%2C440&amp;ssl=1\" data-orig-size=\"880,440\" data-comments-opened=\"1\" data-image-meta=\"{&quot;aperture&quot;:&quot;0&quot;,&quot;credit&quot;:&quot;&quot;,&quot;camera&quot;:&quot;&quot;,&quot;caption&quot;:&quot;&quot;,&quot;created_timestamp&quot;:&quot;0&quot;,&quot;copyright&quot;:&quot;&quot;,&quot;focal_length&quot;:&quot;0&quot;,&quot;iso&quot;:&quot;0&quot;,&quot;shutter_speed&quot;:&quot;0&quot;,&quot;title&quot;:&quot;&quot;,&quot;orientation&quot;:&quot;1&quot;}\" data-image-title=\"Torosdeespalda\" data-image-description=\"\" data-image-caption=\"\" data-large-file=\"https:\/\/i0.wp.com\/lahoradelcampo.com.uy\/site\/wp-content\/uploads\/2024\/09\/Torosdeespalda.jpg?fit=810%2C405&amp;ssl=1\" src=\"https:\/\/i0.wp.com\/lahoradelcampo.com.uy\/site\/wp-content\/uploads\/2024\/09\/Torosdeespalda.jpg?resize=810%2C405\" alt=\"\" class=\"wp-image-54477\" srcset=\"https:\/\/i0.wp.com\/lahoradelcampo.com.uy\/site\/wp-content\/uploads\/2024\/09\/Torosdeespalda.jpg?w=880&amp;ssl=1 880w, https:\/\/i0.wp.com\/lahoradelcampo.com.uy\/site\/wp-content\/uploads\/2024\/09\/Torosdeespalda.jpg?resize=300%2C150&amp;ssl=1 300w, https:\/\/i0.wp.com\/lahoradelcampo.com.uy\/site\/wp-content\/uploads\/2024\/09\/Torosdeespalda.jpg?resize=768%2C384&amp;ssl=1 768w, https:\/\/i0.wp.com\/lahoradelcampo.com.uy\/site\/wp-content\/uploads\/2024\/09\/Torosdeespalda.jpg?resize=820%2C410&amp;ssl=1 820w\" sizes=\"auto, (max-width: 810px) 100vw, 810px\" \/><\/a><\/figure>\n\n\n\n<p>El Prado, tradicionalmente, es el comienzo de la zafra de reproductores a nivel pa\u00eds, y a partir de all\u00ed los productores comienzan a seleccionar los mejores reproductores para sus sistemas de producci\u00f3n.<br>Este momento tambi\u00e9n es clave para realizar las revisaciones de toros y a partir de all\u00ed saber con cuantos toros se cuentan en el propio rodeo, para no realizar compras excesivas, que se vuelven gastos, o que se tenga que salir a ultima hora para cubrir las vacas. Un buen control de los toros siempre es recomendable realizarla con un m\u00ednimo 60 d\u00edas previo al entore.<\/p>\n\n\n\n<p>El Dr. Diego Texeira, m\u00e9dico veterinario del ejercicio liberal, dijo que \u00abtodos sabemos que a veces nos olvidamos los toros en el invierno, despu\u00e9s del retiro de las vacas en cuanto termin\u00f3 el entore, y estar\u00eda bueno siempre revisarlos con tiempo para estar preparados y no al inicio del entore\u00bb.<\/p>\n\n\n\n<p>El veterinario remarc\u00f3 la importancia de estas revisaciones previas, para \u00abno llevarnos sorpresas, para saber si hay que reponer o no hay que reponer, ver c\u00f3mo est\u00e1n sanitariamente, ver c\u00f3mo est\u00e1n desde el punto de vista reproductivo, la parte de aplomos, todo lo que conlleva una buena revisaci\u00f3n de toros\u00bb, pero principalmente hizo hincapi\u00e9 en realizarlo \u00abcon tiempo\u00bb. <\/p>\n\n\n\n<p>Dijo que \u00aben el tema de condici\u00f3n corporal, los toros terminaron bastante bien los entores\u00bb, sin embargo advirti\u00f3 que \u00aben el servicio anterior se han roto muchos toros, justamente porque hab\u00eda mucho celo, hab\u00eda mucha vacas, muchos toros trabajando\u00bb, por lo que a pesar de finalizar con buena condiciones corporales, habr\u00eda que realizar buenas revisaciones para saber si los mismos est\u00e1n en buena condici\u00f3n corporal.<\/p>\n\n\n\n<p>Salto, 9 de setiembre de 2024<\/p>\n","protected":false},"excerpt":{"rendered":"<p>El Prado, tradicionalmente, es el comienzo de la zafra de reproductores a nivel pa\u00eds, y a partir de all\u00ed los productores comienzan a seleccionar los mejores reproductores para sus sistemas [&hellip;]<\/p>\n","protected":false},"author":5,"featured_media":54477,"comment_status":"open","ping_status":"open","sticky":false,"template":"","format":"standard","meta":{"_price":"","_stock":"","_tribe_ticket_header":"","_tribe_default_ticket_provider":"","_tribe_ticket_capacity":"0","_ticket_start_date":"","_ticket_end_date":"","_tribe_ticket_show_description":"","_tribe_ticket_show_not_going":false,"_tribe_ticket_use_global_stock":"","_tribe_ticket_global_stock_level":"","_global_stock_mode":"","_global_stock_cap":"","_tribe_rsvp_for_event":"","_tribe_ticket_going_count":"","_tribe_ticket_not_going_count":"","_tribe_tickets_list":"[]","_tribe_ticket_has_attendee_info_fields":false,"h5ap_radio_sources":[],"_jetpack_newsletter_access":"","_jetpack_dont_email_post_to_subs":false,"_jetpack_newsletter_tier_id":0,"_jetpack_memberships_contains_paywalled_content":false,"_jetpack_memberships_contains_paid_content":false,"footnotes":""},"categories":[21,5],"tags":[],"class_list":["post-54476","post","type-post","status-publish","format-standard","has-post-thumbnail","hentry","category-actualidad","category-ganaderia"],"jetpack_featured_media_url":"https:\/\/i0.wp.com\/lahoradelcampo.com.uy\/site\/wp-content\/uploads\/2024\/09\/Torosdeespalda.jpg?fit=880%2C440&ssl=1","jetpack_sharing_enabled":true,"jetpack_shortlink":"https:\/\/wp.me\/p99IaT-eaE","jetpack-related-posts":[{"id":24530,"url":"https:\/\/lahoradelcampo.com.uy\/site\/correa-san-roman-rematan-el-viernes-los-toros-de-la-magdalena\/","url_meta":{"origin":54476,"position":0},"title":"Correa &#038; San Rom\u00e1n rematan el viernes los toros de La Magdalena","author":"La Hora del Campo","date":"12 octubre, 2020","format":false,"excerpt":"El viernes se realiza en el local de la Asociaci\u00f3n Fomento Rural de Valent\u00edn, un nuevo remate anual de la caba\u00f1a La Magdalena de Los Tordos, con las ventas a cargo de los escritorios Roberto Bertsch y Correa & San Roman. En total la oferta ser\u00e1 de 154 toros y\u2026","rel":"","context":"En \u00abActualidad\u00bb","block_context":{"text":"Actualidad","link":"https:\/\/lahoradelcampo.com.uy\/site\/category\/actualidad\/"},"img":{"alt_text":"","src":"https:\/\/i0.wp.com\/lahoradelcampo.com.uy\/site\/wp-content\/uploads\/2020\/10\/conferenciamagdalena.jpg?fit=880%2C440&ssl=1&resize=350%2C200","width":350,"height":200,"srcset":"https:\/\/i0.wp.com\/lahoradelcampo.com.uy\/site\/wp-content\/uploads\/2020\/10\/conferenciamagdalena.jpg?fit=880%2C440&ssl=1&resize=350%2C200 1x, https:\/\/i0.wp.com\/lahoradelcampo.com.uy\/site\/wp-content\/uploads\/2020\/10\/conferenciamagdalena.jpg?fit=880%2C440&ssl=1&resize=525%2C300 1.5x, https:\/\/i0.wp.com\/lahoradelcampo.com.uy\/site\/wp-content\/uploads\/2020\/10\/conferenciamagdalena.jpg?fit=880%2C440&ssl=1&resize=700%2C400 2x"},"classes":[]},{"id":4071,"url":"https:\/\/lahoradelcampo.com.uy\/site\/manejo-de-toros-durante-el-servicio\/","url_meta":{"origin":54476,"position":1},"title":"Manejo de toros durante el servicio","author":"La Hora del Campo","date":"18 noviembre, 2017","format":false,"excerpt":"Seg\u00fan el Instituto Plan Agropecuario en el periodo de servicio, es importante planificar el trabajo de los toros teniendo en cuenta los factores que pueden afectar su performance sexual. Adem\u00e1s se debe monitorear peri\u00f3dicamente su actividad para identificar posibles problemas que puedan surgir y tomar las medidas correctivas \u00bfQu\u00e9 factores\u2026","rel":"","context":"En \u00abGanader\u00eda\u00bb","block_context":{"text":"Ganader\u00eda","link":"https:\/\/lahoradelcampo.com.uy\/site\/category\/ganaderia\/"},"img":{"alt_text":"","src":"https:\/\/i0.wp.com\/lahoradelcampo.com.uy\/site\/wp-content\/uploads\/2017\/11\/toros.jpg?fit=880%2C440&ssl=1&resize=350%2C200","width":350,"height":200,"srcset":"https:\/\/i0.wp.com\/lahoradelcampo.com.uy\/site\/wp-content\/uploads\/2017\/11\/toros.jpg?fit=880%2C440&ssl=1&resize=350%2C200 1x, https:\/\/i0.wp.com\/lahoradelcampo.com.uy\/site\/wp-content\/uploads\/2017\/11\/toros.jpg?fit=880%2C440&ssl=1&resize=525%2C300 1.5x, https:\/\/i0.wp.com\/lahoradelcampo.com.uy\/site\/wp-content\/uploads\/2017\/11\/toros.jpg?fit=880%2C440&ssl=1&resize=700%2C400 2x"},"classes":[]},{"id":52921,"url":"https:\/\/lahoradelcampo.com.uy\/site\/salto-en-octubre-se-llevan-vendidos-439-toros-a-us-3-124-de-promedio\/","url_meta":{"origin":54476,"position":2},"title":"Salto: En octubre se llevan vendidos 439 toros a US$ 3.124 de promedio","author":"La Hora del Campo","date":"26 octubre, 2023","format":false,"excerpt":"La zafra de reproductores se adelant\u00f3 a nivel nacional, sin embargo en el departamento se mantuvo el inicio de la zafra luego de la exposici\u00f3n de Salto. A diferencia del a\u00f1o pasado se adelantaron las fechas y octubre cerr\u00f3 con las ventas en pista de reproductores este mi\u00e9rcoles 25, en\u2026","rel":"","context":"En \u00abActualidad\u00bb","block_context":{"text":"Actualidad","link":"https:\/\/lahoradelcampo.com.uy\/site\/category\/actualidad\/"},"img":{"alt_text":"","src":"https:\/\/i0.wp.com\/lahoradelcampo.com.uy\/site\/wp-content\/uploads\/2018\/05\/toros-hereford.jpg?fit=880%2C440&ssl=1&resize=350%2C200","width":350,"height":200,"srcset":"https:\/\/i0.wp.com\/lahoradelcampo.com.uy\/site\/wp-content\/uploads\/2018\/05\/toros-hereford.jpg?fit=880%2C440&ssl=1&resize=350%2C200 1x, https:\/\/i0.wp.com\/lahoradelcampo.com.uy\/site\/wp-content\/uploads\/2018\/05\/toros-hereford.jpg?fit=880%2C440&ssl=1&resize=525%2C300 1.5x, https:\/\/i0.wp.com\/lahoradelcampo.com.uy\/site\/wp-content\/uploads\/2018\/05\/toros-hereford.jpg?fit=880%2C440&ssl=1&resize=700%2C400 2x"},"classes":[]},{"id":54934,"url":"https:\/\/lahoradelcampo.com.uy\/site\/en-la-moneda-del-criador-los-toros-estan-11-mas-baratos\/","url_meta":{"origin":54476,"position":3},"title":"En la moneda del criador, los toros est\u00e1n 11% m\u00e1s baratos","author":"La Hora del Campo","date":"22 octubre, 2024","format":false,"excerpt":"La zafra contin\u00faa avanzando y, a pesar de que el valor promedio al que se comercializan los reproductores se encuentra por encima del a\u00f1o pasado, en la moneda del criador los toros est\u00e1n 11% m\u00e1s baratos, seg\u00fan los datos relevados por La Hora del Campo en m\u00e1s de 100 ventas.\u2026","rel":"","context":"En \u00abActualidad\u00bb","block_context":{"text":"Actualidad","link":"https:\/\/lahoradelcampo.com.uy\/site\/category\/actualidad\/"},"img":{"alt_text":"","src":"https:\/\/i0.wp.com\/lahoradelcampo.com.uy\/site\/wp-content\/uploads\/2024\/10\/Ternerosangus.jpg?fit=880%2C440&ssl=1&resize=350%2C200","width":350,"height":200,"srcset":"https:\/\/i0.wp.com\/lahoradelcampo.com.uy\/site\/wp-content\/uploads\/2024\/10\/Ternerosangus.jpg?fit=880%2C440&ssl=1&resize=350%2C200 1x, https:\/\/i0.wp.com\/lahoradelcampo.com.uy\/site\/wp-content\/uploads\/2024\/10\/Ternerosangus.jpg?fit=880%2C440&ssl=1&resize=525%2C300 1.5x, https:\/\/i0.wp.com\/lahoradelcampo.com.uy\/site\/wp-content\/uploads\/2024\/10\/Ternerosangus.jpg?fit=880%2C440&ssl=1&resize=700%2C400 2x"},"classes":[]},{"id":55047,"url":"https:\/\/lahoradelcampo.com.uy\/site\/la-zafra-esta-llegando-a-su-fin-con-mas-demanda-por-toros\/","url_meta":{"origin":54476,"position":4},"title":"La zafra esta llegando a su fin con m\u00e1s demanda por toros","author":"La Hora del Campo","date":"6 noviembre, 2024","format":false,"excerpt":"Al finalizar la zafra la demanda por toros parece incrementarse, con remates exitosos y ventas totales en la mayor\u00eda de las subastas. La primavera se afirma, los valores de la hacienda acompa\u00f1an, tanto para el gordo como en el caso de la reposici\u00f3n, y eso ha ayudado a que una\u2026","rel":"","context":"En \u00abActualidad\u00bb","block_context":{"text":"Actualidad","link":"https:\/\/lahoradelcampo.com.uy\/site\/category\/actualidad\/"},"img":{"alt_text":"","src":"https:\/\/i0.wp.com\/lahoradelcampo.com.uy\/site\/wp-content\/uploads\/2024\/11\/torosnacional.jpg?fit=880%2C440&ssl=1&resize=350%2C200","width":350,"height":200,"srcset":"https:\/\/i0.wp.com\/lahoradelcampo.com.uy\/site\/wp-content\/uploads\/2024\/11\/torosnacional.jpg?fit=880%2C440&ssl=1&resize=350%2C200 1x, https:\/\/i0.wp.com\/lahoradelcampo.com.uy\/site\/wp-content\/uploads\/2024\/11\/torosnacional.jpg?fit=880%2C440&ssl=1&resize=525%2C300 1.5x, https:\/\/i0.wp.com\/lahoradelcampo.com.uy\/site\/wp-content\/uploads\/2024\/11\/torosnacional.jpg?fit=880%2C440&ssl=1&resize=700%2C400 2x"},"classes":[]},{"id":35355,"url":"https:\/\/lahoradelcampo.com.uy\/site\/san-rafael-vendio-sus-toros-un-285-mejor-que-en-2020\/","url_meta":{"origin":54476,"position":5},"title":"San Rafael vendi\u00f3 sus toros un 28,5% mejor que en 2020","author":"La Hora del Campo","date":"12 octubre, 2021","format":false,"excerpt":"La zafra de reproductores como todos los a\u00f1os, tiene sus puntos m\u00e1s altos y los no tanto, sin embargo todos se quedan con los precios de punta, sin embargo en la generalidad de la zafra los promedios vienen por encima del 2020, y en esto algunas caba\u00f1as se destacan, con\u2026","rel":"","context":"En \u00abActualidad\u00bb","block_context":{"text":"Actualidad","link":"https:\/\/lahoradelcampo.com.uy\/site\/category\/actualidad\/"},"img":{"alt_text":"","src":"https:\/\/i0.wp.com\/lahoradelcampo.com.uy\/site\/wp-content\/uploads\/2021\/10\/zafra-sanrafael.jpg?fit=880%2C440&ssl=1&resize=350%2C200","width":350,"height":200,"srcset":"https:\/\/i0.wp.com\/lahoradelcampo.com.uy\/site\/wp-content\/uploads\/2021\/10\/zafra-sanrafael.jpg?fit=880%2C440&ssl=1&resize=350%2C200 1x, https:\/\/i0.wp.com\/lahoradelcampo.com.uy\/site\/wp-content\/uploads\/2021\/10\/zafra-sanrafael.jpg?fit=880%2C440&ssl=1&resize=525%2C300 1.5x, https:\/\/i0.wp.com\/lahoradelcampo.com.uy\/site\/wp-content\/uploads\/2021\/10\/zafra-sanrafael.jpg?fit=880%2C440&ssl=1&resize=700%2C400 2x"},"classes":[]}],"jetpack_likes_enabled":true,"_links":{"self":[{"href":"https:\/\/lahoradelcampo.com.uy\/site\/wp-json\/wp\/v2\/posts\/54476","targetHints":{"allow":["GET"]}}],"collection":[{"href":"https:\/\/lahoradelcampo.com.uy\/site\/wp-json\/wp\/v2\/posts"}],"about":[{"href":"https:\/\/lahoradelcampo.com.uy\/site\/wp-json\/wp\/v2\/types\/post"}],"author":[{"embeddable":true,"href":"https:\/\/lahoradelcampo.com.uy\/site\/wp-json\/wp\/v2\/users\/5"}],"replies":[{"embeddable":true,"href":"https:\/\/lahoradelcampo.com.uy\/site\/wp-json\/wp\/v2\/comments?post=54476"}],"version-history":[{"count":1,"href":"https:\/\/lahoradelcampo.com.uy\/site\/wp-json\/wp\/v2\/posts\/54476\/revisions"}],"predecessor-version":[{"id":54478,"href":"https:\/\/lahoradelcampo.com.uy\/site\/wp-json\/wp\/v2\/posts\/54476\/revisions\/54478"}],"wp:featuredmedia":[{"embeddable":true,"href":"https:\/\/lahoradelcampo.com.uy\/site\/wp-json\/wp\/v2\/media\/54477"}],"wp:attachment":[{"href":"https:\/\/lahoradelcampo.com.uy\/site\/wp-json\/wp\/v2\/media?parent=54476"}],"wp:term":[{"taxonomy":"category","embeddable":true,"href":"https:\/\/lahoradelcampo.com.uy\/site\/wp-json\/wp\/v2\/categories?post=54476"},{"taxonomy":"post_tag","embeddable":true,"href":"https:\/\/lahoradelcampo.com.uy\/site\/wp-json\/wp\/v2\/tags?post=54476"}],"curies":[{"name":"wp","href":"https:\/\/api.w.org\/{rel}","templated":true}]}}