{"id":54473,"date":"2024-09-09T22:31:38","date_gmt":"2024-09-10T01:31:38","guid":{"rendered":"http:\/\/lahoradelcampo.com.uy\/site\/?p=54473"},"modified":"2024-09-09T22:31:38","modified_gmt":"2024-09-10T01:31:38","slug":"el-esfuerzo-gano-en-el-hampshire-down","status":"publish","type":"post","link":"https:\/\/lahoradelcampo.com.uy\/site\/el-esfuerzo-gano-en-el-hampshire-down\/","title":{"rendered":"\u201cEl Esfuerzo\u201d gano en el Hampshire Down"},"content":{"rendered":"\n<figure class=\"wp-block-image size-full\"><a href=\"https:\/\/i0.wp.com\/lahoradelcampo.com.uy\/site\/wp-content\/uploads\/2024\/09\/Prado-Hampshiredown.jpg\"><img data-recalc-dims=\"1\" loading=\"lazy\" decoding=\"async\" width=\"810\" height=\"405\" data-attachment-id=\"54474\" data-permalink=\"https:\/\/lahoradelcampo.com.uy\/site\/el-esfuerzo-gano-en-el-hampshire-down\/prado-hampshiredown\/\" data-orig-file=\"https:\/\/i0.wp.com\/lahoradelcampo.com.uy\/site\/wp-content\/uploads\/2024\/09\/Prado-Hampshiredown.jpg?fit=880%2C440&amp;ssl=1\" data-orig-size=\"880,440\" data-comments-opened=\"1\" data-image-meta=\"{&quot;aperture&quot;:&quot;0&quot;,&quot;credit&quot;:&quot;&quot;,&quot;camera&quot;:&quot;&quot;,&quot;caption&quot;:&quot;&quot;,&quot;created_timestamp&quot;:&quot;0&quot;,&quot;copyright&quot;:&quot;&quot;,&quot;focal_length&quot;:&quot;0&quot;,&quot;iso&quot;:&quot;0&quot;,&quot;shutter_speed&quot;:&quot;0&quot;,&quot;title&quot;:&quot;&quot;,&quot;orientation&quot;:&quot;1&quot;}\" data-image-title=\"Prado-Hampshiredown\" data-image-description=\"\" data-image-caption=\"\" data-large-file=\"https:\/\/i0.wp.com\/lahoradelcampo.com.uy\/site\/wp-content\/uploads\/2024\/09\/Prado-Hampshiredown.jpg?fit=810%2C405&amp;ssl=1\" src=\"https:\/\/i0.wp.com\/lahoradelcampo.com.uy\/site\/wp-content\/uploads\/2024\/09\/Prado-Hampshiredown.jpg?resize=810%2C405\" alt=\"\" class=\"wp-image-54474\" srcset=\"https:\/\/i0.wp.com\/lahoradelcampo.com.uy\/site\/wp-content\/uploads\/2024\/09\/Prado-Hampshiredown.jpg?w=880&amp;ssl=1 880w, https:\/\/i0.wp.com\/lahoradelcampo.com.uy\/site\/wp-content\/uploads\/2024\/09\/Prado-Hampshiredown.jpg?resize=300%2C150&amp;ssl=1 300w, https:\/\/i0.wp.com\/lahoradelcampo.com.uy\/site\/wp-content\/uploads\/2024\/09\/Prado-Hampshiredown.jpg?resize=768%2C384&amp;ssl=1 768w, https:\/\/i0.wp.com\/lahoradelcampo.com.uy\/site\/wp-content\/uploads\/2024\/09\/Prado-Hampshiredown.jpg?resize=820%2C410&amp;ssl=1 820w\" sizes=\"auto, (max-width: 810px) 100vw, 810px\" \/><\/a><\/figure>\n\n\n\n<p>La raza Hampshire Down se consolid\u00f3, por tercer a\u00f1o consecutivo, como la raza ovina con mayor presencia de ejemplares en el ruedo. En esta oportunidad, el criador y asesor ganadero argentino, Carlos Ojea Ruill\u00e1n, con 160 juras en distintas exposiciones a nivel internacional, destac\u00f3 la evoluci\u00f3n, desarrollo y calidad de la raza en el pa\u00eds.<\/p>\n\n\n\n<p>El Gran Campe\u00f3n Pedigr\u00ed fue presentado por Caba\u00f1a El Esfuerzo, de Garc\u00eda Pintos, en sociedad con Diego Riambau, quienes celebraron con orgullo este reconocimiento. \u201cFue una decisi\u00f3n muy complicada, en los machos hay dos machos que nos gustan, cualquiera de los dos puede ser Campe\u00f3n, son dos m\u00e1quinas de producir carne, con buenos datos, buenas costillas, buenas grupas, anchos, vuelvo a Argentina muy impresionado con el nivel del Hampshire\u201d dijo el jurado previo a seleccionar el mejor ejemplar de pedigree de la muestra.<\/p>\n\n\n\n<p>El Gran Campe\u00f3n, que previamente hab\u00eda sido el Reservado Gran Campe\u00f3n Cordero en Durazno, fue adquirido en un 50% por Diego Riambau en el remate de febrero, consolid\u00e1ndose como uno de los reproductores m\u00e1s destacados del evento.<\/p>\n\n\n\n<p>En la categor\u00eda de hembras, la Gran Campeona y Campeona Cordera fue presentada por la Escuela Agraria de Montes (UTU).<\/p>\n\n\n\n<p>En Puros de Origen (PO), Caba\u00f1a Las Brujas, de Mabel Fajardo, se llev\u00f3 el t\u00edtulo de Campeona Suprema con una cordera de calidad excepcional, lo que reafirma el potencial de esta caba\u00f1a en el \u00e1mbito ovino uruguayo.<\/p>\n\n\n\n<p>La familia N\u00fa\u00f1ez Arbiza, con su caba\u00f1a \u00abNuestro Sue\u00f1o\u00bb, no solo se llev\u00f3 el Gran Campe\u00f3n Puros de Origen, sino que tambi\u00e9n destac\u00f3 con el Reservado Gran Campe\u00f3n y el tercer mejor macho PI.<\/p>\n\n\n\n<p>El jurado argentino en reiteradas oportunidades, durante la jura, insisti\u00f3 en la importancia de mantener un enfoque en la funcionalidad de los animales. \u00abEs importante premiar la funcionalidad, el equilibrio y el balance\u00bb, subray\u00f3, criterios en los cuales baso su selecci\u00f3n.<\/p>\n\n\n\n<p>Salto, 9 de setiembre de 2024<\/p>\n","protected":false},"excerpt":{"rendered":"<p>La raza Hampshire Down se consolid\u00f3, por tercer a\u00f1o consecutivo, como la raza ovina con mayor presencia de ejemplares en el ruedo. En esta oportunidad, el criador y asesor ganadero [&hellip;]<\/p>\n","protected":false},"author":5,"featured_media":54474,"comment_status":"open","ping_status":"open","sticky":false,"template":"","format":"standard","meta":{"_price":"","_stock":"","_tribe_ticket_header":"","_tribe_default_ticket_provider":"","_tribe_ticket_capacity":"0","_ticket_start_date":"","_ticket_end_date":"","_tribe_ticket_show_description":"","_tribe_ticket_show_not_going":false,"_tribe_ticket_use_global_stock":"","_tribe_ticket_global_stock_level":"","_global_stock_mode":"","_global_stock_cap":"","_tribe_rsvp_for_event":"","_tribe_ticket_going_count":"","_tribe_ticket_not_going_count":"","_tribe_tickets_list":"[]","_tribe_ticket_has_attendee_info_fields":false,"h5ap_radio_sources":[],"_jetpack_newsletter_access":"","_jetpack_dont_email_post_to_subs":false,"_jetpack_newsletter_tier_id":0,"_jetpack_memberships_contains_paywalled_content":false,"_jetpack_memberships_contains_paid_content":false,"footnotes":""},"categories":[21,13],"tags":[],"class_list":["post-54473","post","type-post","status-publish","format-standard","has-post-thumbnail","hentry","category-actualidad","category-ovinos"],"jetpack_featured_media_url":"https:\/\/i0.wp.com\/lahoradelcampo.com.uy\/site\/wp-content\/uploads\/2024\/09\/Prado-Hampshiredown.jpg?fit=880%2C440&ssl=1","jetpack_sharing_enabled":true,"jetpack_shortlink":"https:\/\/wp.me\/p99IaT-eaB","jetpack-related-posts":[{"id":2315,"url":"https:\/\/lahoradelcampo.com.uy\/site\/la-loma-de-juan-fco-nacimento-gano-en-merilin\/","url_meta":{"origin":54473,"position":0},"title":"La Loma de Juan Fco. Nacimento gan\u00f3 en Meril\u00edn","author":"La Hora del Campo","date":"7 octubre, 2017","format":false,"excerpt":"El criador artiguense Walter Rodr\u00edguez (Peter), amante de la raza Meril\u00edn, fue quien junto a su hijo realiz\u00f3 la calificaci\u00f3n de los diferentes ejemplares de la raza. El Gran Campe\u00f3n Macho PI y el Gran Campe\u00f3n PO pertenecen a la caba\u00f1a La Loma de Juan Francisco Nascimento. El productor dijo\u2026","rel":"","context":"En \u00abActualidad\u00bb","block_context":{"text":"Actualidad","link":"https:\/\/lahoradelcampo.com.uy\/site\/category\/actualidad\/"},"img":{"alt_text":"","src":"https:\/\/i0.wp.com\/lahoradelcampo.com.uy\/site\/wp-content\/uploads\/2017\/10\/Merilin.jpg?fit=880%2C440&ssl=1&resize=350%2C200","width":350,"height":200,"srcset":"https:\/\/i0.wp.com\/lahoradelcampo.com.uy\/site\/wp-content\/uploads\/2017\/10\/Merilin.jpg?fit=880%2C440&ssl=1&resize=350%2C200 1x, https:\/\/i0.wp.com\/lahoradelcampo.com.uy\/site\/wp-content\/uploads\/2017\/10\/Merilin.jpg?fit=880%2C440&ssl=1&resize=525%2C300 1.5x, https:\/\/i0.wp.com\/lahoradelcampo.com.uy\/site\/wp-content\/uploads\/2017\/10\/Merilin.jpg?fit=880%2C440&ssl=1&resize=700%2C400 2x"},"classes":[]},{"id":23664,"url":"https:\/\/lahoradelcampo.com.uy\/site\/braford-ganaron-la-perdiz-en-machos-y-el-telegrafo-en-hembras\/","url_meta":{"origin":54473,"position":1},"title":"Braford: Ganaron La Perd\u00edz en machos y El Tel\u00e9grafo en hembras","author":"La Hora del Campo","date":"16 septiembre, 2020","format":false,"excerpt":"Ayer se juraron los mejores ejemplares de la raza Braford, con la participaci\u00f3n de menos caba\u00f1as que en ediciones anteriores, algo esperable debido a la situaci\u00f3n actual de la pandemia. A pesar de la menor presencia de caba\u00f1as, los productores exhibieron una destacada gen\u00e9tica de la raza. El Dr. H\u00e9ctor\u2026","rel":"","context":"En \u00abActualidad\u00bb","block_context":{"text":"Actualidad","link":"https:\/\/lahoradelcampo.com.uy\/site\/category\/actualidad\/"},"img":{"alt_text":"","src":"https:\/\/i0.wp.com\/lahoradelcampo.com.uy\/site\/wp-content\/uploads\/2020\/09\/Brafordprado.jpg?fit=880%2C440&ssl=1&resize=350%2C200","width":350,"height":200,"srcset":"https:\/\/i0.wp.com\/lahoradelcampo.com.uy\/site\/wp-content\/uploads\/2020\/09\/Brafordprado.jpg?fit=880%2C440&ssl=1&resize=350%2C200 1x, https:\/\/i0.wp.com\/lahoradelcampo.com.uy\/site\/wp-content\/uploads\/2020\/09\/Brafordprado.jpg?fit=880%2C440&ssl=1&resize=525%2C300 1.5x, https:\/\/i0.wp.com\/lahoradelcampo.com.uy\/site\/wp-content\/uploads\/2020\/09\/Brafordprado.jpg?fit=880%2C440&ssl=1&resize=700%2C400 2x"},"classes":[]},{"id":14007,"url":"https:\/\/lahoradelcampo.com.uy\/site\/las-razas-ovinas-de-carne-dieron-el-puntapie-en-las-pistas-del-prado\/","url_meta":{"origin":54473,"position":2},"title":"Las razas ovinas de carne dieron el puntapie en las pistas del Prado","author":"La Hora del Campo","date":"9 septiembre, 2019","format":false,"excerpt":"La Asociaci\u00f3n Rural del Uruguay para esta edici\u00f3n de la Expo Prado, realiz\u00f3 varios cambios, entre ellos la realizaci\u00f3n de dos turnos de calificaciones en bovinos y ovinos, tal cual lo ven\u00eda realizando con las razas equinas. En este sentido se calificaron las razas ovinas de carne y las razas\u2026","rel":"","context":"En \u00abActualidad\u00bb","block_context":{"text":"Actualidad","link":"https:\/\/lahoradelcampo.com.uy\/site\/category\/actualidad\/"},"img":{"alt_text":"","src":"https:\/\/i0.wp.com\/lahoradelcampo.com.uy\/site\/wp-content\/uploads\/2019\/09\/Prado.jpg?fit=880%2C440&ssl=1&resize=350%2C200","width":350,"height":200,"srcset":"https:\/\/i0.wp.com\/lahoradelcampo.com.uy\/site\/wp-content\/uploads\/2019\/09\/Prado.jpg?fit=880%2C440&ssl=1&resize=350%2C200 1x, https:\/\/i0.wp.com\/lahoradelcampo.com.uy\/site\/wp-content\/uploads\/2019\/09\/Prado.jpg?fit=880%2C440&ssl=1&resize=525%2C300 1.5x, https:\/\/i0.wp.com\/lahoradelcampo.com.uy\/site\/wp-content\/uploads\/2019\/09\/Prado.jpg?fit=880%2C440&ssl=1&resize=700%2C400 2x"},"classes":[]},{"id":54922,"url":"https:\/\/lahoradelcampo.com.uy\/site\/el-ano-con-mas-ovinos-en-la-expo-paysandu\/","url_meta":{"origin":54473,"position":3},"title":"El a\u00f1o con m\u00e1s ovinos en la Expo Paysand\u00fa","author":"La Hora del Campo","date":"20 octubre, 2024","format":false,"excerpt":"La 78\u00b0 Edici\u00f3n de la Expo Rural de Paysand\u00fa mostr\u00f3 un crecimiento importante en la presencia de ovinos, en todas las razas, ratificando porque es el tercer departamento con mayor stock del pa\u00eds. Adem\u00e1s, este a\u00f1o fue el marco para la Expo Nacional Suffolk. El Ing. Jos\u00e9 Francisco Ramos, t\u00e9cnico\u2026","rel":"","context":"En \u00abActualidad\u00bb","block_context":{"text":"Actualidad","link":"https:\/\/lahoradelcampo.com.uy\/site\/category\/actualidad\/"},"img":{"alt_text":"","src":"https:\/\/i0.wp.com\/lahoradelcampo.com.uy\/site\/wp-content\/uploads\/2024\/10\/MerinoPaysandu.jpg?fit=880%2C440&ssl=1&resize=350%2C200","width":350,"height":200,"srcset":"https:\/\/i0.wp.com\/lahoradelcampo.com.uy\/site\/wp-content\/uploads\/2024\/10\/MerinoPaysandu.jpg?fit=880%2C440&ssl=1&resize=350%2C200 1x, https:\/\/i0.wp.com\/lahoradelcampo.com.uy\/site\/wp-content\/uploads\/2024\/10\/MerinoPaysandu.jpg?fit=880%2C440&ssl=1&resize=525%2C300 1.5x, https:\/\/i0.wp.com\/lahoradelcampo.com.uy\/site\/wp-content\/uploads\/2024\/10\/MerinoPaysandu.jpg?fit=880%2C440&ssl=1&resize=700%2C400 2x"},"classes":[]},{"id":54452,"url":"https:\/\/lahoradelcampo.com.uy\/site\/dona-cecilia-gano-en-machos-y-hembras-de-la-raza-arabes\/","url_meta":{"origin":54473,"position":4},"title":"\u00abDo\u00f1a Cecilia\u00bb gan\u00f3 en machos y hembras de la raza \u00c1rabes","author":"La Hora del Campo","date":"8 septiembre, 2024","format":false,"excerpt":"El s\u00e1bado, con 13 ejemplares en pista, se realiz\u00f3 las calificaciones de la raza equina \u00c1rabes, que este a\u00f1o estuvo bajo la mirada de tres jurados, designados por la Sociedad de Criadores de Caballos \u00c1rabes del Uruguay. Juan Kademian, de Argentina; Koenraad Detaileeur, de B\u00e9lgica; y Luiz Rocco, de Brasil,\u2026","rel":"","context":"En \u00abActualidad\u00bb","block_context":{"text":"Actualidad","link":"https:\/\/lahoradelcampo.com.uy\/site\/category\/actualidad\/"},"img":{"alt_text":"","src":"https:\/\/i0.wp.com\/lahoradelcampo.com.uy\/site\/wp-content\/uploads\/2024\/09\/arabes-2024.jpg?fit=880%2C440&ssl=1&resize=350%2C200","width":350,"height":200,"srcset":"https:\/\/i0.wp.com\/lahoradelcampo.com.uy\/site\/wp-content\/uploads\/2024\/09\/arabes-2024.jpg?fit=880%2C440&ssl=1&resize=350%2C200 1x, https:\/\/i0.wp.com\/lahoradelcampo.com.uy\/site\/wp-content\/uploads\/2024\/09\/arabes-2024.jpg?fit=880%2C440&ssl=1&resize=525%2C300 1.5x, https:\/\/i0.wp.com\/lahoradelcampo.com.uy\/site\/wp-content\/uploads\/2024\/09\/arabes-2024.jpg?fit=880%2C440&ssl=1&resize=700%2C400 2x"},"classes":[]},{"id":56775,"url":"https:\/\/lahoradelcampo.com.uy\/site\/la-loma-presento-el-gran-campeon-shorthorn\/","url_meta":{"origin":54473,"position":5},"title":"\u00abLa Loma\u00bb present\u00f3 el Gran Campe\u00f3n Shorthorn","author":"La Hora del Campo","date":"13 septiembre, 2025","format":false,"excerpt":"La raza Shorthorn, la m\u00e1s antigua del pa\u00eds, tuvo su jura en el Prado con seis ejemplares de cuatro caba\u00f1as, aunque la muestra qued\u00f3 reducida debido a que siete animales no superaron la admisi\u00f3n sanitaria.El jurado Guillermo Zerbino destac\u00f3 que los animales presentados eran buenos en t\u00e9rminos generales, aunque algo\u2026","rel":"","context":"En \u00abActualidad\u00bb","block_context":{"text":"Actualidad","link":"https:\/\/lahoradelcampo.com.uy\/site\/category\/actualidad\/"},"img":{"alt_text":"","src":"https:\/\/i0.wp.com\/lahoradelcampo.com.uy\/site\/wp-content\/uploads\/2025\/09\/2025-Shorthorn.jpg?fit=880%2C440&ssl=1&resize=350%2C200","width":350,"height":200,"srcset":"https:\/\/i0.wp.com\/lahoradelcampo.com.uy\/site\/wp-content\/uploads\/2025\/09\/2025-Shorthorn.jpg?fit=880%2C440&ssl=1&resize=350%2C200 1x, https:\/\/i0.wp.com\/lahoradelcampo.com.uy\/site\/wp-content\/uploads\/2025\/09\/2025-Shorthorn.jpg?fit=880%2C440&ssl=1&resize=525%2C300 1.5x, https:\/\/i0.wp.com\/lahoradelcampo.com.uy\/site\/wp-content\/uploads\/2025\/09\/2025-Shorthorn.jpg?fit=880%2C440&ssl=1&resize=700%2C400 2x"},"classes":[]}],"jetpack_likes_enabled":true,"_links":{"self":[{"href":"https:\/\/lahoradelcampo.com.uy\/site\/wp-json\/wp\/v2\/posts\/54473","targetHints":{"allow":["GET"]}}],"collection":[{"href":"https:\/\/lahoradelcampo.com.uy\/site\/wp-json\/wp\/v2\/posts"}],"about":[{"href":"https:\/\/lahoradelcampo.com.uy\/site\/wp-json\/wp\/v2\/types\/post"}],"author":[{"embeddable":true,"href":"https:\/\/lahoradelcampo.com.uy\/site\/wp-json\/wp\/v2\/users\/5"}],"replies":[{"embeddable":true,"href":"https:\/\/lahoradelcampo.com.uy\/site\/wp-json\/wp\/v2\/comments?post=54473"}],"version-history":[{"count":1,"href":"https:\/\/lahoradelcampo.com.uy\/site\/wp-json\/wp\/v2\/posts\/54473\/revisions"}],"predecessor-version":[{"id":54475,"href":"https:\/\/lahoradelcampo.com.uy\/site\/wp-json\/wp\/v2\/posts\/54473\/revisions\/54475"}],"wp:featuredmedia":[{"embeddable":true,"href":"https:\/\/lahoradelcampo.com.uy\/site\/wp-json\/wp\/v2\/media\/54474"}],"wp:attachment":[{"href":"https:\/\/lahoradelcampo.com.uy\/site\/wp-json\/wp\/v2\/media?parent=54473"}],"wp:term":[{"taxonomy":"category","embeddable":true,"href":"https:\/\/lahoradelcampo.com.uy\/site\/wp-json\/wp\/v2\/categories?post=54473"},{"taxonomy":"post_tag","embeddable":true,"href":"https:\/\/lahoradelcampo.com.uy\/site\/wp-json\/wp\/v2\/tags?post=54473"}],"curies":[{"name":"wp","href":"https:\/\/api.w.org\/{rel}","templated":true}]}}