{"id":54470,"date":"2024-09-09T22:29:31","date_gmt":"2024-09-10T01:29:31","guid":{"rendered":"http:\/\/lahoradelcampo.com.uy\/site\/?p=54470"},"modified":"2024-09-09T22:29:32","modified_gmt":"2024-09-10T01:29:32","slug":"borrego-diente-de-leche-excepcional-gano-en-poll-dorset","status":"publish","type":"post","link":"https:\/\/lahoradelcampo.com.uy\/site\/borrego-diente-de-leche-excepcional-gano-en-poll-dorset\/","title":{"rendered":"Borrego diente de leche \u201cexcepcional\u201d gan\u00f3 en Poll Dorset"},"content":{"rendered":"\n<figure class=\"wp-block-image size-full\"><a href=\"https:\/\/i0.wp.com\/lahoradelcampo.com.uy\/site\/wp-content\/uploads\/2024\/09\/Prado-POLLDORSET1.jpg\"><img data-recalc-dims=\"1\" loading=\"lazy\" decoding=\"async\" width=\"810\" height=\"405\" data-attachment-id=\"54471\" data-permalink=\"https:\/\/lahoradelcampo.com.uy\/site\/borrego-diente-de-leche-excepcional-gano-en-poll-dorset\/prado-polldorset1\/\" data-orig-file=\"https:\/\/i0.wp.com\/lahoradelcampo.com.uy\/site\/wp-content\/uploads\/2024\/09\/Prado-POLLDORSET1.jpg?fit=880%2C440&amp;ssl=1\" data-orig-size=\"880,440\" data-comments-opened=\"1\" data-image-meta=\"{&quot;aperture&quot;:&quot;0&quot;,&quot;credit&quot;:&quot;&quot;,&quot;camera&quot;:&quot;&quot;,&quot;caption&quot;:&quot;&quot;,&quot;created_timestamp&quot;:&quot;0&quot;,&quot;copyright&quot;:&quot;&quot;,&quot;focal_length&quot;:&quot;0&quot;,&quot;iso&quot;:&quot;0&quot;,&quot;shutter_speed&quot;:&quot;0&quot;,&quot;title&quot;:&quot;&quot;,&quot;orientation&quot;:&quot;1&quot;}\" data-image-title=\"Prado-POLLDORSET1\" data-image-description=\"\" data-image-caption=\"\" data-large-file=\"https:\/\/i0.wp.com\/lahoradelcampo.com.uy\/site\/wp-content\/uploads\/2024\/09\/Prado-POLLDORSET1.jpg?fit=810%2C405&amp;ssl=1\" src=\"https:\/\/i0.wp.com\/lahoradelcampo.com.uy\/site\/wp-content\/uploads\/2024\/09\/Prado-POLLDORSET1.jpg?resize=810%2C405\" alt=\"\" class=\"wp-image-54471\" srcset=\"https:\/\/i0.wp.com\/lahoradelcampo.com.uy\/site\/wp-content\/uploads\/2024\/09\/Prado-POLLDORSET1.jpg?w=880&amp;ssl=1 880w, https:\/\/i0.wp.com\/lahoradelcampo.com.uy\/site\/wp-content\/uploads\/2024\/09\/Prado-POLLDORSET1.jpg?resize=300%2C150&amp;ssl=1 300w, https:\/\/i0.wp.com\/lahoradelcampo.com.uy\/site\/wp-content\/uploads\/2024\/09\/Prado-POLLDORSET1.jpg?resize=768%2C384&amp;ssl=1 768w, https:\/\/i0.wp.com\/lahoradelcampo.com.uy\/site\/wp-content\/uploads\/2024\/09\/Prado-POLLDORSET1.jpg?resize=820%2C410&amp;ssl=1 820w\" sizes=\"auto, (max-width: 810px) 100vw, 810px\" \/><\/a><\/figure>\n\n\n\n<p>En las pistas del Poll Dorset se observaron animales \u201cbien preparados y buen nivel gen\u00e9tico\u201d dijo el integrante del jurado, Ing. Agr. Francisco Donagaray, qui\u00e9n comparti\u00f3 las calificaciones con el Sr. Alejandro Cassarino.<\/p>\n\n\n\n<p>El criador dijo que \u201cla categor\u00eda m\u00e1s dif\u00edcil de jurar fue las ovejas, porque al estar tan pre\u00f1adas, uno tiene que imagin\u00e1rselas sin esa carga del cordero que tiene adentro\u201d. En este sentido indic\u00f3 que particip\u00f3 un hembra \u201cmuy buena\u201d, pero que estaba \u201cmuy llegada a plazo\u201d por lo que \u201cla tuvimos que castigar por porque estaba desfigurada, y uno tiene que jurar lo que ve en el d\u00eda de hoy\u201d explic\u00f3.<\/p>\n\n\n\n<p>En el caso de los machos, Donagaray dijo que \u201cel borrego diente de leche es excepcional, te dir\u00eda que muy perfecto, muy bueno de todo punto de vista\u201d. En este sentido se\u00f1al\u00f3 que es un animal de \u201cmuy buen peso, muy buena pureza racial, la cabeza perfecta y le veo mucho futuro\u201d.<\/p>\n\n\n\n<p>Si bien en el caso de las hembras, los jurados seleccionaron una oveja de ocho dientes, Donagaray dijo que prefiere \u201cpremiar animales j\u00f3venes\u201d en el caso de la raza Poll Dorset, porque es \u201cuna raza carnicera terminal en la cual la precocidad es la caracter\u00edstica m\u00e1s importante, entonces un animal joven, correcto, con buen peso, que se mueve bien con su musculatura creo que tiene que estar adelante de un animal de ocho dientes\u201d.<\/p>\n\n\n\n<p><strong>Veredictos<\/strong><\/p>\n\n\n\n<p>Gran Campe\u00f3n PI: de Amalia Echeverrigaray Lamadrid; Reservado Gran Campe\u00f3n: de Las Rosas Estancia; Tercer Mejor Macho: de Las Rosas Estancia. Gran Campeona: de Las Rosas Estancia; Reservada Gran Campeona: de Joint Venture Limitour SRL; Tercera Mejor Hembra: de Omar Burutar\u00e1n Esteves.<\/p>\n\n\n\n<p>Gran Campe\u00f3n PO: de Las Rosas Estancia SRL; Reservado Gran Campe\u00f3n: de Las Rosas Estancia SRL; Tercer Mejor Macho: de Omar Burutar\u00e1n Esteves. Gran Campeona PO: de Mar\u00eda Elvira Rovira y Jos\u00e9 C. Mariezcurrena; Reservada Gran Campeona: de Las Rosas Estancia; Tercera Mejor Hembra: de Omar Burutar\u00e1n Esteves.<\/p>\n\n\n\n<p>Salto, 9 de setiembre de 2024<\/p>\n","protected":false},"excerpt":{"rendered":"<p>En las pistas del Poll Dorset se observaron animales \u201cbien preparados y buen nivel gen\u00e9tico\u201d dijo el integrante del jurado, Ing. Agr. Francisco Donagaray, qui\u00e9n comparti\u00f3 las calificaciones con el [&hellip;]<\/p>\n","protected":false},"author":5,"featured_media":54471,"comment_status":"open","ping_status":"open","sticky":false,"template":"","format":"standard","meta":{"_price":"","_stock":"","_tribe_ticket_header":"","_tribe_default_ticket_provider":"","_tribe_ticket_capacity":"0","_ticket_start_date":"","_ticket_end_date":"","_tribe_ticket_show_description":"","_tribe_ticket_show_not_going":false,"_tribe_ticket_use_global_stock":"","_tribe_ticket_global_stock_level":"","_global_stock_mode":"","_global_stock_cap":"","_tribe_rsvp_for_event":"","_tribe_ticket_going_count":"","_tribe_ticket_not_going_count":"","_tribe_tickets_list":"[]","_tribe_ticket_has_attendee_info_fields":false,"h5ap_radio_sources":[],"_jetpack_newsletter_access":"","_jetpack_dont_email_post_to_subs":false,"_jetpack_newsletter_tier_id":0,"_jetpack_memberships_contains_paywalled_content":false,"_jetpack_memberships_contains_paid_content":false,"footnotes":""},"categories":[21,13],"tags":[],"class_list":["post-54470","post","type-post","status-publish","format-standard","has-post-thumbnail","hentry","category-actualidad","category-ovinos"],"jetpack_featured_media_url":"https:\/\/i0.wp.com\/lahoradelcampo.com.uy\/site\/wp-content\/uploads\/2024\/09\/Prado-POLLDORSET1.jpg?fit=880%2C440&ssl=1","jetpack_sharing_enabled":true,"jetpack_shortlink":"https:\/\/wp.me\/p99IaT-eay","jetpack-related-posts":[{"id":34103,"url":"https:\/\/lahoradelcampo.com.uy\/site\/poll-dorset-las-rosas-en-po-y-limitour-en-el-pi\/","url_meta":{"origin":54470,"position":0},"title":"Poll Dorset: Las Rosas en PO y Limitour en el PI","author":"La Hora del Campo","date":"14 septiembre, 2021","format":false,"excerpt":"Jurado: Francisco Donagaray Gran Campe\u00f3n y Gran Campeona PI: Join Venture Limitour S.R.L. Gran Campe\u00f3n y Gran Campeona PO: Estancia Las Rosas Fue una muestra \"muy dif\u00edcil de jurar porque tenemos dos biotipos distintos\" dijo Donagaray durante la jura. El Gran Campe\u00f3n fue un borrego \"para mi muy promisorio, diente\u2026","rel":"","context":"En \u00abActualidad\u00bb","block_context":{"text":"Actualidad","link":"https:\/\/lahoradelcampo.com.uy\/site\/category\/actualidad\/"},"img":{"alt_text":"","src":"https:\/\/i0.wp.com\/lahoradelcampo.com.uy\/site\/wp-content\/uploads\/2021\/09\/Prado-Polldorset.jpg?fit=880%2C440&ssl=1&resize=350%2C200","width":350,"height":200,"srcset":"https:\/\/i0.wp.com\/lahoradelcampo.com.uy\/site\/wp-content\/uploads\/2021\/09\/Prado-Polldorset.jpg?fit=880%2C440&ssl=1&resize=350%2C200 1x, https:\/\/i0.wp.com\/lahoradelcampo.com.uy\/site\/wp-content\/uploads\/2021\/09\/Prado-Polldorset.jpg?fit=880%2C440&ssl=1&resize=525%2C300 1.5x, https:\/\/i0.wp.com\/lahoradelcampo.com.uy\/site\/wp-content\/uploads\/2021\/09\/Prado-Polldorset.jpg?fit=880%2C440&ssl=1&resize=700%2C400 2x"},"classes":[]},{"id":24302,"url":"https:\/\/lahoradelcampo.com.uy\/site\/san-rafael-presento-la-mejor-canal-del-concurso-de-corderos\/","url_meta":{"origin":54470,"position":1},"title":"San Rafael present\u00f3 la mejor canal del concurso de corderos","author":"La Hora del Campo","date":"3 octubre, 2020","format":false,"excerpt":"Luego del concurso en pie, donde se califican los corderos por la conformaci\u00f3n del grupo que componen el lote, se realiz\u00f3 en FrigoSalto (Somicar SA) la faena de los corderos y la jura de las carcasas en el Pos Morten, donde la mejor perteneci\u00f3 al mejor lote precoz de razas\u2026","rel":"","context":"En \u00abActualidad\u00bb","block_context":{"text":"Actualidad","link":"https:\/\/lahoradelcampo.com.uy\/site\/category\/actualidad\/"},"img":{"alt_text":"","src":"https:\/\/i0.wp.com\/lahoradelcampo.com.uy\/site\/wp-content\/uploads\/2020\/10\/Nuevo-proyecto-1.jpg?fit=879%2C439&ssl=1&resize=350%2C200","width":350,"height":200,"srcset":"https:\/\/i0.wp.com\/lahoradelcampo.com.uy\/site\/wp-content\/uploads\/2020\/10\/Nuevo-proyecto-1.jpg?fit=879%2C439&ssl=1&resize=350%2C200 1x, https:\/\/i0.wp.com\/lahoradelcampo.com.uy\/site\/wp-content\/uploads\/2020\/10\/Nuevo-proyecto-1.jpg?fit=879%2C439&ssl=1&resize=525%2C300 1.5x, https:\/\/i0.wp.com\/lahoradelcampo.com.uy\/site\/wp-content\/uploads\/2020\/10\/Nuevo-proyecto-1.jpg?fit=879%2C439&ssl=1&resize=700%2C400 2x"},"classes":[]},{"id":46007,"url":"https:\/\/lahoradelcampo.com.uy\/site\/poll-dorset-san-rafael-en-el-po-y-cabana-salto-en-el-pedigree\/","url_meta":{"origin":54470,"position":2},"title":"Poll Dorset: San Rafael en el PO y Caba\u00f1a Salto en el pedigree","author":"La Hora del Campo","date":"1 octubre, 2022","format":false,"excerpt":"Con cuatro caba\u00f1as y nueve ejemplares, la pista n\u00famero tres de ovinos fue inaugurada por la raza Poll Dorset, que present\u00f3 una excelente muestra y tuvo como jurado al criador Francisco Donagaray, quien estuvo acompa\u00f1ado por la Sra. Ana Araujo. Al igual que en la Expo Prado de este a\u00f1o,\u2026","rel":"","context":"En \u00abActualidad\u00bb","block_context":{"text":"Actualidad","link":"https:\/\/lahoradelcampo.com.uy\/site\/category\/actualidad\/"},"img":{"alt_text":"","src":"https:\/\/i0.wp.com\/lahoradelcampo.com.uy\/site\/wp-content\/uploads\/2022\/10\/ExpoSalto-Polldorset.jpg?fit=880%2C440&ssl=1&resize=350%2C200","width":350,"height":200,"srcset":"https:\/\/i0.wp.com\/lahoradelcampo.com.uy\/site\/wp-content\/uploads\/2022\/10\/ExpoSalto-Polldorset.jpg?fit=880%2C440&ssl=1&resize=350%2C200 1x, https:\/\/i0.wp.com\/lahoradelcampo.com.uy\/site\/wp-content\/uploads\/2022\/10\/ExpoSalto-Polldorset.jpg?fit=880%2C440&ssl=1&resize=525%2C300 1.5x, https:\/\/i0.wp.com\/lahoradelcampo.com.uy\/site\/wp-content\/uploads\/2022\/10\/ExpoSalto-Polldorset.jpg?fit=880%2C440&ssl=1&resize=700%2C400 2x"},"classes":[]},{"id":23450,"url":"https:\/\/lahoradelcampo.com.uy\/site\/poll-dorset-san-rafael-gano-en-po-y-cabana-salto-en-el-pedigree\/","url_meta":{"origin":54470,"position":3},"title":"Poll Dorset: San Rafael gan\u00f3 en PO  y Caba\u00f1a Salto en el Pedigree","author":"La Hora del Campo","date":"13 septiembre, 2020","format":false,"excerpt":"El viernes comenzaron las calificaciones de las razas ovinas en el marco de la Expo Prado 2020. En esta oportunidad el primer turno de calificaci\u00f3n fue en las razas carniceras, donde participaron las caba\u00f1as salte\u00f1as, San Rafael y Caba\u00f1a Salto alcanzando Grandes Campeonatos. El productor sanducero, Eduardo Filliiol fue el\u2026","rel":"","context":"En \u00abActualidad\u00bb","block_context":{"text":"Actualidad","link":"https:\/\/lahoradelcampo.com.uy\/site\/category\/actualidad\/"},"img":{"alt_text":"","src":"https:\/\/i0.wp.com\/lahoradelcampo.com.uy\/site\/wp-content\/uploads\/2020\/09\/SanRafaelPollDorset.jpg?fit=880%2C440&ssl=1&resize=350%2C200","width":350,"height":200,"srcset":"https:\/\/i0.wp.com\/lahoradelcampo.com.uy\/site\/wp-content\/uploads\/2020\/09\/SanRafaelPollDorset.jpg?fit=880%2C440&ssl=1&resize=350%2C200 1x, https:\/\/i0.wp.com\/lahoradelcampo.com.uy\/site\/wp-content\/uploads\/2020\/09\/SanRafaelPollDorset.jpg?fit=880%2C440&ssl=1&resize=525%2C300 1.5x, https:\/\/i0.wp.com\/lahoradelcampo.com.uy\/site\/wp-content\/uploads\/2020\/09\/SanRafaelPollDorset.jpg?fit=880%2C440&ssl=1&resize=700%2C400 2x"},"classes":[]},{"id":48879,"url":"https:\/\/lahoradelcampo.com.uy\/site\/el-merino-australiano-de-los-manantiales-promedio-us-729\/","url_meta":{"origin":54470,"position":4},"title":"El merino australiano de  \u201cLos Manantiales\u201d promedi\u00f3 U$S 729","author":"La Hora del Campo","date":"27 febrero, 2023","format":false,"excerpt":"Con un buen mercado, fluidez y alto porcentaje de colocaci\u00f3n, se realiz\u00f3 el viernes por la noche en el local de la Agropecuaria de Salto, el 18\u00b0 remate anual del Merino Australiano de caba\u00f1a \u201cLos Manantiales de P\u00e9rez Jones. Tambi\u00e9n se colocaron Poll Dorset de caba\u00f1a \u201cSalto\u201d de Limitour, con\u2026","rel":"","context":"En \u00abActualidad\u00bb","block_context":{"text":"Actualidad","link":"https:\/\/lahoradelcampo.com.uy\/site\/category\/actualidad\/"},"img":{"alt_text":"","src":"https:\/\/i0.wp.com\/lahoradelcampo.com.uy\/site\/wp-content\/uploads\/2023\/02\/Los-Manantiales.jpg?fit=880%2C440&ssl=1&resize=350%2C200","width":350,"height":200,"srcset":"https:\/\/i0.wp.com\/lahoradelcampo.com.uy\/site\/wp-content\/uploads\/2023\/02\/Los-Manantiales.jpg?fit=880%2C440&ssl=1&resize=350%2C200 1x, https:\/\/i0.wp.com\/lahoradelcampo.com.uy\/site\/wp-content\/uploads\/2023\/02\/Los-Manantiales.jpg?fit=880%2C440&ssl=1&resize=525%2C300 1.5x, https:\/\/i0.wp.com\/lahoradelcampo.com.uy\/site\/wp-content\/uploads\/2023\/02\/Los-Manantiales.jpg?fit=880%2C440&ssl=1&resize=700%2C400 2x"},"classes":[]},{"id":45457,"url":"https:\/\/lahoradelcampo.com.uy\/site\/cabana-salto-y-san-rafael-ganaron-las-pistas-del-poll-dorset\/","url_meta":{"origin":54470,"position":5},"title":"Caba\u00f1a Salto y San Rafael ganaron las pistas del Poll Dorset","author":"La Hora del Campo","date":"12 septiembre, 2022","format":false,"excerpt":"Las caba\u00f1as salte\u00f1as deleitaron con su gen\u00e9tica al jurado brasile\u00f1o, Ronaldo Carpes Da Costa, qui\u00e9n remarc\u00f3 la pureza racial y el volumen de carne de los animales que definieron los grandes campeonatos en la pista. \"Vi la raza muy bien posicionada, animales importantes y principalmente con mucha carne\", dijo el\u2026","rel":"","context":"En \u00abActualidad\u00bb","block_context":{"text":"Actualidad","link":"https:\/\/lahoradelcampo.com.uy\/site\/category\/actualidad\/"},"img":{"alt_text":"","src":"https:\/\/i0.wp.com\/lahoradelcampo.com.uy\/site\/wp-content\/uploads\/2022\/09\/Prado-sanrafael.jpg?fit=880%2C440&ssl=1&resize=350%2C200","width":350,"height":200,"srcset":"https:\/\/i0.wp.com\/lahoradelcampo.com.uy\/site\/wp-content\/uploads\/2022\/09\/Prado-sanrafael.jpg?fit=880%2C440&ssl=1&resize=350%2C200 1x, https:\/\/i0.wp.com\/lahoradelcampo.com.uy\/site\/wp-content\/uploads\/2022\/09\/Prado-sanrafael.jpg?fit=880%2C440&ssl=1&resize=525%2C300 1.5x, https:\/\/i0.wp.com\/lahoradelcampo.com.uy\/site\/wp-content\/uploads\/2022\/09\/Prado-sanrafael.jpg?fit=880%2C440&ssl=1&resize=700%2C400 2x"},"classes":[]}],"jetpack_likes_enabled":true,"_links":{"self":[{"href":"https:\/\/lahoradelcampo.com.uy\/site\/wp-json\/wp\/v2\/posts\/54470","targetHints":{"allow":["GET"]}}],"collection":[{"href":"https:\/\/lahoradelcampo.com.uy\/site\/wp-json\/wp\/v2\/posts"}],"about":[{"href":"https:\/\/lahoradelcampo.com.uy\/site\/wp-json\/wp\/v2\/types\/post"}],"author":[{"embeddable":true,"href":"https:\/\/lahoradelcampo.com.uy\/site\/wp-json\/wp\/v2\/users\/5"}],"replies":[{"embeddable":true,"href":"https:\/\/lahoradelcampo.com.uy\/site\/wp-json\/wp\/v2\/comments?post=54470"}],"version-history":[{"count":1,"href":"https:\/\/lahoradelcampo.com.uy\/site\/wp-json\/wp\/v2\/posts\/54470\/revisions"}],"predecessor-version":[{"id":54472,"href":"https:\/\/lahoradelcampo.com.uy\/site\/wp-json\/wp\/v2\/posts\/54470\/revisions\/54472"}],"wp:featuredmedia":[{"embeddable":true,"href":"https:\/\/lahoradelcampo.com.uy\/site\/wp-json\/wp\/v2\/media\/54471"}],"wp:attachment":[{"href":"https:\/\/lahoradelcampo.com.uy\/site\/wp-json\/wp\/v2\/media?parent=54470"}],"wp:term":[{"taxonomy":"category","embeddable":true,"href":"https:\/\/lahoradelcampo.com.uy\/site\/wp-json\/wp\/v2\/categories?post=54470"},{"taxonomy":"post_tag","embeddable":true,"href":"https:\/\/lahoradelcampo.com.uy\/site\/wp-json\/wp\/v2\/tags?post=54470"}],"curies":[{"name":"wp","href":"https:\/\/api.w.org\/{rel}","templated":true}]}}