{"id":54467,"date":"2024-09-09T22:27:30","date_gmt":"2024-09-10T01:27:30","guid":{"rendered":"http:\/\/lahoradelcampo.com.uy\/site\/?p=54467"},"modified":"2024-09-09T22:27:31","modified_gmt":"2024-09-10T01:27:31","slug":"jurado-sudafricano-califico-los-mejores-ejemplares-en-el-dorper","status":"publish","type":"post","link":"https:\/\/lahoradelcampo.com.uy\/site\/jurado-sudafricano-califico-los-mejores-ejemplares-en-el-dorper\/","title":{"rendered":"Jurado sudafricano calific\u00f3 los mejores ejemplares en el Dorper"},"content":{"rendered":"\n<figure class=\"wp-block-image size-full\"><a href=\"https:\/\/i0.wp.com\/lahoradelcampo.com.uy\/site\/wp-content\/uploads\/2024\/09\/Prado-DORPER.jpg\"><img data-recalc-dims=\"1\" loading=\"lazy\" decoding=\"async\" width=\"810\" height=\"405\" data-attachment-id=\"54468\" data-permalink=\"https:\/\/lahoradelcampo.com.uy\/site\/jurado-sudafricano-califico-los-mejores-ejemplares-en-el-dorper\/prado-dorper\/\" data-orig-file=\"https:\/\/i0.wp.com\/lahoradelcampo.com.uy\/site\/wp-content\/uploads\/2024\/09\/Prado-DORPER.jpg?fit=880%2C440&amp;ssl=1\" data-orig-size=\"880,440\" data-comments-opened=\"1\" data-image-meta=\"{&quot;aperture&quot;:&quot;0&quot;,&quot;credit&quot;:&quot;&quot;,&quot;camera&quot;:&quot;&quot;,&quot;caption&quot;:&quot;&quot;,&quot;created_timestamp&quot;:&quot;0&quot;,&quot;copyright&quot;:&quot;&quot;,&quot;focal_length&quot;:&quot;0&quot;,&quot;iso&quot;:&quot;0&quot;,&quot;shutter_speed&quot;:&quot;0&quot;,&quot;title&quot;:&quot;&quot;,&quot;orientation&quot;:&quot;1&quot;}\" data-image-title=\"Prado-DORPER\" data-image-description=\"\" data-image-caption=\"\" data-large-file=\"https:\/\/i0.wp.com\/lahoradelcampo.com.uy\/site\/wp-content\/uploads\/2024\/09\/Prado-DORPER.jpg?fit=810%2C405&amp;ssl=1\" src=\"https:\/\/i0.wp.com\/lahoradelcampo.com.uy\/site\/wp-content\/uploads\/2024\/09\/Prado-DORPER.jpg?resize=810%2C405\" alt=\"\" class=\"wp-image-54468\" srcset=\"https:\/\/i0.wp.com\/lahoradelcampo.com.uy\/site\/wp-content\/uploads\/2024\/09\/Prado-DORPER.jpg?w=880&amp;ssl=1 880w, https:\/\/i0.wp.com\/lahoradelcampo.com.uy\/site\/wp-content\/uploads\/2024\/09\/Prado-DORPER.jpg?resize=300%2C150&amp;ssl=1 300w, https:\/\/i0.wp.com\/lahoradelcampo.com.uy\/site\/wp-content\/uploads\/2024\/09\/Prado-DORPER.jpg?resize=768%2C384&amp;ssl=1 768w, https:\/\/i0.wp.com\/lahoradelcampo.com.uy\/site\/wp-content\/uploads\/2024\/09\/Prado-DORPER.jpg?resize=820%2C410&amp;ssl=1 820w\" sizes=\"auto, (max-width: 810px) 100vw, 810px\" \/><\/a><\/figure>\n\n\n\n<p>En la jura de la raza Dorper, que triplic\u00f3 su participaci\u00f3n, con la presencia de 35 ejemplares en la pista, se tuvo la presencia del jurado sudafricano, Jacobus Brits, qui\u00e9n se estren\u00f3 en Uruguay y termin\u00f3 la jura con las primeras gotas de lluvia que se registraron en la tarde de este lunes. <strong><\/strong><\/p>\n\n\n\n<p><strong>Veredictos:<\/strong><\/p>\n\n\n\n<p>Gran Campeona PO: Federico Burgue\u00f1o; Reservada Gran Campeona y Tercera Mejor: Mauricio Nicoletti. Gran Campe\u00f3n PO: Federico Burgue\u00f1o, Mauricio Nicoletti y M. N\u00fa\u00f1ez; Reservado Gran Campe\u00f3n: Mauricio Nicoletti; Tercer Mejor Macho: Marcelo Del Pino.<\/p>\n\n\n\n<p>Gran Campeona PI: Mauricio Men\u00e9ndez; Reservada Gran Campeona: Federico Burgue\u00f1o, Mauricio Nicoletti y M. N\u00fa\u00f1ez; Tercera Mejor: Mauricio Nicoletti. Gran Campe\u00f3n PI: Federico Burgue\u00f1o, Mauricio Nicoletti y M. N\u00fa\u00f1ez; Reservado Gran Campe\u00f3n y Tercer Mejor Macho: Mauricio Men\u00e9ndez.<\/p>\n\n\n\n<p><strong>Raza Frisona Milchschaf<\/strong><\/p>\n\n\n\n<p>Gran Campe\u00f3n PO: de Cecilia Cabrera; Reservado Gran Campe\u00f3n: de Fl\u00eda Alvez Cachi; Tercer Mejor Macho: de Pablo Waksman. Gran Campeona PO: de Pablo Waksman; Reservada Gran Campeona: de Fl\u00eda. Alvez Cachi; Tercera Mejor Hembra: de Pablo Waksman.<\/p>\n\n\n\n<p><strong>Southdown<\/strong><\/p>\n\n\n\n<p>Gran Campe\u00f3n: de Horacio Castells Montes; Reservado Gran Campe\u00f3n: de Horacio Castells Montes. Gran Campeona y Reservada Gran Campeona: de Horacio Castells Montes.<\/p>\n\n\n\n<p>Salto, 9 de setiembre de 2024<\/p>\n","protected":false},"excerpt":{"rendered":"<p>En la jura de la raza Dorper, que triplic\u00f3 su participaci\u00f3n, con la presencia de 35 ejemplares en la pista, se tuvo la presencia del jurado sudafricano, Jacobus Brits, qui\u00e9n [&hellip;]<\/p>\n","protected":false},"author":5,"featured_media":54468,"comment_status":"open","ping_status":"open","sticky":false,"template":"","format":"standard","meta":{"_price":"","_stock":"","_tribe_ticket_header":"","_tribe_default_ticket_provider":"","_tribe_ticket_capacity":"0","_ticket_start_date":"","_ticket_end_date":"","_tribe_ticket_show_description":"","_tribe_ticket_show_not_going":false,"_tribe_ticket_use_global_stock":"","_tribe_ticket_global_stock_level":"","_global_stock_mode":"","_global_stock_cap":"","_tribe_rsvp_for_event":"","_tribe_ticket_going_count":"","_tribe_ticket_not_going_count":"","_tribe_tickets_list":"[]","_tribe_ticket_has_attendee_info_fields":false,"h5ap_radio_sources":[],"_jetpack_newsletter_access":"","_jetpack_dont_email_post_to_subs":false,"_jetpack_newsletter_tier_id":0,"_jetpack_memberships_contains_paywalled_content":false,"_jetpack_memberships_contains_paid_content":false,"footnotes":""},"categories":[21,13],"tags":[],"class_list":["post-54467","post","type-post","status-publish","format-standard","has-post-thumbnail","hentry","category-actualidad","category-ovinos"],"jetpack_featured_media_url":"https:\/\/i0.wp.com\/lahoradelcampo.com.uy\/site\/wp-content\/uploads\/2024\/09\/Prado-DORPER.jpg?fit=880%2C440&ssl=1","jetpack_sharing_enabled":true,"jetpack_shortlink":"https:\/\/wp.me\/p99IaT-eav","jetpack-related-posts":[{"id":52686,"url":"https:\/\/lahoradelcampo.com.uy\/site\/el-esfuerzo-de-garcia-pintos-presento-el-supremo-del-hampshire-down\/","url_meta":{"origin":54467,"position":0},"title":"\u00abEl Esfuerzo\u00bb de Garc\u00eda Pintos present\u00f3 el Supremo del Hampshire Down","author":"La Hora del Campo","date":"4 octubre, 2023","format":false,"excerpt":"El Gran Campe\u00f3n PI y Campe\u00f3n Supremo de la Nacional Hampshire Down realizada ayer en Salto, fue para el Campe\u00f3n Carnero de Gabriel Garc\u00eda Pintos y Familia, animal muy elogiado por el jurado integrado por Jos\u00e9 Francisco Ramos, Juan Pablo Henderson y Mat\u00edas M\u00e1rquez de Argentina. Los 59 ejemplares que\u2026","rel":"","context":"En \u00abActualidad\u00bb","block_context":{"text":"Actualidad","link":"https:\/\/lahoradelcampo.com.uy\/site\/category\/actualidad\/"},"img":{"alt_text":"","src":"https:\/\/i0.wp.com\/lahoradelcampo.com.uy\/site\/wp-content\/uploads\/2023\/10\/hampshire-gCSalto.jpg?fit=880%2C440&ssl=1&resize=350%2C200","width":350,"height":200,"srcset":"https:\/\/i0.wp.com\/lahoradelcampo.com.uy\/site\/wp-content\/uploads\/2023\/10\/hampshire-gCSalto.jpg?fit=880%2C440&ssl=1&resize=350%2C200 1x, https:\/\/i0.wp.com\/lahoradelcampo.com.uy\/site\/wp-content\/uploads\/2023\/10\/hampshire-gCSalto.jpg?fit=880%2C440&ssl=1&resize=525%2C300 1.5x, https:\/\/i0.wp.com\/lahoradelcampo.com.uy\/site\/wp-content\/uploads\/2023\/10\/hampshire-gCSalto.jpg?fit=880%2C440&ssl=1&resize=700%2C400 2x"},"classes":[]},{"id":56750,"url":"https:\/\/lahoradelcampo.com.uy\/site\/hampshire-down-presento-121-anos-de-historia-con-la-muestra-numerosa-en-el-prado\/","url_meta":{"origin":54467,"position":1},"title":"Hampshire Down present\u00f3 121 a\u00f1os de historia con la muestra numerosa en el Prado","author":"La Hora del Campo","date":"9 septiembre, 2025","format":false,"excerpt":"Siendo la segunda raza ovina m\u00e1s numerosa en las pistas de calificaci\u00f3n de la Rural del Prado, la Hampshire Down, festej\u00f3 121 a\u00f1os de historia con seis nuevos expositores y 85 productos baj\u00f3 la calificaci\u00f3n del Dr. Mauricio Nicoletti. El jurado calific\u00f3 la muestra como \"espectacular, con un nivel impresionante,\u2026","rel":"","context":"En \u00abActualidad\u00bb","block_context":{"text":"Actualidad","link":"https:\/\/lahoradelcampo.com.uy\/site\/category\/actualidad\/"},"img":{"alt_text":"","src":"https:\/\/i0.wp.com\/lahoradelcampo.com.uy\/site\/wp-content\/uploads\/2025\/09\/2025-prado-hamshire.jpg?fit=880%2C440&ssl=1&resize=350%2C200","width":350,"height":200,"srcset":"https:\/\/i0.wp.com\/lahoradelcampo.com.uy\/site\/wp-content\/uploads\/2025\/09\/2025-prado-hamshire.jpg?fit=880%2C440&ssl=1&resize=350%2C200 1x, https:\/\/i0.wp.com\/lahoradelcampo.com.uy\/site\/wp-content\/uploads\/2025\/09\/2025-prado-hamshire.jpg?fit=880%2C440&ssl=1&resize=525%2C300 1.5x, https:\/\/i0.wp.com\/lahoradelcampo.com.uy\/site\/wp-content\/uploads\/2025\/09\/2025-prado-hamshire.jpg?fit=880%2C440&ssl=1&resize=700%2C400 2x"},"classes":[]},{"id":54922,"url":"https:\/\/lahoradelcampo.com.uy\/site\/el-ano-con-mas-ovinos-en-la-expo-paysandu\/","url_meta":{"origin":54467,"position":2},"title":"El a\u00f1o con m\u00e1s ovinos en la Expo Paysand\u00fa","author":"La Hora del Campo","date":"20 octubre, 2024","format":false,"excerpt":"La 78\u00b0 Edici\u00f3n de la Expo Rural de Paysand\u00fa mostr\u00f3 un crecimiento importante en la presencia de ovinos, en todas las razas, ratificando porque es el tercer departamento con mayor stock del pa\u00eds. Adem\u00e1s, este a\u00f1o fue el marco para la Expo Nacional Suffolk. El Ing. Jos\u00e9 Francisco Ramos, t\u00e9cnico\u2026","rel":"","context":"En \u00abActualidad\u00bb","block_context":{"text":"Actualidad","link":"https:\/\/lahoradelcampo.com.uy\/site\/category\/actualidad\/"},"img":{"alt_text":"","src":"https:\/\/i0.wp.com\/lahoradelcampo.com.uy\/site\/wp-content\/uploads\/2024\/10\/MerinoPaysandu.jpg?fit=880%2C440&ssl=1&resize=350%2C200","width":350,"height":200,"srcset":"https:\/\/i0.wp.com\/lahoradelcampo.com.uy\/site\/wp-content\/uploads\/2024\/10\/MerinoPaysandu.jpg?fit=880%2C440&ssl=1&resize=350%2C200 1x, https:\/\/i0.wp.com\/lahoradelcampo.com.uy\/site\/wp-content\/uploads\/2024\/10\/MerinoPaysandu.jpg?fit=880%2C440&ssl=1&resize=525%2C300 1.5x, https:\/\/i0.wp.com\/lahoradelcampo.com.uy\/site\/wp-content\/uploads\/2024\/10\/MerinoPaysandu.jpg?fit=880%2C440&ssl=1&resize=700%2C400 2x"},"classes":[]},{"id":52474,"url":"https:\/\/lahoradelcampo.com.uy\/site\/el-jurado-sudafricano-del-jersey-destaco-la-adaptacion-de-la-raza-al-pais\/","url_meta":{"origin":54467,"position":3},"title":"El jurado sudafricano del Jersey destac\u00f3 la adaptaci\u00f3n de la raza al pa\u00eds","author":"La Hora del Campo","date":"15 septiembre, 2023","format":false,"excerpt":"El jurado sudafricano Johannes Van Eeden, quien ya hab\u00eda evaluado la raza en la Expo Prado hace 12 a\u00f1os, elogi\u00f3 la adaptaci\u00f3n de esta raza al entorno productivo de la lecher\u00eda uruguaya. Siete caba\u00f1as compitieron en la muestra Jersey, exhibiendo un total de 25 ejemplares que representan la evoluci\u00f3n de\u2026","rel":"","context":"En \u00abActualidad\u00bb","block_context":{"text":"Actualidad","link":"https:\/\/lahoradelcampo.com.uy\/site\/category\/actualidad\/"},"img":{"alt_text":"","src":"https:\/\/i0.wp.com\/lahoradelcampo.com.uy\/site\/wp-content\/uploads\/2023\/09\/Jersey-PradoVaca.jpg?fit=880%2C440&ssl=1&resize=350%2C200","width":350,"height":200,"srcset":"https:\/\/i0.wp.com\/lahoradelcampo.com.uy\/site\/wp-content\/uploads\/2023\/09\/Jersey-PradoVaca.jpg?fit=880%2C440&ssl=1&resize=350%2C200 1x, https:\/\/i0.wp.com\/lahoradelcampo.com.uy\/site\/wp-content\/uploads\/2023\/09\/Jersey-PradoVaca.jpg?fit=880%2C440&ssl=1&resize=525%2C300 1.5x, https:\/\/i0.wp.com\/lahoradelcampo.com.uy\/site\/wp-content\/uploads\/2023\/09\/Jersey-PradoVaca.jpg?fit=880%2C440&ssl=1&resize=700%2C400 2x"},"classes":[]},{"id":50621,"url":"https:\/\/lahoradelcampo.com.uy\/site\/jurado-destaco-el-potencial-del-hereford-en-la-quinta-exposicion-nacional\/","url_meta":{"origin":54467,"position":4},"title":"Jurado destac\u00f3 el potencial del Hereford en la quinta Exposici\u00f3n Nacional","author":"La Hora del Campo","date":"22 mayo, 2023","format":false,"excerpt":"En una jornada de oto\u00f1o, la Expo Nacional celebrada en Salto mostr\u00f3 el potencial y futuro de la raza Hereford a trav\u00e9s de los ejemplares que desfilaron ante la atenta mirada del jurado Gonzalo Pepe Rampoldi. A pesar de contar con menos animales en el bozal que en ediciones anteriores,\u2026","rel":"","context":"En \u00abActualidad\u00bb","block_context":{"text":"Actualidad","link":"https:\/\/lahoradelcampo.com.uy\/site\/category\/actualidad\/"},"img":{"alt_text":"","src":"https:\/\/i0.wp.com\/lahoradelcampo.com.uy\/site\/wp-content\/uploads\/2023\/05\/Hereford-GranCampeon.jpg?fit=880%2C440&ssl=1&resize=350%2C200","width":350,"height":200,"srcset":"https:\/\/i0.wp.com\/lahoradelcampo.com.uy\/site\/wp-content\/uploads\/2023\/05\/Hereford-GranCampeon.jpg?fit=880%2C440&ssl=1&resize=350%2C200 1x, https:\/\/i0.wp.com\/lahoradelcampo.com.uy\/site\/wp-content\/uploads\/2023\/05\/Hereford-GranCampeon.jpg?fit=880%2C440&ssl=1&resize=525%2C300 1.5x, https:\/\/i0.wp.com\/lahoradelcampo.com.uy\/site\/wp-content\/uploads\/2023\/05\/Hereford-GranCampeon.jpg?fit=880%2C440&ssl=1&resize=700%2C400 2x"},"classes":[]},{"id":34107,"url":"https:\/\/lahoradelcampo.com.uy\/site\/los-jovenes-marcaron-la-jura-del-hampshire-down\/","url_meta":{"origin":54467,"position":5},"title":"Los j\u00f3venes marcaron la jura del Hampshire Down","author":"La Hora del Campo","date":"14 septiembre, 2021","format":false,"excerpt":"Jurado: Dr. Pedro Scremini Gran Campe\u00f3n y Gran Campeona PO: Caba\u00f1as Las Brujas Gran Campeona PI: Caba\u00f1a Los Puntales Gran Campe\u00f3n PI: Caba\u00f1a El Esfuerzo Pedro Scremini, jurado de la muestra, destac\u00f3 \"el gran nivel de los ejemplares y el trabajo de los criadores por el esfuerzo que realizan todo\u2026","rel":"","context":"En \u00abActualidad\u00bb","block_context":{"text":"Actualidad","link":"https:\/\/lahoradelcampo.com.uy\/site\/category\/actualidad\/"},"img":{"alt_text":"","src":"https:\/\/i0.wp.com\/lahoradelcampo.com.uy\/site\/wp-content\/uploads\/2021\/09\/Prado-Hampshire.jpg?fit=880%2C440&ssl=1&resize=350%2C200","width":350,"height":200,"srcset":"https:\/\/i0.wp.com\/lahoradelcampo.com.uy\/site\/wp-content\/uploads\/2021\/09\/Prado-Hampshire.jpg?fit=880%2C440&ssl=1&resize=350%2C200 1x, https:\/\/i0.wp.com\/lahoradelcampo.com.uy\/site\/wp-content\/uploads\/2021\/09\/Prado-Hampshire.jpg?fit=880%2C440&ssl=1&resize=525%2C300 1.5x, https:\/\/i0.wp.com\/lahoradelcampo.com.uy\/site\/wp-content\/uploads\/2021\/09\/Prado-Hampshire.jpg?fit=880%2C440&ssl=1&resize=700%2C400 2x"},"classes":[]}],"jetpack_likes_enabled":true,"_links":{"self":[{"href":"https:\/\/lahoradelcampo.com.uy\/site\/wp-json\/wp\/v2\/posts\/54467","targetHints":{"allow":["GET"]}}],"collection":[{"href":"https:\/\/lahoradelcampo.com.uy\/site\/wp-json\/wp\/v2\/posts"}],"about":[{"href":"https:\/\/lahoradelcampo.com.uy\/site\/wp-json\/wp\/v2\/types\/post"}],"author":[{"embeddable":true,"href":"https:\/\/lahoradelcampo.com.uy\/site\/wp-json\/wp\/v2\/users\/5"}],"replies":[{"embeddable":true,"href":"https:\/\/lahoradelcampo.com.uy\/site\/wp-json\/wp\/v2\/comments?post=54467"}],"version-history":[{"count":1,"href":"https:\/\/lahoradelcampo.com.uy\/site\/wp-json\/wp\/v2\/posts\/54467\/revisions"}],"predecessor-version":[{"id":54469,"href":"https:\/\/lahoradelcampo.com.uy\/site\/wp-json\/wp\/v2\/posts\/54467\/revisions\/54469"}],"wp:featuredmedia":[{"embeddable":true,"href":"https:\/\/lahoradelcampo.com.uy\/site\/wp-json\/wp\/v2\/media\/54468"}],"wp:attachment":[{"href":"https:\/\/lahoradelcampo.com.uy\/site\/wp-json\/wp\/v2\/media?parent=54467"}],"wp:term":[{"taxonomy":"category","embeddable":true,"href":"https:\/\/lahoradelcampo.com.uy\/site\/wp-json\/wp\/v2\/categories?post=54467"},{"taxonomy":"post_tag","embeddable":true,"href":"https:\/\/lahoradelcampo.com.uy\/site\/wp-json\/wp\/v2\/tags?post=54467"}],"curies":[{"name":"wp","href":"https:\/\/api.w.org\/{rel}","templated":true}]}}