{"id":54464,"date":"2024-09-09T22:25:03","date_gmt":"2024-09-10T01:25:03","guid":{"rendered":"http:\/\/lahoradelcampo.com.uy\/site\/?p=54464"},"modified":"2024-09-09T22:25:04","modified_gmt":"2024-09-10T01:25:04","slug":"mgap-y-aru-analizaron-el-comercio-internacional-y-desafios-sanitarios","status":"publish","type":"post","link":"https:\/\/lahoradelcampo.com.uy\/site\/mgap-y-aru-analizaron-el-comercio-internacional-y-desafios-sanitarios\/","title":{"rendered":"MGAP y ARU analizaron el comercio internacional y desaf\u00edos sanitarios"},"content":{"rendered":"\n<figure class=\"wp-block-image size-full\"><a href=\"https:\/\/i0.wp.com\/lahoradelcampo.com.uy\/site\/wp-content\/uploads\/2024\/09\/PRADO-Mattos.jpg\"><img data-recalc-dims=\"1\" loading=\"lazy\" decoding=\"async\" width=\"810\" height=\"405\" data-attachment-id=\"54465\" data-permalink=\"https:\/\/lahoradelcampo.com.uy\/site\/mgap-y-aru-analizaron-el-comercio-internacional-y-desafios-sanitarios\/prado-mattos\/\" data-orig-file=\"https:\/\/i0.wp.com\/lahoradelcampo.com.uy\/site\/wp-content\/uploads\/2024\/09\/PRADO-Mattos.jpg?fit=880%2C440&amp;ssl=1\" data-orig-size=\"880,440\" data-comments-opened=\"1\" data-image-meta=\"{&quot;aperture&quot;:&quot;0&quot;,&quot;credit&quot;:&quot;&quot;,&quot;camera&quot;:&quot;&quot;,&quot;caption&quot;:&quot;&quot;,&quot;created_timestamp&quot;:&quot;0&quot;,&quot;copyright&quot;:&quot;&quot;,&quot;focal_length&quot;:&quot;0&quot;,&quot;iso&quot;:&quot;0&quot;,&quot;shutter_speed&quot;:&quot;0&quot;,&quot;title&quot;:&quot;&quot;,&quot;orientation&quot;:&quot;1&quot;}\" data-image-title=\"PRADO-Mattos\" data-image-description=\"\" data-image-caption=\"\" data-large-file=\"https:\/\/i0.wp.com\/lahoradelcampo.com.uy\/site\/wp-content\/uploads\/2024\/09\/PRADO-Mattos.jpg?fit=810%2C405&amp;ssl=1\" src=\"https:\/\/i0.wp.com\/lahoradelcampo.com.uy\/site\/wp-content\/uploads\/2024\/09\/PRADO-Mattos.jpg?resize=810%2C405\" alt=\"\" class=\"wp-image-54465\" srcset=\"https:\/\/i0.wp.com\/lahoradelcampo.com.uy\/site\/wp-content\/uploads\/2024\/09\/PRADO-Mattos.jpg?w=880&amp;ssl=1 880w, https:\/\/i0.wp.com\/lahoradelcampo.com.uy\/site\/wp-content\/uploads\/2024\/09\/PRADO-Mattos.jpg?resize=300%2C150&amp;ssl=1 300w, https:\/\/i0.wp.com\/lahoradelcampo.com.uy\/site\/wp-content\/uploads\/2024\/09\/PRADO-Mattos.jpg?resize=768%2C384&amp;ssl=1 768w, https:\/\/i0.wp.com\/lahoradelcampo.com.uy\/site\/wp-content\/uploads\/2024\/09\/PRADO-Mattos.jpg?resize=820%2C410&amp;ssl=1 820w\" sizes=\"auto, (max-width: 810px) 100vw, 810px\" \/><\/a><\/figure>\n\n\n\n<p>Este lunes 9 de septiembre, en el marco de la Expo Prado 2024, las autoridades del Ministerio de Ganader\u00eda, Agricultura y Pesca (MGAP) y la Asociaci\u00f3n Rural del Uruguay (ARU) se reunieron, como es tradicional, para discutir temas clave relacionados con el comercio internacional y las campa\u00f1as sanitarias.<\/p>\n\n\n\n<p>Uno de los puntos centrales del encuentro fue el an\u00e1lisis de las nuevas normativas impuestas por la Uni\u00f3n Europea, que entrar\u00e1n en vigor a finales de este a\u00f1o. Estas regulaciones, que afectar\u00e1n a productos como la carne, la madera y la soja, exigen que Uruguay presente un plan sobre las zonas libres de desforestaci\u00f3n si quiere mantener el acceso a ese mercado clave.<\/p>\n\n\n\n<p>Desde ARU se mostr\u00f3 preocupaci\u00f3n ante esta medida, ya que podr\u00eda incrementar los costos burocr\u00e1ticos y generar demoras en el comercio internacional. En este sentido, el ministro Fernando Mattos, subray\u00f3 la importancia de basar estas reglamentaciones en la informaci\u00f3n oficial y en los bienes p\u00fablicos del pa\u00eds para minimizar el impacto en la competitividad del sector.<\/p>\n\n\n\n<p>Tambi\u00e9n se trat\u00f3 el tema de las contribuciones nacionales determinadas (NDC) que Uruguay deber\u00e1 presentar como referencia al Convenio de Naciones Unidas para el Cambio Clim\u00e1tico, y el MGAP est\u00e1 trabajando en proyecciones sobre c\u00f3mo conformar este proceso de manera eficiente. Mattos resalt\u00f3 que Uruguay debe seguir aportando informaci\u00f3n s\u00f3lida en este campo, tanto en t\u00e9rminos sanitarios como ambientales, para mantener su competitividad en los mercados internacionales.<\/p>\n\n\n\n<p>El atraso cambiario fue otro de los temas discutidos, aunque fue tratado con mayor profundidad en una reuni\u00f3n previa con el equipo econ\u00f3mico liderado por la ministra de Econom\u00eda, Azucena Arbeleche. Mattos aclar\u00f3 que la competitividad no depende exclusivamente del tipo de cambio, sino de una serie de variables que afectan a todos los sectores exportadores. Seg\u00fan explic\u00f3, este es un tema que se discute frecuentemente dentro del Gobierno, ya que influye en la capacidad de Uruguay para mantener su presencia en los mercados internacionales.<\/p>\n\n\n\n<p>Salto, 9 de setiembre de 2024<\/p>\n","protected":false},"excerpt":{"rendered":"<p>Este lunes 9 de septiembre, en el marco de la Expo Prado 2024, las autoridades del Ministerio de Ganader\u00eda, Agricultura y Pesca (MGAP) y la Asociaci\u00f3n Rural del Uruguay (ARU) [&hellip;]<\/p>\n","protected":false},"author":5,"featured_media":54465,"comment_status":"open","ping_status":"open","sticky":false,"template":"","format":"standard","meta":{"_price":"","_stock":"","_tribe_ticket_header":"","_tribe_default_ticket_provider":"","_tribe_ticket_capacity":"0","_ticket_start_date":"","_ticket_end_date":"","_tribe_ticket_show_description":"","_tribe_ticket_show_not_going":false,"_tribe_ticket_use_global_stock":"","_tribe_ticket_global_stock_level":"","_global_stock_mode":"","_global_stock_cap":"","_tribe_rsvp_for_event":"","_tribe_ticket_going_count":"","_tribe_ticket_not_going_count":"","_tribe_tickets_list":"[]","_tribe_ticket_has_attendee_info_fields":false,"h5ap_radio_sources":[],"_jetpack_newsletter_access":"","_jetpack_dont_email_post_to_subs":false,"_jetpack_newsletter_tier_id":0,"_jetpack_memberships_contains_paywalled_content":false,"_jetpack_memberships_contains_paid_content":false,"footnotes":""},"categories":[21,5],"tags":[],"class_list":["post-54464","post","type-post","status-publish","format-standard","has-post-thumbnail","hentry","category-actualidad","category-ganaderia"],"jetpack_featured_media_url":"https:\/\/i0.wp.com\/lahoradelcampo.com.uy\/site\/wp-content\/uploads\/2024\/09\/PRADO-Mattos.jpg?fit=880%2C440&ssl=1","jetpack_sharing_enabled":true,"jetpack_shortlink":"https:\/\/wp.me\/p99IaT-eas","jetpack-related-posts":[{"id":53001,"url":"https:\/\/lahoradelcampo.com.uy\/site\/malasia-y-uruguay-establecen-relaciones-para-la-exportacion-de-productos-ganaderos\/","url_meta":{"origin":54464,"position":0},"title":"Malasia y Uruguay establecen relaciones para la exportaci\u00f3n de productos ganaderos","author":"La Hora del Campo","date":"2 noviembre, 2023","format":false,"excerpt":"El Ministerio de Ganader\u00eda, Agricultura y Pesca de Uruguay (MGAP) ha recibido una delegaci\u00f3n de Malasia en un esfuerzo conjunto para establecer relaciones de confianza y avanzar en la apertura del mercado malasio a los productos ganaderos uruguayos. Esta significativa visita tuvo lugar los d\u00edas 30 y 31 de octubre\u2026","rel":"","context":"En \u00abActualidad\u00bb","block_context":{"text":"Actualidad","link":"https:\/\/lahoradelcampo.com.uy\/site\/category\/actualidad\/"},"img":{"alt_text":"","src":"https:\/\/i0.wp.com\/lahoradelcampo.com.uy\/site\/wp-content\/uploads\/2023\/11\/MGAP-Malasia.jpg?fit=880%2C440&ssl=1&resize=350%2C200","width":350,"height":200,"srcset":"https:\/\/i0.wp.com\/lahoradelcampo.com.uy\/site\/wp-content\/uploads\/2023\/11\/MGAP-Malasia.jpg?fit=880%2C440&ssl=1&resize=350%2C200 1x, https:\/\/i0.wp.com\/lahoradelcampo.com.uy\/site\/wp-content\/uploads\/2023\/11\/MGAP-Malasia.jpg?fit=880%2C440&ssl=1&resize=525%2C300 1.5x, https:\/\/i0.wp.com\/lahoradelcampo.com.uy\/site\/wp-content\/uploads\/2023\/11\/MGAP-Malasia.jpg?fit=880%2C440&ssl=1&resize=700%2C400 2x"},"classes":[]},{"id":56778,"url":"https:\/\/lahoradelcampo.com.uy\/site\/orsi-se-reunio-con-la-directiva-de-aru-en-la-expo-prado\/","url_meta":{"origin":54464,"position":1},"title":"Orsi se reuni\u00f3 con la directiva de ARU en la Expo Prado","author":"La Hora del Campo","date":"13 septiembre, 2025","format":false,"excerpt":"El presidente de la Rep\u00fablica, Yamand\u00fa Orsi, arrib\u00f3 al predio de la 120.\u00aa Exposici\u00f3n Internacional de Ganader\u00eda y Muestra Agroindustrial y Comercial Rural del Prado sobre el mediod\u00eda del mi\u00e9rcoles 10 de setiembre. En la oportunidad, mantuvo un encuentro con la junta directiva de la Asociaci\u00f3n Rural del Uruguay (ARU).\u2026","rel":"","context":"En \u00abActualidad\u00bb","block_context":{"text":"Actualidad","link":"https:\/\/lahoradelcampo.com.uy\/site\/category\/actualidad\/"},"img":{"alt_text":"","src":"https:\/\/i0.wp.com\/lahoradelcampo.com.uy\/site\/wp-content\/uploads\/2025\/09\/2025-prado-orsi.jpg?fit=880%2C440&ssl=1&resize=350%2C200","width":350,"height":200,"srcset":"https:\/\/i0.wp.com\/lahoradelcampo.com.uy\/site\/wp-content\/uploads\/2025\/09\/2025-prado-orsi.jpg?fit=880%2C440&ssl=1&resize=350%2C200 1x, https:\/\/i0.wp.com\/lahoradelcampo.com.uy\/site\/wp-content\/uploads\/2025\/09\/2025-prado-orsi.jpg?fit=880%2C440&ssl=1&resize=525%2C300 1.5x, https:\/\/i0.wp.com\/lahoradelcampo.com.uy\/site\/wp-content\/uploads\/2025\/09\/2025-prado-orsi.jpg?fit=880%2C440&ssl=1&resize=700%2C400 2x"},"classes":[]},{"id":23374,"url":"https:\/\/lahoradelcampo.com.uy\/site\/expo-prado-2020-hoy-abre-sus-puertas-la-unica-muestra-ganadera-de-la-region-con-publico\/","url_meta":{"origin":54464,"position":2},"title":"Expo Prado 2020: Hoy abre sus puertas la \u00fanica muestra ganadera de la regi\u00f3n con p\u00fablico","author":"La Hora del Campo","date":"9 septiembre, 2020","format":false,"excerpt":"A partir de la hora 10, se abrir\u00e1n las puertas de una nueva y especial edici\u00f3n de la Expo Prado, en la capital del pa\u00eds. La muestra ganadera, comercial y agroindustrial que organiza la Asociaci\u00f3n Rural del Uruguay ser\u00e1 la \u00fanica de la regi\u00f3n que contar\u00e1 con la presencia de\u2026","rel":"","context":"En \u00abActualidad\u00bb","block_context":{"text":"Actualidad","link":"https:\/\/lahoradelcampo.com.uy\/site\/category\/actualidad\/"},"img":{"alt_text":"","src":"https:\/\/i0.wp.com\/lahoradelcampo.com.uy\/site\/wp-content\/uploads\/2020\/07\/expopradoweb.jpg?fit=880%2C440&ssl=1&resize=350%2C200","width":350,"height":200,"srcset":"https:\/\/i0.wp.com\/lahoradelcampo.com.uy\/site\/wp-content\/uploads\/2020\/07\/expopradoweb.jpg?fit=880%2C440&ssl=1&resize=350%2C200 1x, https:\/\/i0.wp.com\/lahoradelcampo.com.uy\/site\/wp-content\/uploads\/2020\/07\/expopradoweb.jpg?fit=880%2C440&ssl=1&resize=525%2C300 1.5x, https:\/\/i0.wp.com\/lahoradelcampo.com.uy\/site\/wp-content\/uploads\/2020\/07\/expopradoweb.jpg?fit=880%2C440&ssl=1&resize=700%2C400 2x"},"classes":[]},{"id":55388,"url":"https:\/\/lahoradelcampo.com.uy\/site\/las-gremiales-del-agro-rechazan-paros-sorpresivos\/","url_meta":{"origin":54464,"position":3},"title":"Las gremiales del agro rechazan paros sorpresivos","author":"La Hora del Campo","date":"6 enero, 2025","format":false,"excerpt":"La Federaci\u00f3n de Obreros de la Industria Frigor\u00edfica (Foica) comenz\u00f3 al cierre del 2024, una serie de paros sorpresivos, que han dejado animales en los corrales de espera de los frigor\u00edficos, que ha determinado la indignaci\u00f3n por parte de las gremiales agropecuarias, y el exhort\u00f3 de las autoridades del Ministerio\u2026","rel":"","context":"En \u00abActualidad\u00bb","block_context":{"text":"Actualidad","link":"https:\/\/lahoradelcampo.com.uy\/site\/category\/actualidad\/"},"img":{"alt_text":"","src":"https:\/\/i0.wp.com\/lahoradelcampo.com.uy\/site\/wp-content\/uploads\/2024\/06\/faena-vacuna12.jpg?fit=880%2C440&ssl=1&resize=350%2C200","width":350,"height":200,"srcset":"https:\/\/i0.wp.com\/lahoradelcampo.com.uy\/site\/wp-content\/uploads\/2024\/06\/faena-vacuna12.jpg?fit=880%2C440&ssl=1&resize=350%2C200 1x, https:\/\/i0.wp.com\/lahoradelcampo.com.uy\/site\/wp-content\/uploads\/2024\/06\/faena-vacuna12.jpg?fit=880%2C440&ssl=1&resize=525%2C300 1.5x, https:\/\/i0.wp.com\/lahoradelcampo.com.uy\/site\/wp-content\/uploads\/2024\/06\/faena-vacuna12.jpg?fit=880%2C440&ssl=1&resize=700%2C400 2x"},"classes":[]},{"id":23416,"url":"https:\/\/lahoradelcampo.com.uy\/site\/mgap-inauguro-la-cocina-de-la-produccion-agropecuaria\/","url_meta":{"origin":54464,"position":4},"title":"MGAP inaugur\u00f3: \u00abLa cocina de la producci\u00f3n agropecuaria\u00bb","author":"La Hora del Campo","date":"10 septiembre, 2020","format":false,"excerpt":"Con la participaci\u00f3n del ministro de Ganader\u00eda, Agricultura y Pesca, Carlos Mar\u00eda Uriarte, el subsecretario, Juan Ignacio Buffa, la directora general, Fernanda Maldonado y la presencia de directores de las unidades ejecutoras de la cartera y autoridades de la institucionalidad agropecuaria qued\u00f3 inaugurado el stand del MGAP en Expo Prado\u2026","rel":"","context":"En \u00abActualidad\u00bb","block_context":{"text":"Actualidad","link":"https:\/\/lahoradelcampo.com.uy\/site\/category\/actualidad\/"},"img":{"alt_text":"","src":"https:\/\/i0.wp.com\/lahoradelcampo.com.uy\/site\/wp-content\/uploads\/2020\/09\/MGAPPRADO.jpg?fit=880%2C440&ssl=1&resize=350%2C200","width":350,"height":200,"srcset":"https:\/\/i0.wp.com\/lahoradelcampo.com.uy\/site\/wp-content\/uploads\/2020\/09\/MGAPPRADO.jpg?fit=880%2C440&ssl=1&resize=350%2C200 1x, https:\/\/i0.wp.com\/lahoradelcampo.com.uy\/site\/wp-content\/uploads\/2020\/09\/MGAPPRADO.jpg?fit=880%2C440&ssl=1&resize=525%2C300 1.5x, https:\/\/i0.wp.com\/lahoradelcampo.com.uy\/site\/wp-content\/uploads\/2020\/09\/MGAPPRADO.jpg?fit=880%2C440&ssl=1&resize=700%2C400 2x"},"classes":[]},{"id":45243,"url":"https:\/\/lahoradelcampo.com.uy\/site\/el-viernes-9-comienza-una-nueva-exposicion-del-prado\/","url_meta":{"origin":54464,"position":5},"title":"El viernes 9 comienza una nueva Exposici\u00f3n del Prado","author":"La Hora del Campo","date":"5 septiembre, 2022","format":false,"excerpt":"El viernes 9 de setiembre da inicio una nueva edici\u00f3n de la Exposici\u00f3n Internacional de Ganader\u00eda, Muestra Agroindustrial y Comercial en el predio de la Rural del Prado, organizada por la Asociaci\u00f3n Rural del Uruguay (ARU), y se extender\u00e1 hasta el domingo 19 de setiembre. El gran cambio de esta\u2026","rel":"","context":"En \u00abActualidad\u00bb","block_context":{"text":"Actualidad","link":"https:\/\/lahoradelcampo.com.uy\/site\/category\/actualidad\/"},"img":{"alt_text":"","src":"https:\/\/i0.wp.com\/lahoradelcampo.com.uy\/site\/wp-content\/uploads\/2019\/09\/Angus-Prado.jpg?fit=880%2C440&ssl=1&resize=350%2C200","width":350,"height":200,"srcset":"https:\/\/i0.wp.com\/lahoradelcampo.com.uy\/site\/wp-content\/uploads\/2019\/09\/Angus-Prado.jpg?fit=880%2C440&ssl=1&resize=350%2C200 1x, https:\/\/i0.wp.com\/lahoradelcampo.com.uy\/site\/wp-content\/uploads\/2019\/09\/Angus-Prado.jpg?fit=880%2C440&ssl=1&resize=525%2C300 1.5x, https:\/\/i0.wp.com\/lahoradelcampo.com.uy\/site\/wp-content\/uploads\/2019\/09\/Angus-Prado.jpg?fit=880%2C440&ssl=1&resize=700%2C400 2x"},"classes":[]}],"jetpack_likes_enabled":true,"_links":{"self":[{"href":"https:\/\/lahoradelcampo.com.uy\/site\/wp-json\/wp\/v2\/posts\/54464","targetHints":{"allow":["GET"]}}],"collection":[{"href":"https:\/\/lahoradelcampo.com.uy\/site\/wp-json\/wp\/v2\/posts"}],"about":[{"href":"https:\/\/lahoradelcampo.com.uy\/site\/wp-json\/wp\/v2\/types\/post"}],"author":[{"embeddable":true,"href":"https:\/\/lahoradelcampo.com.uy\/site\/wp-json\/wp\/v2\/users\/5"}],"replies":[{"embeddable":true,"href":"https:\/\/lahoradelcampo.com.uy\/site\/wp-json\/wp\/v2\/comments?post=54464"}],"version-history":[{"count":1,"href":"https:\/\/lahoradelcampo.com.uy\/site\/wp-json\/wp\/v2\/posts\/54464\/revisions"}],"predecessor-version":[{"id":54466,"href":"https:\/\/lahoradelcampo.com.uy\/site\/wp-json\/wp\/v2\/posts\/54464\/revisions\/54466"}],"wp:featuredmedia":[{"embeddable":true,"href":"https:\/\/lahoradelcampo.com.uy\/site\/wp-json\/wp\/v2\/media\/54465"}],"wp:attachment":[{"href":"https:\/\/lahoradelcampo.com.uy\/site\/wp-json\/wp\/v2\/media?parent=54464"}],"wp:term":[{"taxonomy":"category","embeddable":true,"href":"https:\/\/lahoradelcampo.com.uy\/site\/wp-json\/wp\/v2\/categories?post=54464"},{"taxonomy":"post_tag","embeddable":true,"href":"https:\/\/lahoradelcampo.com.uy\/site\/wp-json\/wp\/v2\/tags?post=54464"}],"curies":[{"name":"wp","href":"https:\/\/api.w.org\/{rel}","templated":true}]}}