{"id":54461,"date":"2024-09-09T22:22:49","date_gmt":"2024-09-10T01:22:49","guid":{"rendered":"http:\/\/lahoradelcampo.com.uy\/site\/?p=54461"},"modified":"2024-09-09T22:22:55","modified_gmt":"2024-09-10T01:22:55","slug":"arbeleche-aseguro-que-el-gobierno-mantiene-responsabilidad-fiscal","status":"publish","type":"post","link":"https:\/\/lahoradelcampo.com.uy\/site\/arbeleche-aseguro-que-el-gobierno-mantiene-responsabilidad-fiscal\/","title":{"rendered":"Arbeleche asegur\u00f3 que el Gobierno mantiene responsabilidad fiscal"},"content":{"rendered":"\n<figure class=\"wp-block-image size-full\"><a href=\"https:\/\/i0.wp.com\/lahoradelcampo.com.uy\/site\/wp-content\/uploads\/2024\/09\/PRADO-Arbeleche.jpg\"><img data-recalc-dims=\"1\" loading=\"lazy\" decoding=\"async\" width=\"810\" height=\"405\" data-attachment-id=\"54462\" data-permalink=\"https:\/\/lahoradelcampo.com.uy\/site\/arbeleche-aseguro-que-el-gobierno-mantiene-responsabilidad-fiscal\/prado-arbeleche\/\" data-orig-file=\"https:\/\/i0.wp.com\/lahoradelcampo.com.uy\/site\/wp-content\/uploads\/2024\/09\/PRADO-Arbeleche.jpg?fit=880%2C440&amp;ssl=1\" data-orig-size=\"880,440\" data-comments-opened=\"1\" data-image-meta=\"{&quot;aperture&quot;:&quot;0&quot;,&quot;credit&quot;:&quot;&quot;,&quot;camera&quot;:&quot;&quot;,&quot;caption&quot;:&quot;&quot;,&quot;created_timestamp&quot;:&quot;0&quot;,&quot;copyright&quot;:&quot;&quot;,&quot;focal_length&quot;:&quot;0&quot;,&quot;iso&quot;:&quot;0&quot;,&quot;shutter_speed&quot;:&quot;0&quot;,&quot;title&quot;:&quot;&quot;,&quot;orientation&quot;:&quot;1&quot;}\" data-image-title=\"PRADO-Arbeleche\" data-image-description=\"\" data-image-caption=\"\" data-large-file=\"https:\/\/i0.wp.com\/lahoradelcampo.com.uy\/site\/wp-content\/uploads\/2024\/09\/PRADO-Arbeleche.jpg?fit=810%2C405&amp;ssl=1\" src=\"https:\/\/i0.wp.com\/lahoradelcampo.com.uy\/site\/wp-content\/uploads\/2024\/09\/PRADO-Arbeleche.jpg?resize=810%2C405\" alt=\"\" class=\"wp-image-54462\" srcset=\"https:\/\/i0.wp.com\/lahoradelcampo.com.uy\/site\/wp-content\/uploads\/2024\/09\/PRADO-Arbeleche.jpg?w=880&amp;ssl=1 880w, https:\/\/i0.wp.com\/lahoradelcampo.com.uy\/site\/wp-content\/uploads\/2024\/09\/PRADO-Arbeleche.jpg?resize=300%2C150&amp;ssl=1 300w, https:\/\/i0.wp.com\/lahoradelcampo.com.uy\/site\/wp-content\/uploads\/2024\/09\/PRADO-Arbeleche.jpg?resize=768%2C384&amp;ssl=1 768w, https:\/\/i0.wp.com\/lahoradelcampo.com.uy\/site\/wp-content\/uploads\/2024\/09\/PRADO-Arbeleche.jpg?resize=820%2C410&amp;ssl=1 820w\" sizes=\"auto, (max-width: 810px) 100vw, 810px\" \/><\/a><\/figure>\n\n\n\n<p>La ministra de Econom\u00eda y Finanzas, Azucena Arbeleche, se reuni\u00f3 con las autoridades de la Asociaci\u00f3n Rural del Uruguay (ARU), y tras el encuentro afirm\u00f3 que el Gobierno ha mantenido un manejo responsable de las finanzas p\u00fablicas, manteniendo el nivel de gasto previsto en la \u00faltima Rendici\u00f3n de Cuentas, a pesar de la baja en la recaudaci\u00f3n debido a un menor incremento de precios. \u00abEstamos con el mismo gasto que se propuso hace un a\u00f1o en la Rendici\u00f3n de Cuentas\u00bb, reiter\u00f3 Arbeleche, subrayando que este control fiscal no ha afectado la tasa de cambio.&nbsp;<\/p>\n\n\n\n<p>La ministra puso \u00e9nfasis en la integraci\u00f3n de temas ambientales dentro de la pol\u00edtica econ\u00f3mica del pa\u00eds, se\u00f1alando que los ahorros generados por la emisi\u00f3n de un bono vinculado a metas ambientales se est\u00e1n utilizando para modernizar los m\u00e9todos de producci\u00f3n del sector agropecuario. \u00abLos temas ambientales son cada vez m\u00e1s importantes para nosotros y para el sector productivo, que busca desarrollarse de manera sostenible\u00bb, sostuvo.<\/p>\n\n\n\n<p>En cuanto al empleo, la ministra celebr\u00f3 la creaci\u00f3n de 76.100 puestos de trabajo durante 2023, lo que permiti\u00f3 recuperar y superar los empleos perdidos durante la pandemia y la administraci\u00f3n anterior. A esto se suma el aumento del salario real, que comenz\u00f3 en diciembre pasado y, seg\u00fan Arbeleche, continuar\u00e1 en 2024 y 2025, como parte de una pol\u00edtica dise\u00f1ada para mejorar el poder adquisitivo de los uruguayos.<\/p>\n\n\n\n<p>Adem\u00e1s, Arbeleche destac\u00f3 medidas del Gobierno para reducir costos de importaci\u00f3n y facilitar el acceso a mejores precios para los ciudadanos. Mencion\u00f3 una reducci\u00f3n del 10% en el arancel externo com\u00fan para importaciones y la inclusi\u00f3n de un art\u00edculo en la ley de presupuesto que reduce la tasa de importaci\u00f3n de alimentos del Laboratorio Tecnol\u00f3gico del Uruguay (LATU). \u00abEstamos trabajando en conjunto con el Ministerio de Salud P\u00fablica y el Ministerio de Ganader\u00eda, Agricultura y Pesca para simplificar registros y que esto se traduzca en mejores precios\u00bb, asegur\u00f3.<\/p>\n\n\n\n<p>Salto, 9 de setiembre de 2024<\/p>\n","protected":false},"excerpt":{"rendered":"<p>La ministra de Econom\u00eda y Finanzas, Azucena Arbeleche, se reuni\u00f3 con las autoridades de la Asociaci\u00f3n Rural del Uruguay (ARU), y tras el encuentro afirm\u00f3 que el Gobierno ha mantenido [&hellip;]<\/p>\n","protected":false},"author":5,"featured_media":54462,"comment_status":"open","ping_status":"open","sticky":false,"template":"","format":"standard","meta":{"_price":"","_stock":"","_tribe_ticket_header":"","_tribe_default_ticket_provider":"","_tribe_ticket_capacity":"0","_ticket_start_date":"","_ticket_end_date":"","_tribe_ticket_show_description":"","_tribe_ticket_show_not_going":false,"_tribe_ticket_use_global_stock":"","_tribe_ticket_global_stock_level":"","_global_stock_mode":"","_global_stock_cap":"","_tribe_rsvp_for_event":"","_tribe_ticket_going_count":"","_tribe_ticket_not_going_count":"","_tribe_tickets_list":"[]","_tribe_ticket_has_attendee_info_fields":false,"h5ap_radio_sources":[],"_jetpack_newsletter_access":"","_jetpack_dont_email_post_to_subs":false,"_jetpack_newsletter_tier_id":0,"_jetpack_memberships_contains_paywalled_content":false,"_jetpack_memberships_contains_paid_content":false,"footnotes":""},"categories":[21,5],"tags":[],"class_list":["post-54461","post","type-post","status-publish","format-standard","has-post-thumbnail","hentry","category-actualidad","category-ganaderia"],"jetpack_featured_media_url":"https:\/\/i0.wp.com\/lahoradelcampo.com.uy\/site\/wp-content\/uploads\/2024\/09\/PRADO-Arbeleche.jpg?fit=880%2C440&ssl=1","jetpack_sharing_enabled":true,"jetpack_shortlink":"https:\/\/wp.me\/p99IaT-eap","jetpack-related-posts":[{"id":48847,"url":"https:\/\/lahoradelcampo.com.uy\/site\/economia-anuncio-envio-al-parlamento-de-medidas-por-la-sequia\/","url_meta":{"origin":54461,"position":0},"title":"Econom\u00eda anunci\u00f3 envi\u00f3 al Parlamento de medidas por la sequ\u00eda","author":"La Hora del Campo","date":"24 febrero, 2023","format":false,"excerpt":"Este jueves 23 de enero, la ministra de Econom\u00eda y Finanzas, Azucena Arbeleche, particip\u00f3 de una conferencia de prensa en el marco de la Expo Durazno, donde respondi\u00f3 las consultas realizadas por los colegas del centro del pa\u00eds. La mayor\u00eda de las mismas apuntaban a la situaci\u00f3n de emergencia agropecuaria\u2026","rel":"","context":"En \u00abActualidad\u00bb","block_context":{"text":"Actualidad","link":"https:\/\/lahoradelcampo.com.uy\/site\/category\/actualidad\/"},"img":{"alt_text":"","src":"https:\/\/i0.wp.com\/lahoradelcampo.com.uy\/site\/wp-content\/uploads\/2023\/02\/MIinistra-de-econom%C3%ADa.jpg?fit=880%2C440&ssl=1&resize=350%2C200","width":350,"height":200,"srcset":"https:\/\/i0.wp.com\/lahoradelcampo.com.uy\/site\/wp-content\/uploads\/2023\/02\/MIinistra-de-econom%C3%ADa.jpg?fit=880%2C440&ssl=1&resize=350%2C200 1x, https:\/\/i0.wp.com\/lahoradelcampo.com.uy\/site\/wp-content\/uploads\/2023\/02\/MIinistra-de-econom%C3%ADa.jpg?fit=880%2C440&ssl=1&resize=525%2C300 1.5x, https:\/\/i0.wp.com\/lahoradelcampo.com.uy\/site\/wp-content\/uploads\/2023\/02\/MIinistra-de-econom%C3%ADa.jpg?fit=880%2C440&ssl=1&resize=700%2C400 2x"},"classes":[]},{"id":55044,"url":"https:\/\/lahoradelcampo.com.uy\/site\/uruguay-y-fao-apuntan-a-una-transformacion-sostenible-de-la-ganaderia\/","url_meta":{"origin":54461,"position":1},"title":"Uruguay y FAO apuntan a una transformaci\u00f3n sostenible de la ganader\u00eda","author":"La Hora del Campo","date":"6 noviembre, 2024","format":false,"excerpt":"En el marco de la primera Conferencia Regional para la Transformaci\u00f3n Sostenible de la Ganader\u00eda en Am\u00e9rica Latina y el Caribe, que comenz\u00f3 ayer y finaliza en el d\u00eda de hoy en Punta del Este, el presidente de la Rep\u00fablica, Dr. Luis Lacalle Pou, destac\u00f3 la importancia de incluir a\u2026","rel":"","context":"En \u00abActualidad\u00bb","block_context":{"text":"Actualidad","link":"https:\/\/lahoradelcampo.com.uy\/site\/category\/actualidad\/"},"img":{"alt_text":"","src":"https:\/\/i0.wp.com\/lahoradelcampo.com.uy\/site\/wp-content\/uploads\/2024\/11\/LacalleyFAO.jpg?fit=880%2C440&ssl=1&resize=350%2C200","width":350,"height":200,"srcset":"https:\/\/i0.wp.com\/lahoradelcampo.com.uy\/site\/wp-content\/uploads\/2024\/11\/LacalleyFAO.jpg?fit=880%2C440&ssl=1&resize=350%2C200 1x, https:\/\/i0.wp.com\/lahoradelcampo.com.uy\/site\/wp-content\/uploads\/2024\/11\/LacalleyFAO.jpg?fit=880%2C440&ssl=1&resize=525%2C300 1.5x, https:\/\/i0.wp.com\/lahoradelcampo.com.uy\/site\/wp-content\/uploads\/2024\/11\/LacalleyFAO.jpg?fit=880%2C440&ssl=1&resize=700%2C400 2x"},"classes":[]},{"id":33783,"url":"https:\/\/lahoradelcampo.com.uy\/site\/inia-realizara-charla-con-tres-ministros-en-expo-prado\/","url_meta":{"origin":54461,"position":2},"title":"INIA realizar\u00e1 charla con tres ministros en Expo Prado","author":"La Hora del Campo","date":"7 septiembre, 2021","format":false,"excerpt":"En el marco de la Expo Prado 2021, el Instituto Nacional de Investigaci\u00f3n Agropecuaria (INIA) realizar\u00e1 un actividad denominada \"Uruguay, \u00bfun pa\u00eds diferente? Los desaf\u00edos de la sostenibilidad\". Se trata de una mesa de debate que tendr\u00e1 como expositores al ministro de Medioambiente, Adri\u00e1n Pe\u00f1a, a la Ministra de Econom\u00eda\u2026","rel":"","context":"En \u00abActualidad\u00bb","block_context":{"text":"Actualidad","link":"https:\/\/lahoradelcampo.com.uy\/site\/category\/actualidad\/"},"img":{"alt_text":"","src":"https:\/\/i0.wp.com\/lahoradelcampo.com.uy\/site\/wp-content\/uploads\/2020\/09\/INIA-PRADO.jpg?fit=880%2C440&ssl=1&resize=350%2C200","width":350,"height":200,"srcset":"https:\/\/i0.wp.com\/lahoradelcampo.com.uy\/site\/wp-content\/uploads\/2020\/09\/INIA-PRADO.jpg?fit=880%2C440&ssl=1&resize=350%2C200 1x, https:\/\/i0.wp.com\/lahoradelcampo.com.uy\/site\/wp-content\/uploads\/2020\/09\/INIA-PRADO.jpg?fit=880%2C440&ssl=1&resize=525%2C300 1.5x, https:\/\/i0.wp.com\/lahoradelcampo.com.uy\/site\/wp-content\/uploads\/2020\/09\/INIA-PRADO.jpg?fit=880%2C440&ssl=1&resize=700%2C400 2x"},"classes":[]},{"id":34447,"url":"https:\/\/lahoradelcampo.com.uy\/site\/las-modificaciones-del-fondo-lechero-mejoraron-el-margen-de-los-productores\/","url_meta":{"origin":54461,"position":3},"title":"\u00abLas modificaciones del fondo lechero, mejoraron el margen de los productores\u00bb","author":"La Hora del Campo","date":"20 septiembre, 2021","format":false,"excerpt":"Dentro de las actividades previstas en la Expo Prado, el Subsecretario del Ministerio de Ganader\u00eda, Agricultura y Pesca (MGAP), Ignacio Buffa, particip\u00f3 junto a la Ministra de Econom\u00eda, Azucena Arbeleche en la charla, \u201cLa Visi\u00f3n del Poder Ejecutivo Sobre el Sector Lechero\u201d. El intercambio cont\u00f3 con la asistencia de diversas\u2026","rel":"","context":"En \u00abActualidad\u00bb","block_context":{"text":"Actualidad","link":"https:\/\/lahoradelcampo.com.uy\/site\/category\/actualidad\/"},"img":{"alt_text":"","src":"https:\/\/i0.wp.com\/lahoradelcampo.com.uy\/site\/wp-content\/uploads\/2021\/09\/Prado-Lecheria.jpg?fit=880%2C440&ssl=1&resize=350%2C200","width":350,"height":200,"srcset":"https:\/\/i0.wp.com\/lahoradelcampo.com.uy\/site\/wp-content\/uploads\/2021\/09\/Prado-Lecheria.jpg?fit=880%2C440&ssl=1&resize=350%2C200 1x, https:\/\/i0.wp.com\/lahoradelcampo.com.uy\/site\/wp-content\/uploads\/2021\/09\/Prado-Lecheria.jpg?fit=880%2C440&ssl=1&resize=525%2C300 1.5x, https:\/\/i0.wp.com\/lahoradelcampo.com.uy\/site\/wp-content\/uploads\/2021\/09\/Prado-Lecheria.jpg?fit=880%2C440&ssl=1&resize=700%2C400 2x"},"classes":[]},{"id":17814,"url":"https:\/\/lahoradelcampo.com.uy\/site\/uriarte-se-juega-la-primera-pulseada-ante-economia\/","url_meta":{"origin":54461,"position":4},"title":"Uriarte se juega la primera pulseada ante Econom\u00eda","author":"La Hora del Campo","date":"5 marzo, 2020","format":false,"excerpt":"El Ministerio de Ganader\u00eda, Agricultura y Pesca, en un pa\u00eds agroexportador como el Uruguay, tiene una relevancia superlativa en el contexto econ\u00f3mico teniendo en cuenta que es el generador de divisas que luego se distribuyen en la sociedad. Pero lo real es que es un ministerio que mayoritariamente ha tenido\u2026","rel":"","context":"En \u00abActualidad\u00bb","block_context":{"text":"Actualidad","link":"https:\/\/lahoradelcampo.com.uy\/site\/category\/actualidad\/"},"img":{"alt_text":"","src":"https:\/\/i0.wp.com\/lahoradelcampo.com.uy\/site\/wp-content\/uploads\/2019\/12\/Uriarte-granja.jpg?fit=880%2C440&ssl=1&resize=350%2C200","width":350,"height":200,"srcset":"https:\/\/i0.wp.com\/lahoradelcampo.com.uy\/site\/wp-content\/uploads\/2019\/12\/Uriarte-granja.jpg?fit=880%2C440&ssl=1&resize=350%2C200 1x, https:\/\/i0.wp.com\/lahoradelcampo.com.uy\/site\/wp-content\/uploads\/2019\/12\/Uriarte-granja.jpg?fit=880%2C440&ssl=1&resize=525%2C300 1.5x, https:\/\/i0.wp.com\/lahoradelcampo.com.uy\/site\/wp-content\/uploads\/2019\/12\/Uriarte-granja.jpg?fit=880%2C440&ssl=1&resize=700%2C400 2x"},"classes":[]},{"id":17974,"url":"https:\/\/lahoradelcampo.com.uy\/site\/manana-el-presidente-de-la-republica-inaugura-la-zafra-arrocera-2020\/","url_meta":{"origin":54461,"position":5},"title":"Ma\u00f1ana el Presidente de la Rep\u00fablica inaugura la zafra arrocera 2020","author":"La Hora del Campo","date":"12 marzo, 2020","format":false,"excerpt":"En la jornada de ma\u00f1ana se inaugura la zafra arrocera 2020, en el departamento de Artigas, en el establecimiento de la familia Pinczak en el centro poblado Mones Quintela. La actividad est\u00e1 prevista comience a las 9 horas, con el recibimiento de las autoridades y visitantes en el predio, para\u2026","rel":"","context":"En \u00abActualidad\u00bb","block_context":{"text":"Actualidad","link":"https:\/\/lahoradelcampo.com.uy\/site\/category\/actualidad\/"},"img":{"alt_text":"","src":"https:\/\/i0.wp.com\/lahoradelcampo.com.uy\/site\/wp-content\/uploads\/2020\/03\/arroceros-4.jpg?fit=880%2C440&ssl=1&resize=350%2C200","width":350,"height":200,"srcset":"https:\/\/i0.wp.com\/lahoradelcampo.com.uy\/site\/wp-content\/uploads\/2020\/03\/arroceros-4.jpg?fit=880%2C440&ssl=1&resize=350%2C200 1x, https:\/\/i0.wp.com\/lahoradelcampo.com.uy\/site\/wp-content\/uploads\/2020\/03\/arroceros-4.jpg?fit=880%2C440&ssl=1&resize=525%2C300 1.5x, https:\/\/i0.wp.com\/lahoradelcampo.com.uy\/site\/wp-content\/uploads\/2020\/03\/arroceros-4.jpg?fit=880%2C440&ssl=1&resize=700%2C400 2x"},"classes":[]}],"jetpack_likes_enabled":true,"_links":{"self":[{"href":"https:\/\/lahoradelcampo.com.uy\/site\/wp-json\/wp\/v2\/posts\/54461","targetHints":{"allow":["GET"]}}],"collection":[{"href":"https:\/\/lahoradelcampo.com.uy\/site\/wp-json\/wp\/v2\/posts"}],"about":[{"href":"https:\/\/lahoradelcampo.com.uy\/site\/wp-json\/wp\/v2\/types\/post"}],"author":[{"embeddable":true,"href":"https:\/\/lahoradelcampo.com.uy\/site\/wp-json\/wp\/v2\/users\/5"}],"replies":[{"embeddable":true,"href":"https:\/\/lahoradelcampo.com.uy\/site\/wp-json\/wp\/v2\/comments?post=54461"}],"version-history":[{"count":1,"href":"https:\/\/lahoradelcampo.com.uy\/site\/wp-json\/wp\/v2\/posts\/54461\/revisions"}],"predecessor-version":[{"id":54463,"href":"https:\/\/lahoradelcampo.com.uy\/site\/wp-json\/wp\/v2\/posts\/54461\/revisions\/54463"}],"wp:featuredmedia":[{"embeddable":true,"href":"https:\/\/lahoradelcampo.com.uy\/site\/wp-json\/wp\/v2\/media\/54462"}],"wp:attachment":[{"href":"https:\/\/lahoradelcampo.com.uy\/site\/wp-json\/wp\/v2\/media?parent=54461"}],"wp:term":[{"taxonomy":"category","embeddable":true,"href":"https:\/\/lahoradelcampo.com.uy\/site\/wp-json\/wp\/v2\/categories?post=54461"},{"taxonomy":"post_tag","embeddable":true,"href":"https:\/\/lahoradelcampo.com.uy\/site\/wp-json\/wp\/v2\/tags?post=54461"}],"curies":[{"name":"wp","href":"https:\/\/api.w.org\/{rel}","templated":true}]}}