{"id":54455,"date":"2024-09-08T06:35:00","date_gmt":"2024-09-08T09:35:00","guid":{"rendered":"http:\/\/lahoradelcampo.com.uy\/site\/?p=54455"},"modified":"2024-09-08T06:51:40","modified_gmt":"2024-09-08T09:51:40","slug":"jurado-brasileno-destaco-la-capacidad-carnicera-del-texel-uruguayo","status":"publish","type":"post","link":"https:\/\/lahoradelcampo.com.uy\/site\/jurado-brasileno-destaco-la-capacidad-carnicera-del-texel-uruguayo\/","title":{"rendered":"Jurado brasile\u00f1o destac\u00f3 la capacidad carnicera del Texel uruguayo"},"content":{"rendered":"\n<figure class=\"wp-block-image size-full\"><a href=\"https:\/\/i0.wp.com\/lahoradelcampo.com.uy\/site\/wp-content\/uploads\/2024\/09\/Texel-prado2024.jpg\"><img data-recalc-dims=\"1\" loading=\"lazy\" decoding=\"async\" width=\"810\" height=\"405\" data-attachment-id=\"54456\" data-permalink=\"https:\/\/lahoradelcampo.com.uy\/site\/jurado-brasileno-destaco-la-capacidad-carnicera-del-texel-uruguayo\/texel-prado2024\/\" data-orig-file=\"https:\/\/i0.wp.com\/lahoradelcampo.com.uy\/site\/wp-content\/uploads\/2024\/09\/Texel-prado2024.jpg?fit=880%2C440&amp;ssl=1\" data-orig-size=\"880,440\" data-comments-opened=\"1\" data-image-meta=\"{&quot;aperture&quot;:&quot;0&quot;,&quot;credit&quot;:&quot;&quot;,&quot;camera&quot;:&quot;&quot;,&quot;caption&quot;:&quot;&quot;,&quot;created_timestamp&quot;:&quot;0&quot;,&quot;copyright&quot;:&quot;&quot;,&quot;focal_length&quot;:&quot;0&quot;,&quot;iso&quot;:&quot;0&quot;,&quot;shutter_speed&quot;:&quot;0&quot;,&quot;title&quot;:&quot;&quot;,&quot;orientation&quot;:&quot;1&quot;}\" data-image-title=\"Texel-prado2024\" data-image-description=\"\" data-image-caption=\"\" data-large-file=\"https:\/\/i0.wp.com\/lahoradelcampo.com.uy\/site\/wp-content\/uploads\/2024\/09\/Texel-prado2024.jpg?fit=810%2C405&amp;ssl=1\" src=\"https:\/\/i0.wp.com\/lahoradelcampo.com.uy\/site\/wp-content\/uploads\/2024\/09\/Texel-prado2024.jpg?resize=810%2C405\" alt=\"\" class=\"wp-image-54456\" srcset=\"https:\/\/i0.wp.com\/lahoradelcampo.com.uy\/site\/wp-content\/uploads\/2024\/09\/Texel-prado2024.jpg?w=880&amp;ssl=1 880w, https:\/\/i0.wp.com\/lahoradelcampo.com.uy\/site\/wp-content\/uploads\/2024\/09\/Texel-prado2024.jpg?resize=300%2C150&amp;ssl=1 300w, https:\/\/i0.wp.com\/lahoradelcampo.com.uy\/site\/wp-content\/uploads\/2024\/09\/Texel-prado2024.jpg?resize=768%2C384&amp;ssl=1 768w, https:\/\/i0.wp.com\/lahoradelcampo.com.uy\/site\/wp-content\/uploads\/2024\/09\/Texel-prado2024.jpg?resize=820%2C410&amp;ssl=1 820w\" sizes=\"auto, (max-width: 810px) 100vw, 810px\" \/><\/a><\/figure>\n\n\n\n<p>La raza Texel, este s\u00e1bado, fue la primera raza ovina calificada en el marco de la Expo Prado 2024, con 75 ejemplares en la pista bajo la mirada del jurado brasile\u00f1o Hugo Jos\u00e9 Chagas Pedroso, joven criador de Cachoeira do Sul, Brasil, quien destac\u00f3 la capacidad carnicera de la raza en Uruguay.<\/p>\n\n\n\n<p>El jurado destac\u00f3 y premi\u00f3 \u00abanimales m\u00e1s largos y con mayor capacidad carnicera\u00bb, principalmente en los machos. Al finalizar las calificaciones dijo que vio \u00abanimales espectaculares\u00bb y dijo que en machos, \u00abhasta el tercer mejor macho, el puro de origen y la hembra puro de origen, me las llevar\u00eda para mi caba\u00f1a, pero si la Gran Campeona Hembra de pedigree pudiera entrar en un programa gen\u00e9tico har\u00eda la diferencia tanto en Uruguay como en Brasil\u00bb.<\/p>\n\n\n\n<p>El joven caba\u00f1ero dijo que la raza en su pa\u00eds \u00abest\u00e1 en un nivel superior\u00bb, pero advirti\u00f3 que \u00abaqu\u00ed hay muy buen material, hay gen\u00e9tica que se mantiene de muchos a\u00f1os que tambi\u00e9n har\u00edan la diferencia en Brasil\u00bb.<\/p>\n\n\n\n<p><strong>Veredictos:<\/strong><\/p>\n\n\n\n<p>Gran Campe\u00f3n Macho PI fue expuesto por la caba\u00f1a Illescas de Lucas Lacava.<\/p>\n\n\n\n<p>Gran Campeona Hembra PI fue expuesta por Onna Mar\u00eda Sirvys Viana.<\/p>\n\n\n\n<p>Gran Campe\u00f3n Macho PO expuesto por Maicol Ricci Boidi.<\/p>\n\n\n\n<p>Gran Campeona Hembra PO de Pablo Bianchi Avelino.<\/p>\n\n\n\n<p>Salto, 8 de setiembre de 2024<\/p>\n","protected":false},"excerpt":{"rendered":"<p>La raza Texel, este s\u00e1bado, fue la primera raza ovina calificada en el marco de la Expo Prado 2024, con 75 ejemplares en la pista bajo la mirada del jurado [&hellip;]<\/p>\n","protected":false},"author":5,"featured_media":54456,"comment_status":"open","ping_status":"open","sticky":false,"template":"","format":"standard","meta":{"_price":"","_stock":"","_tribe_ticket_header":"","_tribe_default_ticket_provider":"","_tribe_ticket_capacity":"0","_ticket_start_date":"","_ticket_end_date":"","_tribe_ticket_show_description":"","_tribe_ticket_show_not_going":false,"_tribe_ticket_use_global_stock":"","_tribe_ticket_global_stock_level":"","_global_stock_mode":"","_global_stock_cap":"","_tribe_rsvp_for_event":"","_tribe_ticket_going_count":"","_tribe_ticket_not_going_count":"","_tribe_tickets_list":"[]","_tribe_ticket_has_attendee_info_fields":false,"h5ap_radio_sources":[],"_jetpack_newsletter_access":"","_jetpack_dont_email_post_to_subs":false,"_jetpack_newsletter_tier_id":0,"_jetpack_memberships_contains_paywalled_content":false,"_jetpack_memberships_contains_paid_content":false,"footnotes":""},"categories":[21,13],"tags":[],"class_list":["post-54455","post","type-post","status-publish","format-standard","has-post-thumbnail","hentry","category-actualidad","category-ovinos"],"jetpack_featured_media_url":"https:\/\/i0.wp.com\/lahoradelcampo.com.uy\/site\/wp-content\/uploads\/2024\/09\/Texel-prado2024.jpg?fit=880%2C440&ssl=1","jetpack_sharing_enabled":true,"jetpack_shortlink":"https:\/\/wp.me\/p99IaT-eaj","jetpack-related-posts":[{"id":45445,"url":"https:\/\/lahoradelcampo.com.uy\/site\/nu-pora-sobresalio-en-el-suffolk-puro-de-origen\/","url_meta":{"origin":54455,"position":0},"title":"\u00d1u Por\u00e1 sobresali\u00f3 en el Suffolk puro de origen","author":"La Hora del Campo","date":"12 septiembre, 2022","format":false,"excerpt":"El jurado de la raza Suffolk fue el neozeland\u00e9s Arthur Blakely, a quien se lo vio disfrutar de seleccionar los animales y destac\u00f3 que lo que se observ\u00f3 en la pista son ejemplares \"muy productivos para Uruguay\". Indic\u00f3 que en los resultados de las calificaciones \"se aprecia un buen avance\u2026","rel":"","context":"En \u00abActualidad\u00bb","block_context":{"text":"Actualidad","link":"https:\/\/lahoradelcampo.com.uy\/site\/category\/actualidad\/"},"img":{"alt_text":"","src":"https:\/\/i0.wp.com\/lahoradelcampo.com.uy\/site\/wp-content\/uploads\/2022\/09\/Prado-Suffolk%C3%91upora.jpg?fit=880%2C440&ssl=1&resize=350%2C200","width":350,"height":200,"srcset":"https:\/\/i0.wp.com\/lahoradelcampo.com.uy\/site\/wp-content\/uploads\/2022\/09\/Prado-Suffolk%C3%91upora.jpg?fit=880%2C440&ssl=1&resize=350%2C200 1x, https:\/\/i0.wp.com\/lahoradelcampo.com.uy\/site\/wp-content\/uploads\/2022\/09\/Prado-Suffolk%C3%91upora.jpg?fit=880%2C440&ssl=1&resize=525%2C300 1.5x, https:\/\/i0.wp.com\/lahoradelcampo.com.uy\/site\/wp-content\/uploads\/2022\/09\/Prado-Suffolk%C3%91upora.jpg?fit=880%2C440&ssl=1&resize=700%2C400 2x"},"classes":[]},{"id":46007,"url":"https:\/\/lahoradelcampo.com.uy\/site\/poll-dorset-san-rafael-en-el-po-y-cabana-salto-en-el-pedigree\/","url_meta":{"origin":54455,"position":1},"title":"Poll Dorset: San Rafael en el PO y Caba\u00f1a Salto en el pedigree","author":"La Hora del Campo","date":"1 octubre, 2022","format":false,"excerpt":"Con cuatro caba\u00f1as y nueve ejemplares, la pista n\u00famero tres de ovinos fue inaugurada por la raza Poll Dorset, que present\u00f3 una excelente muestra y tuvo como jurado al criador Francisco Donagaray, quien estuvo acompa\u00f1ado por la Sra. Ana Araujo. Al igual que en la Expo Prado de este a\u00f1o,\u2026","rel":"","context":"En \u00abActualidad\u00bb","block_context":{"text":"Actualidad","link":"https:\/\/lahoradelcampo.com.uy\/site\/category\/actualidad\/"},"img":{"alt_text":"","src":"https:\/\/i0.wp.com\/lahoradelcampo.com.uy\/site\/wp-content\/uploads\/2022\/10\/ExpoSalto-Polldorset.jpg?fit=880%2C440&ssl=1&resize=350%2C200","width":350,"height":200,"srcset":"https:\/\/i0.wp.com\/lahoradelcampo.com.uy\/site\/wp-content\/uploads\/2022\/10\/ExpoSalto-Polldorset.jpg?fit=880%2C440&ssl=1&resize=350%2C200 1x, https:\/\/i0.wp.com\/lahoradelcampo.com.uy\/site\/wp-content\/uploads\/2022\/10\/ExpoSalto-Polldorset.jpg?fit=880%2C440&ssl=1&resize=525%2C300 1.5x, https:\/\/i0.wp.com\/lahoradelcampo.com.uy\/site\/wp-content\/uploads\/2022\/10\/ExpoSalto-Polldorset.jpg?fit=880%2C440&ssl=1&resize=700%2C400 2x"},"classes":[]},{"id":45457,"url":"https:\/\/lahoradelcampo.com.uy\/site\/cabana-salto-y-san-rafael-ganaron-las-pistas-del-poll-dorset\/","url_meta":{"origin":54455,"position":2},"title":"Caba\u00f1a Salto y San Rafael ganaron las pistas del Poll Dorset","author":"La Hora del Campo","date":"12 septiembre, 2022","format":false,"excerpt":"Las caba\u00f1as salte\u00f1as deleitaron con su gen\u00e9tica al jurado brasile\u00f1o, Ronaldo Carpes Da Costa, qui\u00e9n remarc\u00f3 la pureza racial y el volumen de carne de los animales que definieron los grandes campeonatos en la pista. \"Vi la raza muy bien posicionada, animales importantes y principalmente con mucha carne\", dijo el\u2026","rel":"","context":"En \u00abActualidad\u00bb","block_context":{"text":"Actualidad","link":"https:\/\/lahoradelcampo.com.uy\/site\/category\/actualidad\/"},"img":{"alt_text":"","src":"https:\/\/i0.wp.com\/lahoradelcampo.com.uy\/site\/wp-content\/uploads\/2022\/09\/Prado-sanrafael.jpg?fit=880%2C440&ssl=1&resize=350%2C200","width":350,"height":200,"srcset":"https:\/\/i0.wp.com\/lahoradelcampo.com.uy\/site\/wp-content\/uploads\/2022\/09\/Prado-sanrafael.jpg?fit=880%2C440&ssl=1&resize=350%2C200 1x, https:\/\/i0.wp.com\/lahoradelcampo.com.uy\/site\/wp-content\/uploads\/2022\/09\/Prado-sanrafael.jpg?fit=880%2C440&ssl=1&resize=525%2C300 1.5x, https:\/\/i0.wp.com\/lahoradelcampo.com.uy\/site\/wp-content\/uploads\/2022\/09\/Prado-sanrafael.jpg?fit=880%2C440&ssl=1&resize=700%2C400 2x"},"classes":[]},{"id":54922,"url":"https:\/\/lahoradelcampo.com.uy\/site\/el-ano-con-mas-ovinos-en-la-expo-paysandu\/","url_meta":{"origin":54455,"position":3},"title":"El a\u00f1o con m\u00e1s ovinos en la Expo Paysand\u00fa","author":"La Hora del Campo","date":"20 octubre, 2024","format":false,"excerpt":"La 78\u00b0 Edici\u00f3n de la Expo Rural de Paysand\u00fa mostr\u00f3 un crecimiento importante en la presencia de ovinos, en todas las razas, ratificando porque es el tercer departamento con mayor stock del pa\u00eds. Adem\u00e1s, este a\u00f1o fue el marco para la Expo Nacional Suffolk. El Ing. Jos\u00e9 Francisco Ramos, t\u00e9cnico\u2026","rel":"","context":"En \u00abActualidad\u00bb","block_context":{"text":"Actualidad","link":"https:\/\/lahoradelcampo.com.uy\/site\/category\/actualidad\/"},"img":{"alt_text":"","src":"https:\/\/i0.wp.com\/lahoradelcampo.com.uy\/site\/wp-content\/uploads\/2024\/10\/MerinoPaysandu.jpg?fit=880%2C440&ssl=1&resize=350%2C200","width":350,"height":200,"srcset":"https:\/\/i0.wp.com\/lahoradelcampo.com.uy\/site\/wp-content\/uploads\/2024\/10\/MerinoPaysandu.jpg?fit=880%2C440&ssl=1&resize=350%2C200 1x, https:\/\/i0.wp.com\/lahoradelcampo.com.uy\/site\/wp-content\/uploads\/2024\/10\/MerinoPaysandu.jpg?fit=880%2C440&ssl=1&resize=525%2C300 1.5x, https:\/\/i0.wp.com\/lahoradelcampo.com.uy\/site\/wp-content\/uploads\/2024\/10\/MerinoPaysandu.jpg?fit=880%2C440&ssl=1&resize=700%2C400 2x"},"classes":[]},{"id":56745,"url":"https:\/\/lahoradelcampo.com.uy\/site\/texel-mostro-calidad-y-record-de-animales-en-el-prado\/","url_meta":{"origin":54455,"position":4},"title":"Texel mostr\u00f3 calidad y r\u00e9cord de animales en el Prado","author":"La Hora del Campo","date":"7 septiembre, 2025","format":false,"excerpt":"La pista ovina de la Expo Prado 2025 tuvo como protagonista a la raza Texel, que con poco m\u00e1s de cien ejemplares inscriptos se transform\u00f3 en la de mayor participaci\u00f3n de esta edici\u00f3n. El desfile de animales se llev\u00f3 adelante desde las primeras horas del s\u00e1bado y estuvo a cargo\u2026","rel":"","context":"En \u00abActualidad\u00bb","block_context":{"text":"Actualidad","link":"https:\/\/lahoradelcampo.com.uy\/site\/category\/actualidad\/"},"img":{"alt_text":"","src":"https:\/\/i0.wp.com\/lahoradelcampo.com.uy\/site\/wp-content\/uploads\/2025\/09\/Prado-texel-2025.jpg?fit=880%2C440&ssl=1&resize=350%2C200","width":350,"height":200,"srcset":"https:\/\/i0.wp.com\/lahoradelcampo.com.uy\/site\/wp-content\/uploads\/2025\/09\/Prado-texel-2025.jpg?fit=880%2C440&ssl=1&resize=350%2C200 1x, https:\/\/i0.wp.com\/lahoradelcampo.com.uy\/site\/wp-content\/uploads\/2025\/09\/Prado-texel-2025.jpg?fit=880%2C440&ssl=1&resize=525%2C300 1.5x, https:\/\/i0.wp.com\/lahoradelcampo.com.uy\/site\/wp-content\/uploads\/2025\/09\/Prado-texel-2025.jpg?fit=880%2C440&ssl=1&resize=700%2C400 2x"},"classes":[]},{"id":52418,"url":"https:\/\/lahoradelcampo.com.uy\/site\/poll-dorset-presento-una-destacada-genetica-en-la-expo-prado\/","url_meta":{"origin":54455,"position":5},"title":"Poll Dorset: Present\u00f3 una destacada gen\u00e9tica en la Expo Prado","author":"La Hora del Campo","date":"12 septiembre, 2023","format":false,"excerpt":"La raza Poll Dorset ha dejado una importante impresi\u00f3n en la Expo Salto, con una gran exhibici\u00f3n de ejemplares. Se posiciona como la tercera raza con mayor representaci\u00f3n en la muestra y ha sido elogiada por el jurado brasile\u00f1o, Roberto Moreira de Azambuja, por su excelente gen\u00e9tica. En la competencia\u2026","rel":"","context":"En \u00abActualidad\u00bb","block_context":{"text":"Actualidad","link":"https:\/\/lahoradelcampo.com.uy\/site\/category\/actualidad\/"},"img":{"alt_text":"","src":"https:\/\/i0.wp.com\/lahoradelcampo.com.uy\/site\/wp-content\/uploads\/2023\/09\/Polldorset-Prado.jpg?fit=880%2C440&ssl=1&resize=350%2C200","width":350,"height":200,"srcset":"https:\/\/i0.wp.com\/lahoradelcampo.com.uy\/site\/wp-content\/uploads\/2023\/09\/Polldorset-Prado.jpg?fit=880%2C440&ssl=1&resize=350%2C200 1x, https:\/\/i0.wp.com\/lahoradelcampo.com.uy\/site\/wp-content\/uploads\/2023\/09\/Polldorset-Prado.jpg?fit=880%2C440&ssl=1&resize=525%2C300 1.5x, https:\/\/i0.wp.com\/lahoradelcampo.com.uy\/site\/wp-content\/uploads\/2023\/09\/Polldorset-Prado.jpg?fit=880%2C440&ssl=1&resize=700%2C400 2x"},"classes":[]}],"jetpack_likes_enabled":true,"_links":{"self":[{"href":"https:\/\/lahoradelcampo.com.uy\/site\/wp-json\/wp\/v2\/posts\/54455","targetHints":{"allow":["GET"]}}],"collection":[{"href":"https:\/\/lahoradelcampo.com.uy\/site\/wp-json\/wp\/v2\/posts"}],"about":[{"href":"https:\/\/lahoradelcampo.com.uy\/site\/wp-json\/wp\/v2\/types\/post"}],"author":[{"embeddable":true,"href":"https:\/\/lahoradelcampo.com.uy\/site\/wp-json\/wp\/v2\/users\/5"}],"replies":[{"embeddable":true,"href":"https:\/\/lahoradelcampo.com.uy\/site\/wp-json\/wp\/v2\/comments?post=54455"}],"version-history":[{"count":1,"href":"https:\/\/lahoradelcampo.com.uy\/site\/wp-json\/wp\/v2\/posts\/54455\/revisions"}],"predecessor-version":[{"id":54457,"href":"https:\/\/lahoradelcampo.com.uy\/site\/wp-json\/wp\/v2\/posts\/54455\/revisions\/54457"}],"wp:featuredmedia":[{"embeddable":true,"href":"https:\/\/lahoradelcampo.com.uy\/site\/wp-json\/wp\/v2\/media\/54456"}],"wp:attachment":[{"href":"https:\/\/lahoradelcampo.com.uy\/site\/wp-json\/wp\/v2\/media?parent=54455"}],"wp:term":[{"taxonomy":"category","embeddable":true,"href":"https:\/\/lahoradelcampo.com.uy\/site\/wp-json\/wp\/v2\/categories?post=54455"},{"taxonomy":"post_tag","embeddable":true,"href":"https:\/\/lahoradelcampo.com.uy\/site\/wp-json\/wp\/v2\/tags?post=54455"}],"curies":[{"name":"wp","href":"https:\/\/api.w.org\/{rel}","templated":true}]}}