{"id":54452,"date":"2024-09-08T06:20:00","date_gmt":"2024-09-08T09:20:00","guid":{"rendered":"http:\/\/lahoradelcampo.com.uy\/site\/?p=54452"},"modified":"2024-09-08T06:52:53","modified_gmt":"2024-09-08T09:52:53","slug":"dona-cecilia-gano-en-machos-y-hembras-de-la-raza-arabes","status":"publish","type":"post","link":"https:\/\/lahoradelcampo.com.uy\/site\/dona-cecilia-gano-en-machos-y-hembras-de-la-raza-arabes\/","title":{"rendered":"\u00abDo\u00f1a Cecilia\u00bb gan\u00f3 en machos y hembras de la raza \u00c1rabes"},"content":{"rendered":"\n<figure class=\"wp-block-image size-full\"><a href=\"https:\/\/i0.wp.com\/lahoradelcampo.com.uy\/site\/wp-content\/uploads\/2024\/09\/arabes-2024.jpg\"><img data-recalc-dims=\"1\" loading=\"lazy\" decoding=\"async\" width=\"810\" height=\"405\" data-attachment-id=\"54453\" data-permalink=\"https:\/\/lahoradelcampo.com.uy\/site\/dona-cecilia-gano-en-machos-y-hembras-de-la-raza-arabes\/arabes-2024\/\" data-orig-file=\"https:\/\/i0.wp.com\/lahoradelcampo.com.uy\/site\/wp-content\/uploads\/2024\/09\/arabes-2024.jpg?fit=880%2C440&amp;ssl=1\" data-orig-size=\"880,440\" data-comments-opened=\"1\" data-image-meta=\"{&quot;aperture&quot;:&quot;0&quot;,&quot;credit&quot;:&quot;&quot;,&quot;camera&quot;:&quot;&quot;,&quot;caption&quot;:&quot;&quot;,&quot;created_timestamp&quot;:&quot;0&quot;,&quot;copyright&quot;:&quot;&quot;,&quot;focal_length&quot;:&quot;0&quot;,&quot;iso&quot;:&quot;0&quot;,&quot;shutter_speed&quot;:&quot;0&quot;,&quot;title&quot;:&quot;&quot;,&quot;orientation&quot;:&quot;1&quot;}\" data-image-title=\"arabes-2024\" data-image-description=\"\" data-image-caption=\"\" data-large-file=\"https:\/\/i0.wp.com\/lahoradelcampo.com.uy\/site\/wp-content\/uploads\/2024\/09\/arabes-2024.jpg?fit=810%2C405&amp;ssl=1\" src=\"https:\/\/i0.wp.com\/lahoradelcampo.com.uy\/site\/wp-content\/uploads\/2024\/09\/arabes-2024.jpg?resize=810%2C405\" alt=\"\" class=\"wp-image-54453\" srcset=\"https:\/\/i0.wp.com\/lahoradelcampo.com.uy\/site\/wp-content\/uploads\/2024\/09\/arabes-2024.jpg?w=880&amp;ssl=1 880w, https:\/\/i0.wp.com\/lahoradelcampo.com.uy\/site\/wp-content\/uploads\/2024\/09\/arabes-2024.jpg?resize=300%2C150&amp;ssl=1 300w, https:\/\/i0.wp.com\/lahoradelcampo.com.uy\/site\/wp-content\/uploads\/2024\/09\/arabes-2024.jpg?resize=768%2C384&amp;ssl=1 768w, https:\/\/i0.wp.com\/lahoradelcampo.com.uy\/site\/wp-content\/uploads\/2024\/09\/arabes-2024.jpg?resize=820%2C410&amp;ssl=1 820w\" sizes=\"auto, (max-width: 810px) 100vw, 810px\" \/><\/a><\/figure>\n\n\n\n<p>El s\u00e1bado, con 13 ejemplares en pista, se realiz\u00f3 las calificaciones de la raza equina \u00c1rabes, que este a\u00f1o estuvo bajo la mirada de tres jurados, designados por la Sociedad de Criadores de Caballos \u00c1rabes del Uruguay.  Juan Kademian, de Argentina; Koenraad Detaileeur, de B\u00e9lgica; y Luiz Rocco, de Brasil, seleccionaron los mejores ejemplares, que este a\u00f1o fueron presentados, tanto machos como hembras, por la caba\u00f1a Do\u00f1a Cecilia.<\/p>\n\n\n\n<p>El jurado argentino indic\u00f3 que \u201cfue un placer jurar en el Prado, el nivel de los caballos es muy bueno, con mucho tipo y movimiento, los grandes campeones fueron por decisi\u00f3n un\u00e1nime\u201d. Tipo, armon\u00eda del caballo, cuello, cabeza y movimiento, son los principales atributos que busca un jurado en una calificaci\u00f3n de \u00c1rabes, \u201csin dejar de lado que tiene que tener un cuerpo fuerte, porque tiene que ser un caballo funcional\u201d.<\/p>\n\n\n\n<p>Sobre la experiencia de calificar en conjunto a otros dos jurados, y de diferentes nacionalidades, Kademian coment\u00f3 que \u201cfue muy ameno, siempre es bueno compartir este tipo de experiencias, se intercambian opiniones\u201d. En comparaci\u00f3n con el nivel gen\u00e9tico de Argentina, el jurado sostuvo que este a\u00f1o particip\u00f3 tambi\u00e9n en Expo Palermo y asegur\u00f3 que son muy parejos los dos, \u00abme baso en los campeones de cada exposici\u00f3n y son animales que pueden competir en cualquier pa\u00eds\u201d.<\/p>\n\n\n\n<p><strong>Veredictos.<\/strong><\/p>\n\n\n\n<p>En machos el Gran Campe\u00f3n y el Reservado Gran Campe\u00f3n fue expuesto por Haras Do\u00f1a Cecilia.<\/p>\n\n\n\n<p>En hembras, la Gran Campeona fue expuesta por Haras Do\u00f1a Cecilia, y la Reservada Gran Campeona fue de Al Kuiser Stud.<\/p>\n\n\n\n<p>El mejor ejemplar sin distinci\u00f3n de sexo fue la Gran Campeona.<\/p>\n\n\n\n<p>Salto, 8 de setiembre de 2024<\/p>\n","protected":false},"excerpt":{"rendered":"<p>El s\u00e1bado, con 13 ejemplares en pista, se realiz\u00f3 las calificaciones de la raza equina \u00c1rabes, que este a\u00f1o estuvo bajo la mirada de tres jurados, designados por la Sociedad [&hellip;]<\/p>\n","protected":false},"author":5,"featured_media":54453,"comment_status":"open","ping_status":"open","sticky":false,"template":"","format":"standard","meta":{"_price":"","_stock":"","_tribe_ticket_header":"","_tribe_default_ticket_provider":"","_tribe_ticket_capacity":"0","_ticket_start_date":"","_ticket_end_date":"","_tribe_ticket_show_description":"","_tribe_ticket_show_not_going":false,"_tribe_ticket_use_global_stock":"","_tribe_ticket_global_stock_level":"","_global_stock_mode":"","_global_stock_cap":"","_tribe_rsvp_for_event":"","_tribe_ticket_going_count":"","_tribe_ticket_not_going_count":"","_tribe_tickets_list":"[]","_tribe_ticket_has_attendee_info_fields":false,"h5ap_radio_sources":[],"_jetpack_newsletter_access":"","_jetpack_dont_email_post_to_subs":false,"_jetpack_newsletter_tier_id":0,"_jetpack_memberships_contains_paywalled_content":false,"_jetpack_memberships_contains_paid_content":false,"footnotes":""},"categories":[21,23],"tags":[],"class_list":["post-54452","post","type-post","status-publish","format-standard","has-post-thumbnail","hentry","category-actualidad","category-equinos"],"jetpack_featured_media_url":"https:\/\/i0.wp.com\/lahoradelcampo.com.uy\/site\/wp-content\/uploads\/2024\/09\/arabes-2024.jpg?fit=880%2C440&ssl=1","jetpack_sharing_enabled":true,"jetpack_shortlink":"https:\/\/wp.me\/p99IaT-eag","jetpack-related-posts":[{"id":12521,"url":"https:\/\/lahoradelcampo.com.uy\/site\/1-364-ejemplares-fueron-pre-inscriptos-para-la-expo-prado-2019\/","url_meta":{"origin":54452,"position":0},"title":"1.364 ejemplares fueron pre-inscriptos para la Expo Prado 2019","author":"La Hora del Campo","date":"8 julio, 2019","format":false,"excerpt":"De cara a lo que ser\u00e1 la 114\u00aa edici\u00f3n de la Exposici\u00f3n Internacional de Ganader\u00eda y Muestra Internacional Agro Industrial y Comercial, la Expo Prado 2019, la Asociaci\u00f3n Rural del Uruguay cerr\u00f3 el llamado a pre-inscripci\u00f3n de animales el pasado 28 de junio, habi\u00e9ndose registrado un total de 1.364 ejemplares.\u2026","rel":"","context":"En \u00abActualidad\u00bb","block_context":{"text":"Actualidad","link":"https:\/\/lahoradelcampo.com.uy\/site\/category\/actualidad\/"},"img":{"alt_text":"","src":"https:\/\/i0.wp.com\/lahoradelcampo.com.uy\/site\/wp-content\/uploads\/2017\/09\/Hereford-Galp%C3%B3n-Prado.jpg?fit=880%2C440&ssl=1&resize=350%2C200","width":350,"height":200,"srcset":"https:\/\/i0.wp.com\/lahoradelcampo.com.uy\/site\/wp-content\/uploads\/2017\/09\/Hereford-Galp%C3%B3n-Prado.jpg?fit=880%2C440&ssl=1&resize=350%2C200 1x, https:\/\/i0.wp.com\/lahoradelcampo.com.uy\/site\/wp-content\/uploads\/2017\/09\/Hereford-Galp%C3%B3n-Prado.jpg?fit=880%2C440&ssl=1&resize=525%2C300 1.5x, https:\/\/i0.wp.com\/lahoradelcampo.com.uy\/site\/wp-content\/uploads\/2017\/09\/Hereford-Galp%C3%B3n-Prado.jpg?fit=880%2C440&ssl=1&resize=700%2C400 2x"},"classes":[]},{"id":23200,"url":"https:\/\/lahoradelcampo.com.uy\/site\/el-proximo-miercoles-comienza-la-expo-prado-2020\/","url_meta":{"origin":54452,"position":1},"title":"El pr\u00f3ximo mi\u00e9rcoles comienza la Expo Prado 2020","author":"La Hora del Campo","date":"3 septiembre, 2020","format":false,"excerpt":"La Expo Prado 2020, la \u00fanica exposici\u00f3n de la regi\u00f3n abierta al p\u00fablico este a\u00f1o, comienza el pr\u00f3ximo mi\u00e9rcoles 9 de setiembre y a medida que se acerca la fecha se incrementan las actividades que se van a desarrollar. La muestra se desarrollar\u00e1 con el slogan \"Expo Prado 2020: \u00a1Entre\u2026","rel":"","context":"En \u00abActualidad\u00bb","block_context":{"text":"Actualidad","link":"https:\/\/lahoradelcampo.com.uy\/site\/category\/actualidad\/"},"img":{"alt_text":"","src":"https:\/\/i0.wp.com\/lahoradelcampo.com.uy\/site\/wp-content\/uploads\/2020\/07\/expopradoweb.jpg?fit=880%2C440&ssl=1&resize=350%2C200","width":350,"height":200,"srcset":"https:\/\/i0.wp.com\/lahoradelcampo.com.uy\/site\/wp-content\/uploads\/2020\/07\/expopradoweb.jpg?fit=880%2C440&ssl=1&resize=350%2C200 1x, https:\/\/i0.wp.com\/lahoradelcampo.com.uy\/site\/wp-content\/uploads\/2020\/07\/expopradoweb.jpg?fit=880%2C440&ssl=1&resize=525%2C300 1.5x, https:\/\/i0.wp.com\/lahoradelcampo.com.uy\/site\/wp-content\/uploads\/2020\/07\/expopradoweb.jpg?fit=880%2C440&ssl=1&resize=700%2C400 2x"},"classes":[]},{"id":56742,"url":"https:\/\/lahoradelcampo.com.uy\/site\/rural-del-prado-primeros-grandes-campeones-equinos-de-la-muestra\/","url_meta":{"origin":54452,"position":2},"title":"Rural del Prado: primeros Grandes Campeones equinos de la muestra","author":"La Hora del Campo","date":"7 septiembre, 2025","format":false,"excerpt":"El viernes comenz\u00f3 una nueva edici\u00f3n de la Exposici\u00f3n Rural del Prado, con calificaciones en la pista de las distintas razas equinas del primer turno y este s\u00e1bado tambi\u00e9n se calific\u00f3 la raza Texel. En este sentido se definieron los primeros Grandes Campeones de la muestra. Akhal-Teke La raza Akhal-Teke,\u2026","rel":"","context":"En \u00abActualidad\u00bb","block_context":{"text":"Actualidad","link":"https:\/\/lahoradelcampo.com.uy\/site\/category\/actualidad\/"},"img":{"alt_text":"","src":"https:\/\/i0.wp.com\/lahoradelcampo.com.uy\/site\/wp-content\/uploads\/2025\/09\/Prado-arabes.jpg?fit=880%2C440&ssl=1&resize=350%2C200","width":350,"height":200,"srcset":"https:\/\/i0.wp.com\/lahoradelcampo.com.uy\/site\/wp-content\/uploads\/2025\/09\/Prado-arabes.jpg?fit=880%2C440&ssl=1&resize=350%2C200 1x, https:\/\/i0.wp.com\/lahoradelcampo.com.uy\/site\/wp-content\/uploads\/2025\/09\/Prado-arabes.jpg?fit=880%2C440&ssl=1&resize=525%2C300 1.5x, https:\/\/i0.wp.com\/lahoradelcampo.com.uy\/site\/wp-content\/uploads\/2025\/09\/Prado-arabes.jpg?fit=880%2C440&ssl=1&resize=700%2C400 2x"},"classes":[]},{"id":45247,"url":"https:\/\/lahoradelcampo.com.uy\/site\/conozca-la-agenda-de-calificaciones-de-la-expo-prado-2022\/","url_meta":{"origin":54452,"position":3},"title":"Conozca la agenda de calificaciones de la Expo Prado 2022","author":"La Hora del Campo","date":"5 septiembre, 2022","format":false,"excerpt":"El \u00e1rea ganadera mostr\u00f3 un incremento del 10% en la cantidad de animales inscriptos, seg\u00fan inform\u00f3 el director de Exposiciones, Ing. Rafael Ferber, quien destac\u00f3 la participaci\u00f3n de la raza Brahman este a\u00f1o y el crecimiento en las diferentes razas carniceras en la especie ovina. \"Los ovinos con lana mantienen\u2026","rel":"","context":"En \u00abActualidad\u00bb","block_context":{"text":"Actualidad","link":"https:\/\/lahoradelcampo.com.uy\/site\/category\/actualidad\/"},"img":{"alt_text":"","src":"https:\/\/i0.wp.com\/lahoradelcampo.com.uy\/site\/wp-content\/uploads\/2021\/06\/expoprado.jpg?fit=880%2C440&ssl=1&resize=350%2C200","width":350,"height":200,"srcset":"https:\/\/i0.wp.com\/lahoradelcampo.com.uy\/site\/wp-content\/uploads\/2021\/06\/expoprado.jpg?fit=880%2C440&ssl=1&resize=350%2C200 1x, https:\/\/i0.wp.com\/lahoradelcampo.com.uy\/site\/wp-content\/uploads\/2021\/06\/expoprado.jpg?fit=880%2C440&ssl=1&resize=525%2C300 1.5x, https:\/\/i0.wp.com\/lahoradelcampo.com.uy\/site\/wp-content\/uploads\/2021\/06\/expoprado.jpg?fit=880%2C440&ssl=1&resize=700%2C400 2x"},"classes":[]},{"id":50621,"url":"https:\/\/lahoradelcampo.com.uy\/site\/jurado-destaco-el-potencial-del-hereford-en-la-quinta-exposicion-nacional\/","url_meta":{"origin":54452,"position":4},"title":"Jurado destac\u00f3 el potencial del Hereford en la quinta Exposici\u00f3n Nacional","author":"La Hora del Campo","date":"22 mayo, 2023","format":false,"excerpt":"En una jornada de oto\u00f1o, la Expo Nacional celebrada en Salto mostr\u00f3 el potencial y futuro de la raza Hereford a trav\u00e9s de los ejemplares que desfilaron ante la atenta mirada del jurado Gonzalo Pepe Rampoldi. A pesar de contar con menos animales en el bozal que en ediciones anteriores,\u2026","rel":"","context":"En \u00abActualidad\u00bb","block_context":{"text":"Actualidad","link":"https:\/\/lahoradelcampo.com.uy\/site\/category\/actualidad\/"},"img":{"alt_text":"","src":"https:\/\/i0.wp.com\/lahoradelcampo.com.uy\/site\/wp-content\/uploads\/2023\/05\/Hereford-GranCampeon.jpg?fit=880%2C440&ssl=1&resize=350%2C200","width":350,"height":200,"srcset":"https:\/\/i0.wp.com\/lahoradelcampo.com.uy\/site\/wp-content\/uploads\/2023\/05\/Hereford-GranCampeon.jpg?fit=880%2C440&ssl=1&resize=350%2C200 1x, https:\/\/i0.wp.com\/lahoradelcampo.com.uy\/site\/wp-content\/uploads\/2023\/05\/Hereford-GranCampeon.jpg?fit=880%2C440&ssl=1&resize=525%2C300 1.5x, https:\/\/i0.wp.com\/lahoradelcampo.com.uy\/site\/wp-content\/uploads\/2023\/05\/Hereford-GranCampeon.jpg?fit=880%2C440&ssl=1&resize=700%2C400 2x"},"classes":[]},{"id":23664,"url":"https:\/\/lahoradelcampo.com.uy\/site\/braford-ganaron-la-perdiz-en-machos-y-el-telegrafo-en-hembras\/","url_meta":{"origin":54452,"position":5},"title":"Braford: Ganaron La Perd\u00edz en machos y El Tel\u00e9grafo en hembras","author":"La Hora del Campo","date":"16 septiembre, 2020","format":false,"excerpt":"Ayer se juraron los mejores ejemplares de la raza Braford, con la participaci\u00f3n de menos caba\u00f1as que en ediciones anteriores, algo esperable debido a la situaci\u00f3n actual de la pandemia. A pesar de la menor presencia de caba\u00f1as, los productores exhibieron una destacada gen\u00e9tica de la raza. El Dr. H\u00e9ctor\u2026","rel":"","context":"En \u00abActualidad\u00bb","block_context":{"text":"Actualidad","link":"https:\/\/lahoradelcampo.com.uy\/site\/category\/actualidad\/"},"img":{"alt_text":"","src":"https:\/\/i0.wp.com\/lahoradelcampo.com.uy\/site\/wp-content\/uploads\/2020\/09\/Brafordprado.jpg?fit=880%2C440&ssl=1&resize=350%2C200","width":350,"height":200,"srcset":"https:\/\/i0.wp.com\/lahoradelcampo.com.uy\/site\/wp-content\/uploads\/2020\/09\/Brafordprado.jpg?fit=880%2C440&ssl=1&resize=350%2C200 1x, https:\/\/i0.wp.com\/lahoradelcampo.com.uy\/site\/wp-content\/uploads\/2020\/09\/Brafordprado.jpg?fit=880%2C440&ssl=1&resize=525%2C300 1.5x, https:\/\/i0.wp.com\/lahoradelcampo.com.uy\/site\/wp-content\/uploads\/2020\/09\/Brafordprado.jpg?fit=880%2C440&ssl=1&resize=700%2C400 2x"},"classes":[]}],"jetpack_likes_enabled":true,"_links":{"self":[{"href":"https:\/\/lahoradelcampo.com.uy\/site\/wp-json\/wp\/v2\/posts\/54452","targetHints":{"allow":["GET"]}}],"collection":[{"href":"https:\/\/lahoradelcampo.com.uy\/site\/wp-json\/wp\/v2\/posts"}],"about":[{"href":"https:\/\/lahoradelcampo.com.uy\/site\/wp-json\/wp\/v2\/types\/post"}],"author":[{"embeddable":true,"href":"https:\/\/lahoradelcampo.com.uy\/site\/wp-json\/wp\/v2\/users\/5"}],"replies":[{"embeddable":true,"href":"https:\/\/lahoradelcampo.com.uy\/site\/wp-json\/wp\/v2\/comments?post=54452"}],"version-history":[{"count":1,"href":"https:\/\/lahoradelcampo.com.uy\/site\/wp-json\/wp\/v2\/posts\/54452\/revisions"}],"predecessor-version":[{"id":54454,"href":"https:\/\/lahoradelcampo.com.uy\/site\/wp-json\/wp\/v2\/posts\/54452\/revisions\/54454"}],"wp:featuredmedia":[{"embeddable":true,"href":"https:\/\/lahoradelcampo.com.uy\/site\/wp-json\/wp\/v2\/media\/54453"}],"wp:attachment":[{"href":"https:\/\/lahoradelcampo.com.uy\/site\/wp-json\/wp\/v2\/media?parent=54452"}],"wp:term":[{"taxonomy":"category","embeddable":true,"href":"https:\/\/lahoradelcampo.com.uy\/site\/wp-json\/wp\/v2\/categories?post=54452"},{"taxonomy":"post_tag","embeddable":true,"href":"https:\/\/lahoradelcampo.com.uy\/site\/wp-json\/wp\/v2\/tags?post=54452"}],"curies":[{"name":"wp","href":"https:\/\/api.w.org\/{rel}","templated":true}]}}