{"id":54449,"date":"2024-09-08T06:15:00","date_gmt":"2024-09-08T09:15:00","guid":{"rendered":"http:\/\/lahoradelcampo.com.uy\/site\/?p=54449"},"modified":"2024-09-08T06:52:43","modified_gmt":"2024-09-08T09:52:43","slug":"una-expo-historica-realizo-la-raza-appaloosa","status":"publish","type":"post","link":"https:\/\/lahoradelcampo.com.uy\/site\/una-expo-historica-realizo-la-raza-appaloosa\/","title":{"rendered":"\u00abUna expo hist\u00f3rica\u00bb realizo la raza Appaloosa"},"content":{"rendered":"\n<figure class=\"wp-block-image size-full\"><a href=\"https:\/\/i0.wp.com\/lahoradelcampo.com.uy\/site\/wp-content\/uploads\/2024\/09\/Appaloosa-2024.jpg\"><img data-recalc-dims=\"1\" loading=\"lazy\" decoding=\"async\" width=\"810\" height=\"405\" data-attachment-id=\"54450\" data-permalink=\"https:\/\/lahoradelcampo.com.uy\/site\/una-expo-historica-realizo-la-raza-appaloosa\/appaloosa-2024\/\" data-orig-file=\"https:\/\/i0.wp.com\/lahoradelcampo.com.uy\/site\/wp-content\/uploads\/2024\/09\/Appaloosa-2024.jpg?fit=880%2C440&amp;ssl=1\" data-orig-size=\"880,440\" data-comments-opened=\"1\" data-image-meta=\"{&quot;aperture&quot;:&quot;0&quot;,&quot;credit&quot;:&quot;&quot;,&quot;camera&quot;:&quot;&quot;,&quot;caption&quot;:&quot;&quot;,&quot;created_timestamp&quot;:&quot;0&quot;,&quot;copyright&quot;:&quot;&quot;,&quot;focal_length&quot;:&quot;0&quot;,&quot;iso&quot;:&quot;0&quot;,&quot;shutter_speed&quot;:&quot;0&quot;,&quot;title&quot;:&quot;&quot;,&quot;orientation&quot;:&quot;1&quot;}\" data-image-title=\"Appaloosa-2024\" data-image-description=\"\" data-image-caption=\"\" data-large-file=\"https:\/\/i0.wp.com\/lahoradelcampo.com.uy\/site\/wp-content\/uploads\/2024\/09\/Appaloosa-2024.jpg?fit=810%2C405&amp;ssl=1\" src=\"https:\/\/i0.wp.com\/lahoradelcampo.com.uy\/site\/wp-content\/uploads\/2024\/09\/Appaloosa-2024.jpg?resize=810%2C405\" alt=\"\" class=\"wp-image-54450\" srcset=\"https:\/\/i0.wp.com\/lahoradelcampo.com.uy\/site\/wp-content\/uploads\/2024\/09\/Appaloosa-2024.jpg?w=880&amp;ssl=1 880w, https:\/\/i0.wp.com\/lahoradelcampo.com.uy\/site\/wp-content\/uploads\/2024\/09\/Appaloosa-2024.jpg?resize=300%2C150&amp;ssl=1 300w, https:\/\/i0.wp.com\/lahoradelcampo.com.uy\/site\/wp-content\/uploads\/2024\/09\/Appaloosa-2024.jpg?resize=768%2C384&amp;ssl=1 768w, https:\/\/i0.wp.com\/lahoradelcampo.com.uy\/site\/wp-content\/uploads\/2024\/09\/Appaloosa-2024.jpg?resize=820%2C410&amp;ssl=1 820w\" sizes=\"auto, (max-width: 810px) 100vw, 810px\" \/><\/a><\/figure>\n\n\n\n<p>Entre las primeras calificaciones de esta Expo Prado, el pasado viernes el argentino Laurencio Leal Lobo, fue el encargado de calificar las razas Appaloosa y Paint Horse, donde resalt\u00f3 las cualidades y la representatividad de las razas en los mejores ejemplares.<\/p>\n\n\n\n<p><strong>Raza Appaloosa<\/strong><\/p>\n\n\n\n<p>En lo que respecta a la raza Appaloosa, el jurado se mostr\u00f3 agradecido por la invitaci\u00f3n a participar de lo que denomin\u00f3 \u00abuna expo hist\u00f3rica\u00bb. El argentino destac\u00f3 la calidad de los animales presentados, principalmente en lo que refiere a la Gran Campeona de la muestra, \u00abuna potranca que me encant\u00f3. Ten\u00eda much\u00edsima calidad, muy balanceada, con estructura y rasgos caracter\u00edsticos de la raza\u00bb. En el caso de los machos, se inclin\u00f3 por el ejemplar adulto \u00abpor tener mejor cabeza y mejor balance. El segundo caballo tambi\u00e9n me gust\u00f3, pero le faltaba un poco de grupa, algo que buscamos en esta raza\u00bb, explic\u00f3.<\/p>\n\n\n\n<p><strong>Veredictos<\/strong><\/p>\n\n\n\n<p><strong>Appaloosa Prep.:<\/strong> Gran Campeona y Campeona Adulta de Delgado e Hijos; Gran Campe\u00f3n, Campeon Adulto y Mejor Ejemplar sin distinci\u00f3n de sexo de Nicola de Angelis.<\/p>\n\n\n\n<p><strong>Hembras:<\/strong> Gran Campeona, Campeona Tres A\u00f1os y Mejor Ejemplar sin distinci\u00f3n de sexo de Mart\u00edn Fern\u00e1ndez.<\/p>\n\n\n\n<p><strong>Machos:<\/strong> Gran Campe\u00f3n y Campe\u00f3n Adulto de Nicolas De Angelis.<\/p>\n\n\n\n<p><strong>Raza Paint Horse<\/strong><\/p>\n\n\n\n<p>En el caso de la raza Paint Horse, Leal Lobo debi\u00f3 definir los mejores ejemplares entre 15 animales de la raza presentados este a\u00f1o. En el caso de la Gran Campeona, dijo que la yegua no present\u00f3 defectos en el cuello, cabeza y estado y destac\u00f3 su mansedumbre. En tanto que del Gran Campe\u00f3n destac\u00f3 que \u00abes el caballo m\u00e1s representativo de la raza\u00bb.<\/p>\n\n\n\n<p><strong>Veredictos<\/strong><\/p>\n\n\n\n<p><strong>Hembras:<\/strong> Gran Campeona, Campeona Tres A\u00f1os y Mejor Ejemplar sin distinci\u00f3n de Sexo, de Marcelo Pereyra.<\/p>\n\n\n\n<p><strong>Machos: <\/strong>Gran Campeon y Campeon Adulto de Adriano Cairus.<\/p>\n\n\n\n<p><strong>Paint Prep.:<\/strong> Gran Campeona de Sergio Bonetto.<\/p>\n\n\n\n<p>Salto, 7 de setiembre de 2024<\/p>\n","protected":false},"excerpt":{"rendered":"<p>Entre las primeras calificaciones de esta Expo Prado, el pasado viernes el argentino Laurencio Leal Lobo, fue el encargado de calificar las razas Appaloosa y Paint Horse, donde resalt\u00f3 las [&hellip;]<\/p>\n","protected":false},"author":5,"featured_media":54450,"comment_status":"open","ping_status":"open","sticky":false,"template":"","format":"standard","meta":{"_price":"","_stock":"","_tribe_ticket_header":"","_tribe_default_ticket_provider":"","_tribe_ticket_capacity":"0","_ticket_start_date":"","_ticket_end_date":"","_tribe_ticket_show_description":"","_tribe_ticket_show_not_going":false,"_tribe_ticket_use_global_stock":"","_tribe_ticket_global_stock_level":"","_global_stock_mode":"","_global_stock_cap":"","_tribe_rsvp_for_event":"","_tribe_ticket_going_count":"","_tribe_ticket_not_going_count":"","_tribe_tickets_list":"[]","_tribe_ticket_has_attendee_info_fields":false,"h5ap_radio_sources":[],"_jetpack_newsletter_access":"","_jetpack_dont_email_post_to_subs":false,"_jetpack_newsletter_tier_id":0,"_jetpack_memberships_contains_paywalled_content":false,"_jetpack_memberships_contains_paid_content":false,"footnotes":""},"categories":[21,23],"tags":[],"class_list":["post-54449","post","type-post","status-publish","format-standard","has-post-thumbnail","hentry","category-actualidad","category-equinos"],"jetpack_featured_media_url":"https:\/\/i0.wp.com\/lahoradelcampo.com.uy\/site\/wp-content\/uploads\/2024\/09\/Appaloosa-2024.jpg?fit=880%2C440&ssl=1","jetpack_sharing_enabled":true,"jetpack_shortlink":"https:\/\/wp.me\/p99IaT-ead","jetpack-related-posts":[{"id":46065,"url":"https:\/\/lahoradelcampo.com.uy\/site\/mauren-vivo-presento-el-gran-campeon-appaloosa\/","url_meta":{"origin":54449,"position":0},"title":"Mauren Vivo present\u00f3 el Gran Campe\u00f3n Appaloosa","author":"La Hora del Campo","date":"2 octubre, 2022","format":false,"excerpt":"La productora Mauren Vivo present\u00f3 el Gran Campe\u00f3n de la raza Appaloosa, en la pista de la Expo Salto, donde el jurado destac\u00f3 su estructura y buenos aplomos. El ejemplar fue calificado por Javier Barcena, qui\u00e9n es criador de Cuarto de Milla. El jurado dijo \u201cest\u00e1 muy bueno que estas\u2026","rel":"","context":"En \u00abActualidad\u00bb","block_context":{"text":"Actualidad","link":"https:\/\/lahoradelcampo.com.uy\/site\/category\/actualidad\/"},"img":{"alt_text":"","src":"https:\/\/i0.wp.com\/lahoradelcampo.com.uy\/site\/wp-content\/uploads\/2022\/10\/ExpoSalto-Appaloosa.jpg?fit=880%2C440&ssl=1&resize=350%2C200","width":350,"height":200,"srcset":"https:\/\/i0.wp.com\/lahoradelcampo.com.uy\/site\/wp-content\/uploads\/2022\/10\/ExpoSalto-Appaloosa.jpg?fit=880%2C440&ssl=1&resize=350%2C200 1x, https:\/\/i0.wp.com\/lahoradelcampo.com.uy\/site\/wp-content\/uploads\/2022\/10\/ExpoSalto-Appaloosa.jpg?fit=880%2C440&ssl=1&resize=525%2C300 1.5x, https:\/\/i0.wp.com\/lahoradelcampo.com.uy\/site\/wp-content\/uploads\/2022\/10\/ExpoSalto-Appaloosa.jpg?fit=880%2C440&ssl=1&resize=700%2C400 2x"},"classes":[]},{"id":22556,"url":"https:\/\/lahoradelcampo.com.uy\/site\/aru-dio-a-conocer-el-programa-de-la-115-expo-prado\/","url_meta":{"origin":54449,"position":1},"title":"ARU dio a conocer el programa de la 115 Expo Prado","author":"La Hora del Campo","date":"11 agosto, 2020","format":false,"excerpt":"ARU dio a conocer su programa de ingresos, jurados, remates y pruebas funcionales para la 115 edici\u00f3n de la Expo Prado en este a\u00f1o 2020. En el mismo se establece que las aves ingresan el lunes 7 y los conejos el martes 8, mientras que los d\u00edas mi\u00e9rcoles 9 y\u2026","rel":"","context":"En \u00abActualidad\u00bb","block_context":{"text":"Actualidad","link":"https:\/\/lahoradelcampo.com.uy\/site\/category\/actualidad\/"},"img":{"alt_text":"","src":"https:\/\/i0.wp.com\/lahoradelcampo.com.uy\/site\/wp-content\/uploads\/2019\/09\/herford-hembra-prado.jpg?fit=880%2C440&ssl=1&resize=350%2C200","width":350,"height":200,"srcset":"https:\/\/i0.wp.com\/lahoradelcampo.com.uy\/site\/wp-content\/uploads\/2019\/09\/herford-hembra-prado.jpg?fit=880%2C440&ssl=1&resize=350%2C200 1x, https:\/\/i0.wp.com\/lahoradelcampo.com.uy\/site\/wp-content\/uploads\/2019\/09\/herford-hembra-prado.jpg?fit=880%2C440&ssl=1&resize=525%2C300 1.5x, https:\/\/i0.wp.com\/lahoradelcampo.com.uy\/site\/wp-content\/uploads\/2019\/09\/herford-hembra-prado.jpg?fit=880%2C440&ssl=1&resize=700%2C400 2x"},"classes":[]},{"id":23204,"url":"https:\/\/lahoradelcampo.com.uy\/site\/actividades-y-remates-en-la-expo-prado-2020\/","url_meta":{"origin":54449,"position":2},"title":"Actividades y remates en la Expo Prado 2020","author":"La Hora del Campo","date":"3 septiembre, 2020","format":false,"excerpt":"A medida que se va acercando la fecha de inicio de la muestra se van sumando actividades que seguramente congregaran al p\u00fablico. A modo de ejemplo el primer d\u00eda de la exposici\u00f3n, ARU y El Pa\u00eds realizar\u00e1n la tercera edici\u00f3n de \"Reconocimientos\" a figuras del sector agropecuario en el Galp\u00f3n\u2026","rel":"","context":"En \u00abActualidad\u00bb","block_context":{"text":"Actualidad","link":"https:\/\/lahoradelcampo.com.uy\/site\/category\/actualidad\/"},"img":{"alt_text":"","src":"https:\/\/i0.wp.com\/lahoradelcampo.com.uy\/site\/wp-content\/uploads\/2020\/05\/ExpoPrado.jpg?fit=880%2C440&ssl=1&resize=350%2C200","width":350,"height":200,"srcset":"https:\/\/i0.wp.com\/lahoradelcampo.com.uy\/site\/wp-content\/uploads\/2020\/05\/ExpoPrado.jpg?fit=880%2C440&ssl=1&resize=350%2C200 1x, https:\/\/i0.wp.com\/lahoradelcampo.com.uy\/site\/wp-content\/uploads\/2020\/05\/ExpoPrado.jpg?fit=880%2C440&ssl=1&resize=525%2C300 1.5x, https:\/\/i0.wp.com\/lahoradelcampo.com.uy\/site\/wp-content\/uploads\/2020\/05\/ExpoPrado.jpg?fit=880%2C440&ssl=1&resize=700%2C400 2x"},"classes":[]},{"id":23200,"url":"https:\/\/lahoradelcampo.com.uy\/site\/el-proximo-miercoles-comienza-la-expo-prado-2020\/","url_meta":{"origin":54449,"position":3},"title":"El pr\u00f3ximo mi\u00e9rcoles comienza la Expo Prado 2020","author":"La Hora del Campo","date":"3 septiembre, 2020","format":false,"excerpt":"La Expo Prado 2020, la \u00fanica exposici\u00f3n de la regi\u00f3n abierta al p\u00fablico este a\u00f1o, comienza el pr\u00f3ximo mi\u00e9rcoles 9 de setiembre y a medida que se acerca la fecha se incrementan las actividades que se van a desarrollar. La muestra se desarrollar\u00e1 con el slogan \"Expo Prado 2020: \u00a1Entre\u2026","rel":"","context":"En \u00abActualidad\u00bb","block_context":{"text":"Actualidad","link":"https:\/\/lahoradelcampo.com.uy\/site\/category\/actualidad\/"},"img":{"alt_text":"","src":"https:\/\/i0.wp.com\/lahoradelcampo.com.uy\/site\/wp-content\/uploads\/2020\/07\/expopradoweb.jpg?fit=880%2C440&ssl=1&resize=350%2C200","width":350,"height":200,"srcset":"https:\/\/i0.wp.com\/lahoradelcampo.com.uy\/site\/wp-content\/uploads\/2020\/07\/expopradoweb.jpg?fit=880%2C440&ssl=1&resize=350%2C200 1x, https:\/\/i0.wp.com\/lahoradelcampo.com.uy\/site\/wp-content\/uploads\/2020\/07\/expopradoweb.jpg?fit=880%2C440&ssl=1&resize=525%2C300 1.5x, https:\/\/i0.wp.com\/lahoradelcampo.com.uy\/site\/wp-content\/uploads\/2020\/07\/expopradoweb.jpg?fit=880%2C440&ssl=1&resize=700%2C400 2x"},"classes":[]},{"id":54385,"url":"https:\/\/lahoradelcampo.com.uy\/site\/el-viernes-inicia-expo-prado-con-la-presencia-de-los-presidenciables\/","url_meta":{"origin":54449,"position":4},"title":"El viernes inicia Expo Prado, con la presencia de los presidenciables","author":"La Hora del Campo","date":"3 septiembre, 2024","format":false,"excerpt":"Desde el viernes 6 al domingo 15, se realiza la 119\u00b0 edici\u00f3n de la exposici\u00f3n internacional de ganader\u00eda, muestra agroindustrial y comercial, Expo Prado 2024, organizada por la Asociaci\u00f3n Rural del Uruguay (ARU) donde se exhibe lo mejor de la gen\u00e9tica nacional, este a\u00f1o con el adicional de ser un\u2026","rel":"","context":"En \u00abActualidad\u00bb","block_context":{"text":"Actualidad","link":"https:\/\/lahoradelcampo.com.uy\/site\/category\/actualidad\/"},"img":{"alt_text":"","src":"https:\/\/i0.wp.com\/lahoradelcampo.com.uy\/site\/wp-content\/uploads\/2024\/09\/expo-prado1.jpg?fit=880%2C440&ssl=1&resize=350%2C200","width":350,"height":200,"srcset":"https:\/\/i0.wp.com\/lahoradelcampo.com.uy\/site\/wp-content\/uploads\/2024\/09\/expo-prado1.jpg?fit=880%2C440&ssl=1&resize=350%2C200 1x, https:\/\/i0.wp.com\/lahoradelcampo.com.uy\/site\/wp-content\/uploads\/2024\/09\/expo-prado1.jpg?fit=880%2C440&ssl=1&resize=525%2C300 1.5x, https:\/\/i0.wp.com\/lahoradelcampo.com.uy\/site\/wp-content\/uploads\/2024\/09\/expo-prado1.jpg?fit=880%2C440&ssl=1&resize=700%2C400 2x"},"classes":[]},{"id":32702,"url":"https:\/\/lahoradelcampo.com.uy\/site\/aru-definio-el-cronograma-ganadero-de-la-expo-prado-2021\/","url_meta":{"origin":54449,"position":5},"title":"ARU defini\u00f3 el cronograma ganadero de la Expo Prado 2021","author":"La Hora del Campo","date":"4 agosto, 2021","format":false,"excerpt":"Poco a poco se va acercando la 116\u00aa Exposici\u00f3n internacional de ganader\u00eda, muestra agroindustrial y comercial, la Expo Prado 2021, la gremial organizadora dio a conocer el cronograma ganadero que como ya se ha mencionado aqu\u00ed en La Hora del Campo, tendr\u00e1 variantes respecto a a\u00f1os anteriores, con menor cantidad\u2026","rel":"","context":"En \u00abActualidad\u00bb","block_context":{"text":"Actualidad","link":"https:\/\/lahoradelcampo.com.uy\/site\/category\/actualidad\/"},"img":{"alt_text":"","src":"https:\/\/i0.wp.com\/lahoradelcampo.com.uy\/site\/wp-content\/uploads\/2019\/09\/Angus-Prado.jpg?fit=880%2C440&ssl=1&resize=350%2C200","width":350,"height":200,"srcset":"https:\/\/i0.wp.com\/lahoradelcampo.com.uy\/site\/wp-content\/uploads\/2019\/09\/Angus-Prado.jpg?fit=880%2C440&ssl=1&resize=350%2C200 1x, https:\/\/i0.wp.com\/lahoradelcampo.com.uy\/site\/wp-content\/uploads\/2019\/09\/Angus-Prado.jpg?fit=880%2C440&ssl=1&resize=525%2C300 1.5x, https:\/\/i0.wp.com\/lahoradelcampo.com.uy\/site\/wp-content\/uploads\/2019\/09\/Angus-Prado.jpg?fit=880%2C440&ssl=1&resize=700%2C400 2x"},"classes":[]}],"jetpack_likes_enabled":true,"_links":{"self":[{"href":"https:\/\/lahoradelcampo.com.uy\/site\/wp-json\/wp\/v2\/posts\/54449","targetHints":{"allow":["GET"]}}],"collection":[{"href":"https:\/\/lahoradelcampo.com.uy\/site\/wp-json\/wp\/v2\/posts"}],"about":[{"href":"https:\/\/lahoradelcampo.com.uy\/site\/wp-json\/wp\/v2\/types\/post"}],"author":[{"embeddable":true,"href":"https:\/\/lahoradelcampo.com.uy\/site\/wp-json\/wp\/v2\/users\/5"}],"replies":[{"embeddable":true,"href":"https:\/\/lahoradelcampo.com.uy\/site\/wp-json\/wp\/v2\/comments?post=54449"}],"version-history":[{"count":1,"href":"https:\/\/lahoradelcampo.com.uy\/site\/wp-json\/wp\/v2\/posts\/54449\/revisions"}],"predecessor-version":[{"id":54451,"href":"https:\/\/lahoradelcampo.com.uy\/site\/wp-json\/wp\/v2\/posts\/54449\/revisions\/54451"}],"wp:featuredmedia":[{"embeddable":true,"href":"https:\/\/lahoradelcampo.com.uy\/site\/wp-json\/wp\/v2\/media\/54450"}],"wp:attachment":[{"href":"https:\/\/lahoradelcampo.com.uy\/site\/wp-json\/wp\/v2\/media?parent=54449"}],"wp:term":[{"taxonomy":"category","embeddable":true,"href":"https:\/\/lahoradelcampo.com.uy\/site\/wp-json\/wp\/v2\/categories?post=54449"},{"taxonomy":"post_tag","embeddable":true,"href":"https:\/\/lahoradelcampo.com.uy\/site\/wp-json\/wp\/v2\/tags?post=54449"}],"curies":[{"name":"wp","href":"https:\/\/api.w.org\/{rel}","templated":true}]}}