{"id":54446,"date":"2024-09-08T06:10:00","date_gmt":"2024-09-08T09:10:00","guid":{"rendered":"http:\/\/lahoradelcampo.com.uy\/site\/?p=54446"},"modified":"2024-09-08T06:52:32","modified_gmt":"2024-09-08T09:52:32","slug":"hampshire-down-celebra-120-anos-en-el-pais-con-95-ejemplares-en-el-prado","status":"publish","type":"post","link":"https:\/\/lahoradelcampo.com.uy\/site\/hampshire-down-celebra-120-anos-en-el-pais-con-95-ejemplares-en-el-prado\/","title":{"rendered":"Hampshire Down celebra 120 a\u00f1os en el pa\u00eds con 95 ejemplares en el Prado"},"content":{"rendered":"\n<figure class=\"wp-block-image size-full\"><a href=\"https:\/\/i0.wp.com\/lahoradelcampo.com.uy\/site\/wp-content\/uploads\/2024\/09\/Hampshire-Down.jpg\"><img data-recalc-dims=\"1\" loading=\"lazy\" decoding=\"async\" width=\"810\" height=\"405\" data-attachment-id=\"54447\" data-permalink=\"https:\/\/lahoradelcampo.com.uy\/site\/hampshire-down-celebra-120-anos-en-el-pais-con-95-ejemplares-en-el-prado\/hampshire-down\/\" data-orig-file=\"https:\/\/i0.wp.com\/lahoradelcampo.com.uy\/site\/wp-content\/uploads\/2024\/09\/Hampshire-Down.jpg?fit=880%2C440&amp;ssl=1\" data-orig-size=\"880,440\" data-comments-opened=\"1\" data-image-meta=\"{&quot;aperture&quot;:&quot;0&quot;,&quot;credit&quot;:&quot;&quot;,&quot;camera&quot;:&quot;&quot;,&quot;caption&quot;:&quot;&quot;,&quot;created_timestamp&quot;:&quot;0&quot;,&quot;copyright&quot;:&quot;&quot;,&quot;focal_length&quot;:&quot;0&quot;,&quot;iso&quot;:&quot;0&quot;,&quot;shutter_speed&quot;:&quot;0&quot;,&quot;title&quot;:&quot;&quot;,&quot;orientation&quot;:&quot;1&quot;}\" data-image-title=\"Hampshire Down\" data-image-description=\"\" data-image-caption=\"\" data-large-file=\"https:\/\/i0.wp.com\/lahoradelcampo.com.uy\/site\/wp-content\/uploads\/2024\/09\/Hampshire-Down.jpg?fit=810%2C405&amp;ssl=1\" src=\"https:\/\/i0.wp.com\/lahoradelcampo.com.uy\/site\/wp-content\/uploads\/2024\/09\/Hampshire-Down.jpg?resize=810%2C405\" alt=\"\" class=\"wp-image-54447\" srcset=\"https:\/\/i0.wp.com\/lahoradelcampo.com.uy\/site\/wp-content\/uploads\/2024\/09\/Hampshire-Down.jpg?w=880&amp;ssl=1 880w, https:\/\/i0.wp.com\/lahoradelcampo.com.uy\/site\/wp-content\/uploads\/2024\/09\/Hampshire-Down.jpg?resize=300%2C150&amp;ssl=1 300w, https:\/\/i0.wp.com\/lahoradelcampo.com.uy\/site\/wp-content\/uploads\/2024\/09\/Hampshire-Down.jpg?resize=768%2C384&amp;ssl=1 768w, https:\/\/i0.wp.com\/lahoradelcampo.com.uy\/site\/wp-content\/uploads\/2024\/09\/Hampshire-Down.jpg?resize=820%2C410&amp;ssl=1 820w\" sizes=\"auto, (max-width: 810px) 100vw, 810px\" \/><\/a><\/figure>\n\n\n\n<p>La Sociedad de Criadores de Hampshire Down celebra este a\u00f1o, los 120 a\u00f1os de presencia de la raza en el pa\u00eds, con una destacada presencia de reproductores en el marco de la Expo Prado 2024.<\/p>\n\n\n\n<p>El presidente de la gremial, Washington Pereira, destac\u00f3 la importancia para la raza el lograr esta larga historia de presencia en el pa\u00eds, con una mejora continua, desde el punto de vista gen\u00e9tico. Adem\u00e1s, destac\u00f3 que la gremial, es la primera de la especie ovina en haberse afiliado a la Asociaci\u00f3n Rural del Uruguay en su momento.<\/p>\n\n\n\n<p>De acuerdo con el programa de la exposici\u00f3n, las calificaciones de la raza, se desarrollar\u00e1 este lunes, a partir de la hora 9:00 en la pista 1 y estar\u00e1n a cargo del jurado argentino Carlos Ojea Rullan, criador, asesor ganadero y jurado internacional. Ojea, reconocido por su asesoramiento y juras en las razas bovinas, realiz\u00f3 su primera jura de la raza en la Exposici\u00f3n Nacional de Hampshire Down 2023 Argentina.<\/p>\n\n\n\n<p>El presidente de la raza destac\u00f3 la presencia de 95 animales inscriptos para esta muestra, pero principalmente la participaci\u00f3n de 16 caba\u00f1as, de las cuales cinco debutar\u00e1n por primera vez en el Prado.<br>Pereira dijo que este a\u00f1o \u00abla muestra ser\u00e1 muy pareja en las distintas categor\u00edas como lo hemos venido mirando a lo largo del a\u00f1o en San Jos\u00e9, Melilla, Durazno, donde se ha tenido un n\u00famero importante de animales y donde el jurado ha tenido una ardua tarea para definir los grandes campeonatos\u00bb.<\/p>\n\n\n\n<p>Salto, 8 de setiembre de 2024<\/p>\n","protected":false},"excerpt":{"rendered":"<p>La Sociedad de Criadores de Hampshire Down celebra este a\u00f1o, los 120 a\u00f1os de presencia de la raza en el pa\u00eds, con una destacada presencia de reproductores en el marco [&hellip;]<\/p>\n","protected":false},"author":5,"featured_media":54447,"comment_status":"open","ping_status":"open","sticky":false,"template":"","format":"standard","meta":{"_price":"","_stock":"","_tribe_ticket_header":"","_tribe_default_ticket_provider":"","_tribe_ticket_capacity":"0","_ticket_start_date":"","_ticket_end_date":"","_tribe_ticket_show_description":"","_tribe_ticket_show_not_going":false,"_tribe_ticket_use_global_stock":"","_tribe_ticket_global_stock_level":"","_global_stock_mode":"","_global_stock_cap":"","_tribe_rsvp_for_event":"","_tribe_ticket_going_count":"","_tribe_ticket_not_going_count":"","_tribe_tickets_list":"[]","_tribe_ticket_has_attendee_info_fields":false,"h5ap_radio_sources":[],"_jetpack_newsletter_access":"","_jetpack_dont_email_post_to_subs":false,"_jetpack_newsletter_tier_id":0,"_jetpack_memberships_contains_paywalled_content":false,"_jetpack_memberships_contains_paid_content":false,"footnotes":""},"categories":[21,13],"tags":[],"class_list":["post-54446","post","type-post","status-publish","format-standard","has-post-thumbnail","hentry","category-actualidad","category-ovinos"],"jetpack_featured_media_url":"https:\/\/i0.wp.com\/lahoradelcampo.com.uy\/site\/wp-content\/uploads\/2024\/09\/Hampshire-Down.jpg?fit=880%2C440&ssl=1","jetpack_sharing_enabled":true,"jetpack_shortlink":"https:\/\/wp.me\/p99IaT-eaa","jetpack-related-posts":[{"id":32542,"url":"https:\/\/lahoradelcampo.com.uy\/site\/juan-manuel-gonzalez-sera-el-jurado-del-merino-en-la-prado-2021\/","url_meta":{"origin":54446,"position":0},"title":"Juan Manuel Gonz\u00e1lez ser\u00e1 el jurado del Merino en la Prado 2021","author":"La Hora del Campo","date":"29 julio, 2021","format":false,"excerpt":"D\u00edas atr\u00e1s le dimos a conocer que el Dr. Pedro Scremini, t\u00e9cnico del Secretariado Uruguayo de la Lana, ser\u00e1 el jurado de la raza Hampshire Down. Posteriormente se fueron definiendo jurados de otras razas, entre ellas la Texel, Corriedale y Merino Australiano. En el caso de la raza Merino Australiano,\u2026","rel":"","context":"En \u00abActualidad\u00bb","block_context":{"text":"Actualidad","link":"https:\/\/lahoradelcampo.com.uy\/site\/category\/actualidad\/"},"img":{"alt_text":"","src":"https:\/\/i0.wp.com\/lahoradelcampo.com.uy\/site\/wp-content\/uploads\/2018\/01\/Merino.jpg?fit=880%2C440&ssl=1&resize=350%2C200","width":350,"height":200,"srcset":"https:\/\/i0.wp.com\/lahoradelcampo.com.uy\/site\/wp-content\/uploads\/2018\/01\/Merino.jpg?fit=880%2C440&ssl=1&resize=350%2C200 1x, https:\/\/i0.wp.com\/lahoradelcampo.com.uy\/site\/wp-content\/uploads\/2018\/01\/Merino.jpg?fit=880%2C440&ssl=1&resize=525%2C300 1.5x, https:\/\/i0.wp.com\/lahoradelcampo.com.uy\/site\/wp-content\/uploads\/2018\/01\/Merino.jpg?fit=880%2C440&ssl=1&resize=700%2C400 2x"},"classes":[]},{"id":54444,"url":"https:\/\/lahoradelcampo.com.uy\/site\/angus-confirmo-243-ejemplares-para-las-calificaciones-en-el-ruedo\/","url_meta":{"origin":54446,"position":1},"title":"Angus confirm\u00f3 243 ejemplares para las calificaciones en el ruedo","author":"La Hora del Campo","date":"8 septiembre, 2024","format":false,"excerpt":"La raza Aberdeen Angus, al igual que en los \u00faltimos a\u00f1os, ha confirmado la presencia de 243 ejemplares a premio en el marco de esta edici\u00f3n de la Expo Prado 2024, \"son nueve o diez animales m\u00e1s que el a\u00f1o pasado\" indic\u00f3 el presidente de la gremial Juan Pablo P\u00e9rez\u2026","rel":"","context":"En \u00abActualidad\u00bb","block_context":{"text":"Actualidad","link":"https:\/\/lahoradelcampo.com.uy\/site\/category\/actualidad\/"},"img":{"alt_text":"","src":"https:\/\/i0.wp.com\/lahoradelcampo.com.uy\/site\/wp-content\/uploads\/2024\/08\/JuanPabloPerezFrontini.jpg?fit=880%2C440&ssl=1&resize=350%2C200","width":350,"height":200,"srcset":"https:\/\/i0.wp.com\/lahoradelcampo.com.uy\/site\/wp-content\/uploads\/2024\/08\/JuanPabloPerezFrontini.jpg?fit=880%2C440&ssl=1&resize=350%2C200 1x, https:\/\/i0.wp.com\/lahoradelcampo.com.uy\/site\/wp-content\/uploads\/2024\/08\/JuanPabloPerezFrontini.jpg?fit=880%2C440&ssl=1&resize=525%2C300 1.5x, https:\/\/i0.wp.com\/lahoradelcampo.com.uy\/site\/wp-content\/uploads\/2024\/08\/JuanPabloPerezFrontini.jpg?fit=880%2C440&ssl=1&resize=700%2C400 2x"},"classes":[]},{"id":31976,"url":"https:\/\/lahoradelcampo.com.uy\/site\/texel-vuelves-a-ser-la-raza-ovina-mayoritaria-en-la-expo-prado\/","url_meta":{"origin":54446,"position":2},"title":"Texel vuelves a ser la raza ovina mayoritaria en la Expo Prado","author":"La Hora del Campo","date":"12 julio, 2021","format":false,"excerpt":"Luego que la Asociaci\u00f3n Rural del Uruguay extendiera hasta el pasado mi\u00e9rcoles 7 de julio las preinscripciones para participar de la Expo Prado, la Sociedad de Criadores de Texel Uruguay, sum\u00f3 cuatro ejemplares m\u00e1s a los 84 que se hab\u00edan registrado previamente, lo que reafirma su lugar como la raza\u2026","rel":"","context":"En \u00abActualidad\u00bb","block_context":{"text":"Actualidad","link":"https:\/\/lahoradelcampo.com.uy\/site\/category\/actualidad\/"},"img":{"alt_text":"","src":"https:\/\/i0.wp.com\/lahoradelcampo.com.uy\/site\/wp-content\/uploads\/2019\/09\/Prado.jpg?fit=880%2C440&ssl=1&resize=350%2C200","width":350,"height":200,"srcset":"https:\/\/i0.wp.com\/lahoradelcampo.com.uy\/site\/wp-content\/uploads\/2019\/09\/Prado.jpg?fit=880%2C440&ssl=1&resize=350%2C200 1x, https:\/\/i0.wp.com\/lahoradelcampo.com.uy\/site\/wp-content\/uploads\/2019\/09\/Prado.jpg?fit=880%2C440&ssl=1&resize=525%2C300 1.5x, https:\/\/i0.wp.com\/lahoradelcampo.com.uy\/site\/wp-content\/uploads\/2019\/09\/Prado.jpg?fit=880%2C440&ssl=1&resize=700%2C400 2x"},"classes":[]},{"id":23658,"url":"https:\/\/lahoradelcampo.com.uy\/site\/wagyu-una-raza-para-mejorar-el-nivel-del-marbling\/","url_meta":{"origin":54446,"position":3},"title":"Wagyu: una raza para mejorar el nivel del marbling","author":"La Hora del Campo","date":"16 septiembre, 2020","format":false,"excerpt":"La raza Wagyu, reconocida en el mundo por el valor de su carne en el mercado japon\u00e9s, calific\u00f3 ayer sus ejemplares en la pista de la Expo Prado 2020. En el ruedo central una pantalla mostraba la imagen del jurado brasile\u00f1o que sigui\u00f3 a trav\u00e9s de una transmisi\u00f3n por la\u2026","rel":"","context":"En \u00abActualidad\u00bb","block_context":{"text":"Actualidad","link":"https:\/\/lahoradelcampo.com.uy\/site\/category\/actualidad\/"},"img":{"alt_text":"","src":"https:\/\/i0.wp.com\/lahoradelcampo.com.uy\/site\/wp-content\/uploads\/2020\/09\/Wagyuprado.jpg?fit=880%2C440&ssl=1&resize=350%2C200","width":350,"height":200,"srcset":"https:\/\/i0.wp.com\/lahoradelcampo.com.uy\/site\/wp-content\/uploads\/2020\/09\/Wagyuprado.jpg?fit=880%2C440&ssl=1&resize=350%2C200 1x, https:\/\/i0.wp.com\/lahoradelcampo.com.uy\/site\/wp-content\/uploads\/2020\/09\/Wagyuprado.jpg?fit=880%2C440&ssl=1&resize=525%2C300 1.5x, https:\/\/i0.wp.com\/lahoradelcampo.com.uy\/site\/wp-content\/uploads\/2020\/09\/Wagyuprado.jpg?fit=880%2C440&ssl=1&resize=700%2C400 2x"},"classes":[]},{"id":56569,"url":"https:\/\/lahoradelcampo.com.uy\/site\/expo-prado-celebrara-su-120a-edicion-con-mas-de-1400-animales\/","url_meta":{"origin":54446,"position":4},"title":"Expo Prado celebrar\u00e1 su 120\u00aa edici\u00f3n con m\u00e1s de 1400 animales","author":"La Hora del Campo","date":"13 agosto, 2025","format":false,"excerpt":"La Asociaci\u00f3n Rural del Uruguay (ARU) present\u00f3 oficialmente la 120\u00aa edici\u00f3n de la Expo Prado, que se desarrollar\u00e1 del 5 al 14 de septiembre, en el marco del Bicentenario de la Declaratoria de la Independencia. El acto de lanzamiento cont\u00f3 con la presencia del presidente de la ARU, Rafael Ferber;\u2026","rel":"","context":"En \u00abActualidad\u00bb","block_context":{"text":"Actualidad","link":"https:\/\/lahoradelcampo.com.uy\/site\/category\/actualidad\/"},"img":{"alt_text":"","src":"https:\/\/i0.wp.com\/lahoradelcampo.com.uy\/site\/wp-content\/uploads\/2025\/08\/ARU-Expo-prado.jpg?fit=880%2C440&ssl=1&resize=350%2C200","width":350,"height":200,"srcset":"https:\/\/i0.wp.com\/lahoradelcampo.com.uy\/site\/wp-content\/uploads\/2025\/08\/ARU-Expo-prado.jpg?fit=880%2C440&ssl=1&resize=350%2C200 1x, https:\/\/i0.wp.com\/lahoradelcampo.com.uy\/site\/wp-content\/uploads\/2025\/08\/ARU-Expo-prado.jpg?fit=880%2C440&ssl=1&resize=525%2C300 1.5x, https:\/\/i0.wp.com\/lahoradelcampo.com.uy\/site\/wp-content\/uploads\/2025\/08\/ARU-Expo-prado.jpg?fit=880%2C440&ssl=1&resize=700%2C400 2x"},"classes":[]},{"id":56775,"url":"https:\/\/lahoradelcampo.com.uy\/site\/la-loma-presento-el-gran-campeon-shorthorn\/","url_meta":{"origin":54446,"position":5},"title":"\u00abLa Loma\u00bb present\u00f3 el Gran Campe\u00f3n Shorthorn","author":"La Hora del Campo","date":"13 septiembre, 2025","format":false,"excerpt":"La raza Shorthorn, la m\u00e1s antigua del pa\u00eds, tuvo su jura en el Prado con seis ejemplares de cuatro caba\u00f1as, aunque la muestra qued\u00f3 reducida debido a que siete animales no superaron la admisi\u00f3n sanitaria.El jurado Guillermo Zerbino destac\u00f3 que los animales presentados eran buenos en t\u00e9rminos generales, aunque algo\u2026","rel":"","context":"En \u00abActualidad\u00bb","block_context":{"text":"Actualidad","link":"https:\/\/lahoradelcampo.com.uy\/site\/category\/actualidad\/"},"img":{"alt_text":"","src":"https:\/\/i0.wp.com\/lahoradelcampo.com.uy\/site\/wp-content\/uploads\/2025\/09\/2025-Shorthorn.jpg?fit=880%2C440&ssl=1&resize=350%2C200","width":350,"height":200,"srcset":"https:\/\/i0.wp.com\/lahoradelcampo.com.uy\/site\/wp-content\/uploads\/2025\/09\/2025-Shorthorn.jpg?fit=880%2C440&ssl=1&resize=350%2C200 1x, https:\/\/i0.wp.com\/lahoradelcampo.com.uy\/site\/wp-content\/uploads\/2025\/09\/2025-Shorthorn.jpg?fit=880%2C440&ssl=1&resize=525%2C300 1.5x, https:\/\/i0.wp.com\/lahoradelcampo.com.uy\/site\/wp-content\/uploads\/2025\/09\/2025-Shorthorn.jpg?fit=880%2C440&ssl=1&resize=700%2C400 2x"},"classes":[]}],"jetpack_likes_enabled":true,"_links":{"self":[{"href":"https:\/\/lahoradelcampo.com.uy\/site\/wp-json\/wp\/v2\/posts\/54446","targetHints":{"allow":["GET"]}}],"collection":[{"href":"https:\/\/lahoradelcampo.com.uy\/site\/wp-json\/wp\/v2\/posts"}],"about":[{"href":"https:\/\/lahoradelcampo.com.uy\/site\/wp-json\/wp\/v2\/types\/post"}],"author":[{"embeddable":true,"href":"https:\/\/lahoradelcampo.com.uy\/site\/wp-json\/wp\/v2\/users\/5"}],"replies":[{"embeddable":true,"href":"https:\/\/lahoradelcampo.com.uy\/site\/wp-json\/wp\/v2\/comments?post=54446"}],"version-history":[{"count":1,"href":"https:\/\/lahoradelcampo.com.uy\/site\/wp-json\/wp\/v2\/posts\/54446\/revisions"}],"predecessor-version":[{"id":54448,"href":"https:\/\/lahoradelcampo.com.uy\/site\/wp-json\/wp\/v2\/posts\/54446\/revisions\/54448"}],"wp:featuredmedia":[{"embeddable":true,"href":"https:\/\/lahoradelcampo.com.uy\/site\/wp-json\/wp\/v2\/media\/54447"}],"wp:attachment":[{"href":"https:\/\/lahoradelcampo.com.uy\/site\/wp-json\/wp\/v2\/media?parent=54446"}],"wp:term":[{"taxonomy":"category","embeddable":true,"href":"https:\/\/lahoradelcampo.com.uy\/site\/wp-json\/wp\/v2\/categories?post=54446"},{"taxonomy":"post_tag","embeddable":true,"href":"https:\/\/lahoradelcampo.com.uy\/site\/wp-json\/wp\/v2\/tags?post=54446"}],"curies":[{"name":"wp","href":"https:\/\/api.w.org\/{rel}","templated":true}]}}