{"id":54444,"date":"2024-09-08T06:02:00","date_gmt":"2024-09-08T09:02:00","guid":{"rendered":"http:\/\/lahoradelcampo.com.uy\/site\/?p=54444"},"modified":"2024-09-08T06:52:19","modified_gmt":"2024-09-08T09:52:19","slug":"angus-confirmo-243-ejemplares-para-las-calificaciones-en-el-ruedo","status":"publish","type":"post","link":"https:\/\/lahoradelcampo.com.uy\/site\/angus-confirmo-243-ejemplares-para-las-calificaciones-en-el-ruedo\/","title":{"rendered":"Angus confirm\u00f3 243 ejemplares para las calificaciones en el ruedo"},"content":{"rendered":"\n<figure class=\"wp-block-image size-full\"><a href=\"https:\/\/i0.wp.com\/lahoradelcampo.com.uy\/site\/wp-content\/uploads\/2024\/08\/JuanPabloPerezFrontini.jpg\"><img data-recalc-dims=\"1\" loading=\"lazy\" decoding=\"async\" width=\"810\" height=\"405\" data-attachment-id=\"54255\" data-permalink=\"https:\/\/lahoradelcampo.com.uy\/site\/se-exportaron-7-000-vaquillonas-angus-a-turquia\/juanpabloperezfrontini\/\" data-orig-file=\"https:\/\/i0.wp.com\/lahoradelcampo.com.uy\/site\/wp-content\/uploads\/2024\/08\/JuanPabloPerezFrontini.jpg?fit=880%2C440&amp;ssl=1\" data-orig-size=\"880,440\" data-comments-opened=\"1\" data-image-meta=\"{&quot;aperture&quot;:&quot;0&quot;,&quot;credit&quot;:&quot;&quot;,&quot;camera&quot;:&quot;&quot;,&quot;caption&quot;:&quot;&quot;,&quot;created_timestamp&quot;:&quot;0&quot;,&quot;copyright&quot;:&quot;&quot;,&quot;focal_length&quot;:&quot;0&quot;,&quot;iso&quot;:&quot;0&quot;,&quot;shutter_speed&quot;:&quot;0&quot;,&quot;title&quot;:&quot;&quot;,&quot;orientation&quot;:&quot;1&quot;}\" data-image-title=\"JuanPabloPerezFrontini\" data-image-description=\"\" data-image-caption=\"\" data-large-file=\"https:\/\/i0.wp.com\/lahoradelcampo.com.uy\/site\/wp-content\/uploads\/2024\/08\/JuanPabloPerezFrontini.jpg?fit=810%2C405&amp;ssl=1\" src=\"https:\/\/i0.wp.com\/lahoradelcampo.com.uy\/site\/wp-content\/uploads\/2024\/08\/JuanPabloPerezFrontini.jpg?resize=810%2C405\" alt=\"\" class=\"wp-image-54255\" srcset=\"https:\/\/i0.wp.com\/lahoradelcampo.com.uy\/site\/wp-content\/uploads\/2024\/08\/JuanPabloPerezFrontini.jpg?w=880&amp;ssl=1 880w, https:\/\/i0.wp.com\/lahoradelcampo.com.uy\/site\/wp-content\/uploads\/2024\/08\/JuanPabloPerezFrontini.jpg?resize=300%2C150&amp;ssl=1 300w, https:\/\/i0.wp.com\/lahoradelcampo.com.uy\/site\/wp-content\/uploads\/2024\/08\/JuanPabloPerezFrontini.jpg?resize=768%2C384&amp;ssl=1 768w, https:\/\/i0.wp.com\/lahoradelcampo.com.uy\/site\/wp-content\/uploads\/2024\/08\/JuanPabloPerezFrontini.jpg?resize=820%2C410&amp;ssl=1 820w\" sizes=\"auto, (max-width: 810px) 100vw, 810px\" \/><\/a><\/figure>\n\n\n\n<p>La raza Aberdeen Angus, al igual que en los \u00faltimos a\u00f1os, ha confirmado la presencia de 243 ejemplares a premio en el marco de esta edici\u00f3n de la Expo Prado 2024, \u00abson nueve o diez animales m\u00e1s que el a\u00f1o pasado\u00bb indic\u00f3 el presidente de la gremial Juan Pablo P\u00e9rez Frontini. <\/p>\n\n\n\n<p>Este a\u00f1o, el jurado de la raza ser\u00e1 el Ing. Agr. Rodrigo Fern\u00e1ndez, criador y caba\u00f1ero de la raza en el pa\u00eds, asesor de varios emprendimientos de gen\u00e9tica, tanto a nivel pa\u00eds como en el exterior y director de Frigor\u00edfico Modelo. Estar\u00e1 acompa\u00f1ado con Agust\u00edn Fern\u00e1ndez como secretario el martes durante la jura de hembras y con Santiago Fern\u00e1ndez el mi\u00e9rcoles para la jura de machos.<\/p>\n\n\n\n<p>Para las calificaciones, ya se ha confirmado la presencia de los presidentes de las sociedades de criadores de Argentina, Brasil y Paraguay. En lo que hace a las pistas, se tiene previsto para viernes una charla a cargo Tecnovax, para j\u00f3venes caba\u00f1eros, que hablar\u00e1 del programa sanitario a nivel de los programas gen\u00e9ticos de \u00e9xito.<\/p>\n\n\n\n<p>Fuera de las pistas, la gremial tambi\u00e9n tiene agendada una importante serie de actividades, entre ellas se destaca la participaci\u00f3n de 361 j\u00f3venes en el evento \u00abLa raza pregunta\u00bb que se realizar\u00e1 el lunes 9 en el Galp\u00f3n de ventas a partir de las 8:30 horas. Se trata de \u00abestudiantes de las diferentes UTU del pa\u00eds, inscriptos y confirmados\u00bb dijo el presidente de la raza.<\/p>\n\n\n\n<p>P\u00e9rez Frontini, se\u00f1al\u00f3 que, debido a la agenda de la exposici\u00f3n, \u00abeste a\u00f1o se realiza el lunes 9, que es el d\u00eda del funcionario de UTU\u00bb, por lo que la gremial realiz\u00f3 \u00abgestiones a nivel de la direcci\u00f3n de ANEP\u00bb y se logr\u00f3 que se permitiera \u00aba los docentes cambiar el feriado por \u00fanica vez\u00bb, lo que permitir\u00e1 la realizaci\u00f3n del evento.<\/p>\n\n\n\n<p>La entrega de premios a los diferentes expositores ser\u00e1 el \u00faltimo viernes de la exposici\u00f3n, el 13 de setiembre, en el Hotel Cottage.<\/p>\n\n\n\n<p>Salto, 8 de setiembre de 2024<\/p>\n","protected":false},"excerpt":{"rendered":"<p>La raza Aberdeen Angus, al igual que en los \u00faltimos a\u00f1os, ha confirmado la presencia de 243 ejemplares a premio en el marco de esta edici\u00f3n de la Expo Prado [&hellip;]<\/p>\n","protected":false},"author":5,"featured_media":54255,"comment_status":"open","ping_status":"open","sticky":false,"template":"","format":"standard","meta":{"_price":"","_stock":"","_tribe_ticket_header":"","_tribe_default_ticket_provider":"","_tribe_ticket_capacity":"0","_ticket_start_date":"","_ticket_end_date":"","_tribe_ticket_show_description":"","_tribe_ticket_show_not_going":false,"_tribe_ticket_use_global_stock":"","_tribe_ticket_global_stock_level":"","_global_stock_mode":"","_global_stock_cap":"","_tribe_rsvp_for_event":"","_tribe_ticket_going_count":"","_tribe_ticket_not_going_count":"","_tribe_tickets_list":"[]","_tribe_ticket_has_attendee_info_fields":false,"h5ap_radio_sources":[],"_jetpack_newsletter_access":"","_jetpack_dont_email_post_to_subs":false,"_jetpack_newsletter_tier_id":0,"_jetpack_memberships_contains_paywalled_content":false,"_jetpack_memberships_contains_paid_content":false,"footnotes":""},"categories":[21,5],"tags":[],"class_list":["post-54444","post","type-post","status-publish","format-standard","has-post-thumbnail","hentry","category-actualidad","category-ganaderia"],"jetpack_featured_media_url":"https:\/\/i0.wp.com\/lahoradelcampo.com.uy\/site\/wp-content\/uploads\/2024\/08\/JuanPabloPerezFrontini.jpg?fit=880%2C440&ssl=1","jetpack_sharing_enabled":true,"jetpack_shortlink":"https:\/\/wp.me\/p99IaT-ea8","jetpack-related-posts":[{"id":1265,"url":"https:\/\/lahoradelcampo.com.uy\/site\/cabana-el-yunque-obtuvo-el-gran-campeon-aberdeen-angus\/","url_meta":{"origin":54444,"position":0},"title":"Caba\u00f1a El Yunque obtuv\u00f3 el Gran Campe\u00f3n Aberdeen Angus","author":"La Hora del Campo","date":"15 septiembre, 2017","format":false,"excerpt":"En la jornada de ayer se concret\u00f3 la elecci\u00f3n del Gran Campe\u00f3n de la raza Aberdeen Angus, con una fila con tres promesas dentro del futuro de la raza, en las categor\u00edas m\u00e1s j\u00f3venes y reproductores ya consolidados desmostrando el potencial gen\u00e9tico que tiene la raza en el pa\u00eds. En\u2026","rel":"","context":"En \u00abActualidad\u00bb","block_context":{"text":"Actualidad","link":"https:\/\/lahoradelcampo.com.uy\/site\/category\/actualidad\/"},"img":{"alt_text":"","src":"https:\/\/i0.wp.com\/lahoradelcampo.com.uy\/site\/wp-content\/uploads\/2017\/09\/GCM-Aberdeen-Angus.jpg?fit=880%2C440&ssl=1&resize=350%2C200","width":350,"height":200,"srcset":"https:\/\/i0.wp.com\/lahoradelcampo.com.uy\/site\/wp-content\/uploads\/2017\/09\/GCM-Aberdeen-Angus.jpg?fit=880%2C440&ssl=1&resize=350%2C200 1x, https:\/\/i0.wp.com\/lahoradelcampo.com.uy\/site\/wp-content\/uploads\/2017\/09\/GCM-Aberdeen-Angus.jpg?fit=880%2C440&ssl=1&resize=525%2C300 1.5x, https:\/\/i0.wp.com\/lahoradelcampo.com.uy\/site\/wp-content\/uploads\/2017\/09\/GCM-Aberdeen-Angus.jpg?fit=880%2C440&ssl=1&resize=700%2C400 2x"},"classes":[]},{"id":54527,"url":"https:\/\/lahoradelcampo.com.uy\/site\/mounga-el-toro-angus-de-campo-norte-gran-campeon-en-la-expo-prado\/","url_meta":{"origin":54444,"position":1},"title":"\u00abMounga\u00bb, el toro Angus de Campo Norte, Gran Campe\u00f3n en la Expo Prado","author":"La Hora del Campo","date":"11 septiembre, 2024","format":false,"excerpt":"\"Mounga\", el toro de la caba\u00f1a Campo Norte, revalid\u00f3 su supremac\u00eda al coronarse Gran Campe\u00f3n Aberdeen Angus en la Expo Prado 2024, un a\u00f1o despu\u00e9s de haber sido el Campe\u00f3n Supremo como ternero en la misma muestra. El jurado, Ing. Agr. Rodrigo Fern\u00e1ndez Abella, destac\u00f3 su potencial productivo y musculatura,\u2026","rel":"","context":"En \u00abActualidad\u00bb","block_context":{"text":"Actualidad","link":"https:\/\/lahoradelcampo.com.uy\/site\/category\/actualidad\/"},"img":{"alt_text":"","src":"https:\/\/i0.wp.com\/lahoradelcampo.com.uy\/site\/wp-content\/uploads\/2024\/09\/Prado24-GCMAngus.jpg?fit=880%2C440&ssl=1&resize=350%2C200","width":350,"height":200,"srcset":"https:\/\/i0.wp.com\/lahoradelcampo.com.uy\/site\/wp-content\/uploads\/2024\/09\/Prado24-GCMAngus.jpg?fit=880%2C440&ssl=1&resize=350%2C200 1x, https:\/\/i0.wp.com\/lahoradelcampo.com.uy\/site\/wp-content\/uploads\/2024\/09\/Prado24-GCMAngus.jpg?fit=880%2C440&ssl=1&resize=525%2C300 1.5x, https:\/\/i0.wp.com\/lahoradelcampo.com.uy\/site\/wp-content\/uploads\/2024\/09\/Prado24-GCMAngus.jpg?fit=880%2C440&ssl=1&resize=700%2C400 2x"},"classes":[]},{"id":16326,"url":"https:\/\/lahoradelcampo.com.uy\/site\/cardenal-es-el-mejor-reproductor-angus-de-latinoamerica\/","url_meta":{"origin":54444,"position":2},"title":"\u00abCardenal\u00bb es el mejor reproductor Angus de latinoam\u00e9rica","author":"La Hora del Campo","date":"9 diciembre, 2019","format":false,"excerpt":"Todos los a\u00f1os al cierre de las exposiciones a lo largo del mundo, se desarrolla la selecci\u00f3n de los mejores ejemplares, primero de cada regi\u00f3n y luego del mundo. Para nuestro pa\u00eds, como todos los a\u00f1os, participan los grandes campeones de la Expo Prado. Para la raza Aberdeen Angus, particularmente\u2026","rel":"","context":"En \u00abActualidad\u00bb","block_context":{"text":"Actualidad","link":"https:\/\/lahoradelcampo.com.uy\/site\/category\/actualidad\/"},"img":{"alt_text":"","src":"https:\/\/i0.wp.com\/lahoradelcampo.com.uy\/site\/wp-content\/uploads\/2019\/12\/Anguscardenal.jpg?fit=880%2C440&ssl=1&resize=350%2C200","width":350,"height":200,"srcset":"https:\/\/i0.wp.com\/lahoradelcampo.com.uy\/site\/wp-content\/uploads\/2019\/12\/Anguscardenal.jpg?fit=880%2C440&ssl=1&resize=350%2C200 1x, https:\/\/i0.wp.com\/lahoradelcampo.com.uy\/site\/wp-content\/uploads\/2019\/12\/Anguscardenal.jpg?fit=880%2C440&ssl=1&resize=525%2C300 1.5x, https:\/\/i0.wp.com\/lahoradelcampo.com.uy\/site\/wp-content\/uploads\/2019\/12\/Anguscardenal.jpg?fit=880%2C440&ssl=1&resize=700%2C400 2x"},"classes":[]},{"id":54506,"url":"https:\/\/lahoradelcampo.com.uy\/site\/red-poll-presento-un-toro-muy-clasudo-y-una-vaca-bien-femenina\/","url_meta":{"origin":54444,"position":3},"title":"Red Poll present\u00f3 un toro \u00abmuy clasudo\u00bb y una vaca \u00abbien femenina\u00bb","author":"La Hora del Campo","date":"10 septiembre, 2024","format":false,"excerpt":"La raza Red Poll present\u00f3 dos ejemplares en esta Expo Prado, presentados por la caba\u00f1a \"San Florencio\" de Mariano Fern\u00e1ndez. El jurado brasile\u00f1o Jean Pierre Martins Machado destac\u00f3 la calidad de ambos ejemplares. La Gran Campeona es una \"hembra bien femenina\" seg\u00fan \u00e9l jurado, que resalto virtudes de la raza,\u2026","rel":"","context":"En \u00abActualidad\u00bb","block_context":{"text":"Actualidad","link":"https:\/\/lahoradelcampo.com.uy\/site\/category\/actualidad\/"},"img":{"alt_text":"","src":"https:\/\/i0.wp.com\/lahoradelcampo.com.uy\/site\/wp-content\/uploads\/2024\/09\/Prado24-GCMredpoll.jpg?fit=880%2C440&ssl=1&resize=350%2C200","width":350,"height":200,"srcset":"https:\/\/i0.wp.com\/lahoradelcampo.com.uy\/site\/wp-content\/uploads\/2024\/09\/Prado24-GCMredpoll.jpg?fit=880%2C440&ssl=1&resize=350%2C200 1x, https:\/\/i0.wp.com\/lahoradelcampo.com.uy\/site\/wp-content\/uploads\/2024\/09\/Prado24-GCMredpoll.jpg?fit=880%2C440&ssl=1&resize=525%2C300 1.5x, https:\/\/i0.wp.com\/lahoradelcampo.com.uy\/site\/wp-content\/uploads\/2024\/09\/Prado24-GCMredpoll.jpg?fit=880%2C440&ssl=1&resize=700%2C400 2x"},"classes":[]},{"id":12521,"url":"https:\/\/lahoradelcampo.com.uy\/site\/1-364-ejemplares-fueron-pre-inscriptos-para-la-expo-prado-2019\/","url_meta":{"origin":54444,"position":4},"title":"1.364 ejemplares fueron pre-inscriptos para la Expo Prado 2019","author":"La Hora del Campo","date":"8 julio, 2019","format":false,"excerpt":"De cara a lo que ser\u00e1 la 114\u00aa edici\u00f3n de la Exposici\u00f3n Internacional de Ganader\u00eda y Muestra Internacional Agro Industrial y Comercial, la Expo Prado 2019, la Asociaci\u00f3n Rural del Uruguay cerr\u00f3 el llamado a pre-inscripci\u00f3n de animales el pasado 28 de junio, habi\u00e9ndose registrado un total de 1.364 ejemplares.\u2026","rel":"","context":"En \u00abActualidad\u00bb","block_context":{"text":"Actualidad","link":"https:\/\/lahoradelcampo.com.uy\/site\/category\/actualidad\/"},"img":{"alt_text":"","src":"https:\/\/i0.wp.com\/lahoradelcampo.com.uy\/site\/wp-content\/uploads\/2017\/09\/Hereford-Galp%C3%B3n-Prado.jpg?fit=880%2C440&ssl=1&resize=350%2C200","width":350,"height":200,"srcset":"https:\/\/i0.wp.com\/lahoradelcampo.com.uy\/site\/wp-content\/uploads\/2017\/09\/Hereford-Galp%C3%B3n-Prado.jpg?fit=880%2C440&ssl=1&resize=350%2C200 1x, https:\/\/i0.wp.com\/lahoradelcampo.com.uy\/site\/wp-content\/uploads\/2017\/09\/Hereford-Galp%C3%B3n-Prado.jpg?fit=880%2C440&ssl=1&resize=525%2C300 1.5x, https:\/\/i0.wp.com\/lahoradelcampo.com.uy\/site\/wp-content\/uploads\/2017\/09\/Hereford-Galp%C3%B3n-Prado.jpg?fit=880%2C440&ssl=1&resize=700%2C400 2x"},"classes":[]},{"id":1975,"url":"https:\/\/lahoradelcampo.com.uy\/site\/el-jueves-comienza-una-nueva-edicion-de-la-expo-salto\/","url_meta":{"origin":54444,"position":5},"title":"El jueves comienza una nueva edici\u00f3n de la Expo Salto","author":"La Hora del Campo","date":"2 octubre, 2017","format":false,"excerpt":"El jueves 5 de octubre, comienza una nueva edici\u00f3n de la Expo Salto 2017, con la presencia de 77 vacunos, 91 ovinos y 16 equinos que pasaran por las pistas de calificaci\u00f3n, adem\u00e1s de la presencia de la muestra comercial e industrial y los espect\u00e1culos art\u00edsticos previstos para esta oportunidad.\u2026","rel":"","context":"En \u00abActualidad\u00bb","block_context":{"text":"Actualidad","link":"https:\/\/lahoradelcampo.com.uy\/site\/category\/actualidad\/"},"img":{"alt_text":"","src":"https:\/\/i0.wp.com\/lahoradelcampo.com.uy\/site\/wp-content\/uploads\/2017\/09\/Sebastian-Goncalvez.jpg?fit=880%2C440&ssl=1&resize=350%2C200","width":350,"height":200,"srcset":"https:\/\/i0.wp.com\/lahoradelcampo.com.uy\/site\/wp-content\/uploads\/2017\/09\/Sebastian-Goncalvez.jpg?fit=880%2C440&ssl=1&resize=350%2C200 1x, https:\/\/i0.wp.com\/lahoradelcampo.com.uy\/site\/wp-content\/uploads\/2017\/09\/Sebastian-Goncalvez.jpg?fit=880%2C440&ssl=1&resize=525%2C300 1.5x, https:\/\/i0.wp.com\/lahoradelcampo.com.uy\/site\/wp-content\/uploads\/2017\/09\/Sebastian-Goncalvez.jpg?fit=880%2C440&ssl=1&resize=700%2C400 2x"},"classes":[]}],"jetpack_likes_enabled":true,"_links":{"self":[{"href":"https:\/\/lahoradelcampo.com.uy\/site\/wp-json\/wp\/v2\/posts\/54444","targetHints":{"allow":["GET"]}}],"collection":[{"href":"https:\/\/lahoradelcampo.com.uy\/site\/wp-json\/wp\/v2\/posts"}],"about":[{"href":"https:\/\/lahoradelcampo.com.uy\/site\/wp-json\/wp\/v2\/types\/post"}],"author":[{"embeddable":true,"href":"https:\/\/lahoradelcampo.com.uy\/site\/wp-json\/wp\/v2\/users\/5"}],"replies":[{"embeddable":true,"href":"https:\/\/lahoradelcampo.com.uy\/site\/wp-json\/wp\/v2\/comments?post=54444"}],"version-history":[{"count":1,"href":"https:\/\/lahoradelcampo.com.uy\/site\/wp-json\/wp\/v2\/posts\/54444\/revisions"}],"predecessor-version":[{"id":54445,"href":"https:\/\/lahoradelcampo.com.uy\/site\/wp-json\/wp\/v2\/posts\/54444\/revisions\/54445"}],"wp:featuredmedia":[{"embeddable":true,"href":"https:\/\/lahoradelcampo.com.uy\/site\/wp-json\/wp\/v2\/media\/54255"}],"wp:attachment":[{"href":"https:\/\/lahoradelcampo.com.uy\/site\/wp-json\/wp\/v2\/media?parent=54444"}],"wp:term":[{"taxonomy":"category","embeddable":true,"href":"https:\/\/lahoradelcampo.com.uy\/site\/wp-json\/wp\/v2\/categories?post=54444"},{"taxonomy":"post_tag","embeddable":true,"href":"https:\/\/lahoradelcampo.com.uy\/site\/wp-json\/wp\/v2\/tags?post=54444"}],"curies":[{"name":"wp","href":"https:\/\/api.w.org\/{rel}","templated":true}]}}