{"id":54440,"date":"2024-09-07T09:55:07","date_gmt":"2024-09-07T12:55:07","guid":{"rendered":"http:\/\/lahoradelcampo.com.uy\/site\/?p=54440"},"modified":"2024-09-08T06:54:16","modified_gmt":"2024-09-08T09:54:16","slug":"mgap-inauguro-su-stand-en-el-prado-senda-un-camino-hacia-el-futuro","status":"publish","type":"post","link":"https:\/\/lahoradelcampo.com.uy\/site\/mgap-inauguro-su-stand-en-el-prado-senda-un-camino-hacia-el-futuro\/","title":{"rendered":"MGAP inaugur\u00f3 su stand en el Prado: \u00abSenda: un camino hacia el futuro\u00bb"},"content":{"rendered":"\n<figure class=\"wp-block-image size-full\"><a href=\"https:\/\/i0.wp.com\/lahoradelcampo.com.uy\/site\/wp-content\/uploads\/2024\/09\/MGAP-expoprado.jpg\"><img data-recalc-dims=\"1\" loading=\"lazy\" decoding=\"async\" width=\"810\" height=\"405\" data-attachment-id=\"54441\" data-permalink=\"https:\/\/lahoradelcampo.com.uy\/site\/mgap-inauguro-su-stand-en-el-prado-senda-un-camino-hacia-el-futuro\/mgap-expoprado\/\" data-orig-file=\"https:\/\/i0.wp.com\/lahoradelcampo.com.uy\/site\/wp-content\/uploads\/2024\/09\/MGAP-expoprado.jpg?fit=880%2C440&amp;ssl=1\" data-orig-size=\"880,440\" data-comments-opened=\"1\" data-image-meta=\"{&quot;aperture&quot;:&quot;0&quot;,&quot;credit&quot;:&quot;&quot;,&quot;camera&quot;:&quot;&quot;,&quot;caption&quot;:&quot;&quot;,&quot;created_timestamp&quot;:&quot;0&quot;,&quot;copyright&quot;:&quot;&quot;,&quot;focal_length&quot;:&quot;0&quot;,&quot;iso&quot;:&quot;0&quot;,&quot;shutter_speed&quot;:&quot;0&quot;,&quot;title&quot;:&quot;&quot;,&quot;orientation&quot;:&quot;1&quot;}\" data-image-title=\"MGAP-expoprado\" data-image-description=\"\" data-image-caption=\"\" data-large-file=\"https:\/\/i0.wp.com\/lahoradelcampo.com.uy\/site\/wp-content\/uploads\/2024\/09\/MGAP-expoprado.jpg?fit=810%2C405&amp;ssl=1\" src=\"https:\/\/i0.wp.com\/lahoradelcampo.com.uy\/site\/wp-content\/uploads\/2024\/09\/MGAP-expoprado.jpg?resize=810%2C405\" alt=\"\" class=\"wp-image-54441\" srcset=\"https:\/\/i0.wp.com\/lahoradelcampo.com.uy\/site\/wp-content\/uploads\/2024\/09\/MGAP-expoprado.jpg?w=880&amp;ssl=1 880w, https:\/\/i0.wp.com\/lahoradelcampo.com.uy\/site\/wp-content\/uploads\/2024\/09\/MGAP-expoprado.jpg?resize=300%2C150&amp;ssl=1 300w, https:\/\/i0.wp.com\/lahoradelcampo.com.uy\/site\/wp-content\/uploads\/2024\/09\/MGAP-expoprado.jpg?resize=768%2C384&amp;ssl=1 768w, https:\/\/i0.wp.com\/lahoradelcampo.com.uy\/site\/wp-content\/uploads\/2024\/09\/MGAP-expoprado.jpg?resize=820%2C410&amp;ssl=1 820w\" sizes=\"auto, (max-width: 810px) 100vw, 810px\" \/><\/a><\/figure>\n\n\n\n<p>\u00abSenda: un camino hacia el futuro\u00bb, ser\u00e1 el lema del espacio en la Expo Prado compuesto por 25 metros de pantallas interactivas con informaci\u00f3n sobre la Estrategia Nacional para el Desarrollo Agropecuario. \u201cEs un camino hacia el futuro, un camino desde una perspectiva de mirar qu\u00e9 queremos del sector en los pr\u00f3ximos 20 a\u00f1os\u201d, dijo el ministro de Ganader\u00eda, Agricultura y Pesca, Fernando Mattos, en referencia a la consigna.<\/p>\n\n\n\n<p>En la inauguraci\u00f3n del stand del Ministerio de Ganader\u00eda, Agricultura y Pesca (MGAP), este viernes 6, el titular de la cartera inform\u00f3 que la Estrategia Nacional para el Desarrollo Agropecuario abarca los temas cotidianos del sector, problemas sanitarios, institucionalidad, problemas de mercados y de organizaci\u00f3n.<br>El ministro fue acompa\u00f1ado por el secretario de Presidencia, Rodrigo Ferr\u00e9s; sus pares de Ambiente y de Turismo, Robert Bouvier y Eduardo Sanguinetti, respectivamente; el subsecretario del MGAP, Jos\u00e9 Ignacio<\/p>\n\n\n\n<p>Buffa; y la directora general de Secretar\u00eda, Fernanda Maldonado, junto a otras autoridades.<br>La propuesta se basa en pilares que procuran el estudio del diagn\u00f3stico de la baja tasa de crecimiento en Uruguay y las pol\u00edticas necesarias para lograr un aumento y generar desarrollo. \u201cUn desarrollo que tiene que ser con buena distribuci\u00f3n, que tiene que ser equitativo, que tiene que ser sostenible, pero que tambi\u00e9n genere al final la prosperidad que todos queremos para nuestros ciudadanos\u201d, agreg\u00f3.<\/p>\n\n\n\n<p>Mattos adelant\u00f3 que en 2025 el MGAP conmemorar\u00e1 el 90.\u00b0 aniversario de su creaci\u00f3n, tiempo en el que el ministerio demostr\u00f3 el compromiso con el desarrollo del pa\u00eds y el cuidado del campo, por medio de pol\u00edticas, apoyo a productores, y sostenibilidad, dijo. \u201cGeneramos las pol\u00edticas que hoy establecen que el Uruguay sea el pa\u00eds m\u00e1s agropecuario, m\u00e1s ganadero, m\u00e1s agr\u00edcola del mundo\u201d, valor\u00f3.<\/p>\n\n\n\n<p>Salto, 7 de setiembre de 2024<\/p>\n","protected":false},"excerpt":{"rendered":"<p>\u00abSenda: un camino hacia el futuro\u00bb, ser\u00e1 el lema del espacio en la Expo Prado compuesto por 25 metros de pantallas interactivas con informaci\u00f3n sobre la Estrategia Nacional para el [&hellip;]<\/p>\n","protected":false},"author":5,"featured_media":54441,"comment_status":"open","ping_status":"open","sticky":false,"template":"","format":"standard","meta":{"_price":"","_stock":"","_tribe_ticket_header":"","_tribe_default_ticket_provider":"","_tribe_ticket_capacity":"0","_ticket_start_date":"","_ticket_end_date":"","_tribe_ticket_show_description":"","_tribe_ticket_show_not_going":false,"_tribe_ticket_use_global_stock":"","_tribe_ticket_global_stock_level":"","_global_stock_mode":"","_global_stock_cap":"","_tribe_rsvp_for_event":"","_tribe_ticket_going_count":"","_tribe_ticket_not_going_count":"","_tribe_tickets_list":"[]","_tribe_ticket_has_attendee_info_fields":false,"h5ap_radio_sources":[],"_jetpack_newsletter_access":"","_jetpack_dont_email_post_to_subs":false,"_jetpack_newsletter_tier_id":0,"_jetpack_memberships_contains_paywalled_content":false,"_jetpack_memberships_contains_paid_content":false,"footnotes":""},"categories":[21,5],"tags":[],"class_list":["post-54440","post","type-post","status-publish","format-standard","has-post-thumbnail","hentry","category-actualidad","category-ganaderia"],"jetpack_featured_media_url":"https:\/\/i0.wp.com\/lahoradelcampo.com.uy\/site\/wp-content\/uploads\/2024\/09\/MGAP-expoprado.jpg?fit=880%2C440&ssl=1","jetpack_sharing_enabled":true,"jetpack_shortlink":"https:\/\/wp.me\/p99IaT-ea4","jetpack-related-posts":[{"id":45677,"url":"https:\/\/lahoradelcampo.com.uy\/site\/mattos-el-sector-apuesta-al-crecimiento-y-a-la-capacitacion-de-su-gente\/","url_meta":{"origin":54440,"position":0},"title":"Mattos: el sector apuesta al crecimiento y a la capacitaci\u00f3n de su gente","author":"La Hora del Campo","date":"20 septiembre, 2022","format":false,"excerpt":"La ceremonia de clausura de la Expo Prado 2022, llevada adelante este s\u00e1bado, cont\u00f3 con la palabra del Ministro de Ganader\u00eda, Agricultura y Pesca, Fernando Mattos quien expuso ante el presidente de la Rep\u00fablica, ministros, autoridades nacionales y extranjeras, gremiales, empresarios, productores y ciudadanos en general. Mattos comenz\u00f3 diciendo que\u2026","rel":"","context":"En \u00abActualidad\u00bb","block_context":{"text":"Actualidad","link":"https:\/\/lahoradelcampo.com.uy\/site\/category\/actualidad\/"},"img":{"alt_text":"","src":"https:\/\/i0.wp.com\/lahoradelcampo.com.uy\/site\/wp-content\/uploads\/2022\/09\/Mattos-discurso.jpg?fit=880%2C440&ssl=1&resize=350%2C200","width":350,"height":200,"srcset":"https:\/\/i0.wp.com\/lahoradelcampo.com.uy\/site\/wp-content\/uploads\/2022\/09\/Mattos-discurso.jpg?fit=880%2C440&ssl=1&resize=350%2C200 1x, https:\/\/i0.wp.com\/lahoradelcampo.com.uy\/site\/wp-content\/uploads\/2022\/09\/Mattos-discurso.jpg?fit=880%2C440&ssl=1&resize=525%2C300 1.5x, https:\/\/i0.wp.com\/lahoradelcampo.com.uy\/site\/wp-content\/uploads\/2022\/09\/Mattos-discurso.jpg?fit=880%2C440&ssl=1&resize=700%2C400 2x"},"classes":[]},{"id":45253,"url":"https:\/\/lahoradelcampo.com.uy\/site\/mgap-presenta-pasado-presente-y-futuro-de-la-produccion\/","url_meta":{"origin":54440,"position":1},"title":"MGAP presenta Pasado, Presente y Futuro de la producci\u00f3n","author":"La Hora del Campo","date":"6 septiembre, 2022","format":false,"excerpt":"El ministro de Ganader\u00eda, Agricultura y Pesca junto a jerarcas y directores de las distintas unidades ejecutoras llevar\u00e1 adelante el acto inaugural del stand del MGAP en Expo Prado 2022. Como todos los a\u00f1os las m\u00e1ximas autoridades de la institucionalidad agropecuaria, acompa\u00f1ar\u00e1n el evento que tendr\u00e1 lugar el pr\u00f3ximo viernes\u2026","rel":"","context":"En \u00abActualidad\u00bb","block_context":{"text":"Actualidad","link":"https:\/\/lahoradelcampo.com.uy\/site\/category\/actualidad\/"},"img":{"alt_text":"","src":"https:\/\/i0.wp.com\/lahoradelcampo.com.uy\/site\/wp-content\/uploads\/2021\/09\/mgap-prado.jpg?fit=880%2C440&ssl=1&resize=350%2C200","width":350,"height":200,"srcset":"https:\/\/i0.wp.com\/lahoradelcampo.com.uy\/site\/wp-content\/uploads\/2021\/09\/mgap-prado.jpg?fit=880%2C440&ssl=1&resize=350%2C200 1x, https:\/\/i0.wp.com\/lahoradelcampo.com.uy\/site\/wp-content\/uploads\/2021\/09\/mgap-prado.jpg?fit=880%2C440&ssl=1&resize=525%2C300 1.5x, https:\/\/i0.wp.com\/lahoradelcampo.com.uy\/site\/wp-content\/uploads\/2021\/09\/mgap-prado.jpg?fit=880%2C440&ssl=1&resize=700%2C400 2x"},"classes":[]},{"id":14177,"url":"https:\/\/lahoradelcampo.com.uy\/site\/el-consejo-agropecuario-nacional-sesiono-en-rural-del-prado-2019\/","url_meta":{"origin":54440,"position":2},"title":"El Consejo Agropecuario Nacional sesion\u00f3 en Rural del Prado 2019","author":"La Hora del Campo","date":"11 septiembre, 2019","format":false,"excerpt":"El Consejo Agropecuario Nacional, presidido por el Ministro de Ganader\u00eda, Agricultura y Pesca, Enzo Benech, sesion\u00f3 este martes 10 en la sala de conferencias de ARU en Expo Prado 2019. En esta ocasi\u00f3n, se present\u00f3 un informe que surge de los consejos agropecuarios departamentales sobre las agendas para el pr\u00f3ximo\u2026","rel":"","context":"En \u00abActualidad\u00bb","block_context":{"text":"Actualidad","link":"https:\/\/lahoradelcampo.com.uy\/site\/category\/actualidad\/"},"img":{"alt_text":"","src":"https:\/\/i0.wp.com\/lahoradelcampo.com.uy\/site\/wp-content\/uploads\/2019\/09\/MGAP-Prado.jpg?fit=880%2C440&ssl=1&resize=350%2C200","width":350,"height":200,"srcset":"https:\/\/i0.wp.com\/lahoradelcampo.com.uy\/site\/wp-content\/uploads\/2019\/09\/MGAP-Prado.jpg?fit=880%2C440&ssl=1&resize=350%2C200 1x, https:\/\/i0.wp.com\/lahoradelcampo.com.uy\/site\/wp-content\/uploads\/2019\/09\/MGAP-Prado.jpg?fit=880%2C440&ssl=1&resize=525%2C300 1.5x, https:\/\/i0.wp.com\/lahoradelcampo.com.uy\/site\/wp-content\/uploads\/2019\/09\/MGAP-Prado.jpg?fit=880%2C440&ssl=1&resize=700%2C400 2x"},"classes":[]},{"id":43235,"url":"https:\/\/lahoradelcampo.com.uy\/site\/mgap-abrio-llamado-para-trabajar-en-el-censo-general-agropecuario\/","url_meta":{"origin":54440,"position":3},"title":"MGAP abri\u00f3 llamado para trabajar en el Censo General Agropecuario","author":"La Hora del Campo","date":"28 junio, 2022","format":false,"excerpt":"El Ministerio de Ganader\u00eda, Agricultura y Pesca (MGAP) anunci\u00f3 la apertura de un llamado de personal para Enumeradores, Supervisores Zonales y Departamentales, para desarrollar tareas inherentes a cada funci\u00f3n durante el desarrollo del Censo General Agropecuario. Dicho llamado estar\u00e1 abierto hasta el 7 de julio pr\u00f3ximo. Teniendo en cuenta que\u2026","rel":"","context":"En \u00abActualidad\u00bb","block_context":{"text":"Actualidad","link":"https:\/\/lahoradelcampo.com.uy\/site\/category\/actualidad\/"},"img":{"alt_text":"","src":"https:\/\/i0.wp.com\/lahoradelcampo.com.uy\/site\/wp-content\/uploads\/2022\/04\/MGAP-Censo.jpg?fit=880%2C440&ssl=1&resize=350%2C200","width":350,"height":200,"srcset":"https:\/\/i0.wp.com\/lahoradelcampo.com.uy\/site\/wp-content\/uploads\/2022\/04\/MGAP-Censo.jpg?fit=880%2C440&ssl=1&resize=350%2C200 1x, https:\/\/i0.wp.com\/lahoradelcampo.com.uy\/site\/wp-content\/uploads\/2022\/04\/MGAP-Censo.jpg?fit=880%2C440&ssl=1&resize=525%2C300 1.5x, https:\/\/i0.wp.com\/lahoradelcampo.com.uy\/site\/wp-content\/uploads\/2022\/04\/MGAP-Censo.jpg?fit=880%2C440&ssl=1&resize=700%2C400 2x"},"classes":[]},{"id":56763,"url":"https:\/\/lahoradelcampo.com.uy\/site\/ley-de-riego-modificarla-o-no\/","url_meta":{"origin":54440,"position":4},"title":"Ley de riego, \u00bfmodificarla o no?","author":"La Hora del Campo","date":"9 septiembre, 2025","format":false,"excerpt":"En el marco de la Rural del Prado, el secretario de Presidencia, Alejandro S\u00e1nchez, particip\u00f3 de una conferencia sobre el tema riego, donde plante\u00f3 la creaci\u00f3n de una comisi\u00f3n articulada por la Corporaci\u00f3n Nacional para el Desarrollo (CND), la cual estar\u00e1 coordinada por el ex ministro de Ganader\u00eda, Agricultura y\u2026","rel":"","context":"En \u00abActualidad\u00bb","block_context":{"text":"Actualidad","link":"https:\/\/lahoradelcampo.com.uy\/site\/category\/actualidad\/"},"img":{"alt_text":"","src":"https:\/\/i0.wp.com\/lahoradelcampo.com.uy\/site\/wp-content\/uploads\/2025\/09\/fratti-sanchez.jpg?fit=880%2C440&ssl=1&resize=350%2C200","width":350,"height":200,"srcset":"https:\/\/i0.wp.com\/lahoradelcampo.com.uy\/site\/wp-content\/uploads\/2025\/09\/fratti-sanchez.jpg?fit=880%2C440&ssl=1&resize=350%2C200 1x, https:\/\/i0.wp.com\/lahoradelcampo.com.uy\/site\/wp-content\/uploads\/2025\/09\/fratti-sanchez.jpg?fit=880%2C440&ssl=1&resize=525%2C300 1.5x, https:\/\/i0.wp.com\/lahoradelcampo.com.uy\/site\/wp-content\/uploads\/2025\/09\/fratti-sanchez.jpg?fit=880%2C440&ssl=1&resize=700%2C400 2x"},"classes":[]},{"id":54662,"url":"https:\/\/lahoradelcampo.com.uy\/site\/plan-agropecuario-y-minerva-foods-impulsan-la-ganaderia-sostenible\/","url_meta":{"origin":54440,"position":5},"title":"Plan Agropecuario y Minerva Foods impulsan la ganader\u00eda sostenible","author":"La Hora del Campo","date":"25 septiembre, 2024","format":false,"excerpt":"El pasado martes 10 de septiembre, en el marco de la Expoprado 2024, se firm\u00f3 un acuerdo clave para la sostenibilidad de la producci\u00f3n ganadera en Uruguay. El convenio entre el Instituto Plan Agropecuario (IPA) y Minerva Foods, presentado por Esteban Carriquiry, Presidente del IPA, y Patricio Silveira, Presidente de\u2026","rel":"","context":"En \u00abActualidad\u00bb","block_context":{"text":"Actualidad","link":"https:\/\/lahoradelcampo.com.uy\/site\/category\/actualidad\/"},"img":{"alt_text":"","src":"https:\/\/i0.wp.com\/lahoradelcampo.com.uy\/site\/wp-content\/uploads\/2024\/09\/Planagropecuario-minerva.jpg?fit=880%2C440&ssl=1&resize=350%2C200","width":350,"height":200,"srcset":"https:\/\/i0.wp.com\/lahoradelcampo.com.uy\/site\/wp-content\/uploads\/2024\/09\/Planagropecuario-minerva.jpg?fit=880%2C440&ssl=1&resize=350%2C200 1x, https:\/\/i0.wp.com\/lahoradelcampo.com.uy\/site\/wp-content\/uploads\/2024\/09\/Planagropecuario-minerva.jpg?fit=880%2C440&ssl=1&resize=525%2C300 1.5x, https:\/\/i0.wp.com\/lahoradelcampo.com.uy\/site\/wp-content\/uploads\/2024\/09\/Planagropecuario-minerva.jpg?fit=880%2C440&ssl=1&resize=700%2C400 2x"},"classes":[]}],"jetpack_likes_enabled":true,"_links":{"self":[{"href":"https:\/\/lahoradelcampo.com.uy\/site\/wp-json\/wp\/v2\/posts\/54440","targetHints":{"allow":["GET"]}}],"collection":[{"href":"https:\/\/lahoradelcampo.com.uy\/site\/wp-json\/wp\/v2\/posts"}],"about":[{"href":"https:\/\/lahoradelcampo.com.uy\/site\/wp-json\/wp\/v2\/types\/post"}],"author":[{"embeddable":true,"href":"https:\/\/lahoradelcampo.com.uy\/site\/wp-json\/wp\/v2\/users\/5"}],"replies":[{"embeddable":true,"href":"https:\/\/lahoradelcampo.com.uy\/site\/wp-json\/wp\/v2\/comments?post=54440"}],"version-history":[{"count":1,"href":"https:\/\/lahoradelcampo.com.uy\/site\/wp-json\/wp\/v2\/posts\/54440\/revisions"}],"predecessor-version":[{"id":54442,"href":"https:\/\/lahoradelcampo.com.uy\/site\/wp-json\/wp\/v2\/posts\/54440\/revisions\/54442"}],"wp:featuredmedia":[{"embeddable":true,"href":"https:\/\/lahoradelcampo.com.uy\/site\/wp-json\/wp\/v2\/media\/54441"}],"wp:attachment":[{"href":"https:\/\/lahoradelcampo.com.uy\/site\/wp-json\/wp\/v2\/media?parent=54440"}],"wp:term":[{"taxonomy":"category","embeddable":true,"href":"https:\/\/lahoradelcampo.com.uy\/site\/wp-json\/wp\/v2\/categories?post=54440"},{"taxonomy":"post_tag","embeddable":true,"href":"https:\/\/lahoradelcampo.com.uy\/site\/wp-json\/wp\/v2\/tags?post=54440"}],"curies":[{"name":"wp","href":"https:\/\/api.w.org\/{rel}","templated":true}]}}