{"id":54437,"date":"2024-09-07T10:52:57","date_gmt":"2024-09-07T13:52:57","guid":{"rendered":"http:\/\/lahoradelcampo.com.uy\/site\/?p=54437"},"modified":"2024-09-07T11:09:02","modified_gmt":"2024-09-07T14:09:02","slug":"megaagro-coloco-el-100-de-la-oferta-de-los-nogales-y-la-tacuarita","status":"publish","type":"post","link":"https:\/\/lahoradelcampo.com.uy\/site\/megaagro-coloco-el-100-de-la-oferta-de-los-nogales-y-la-tacuarita\/","title":{"rendered":"Megaagro coloc\u00f3 el 100% de la oferta de \u00abLos Nogales\u00bb y \u00abLa Tacuarita\u00bb"},"content":{"rendered":"\n<figure class=\"wp-block-image size-full\"><a href=\"https:\/\/i0.wp.com\/lahoradelcampo.com.uy\/site\/wp-content\/uploads\/2024\/09\/Megaagro-losnogales.jpg\"><img data-recalc-dims=\"1\" loading=\"lazy\" decoding=\"async\" width=\"810\" height=\"405\" data-attachment-id=\"54438\" data-permalink=\"https:\/\/lahoradelcampo.com.uy\/site\/megaagro-coloco-el-100-de-la-oferta-de-los-nogales-y-la-tacuarita\/megaagro-losnogales\/\" data-orig-file=\"https:\/\/i0.wp.com\/lahoradelcampo.com.uy\/site\/wp-content\/uploads\/2024\/09\/Megaagro-losnogales.jpg?fit=880%2C440&amp;ssl=1\" data-orig-size=\"880,440\" data-comments-opened=\"1\" data-image-meta=\"{&quot;aperture&quot;:&quot;0&quot;,&quot;credit&quot;:&quot;&quot;,&quot;camera&quot;:&quot;&quot;,&quot;caption&quot;:&quot;&quot;,&quot;created_timestamp&quot;:&quot;0&quot;,&quot;copyright&quot;:&quot;&quot;,&quot;focal_length&quot;:&quot;0&quot;,&quot;iso&quot;:&quot;0&quot;,&quot;shutter_speed&quot;:&quot;0&quot;,&quot;title&quot;:&quot;&quot;,&quot;orientation&quot;:&quot;1&quot;}\" data-image-title=\"Megaagro-losnogales\" data-image-description=\"\" data-image-caption=\"\" data-large-file=\"https:\/\/i0.wp.com\/lahoradelcampo.com.uy\/site\/wp-content\/uploads\/2024\/09\/Megaagro-losnogales.jpg?fit=810%2C405&amp;ssl=1\" src=\"https:\/\/i0.wp.com\/lahoradelcampo.com.uy\/site\/wp-content\/uploads\/2024\/09\/Megaagro-losnogales.jpg?resize=810%2C405\" alt=\"\" class=\"wp-image-54438\" srcset=\"https:\/\/i0.wp.com\/lahoradelcampo.com.uy\/site\/wp-content\/uploads\/2024\/09\/Megaagro-losnogales.jpg?w=880&amp;ssl=1 880w, https:\/\/i0.wp.com\/lahoradelcampo.com.uy\/site\/wp-content\/uploads\/2024\/09\/Megaagro-losnogales.jpg?resize=300%2C150&amp;ssl=1 300w, https:\/\/i0.wp.com\/lahoradelcampo.com.uy\/site\/wp-content\/uploads\/2024\/09\/Megaagro-losnogales.jpg?resize=768%2C384&amp;ssl=1 768w, https:\/\/i0.wp.com\/lahoradelcampo.com.uy\/site\/wp-content\/uploads\/2024\/09\/Megaagro-losnogales.jpg?resize=820%2C410&amp;ssl=1 820w\" sizes=\"auto, (max-width: 810px) 100vw, 810px\" \/><\/a><\/figure>\n\n\n\n<p>El pasado 4 de setiembre, la firma Megaagro cerr\u00f3 la tercera edici\u00f3n de la subasta virtual de las caba\u00f1as \u00abLos Nogales\u00bb de La Turmalina AARL y \u00abLa Tacuarita\u00bb de Elena Loaces, con venta total de la oferta Aberdeen Angus.<\/p>\n\n\n\n<p>La venta de 30 toros Aberdeen Angus de pedigree, alcanz\u00f3 un m\u00e1ximo de US$ 3.480 y un promedio de US$ 2.688. El valor registrado este a\u00f1o fue un 3% superior al registrado en 2023. Adem\u00e1s, se comercializaron 60 vaquillonas Angus sola se\u00f1al, en US$ 720 de promedio, con un m\u00e1ximo de US$ 840.<\/p>\n\n\n\n<p>Salto, 7 de setiembre de 2024<\/p>\n","protected":false},"excerpt":{"rendered":"<p>El pasado 4 de setiembre, la firma Megaagro cerr\u00f3 la tercera edici\u00f3n de la subasta virtual de las caba\u00f1as \u00abLos Nogales\u00bb de La Turmalina AARL y \u00abLa Tacuarita\u00bb de Elena [&hellip;]<\/p>\n","protected":false},"author":5,"featured_media":54438,"comment_status":"open","ping_status":"open","sticky":false,"template":"","format":"standard","meta":{"_price":"","_stock":"","_tribe_ticket_header":"","_tribe_default_ticket_provider":"","_tribe_ticket_capacity":"0","_ticket_start_date":"","_ticket_end_date":"","_tribe_ticket_show_description":"","_tribe_ticket_show_not_going":false,"_tribe_ticket_use_global_stock":"","_tribe_ticket_global_stock_level":"","_global_stock_mode":"","_global_stock_cap":"","_tribe_rsvp_for_event":"","_tribe_ticket_going_count":"","_tribe_ticket_not_going_count":"","_tribe_tickets_list":"[]","_tribe_ticket_has_attendee_info_fields":false,"h5ap_radio_sources":[],"_jetpack_newsletter_access":"","_jetpack_dont_email_post_to_subs":false,"_jetpack_newsletter_tier_id":0,"_jetpack_memberships_contains_paywalled_content":false,"_jetpack_memberships_contains_paid_content":false,"footnotes":""},"categories":[21,5],"tags":[],"class_list":["post-54437","post","type-post","status-publish","format-standard","has-post-thumbnail","hentry","category-actualidad","category-ganaderia"],"jetpack_featured_media_url":"https:\/\/i0.wp.com\/lahoradelcampo.com.uy\/site\/wp-content\/uploads\/2024\/09\/Megaagro-losnogales.jpg?fit=880%2C440&ssl=1","jetpack_sharing_enabled":true,"jetpack_shortlink":"https:\/\/wp.me\/p99IaT-ea1","jetpack-related-posts":[{"id":56688,"url":"https:\/\/lahoradelcampo.com.uy\/site\/promedio-de-los-toros-de-la-tacuarita-y-los-nogales-subio-un-12\/","url_meta":{"origin":54437,"position":0},"title":"Promedio de los toros de \u00abLa Tacuarita\u00bb y \u00abLos Nogales\u00bb, subi\u00f3 un 12%","author":"La Hora del Campo","date":"3 septiembre, 2025","format":false,"excerpt":"Aquel viejo dicho de los remates: \"si hubieran m\u00e1s, se vend\u00edan todos\", es el resumen para la primera venta de la zafra de reproductores 2025, tras el 100% de colocaci\u00f3n de la subasta virtual de \"La Tacuarita\" y \"Los Nogales\", a cargo de la firma Megaagro. Se ofrecieron 29 toros,\u2026","rel":"","context":"En \u00abActualidad\u00bb","block_context":{"text":"Actualidad","link":"https:\/\/lahoradelcampo.com.uy\/site\/category\/actualidad\/"},"img":{"alt_text":"","src":"https:\/\/i0.wp.com\/lahoradelcampo.com.uy\/site\/wp-content\/uploads\/2025\/09\/losnogales-toros.jpg?fit=880%2C440&ssl=1&resize=350%2C200","width":350,"height":200,"srcset":"https:\/\/i0.wp.com\/lahoradelcampo.com.uy\/site\/wp-content\/uploads\/2025\/09\/losnogales-toros.jpg?fit=880%2C440&ssl=1&resize=350%2C200 1x, https:\/\/i0.wp.com\/lahoradelcampo.com.uy\/site\/wp-content\/uploads\/2025\/09\/losnogales-toros.jpg?fit=880%2C440&ssl=1&resize=525%2C300 1.5x, https:\/\/i0.wp.com\/lahoradelcampo.com.uy\/site\/wp-content\/uploads\/2025\/09\/losnogales-toros.jpg?fit=880%2C440&ssl=1&resize=700%2C400 2x"},"classes":[]},{"id":54609,"url":"https:\/\/lahoradelcampo.com.uy\/site\/muy-optimistas-con-esta-zafra-especialmente-en-la-colocacion-de-los-toros\/","url_meta":{"origin":54437,"position":1},"title":"\u201cMuy optimistas con esta zafra, especialmente en la colocaci\u00f3n de los toros\u201d","author":"La Hora del Campo","date":"19 septiembre, 2024","format":false,"excerpt":"Comenz\u00f3 la zafra de reproductores y la firma Megaagro present\u00f3 en el marco de la Expo Prado su oferta de subastas tanto pista como virtuales para esta primavera. El Ing. Agr. Jos\u00e9 Aicardi, uno de los principales de la firma, destac\u00f3 que desde \u201clo personal y en la empresa, estamos\u2026","rel":"","context":"En \u00abActualidad\u00bb","block_context":{"text":"Actualidad","link":"https:\/\/lahoradelcampo.com.uy\/site\/category\/actualidad\/"},"img":{"alt_text":"","src":"https:\/\/i0.wp.com\/lahoradelcampo.com.uy\/site\/wp-content\/uploads\/2020\/08\/joseaicardiweb.jpg?fit=880%2C440&ssl=1&resize=350%2C200","width":350,"height":200,"srcset":"https:\/\/i0.wp.com\/lahoradelcampo.com.uy\/site\/wp-content\/uploads\/2020\/08\/joseaicardiweb.jpg?fit=880%2C440&ssl=1&resize=350%2C200 1x, https:\/\/i0.wp.com\/lahoradelcampo.com.uy\/site\/wp-content\/uploads\/2020\/08\/joseaicardiweb.jpg?fit=880%2C440&ssl=1&resize=525%2C300 1.5x, https:\/\/i0.wp.com\/lahoradelcampo.com.uy\/site\/wp-content\/uploads\/2020\/08\/joseaicardiweb.jpg?fit=880%2C440&ssl=1&resize=700%2C400 2x"},"classes":[]},{"id":2591,"url":"https:\/\/lahoradelcampo.com.uy\/site\/el-yunque-coloco-92-toros-a-us-3-638\/","url_meta":{"origin":54437,"position":2},"title":"El Yunque coloc\u00f3 92 toros a U$S 3.638","author":"La Hora del Campo","date":"12 octubre, 2017","format":false,"excerpt":"Caba\u00f1a \u201cLos Macachines\u201d, de Sociedad Ganadera El Yunque, concret\u00f3 un muy destacado remate en su nuevo local construido en Fraile Muerto, departamento de Cerro Largo. Se coloc\u00f3 en el remate realizado por la firma MegaAgro y el martillo de Jose Icardi, la totalidad de la voluminosa oferta Aberdeen\u00a0 Angus, con\u2026","rel":"","context":"En \u00abActualidad\u00bb","block_context":{"text":"Actualidad","link":"https:\/\/lahoradelcampo.com.uy\/site\/category\/actualidad\/"},"img":{"alt_text":"","src":"https:\/\/i0.wp.com\/lahoradelcampo.com.uy\/site\/wp-content\/uploads\/2017\/10\/Los-Macachines.jpg?fit=880%2C440&ssl=1&resize=350%2C200","width":350,"height":200,"srcset":"https:\/\/i0.wp.com\/lahoradelcampo.com.uy\/site\/wp-content\/uploads\/2017\/10\/Los-Macachines.jpg?fit=880%2C440&ssl=1&resize=350%2C200 1x, https:\/\/i0.wp.com\/lahoradelcampo.com.uy\/site\/wp-content\/uploads\/2017\/10\/Los-Macachines.jpg?fit=880%2C440&ssl=1&resize=525%2C300 1.5x, https:\/\/i0.wp.com\/lahoradelcampo.com.uy\/site\/wp-content\/uploads\/2017\/10\/Los-Macachines.jpg?fit=880%2C440&ssl=1&resize=700%2C400 2x"},"classes":[]},{"id":46375,"url":"https:\/\/lahoradelcampo.com.uy\/site\/en-nueve-remates-se-vendieron-438-toros-us-3-808-de-promedio\/","url_meta":{"origin":54437,"position":3},"title":"En nueve remates se vendieron 438 toros US$ 3.808 de promedio","author":"La Hora del Campo","date":"16 octubre, 2022","format":false,"excerpt":"La zafra de toros viene con buen ritmo de colocaci\u00f3n de la oferta y con valores promedios dentro de lo esperado por las caba\u00f1as, m\u00e1s all\u00e1 de alg\u00fan remate puntual. A quince d\u00edas del mes de octubre, pr\u00e1cticamente en la mitad de la presente zafra, le presentamos un resumen de\u2026","rel":"","context":"En \u00abActualidad\u00bb","block_context":{"text":"Actualidad","link":"https:\/\/lahoradelcampo.com.uy\/site\/category\/actualidad\/"},"img":{"alt_text":"","src":"https:\/\/i0.wp.com\/lahoradelcampo.com.uy\/site\/wp-content\/uploads\/2021\/11\/zafradetoros1.jpg?fit=880%2C440&ssl=1&resize=350%2C200","width":350,"height":200,"srcset":"https:\/\/i0.wp.com\/lahoradelcampo.com.uy\/site\/wp-content\/uploads\/2021\/11\/zafradetoros1.jpg?fit=880%2C440&ssl=1&resize=350%2C200 1x, https:\/\/i0.wp.com\/lahoradelcampo.com.uy\/site\/wp-content\/uploads\/2021\/11\/zafradetoros1.jpg?fit=880%2C440&ssl=1&resize=525%2C300 1.5x, https:\/\/i0.wp.com\/lahoradelcampo.com.uy\/site\/wp-content\/uploads\/2021\/11\/zafradetoros1.jpg?fit=880%2C440&ssl=1&resize=700%2C400 2x"},"classes":[]},{"id":54880,"url":"https:\/\/lahoradelcampo.com.uy\/site\/los-46-toros-de-don-roberto-se-vendieron-a-us-4-323\/","url_meta":{"origin":54437,"position":4},"title":"Los 46 toros de \u00abDon Roberto\u00bb se vendieron a US$ 4.323","author":"La Hora del Campo","date":"13 octubre, 2024","format":false,"excerpt":"Este s\u00e1bado en el local de la Asociaci\u00f3n Agropecuaria de Salto, se realiz\u00f3 el quinto remate anual de la caba\u00f1a \"Don Roberto\" del Dr. Marcelo Texeira Nu\u00f1ez, coloc\u00e1ndose el 100% de la oferta tanto en el Aberdeen Angus, como en el Polled Hereford, con los negocios a cargo de los\u2026","rel":"","context":"En \u00abActualidad\u00bb","block_context":{"text":"Actualidad","link":"https:\/\/lahoradelcampo.com.uy\/site\/category\/actualidad\/"},"img":{"alt_text":"","src":"https:\/\/i0.wp.com\/lahoradelcampo.com.uy\/site\/wp-content\/uploads\/2024\/10\/Donroberto-2024.jpg?fit=880%2C440&ssl=1&resize=350%2C200","width":350,"height":200,"srcset":"https:\/\/i0.wp.com\/lahoradelcampo.com.uy\/site\/wp-content\/uploads\/2024\/10\/Donroberto-2024.jpg?fit=880%2C440&ssl=1&resize=350%2C200 1x, https:\/\/i0.wp.com\/lahoradelcampo.com.uy\/site\/wp-content\/uploads\/2024\/10\/Donroberto-2024.jpg?fit=880%2C440&ssl=1&resize=525%2C300 1.5x, https:\/\/i0.wp.com\/lahoradelcampo.com.uy\/site\/wp-content\/uploads\/2024\/10\/Donroberto-2024.jpg?fit=880%2C440&ssl=1&resize=700%2C400 2x"},"classes":[]},{"id":24978,"url":"https:\/\/lahoradelcampo.com.uy\/site\/don-roberto-vendio-sus-toros-hereford-y-angus-en-us-3-441-de-promedio\/","url_meta":{"origin":54437,"position":5},"title":"\u00abDon Roberto\u00bb vendi\u00f3 sus toros Hereford  y Angus en US$  3.441 de promedio","author":"La Hora del Campo","date":"25 octubre, 2020","format":false,"excerpt":"Primer remate y con la llegada de la lluvia tan esperada a la zona, las ventas los Aberdeen Angus y Polled Hereford de caba\u00f1a Don Roberto en el predio de la Asociaci\u00f3n Agropecuaria de Salto, fueron \u00e1giles, r\u00e1pidas y totales. Los negocios estuvieron a cargo de los escritorios Gaud\u00edn Hnos\u2026","rel":"","context":"En \u00abActualidad\u00bb","block_context":{"text":"Actualidad","link":"https:\/\/lahoradelcampo.com.uy\/site\/category\/actualidad\/"},"img":{"alt_text":"","src":"https:\/\/i0.wp.com\/lahoradelcampo.com.uy\/site\/wp-content\/uploads\/2020\/10\/Donrobertoremate.jpg?fit=880%2C440&ssl=1&resize=350%2C200","width":350,"height":200,"srcset":"https:\/\/i0.wp.com\/lahoradelcampo.com.uy\/site\/wp-content\/uploads\/2020\/10\/Donrobertoremate.jpg?fit=880%2C440&ssl=1&resize=350%2C200 1x, https:\/\/i0.wp.com\/lahoradelcampo.com.uy\/site\/wp-content\/uploads\/2020\/10\/Donrobertoremate.jpg?fit=880%2C440&ssl=1&resize=525%2C300 1.5x, https:\/\/i0.wp.com\/lahoradelcampo.com.uy\/site\/wp-content\/uploads\/2020\/10\/Donrobertoremate.jpg?fit=880%2C440&ssl=1&resize=700%2C400 2x"},"classes":[]}],"jetpack_likes_enabled":true,"_links":{"self":[{"href":"https:\/\/lahoradelcampo.com.uy\/site\/wp-json\/wp\/v2\/posts\/54437","targetHints":{"allow":["GET"]}}],"collection":[{"href":"https:\/\/lahoradelcampo.com.uy\/site\/wp-json\/wp\/v2\/posts"}],"about":[{"href":"https:\/\/lahoradelcampo.com.uy\/site\/wp-json\/wp\/v2\/types\/post"}],"author":[{"embeddable":true,"href":"https:\/\/lahoradelcampo.com.uy\/site\/wp-json\/wp\/v2\/users\/5"}],"replies":[{"embeddable":true,"href":"https:\/\/lahoradelcampo.com.uy\/site\/wp-json\/wp\/v2\/comments?post=54437"}],"version-history":[{"count":2,"href":"https:\/\/lahoradelcampo.com.uy\/site\/wp-json\/wp\/v2\/posts\/54437\/revisions"}],"predecessor-version":[{"id":54443,"href":"https:\/\/lahoradelcampo.com.uy\/site\/wp-json\/wp\/v2\/posts\/54437\/revisions\/54443"}],"wp:featuredmedia":[{"embeddable":true,"href":"https:\/\/lahoradelcampo.com.uy\/site\/wp-json\/wp\/v2\/media\/54438"}],"wp:attachment":[{"href":"https:\/\/lahoradelcampo.com.uy\/site\/wp-json\/wp\/v2\/media?parent=54437"}],"wp:term":[{"taxonomy":"category","embeddable":true,"href":"https:\/\/lahoradelcampo.com.uy\/site\/wp-json\/wp\/v2\/categories?post=54437"},{"taxonomy":"post_tag","embeddable":true,"href":"https:\/\/lahoradelcampo.com.uy\/site\/wp-json\/wp\/v2\/tags?post=54437"}],"curies":[{"name":"wp","href":"https:\/\/api.w.org\/{rel}","templated":true}]}}