{"id":54434,"date":"2024-09-07T10:35:15","date_gmt":"2024-09-07T13:35:15","guid":{"rendered":"http:\/\/lahoradelcampo.com.uy\/site\/?p=54434"},"modified":"2024-09-07T10:35:17","modified_gmt":"2024-09-07T13:35:17","slug":"exitosa-tercera-edicion-del-angus-family","status":"publish","type":"post","link":"https:\/\/lahoradelcampo.com.uy\/site\/exitosa-tercera-edicion-del-angus-family\/","title":{"rendered":"Exitosa tercera edici\u00f3n del \u00abAngus Family\u00bb"},"content":{"rendered":"\n<figure class=\"wp-block-image size-full\"><a href=\"https:\/\/i0.wp.com\/lahoradelcampo.com.uy\/site\/wp-content\/uploads\/2024\/09\/GustavoBasso-Family.jpg\"><img data-recalc-dims=\"1\" loading=\"lazy\" decoding=\"async\" width=\"810\" height=\"405\" data-attachment-id=\"54435\" data-permalink=\"https:\/\/lahoradelcampo.com.uy\/site\/exitosa-tercera-edicion-del-angus-family\/gustavobasso-family\/\" data-orig-file=\"https:\/\/i0.wp.com\/lahoradelcampo.com.uy\/site\/wp-content\/uploads\/2024\/09\/GustavoBasso-Family.jpg?fit=880%2C440&amp;ssl=1\" data-orig-size=\"880,440\" data-comments-opened=\"1\" data-image-meta=\"{&quot;aperture&quot;:&quot;0&quot;,&quot;credit&quot;:&quot;&quot;,&quot;camera&quot;:&quot;&quot;,&quot;caption&quot;:&quot;&quot;,&quot;created_timestamp&quot;:&quot;0&quot;,&quot;copyright&quot;:&quot;&quot;,&quot;focal_length&quot;:&quot;0&quot;,&quot;iso&quot;:&quot;0&quot;,&quot;shutter_speed&quot;:&quot;0&quot;,&quot;title&quot;:&quot;&quot;,&quot;orientation&quot;:&quot;1&quot;}\" data-image-title=\"GustavoBasso-Family\" data-image-description=\"\" data-image-caption=\"\" data-large-file=\"https:\/\/i0.wp.com\/lahoradelcampo.com.uy\/site\/wp-content\/uploads\/2024\/09\/GustavoBasso-Family.jpg?fit=810%2C405&amp;ssl=1\" src=\"https:\/\/i0.wp.com\/lahoradelcampo.com.uy\/site\/wp-content\/uploads\/2024\/09\/GustavoBasso-Family.jpg?resize=810%2C405\" alt=\"\" class=\"wp-image-54435\" srcset=\"https:\/\/i0.wp.com\/lahoradelcampo.com.uy\/site\/wp-content\/uploads\/2024\/09\/GustavoBasso-Family.jpg?w=880&amp;ssl=1 880w, https:\/\/i0.wp.com\/lahoradelcampo.com.uy\/site\/wp-content\/uploads\/2024\/09\/GustavoBasso-Family.jpg?resize=300%2C150&amp;ssl=1 300w, https:\/\/i0.wp.com\/lahoradelcampo.com.uy\/site\/wp-content\/uploads\/2024\/09\/GustavoBasso-Family.jpg?resize=768%2C384&amp;ssl=1 768w, https:\/\/i0.wp.com\/lahoradelcampo.com.uy\/site\/wp-content\/uploads\/2024\/09\/GustavoBasso-Family.jpg?resize=820%2C410&amp;ssl=1 820w\" sizes=\"auto, (max-width: 810px) 100vw, 810px\" \/><\/a><\/figure>\n\n\n\n<p>En la primera jornada de la Expo Prado 2024, el escritorio Gustavo Basso realiz\u00f3 la tercera edici\u00f3n de \u00abAngus Family\u00bb, colocando el 100% de los m\u00e1s de 3.100 vacunos seleccionados por el Ing. Agr. Rodrigo Fern\u00e1ndez, quien tendr\u00e1 a su cargo la jura de la raza Aberdeen Angus en esta exposici\u00f3n.<\/p>\n\n\n\n<p>Los valores promedios alcanzados en este remate son los siguientes: terneros: 2,88, novillos 1 a 2 a\u00f1os: 2,26; vacas de invernada: 1,955; terneros\/as: 2,63; terneras: 2,38; vaquillonas de 1 a 2 a\u00f1os: 2,16; vaquillonas m\u00e1s de 2 a\u00f1os: 1,90; vaquillonas m\u00e1s de 2 a\u00f1os (al bulto): 730; vientres entorados: 778; vientres pre\u00f1ados: 859; piezas de cr\u00eda: 446.<\/p>\n\n\n\n<p>Salto, 7 de setiembre de 2024<\/p>\n","protected":false},"excerpt":{"rendered":"<p>En la primera jornada de la Expo Prado 2024, el escritorio Gustavo Basso realiz\u00f3 la tercera edici\u00f3n de \u00abAngus Family\u00bb, colocando el 100% de los m\u00e1s de 3.100 vacunos seleccionados [&hellip;]<\/p>\n","protected":false},"author":5,"featured_media":54435,"comment_status":"open","ping_status":"open","sticky":false,"template":"","format":"standard","meta":{"_price":"","_stock":"","_tribe_ticket_header":"","_tribe_default_ticket_provider":"","_tribe_ticket_capacity":"0","_ticket_start_date":"","_ticket_end_date":"","_tribe_ticket_show_description":"","_tribe_ticket_show_not_going":false,"_tribe_ticket_use_global_stock":"","_tribe_ticket_global_stock_level":"","_global_stock_mode":"","_global_stock_cap":"","_tribe_rsvp_for_event":"","_tribe_ticket_going_count":"","_tribe_ticket_not_going_count":"","_tribe_tickets_list":"[]","_tribe_ticket_has_attendee_info_fields":false,"h5ap_radio_sources":[],"_jetpack_newsletter_access":"","_jetpack_dont_email_post_to_subs":false,"_jetpack_newsletter_tier_id":0,"_jetpack_memberships_contains_paywalled_content":false,"_jetpack_memberships_contains_paid_content":false,"footnotes":""},"categories":[21,5],"tags":[],"class_list":["post-54434","post","type-post","status-publish","format-standard","has-post-thumbnail","hentry","category-actualidad","category-ganaderia"],"jetpack_featured_media_url":"https:\/\/i0.wp.com\/lahoradelcampo.com.uy\/site\/wp-content\/uploads\/2024\/09\/GustavoBasso-Family.jpg?fit=880%2C440&ssl=1","jetpack_sharing_enabled":true,"jetpack_shortlink":"https:\/\/wp.me\/p99IaT-e9Y","jetpack-related-posts":[{"id":30342,"url":"https:\/\/lahoradelcampo.com.uy\/site\/plaza-rural-coloco-el-95-de-los-terneros-en-su-remate-234\/","url_meta":{"origin":54434,"position":0},"title":"Plaza Rural coloc\u00f3 el 95% de los terneros en su remate 234","author":"La Hora del Campo","date":"20 mayo, 2021","format":false,"excerpt":"Con ajuste en los valores y el 95% de comercializaci\u00f3n de la categor\u00eda de terneros, el consorcio de rematadores de Plaza Rural concret\u00f3 el primer d\u00eda de ventas, del remate 234, que incluye Plaza Angus, con ganados certificados por la sociedad de criadores de la raza. En la categor\u00eda de\u2026","rel":"","context":"En \u00abActualidad\u00bb","block_context":{"text":"Actualidad","link":"https:\/\/lahoradelcampo.com.uy\/site\/category\/actualidad\/"},"img":{"alt_text":"","src":"https:\/\/i0.wp.com\/lahoradelcampo.com.uy\/site\/wp-content\/uploads\/2017\/10\/Plaza-Rural-2.jpg?fit=880%2C440&ssl=1&resize=350%2C200","width":350,"height":200,"srcset":"https:\/\/i0.wp.com\/lahoradelcampo.com.uy\/site\/wp-content\/uploads\/2017\/10\/Plaza-Rural-2.jpg?fit=880%2C440&ssl=1&resize=350%2C200 1x, https:\/\/i0.wp.com\/lahoradelcampo.com.uy\/site\/wp-content\/uploads\/2017\/10\/Plaza-Rural-2.jpg?fit=880%2C440&ssl=1&resize=525%2C300 1.5x, https:\/\/i0.wp.com\/lahoradelcampo.com.uy\/site\/wp-content\/uploads\/2017\/10\/Plaza-Rural-2.jpg?fit=880%2C440&ssl=1&resize=700%2C400 2x"},"classes":[]},{"id":40541,"url":"https:\/\/lahoradelcampo.com.uy\/site\/miercoles-jueves-y-viernes-plaza-rural-ofrecera-17-140-vacunos\/","url_meta":{"origin":54434,"position":1},"title":"Mi\u00e9rcoles, jueves y viernes, Plaza Rural ofrecer\u00e1 17.140 vacunos","author":"La Hora del Campo","date":"5 abril, 2022","format":false,"excerpt":"Esta semana Plaza Rural realiza una nueva venta por pantalla que tendr\u00e1 una oferta de 17.140 vacunos y 1.645 ovinos durante los d\u00edas mi\u00e9rcoles 6, jueves 7 y viernes 8 de abril, a partir de la hora 9:00. Como es tradicional las ventas se realizan desde el Hotel Cottage, por\u2026","rel":"","context":"En \u00abActualidad\u00bb","block_context":{"text":"Actualidad","link":"https:\/\/lahoradelcampo.com.uy\/site\/category\/actualidad\/"},"img":{"alt_text":"","src":"https:\/\/i0.wp.com\/lahoradelcampo.com.uy\/site\/wp-content\/uploads\/2019\/04\/Canepa.jpg?fit=880%2C440&ssl=1&resize=350%2C200","width":350,"height":200,"srcset":"https:\/\/i0.wp.com\/lahoradelcampo.com.uy\/site\/wp-content\/uploads\/2019\/04\/Canepa.jpg?fit=880%2C440&ssl=1&resize=350%2C200 1x, https:\/\/i0.wp.com\/lahoradelcampo.com.uy\/site\/wp-content\/uploads\/2019\/04\/Canepa.jpg?fit=880%2C440&ssl=1&resize=525%2C300 1.5x, https:\/\/i0.wp.com\/lahoradelcampo.com.uy\/site\/wp-content\/uploads\/2019\/04\/Canepa.jpg?fit=880%2C440&ssl=1&resize=700%2C400 2x"},"classes":[]},{"id":49558,"url":"https:\/\/lahoradelcampo.com.uy\/site\/bertsch-correa-y-san-roman-remataran-mas-de-1-100-vacunos-en-pantalla-uruguay\/","url_meta":{"origin":54434,"position":2},"title":"Bertsch, Correa y San Rom\u00e1n rematar\u00e1n m\u00e1s de 1.100 vacunos en Pantalla Uruguay","author":"La Hora del Campo","date":"29 marzo, 2023","format":false,"excerpt":"Bertsch, Correa y San Rom\u00e1n rematar\u00e1n m\u00e1s de 1.100 vacunos en el remate 254 de Pantalla Uruguay, que se llevar\u00e1 a cabo desde las instalaciones del Parque Tecnol\u00f3gico del LATU los d\u00edas 30 y 31 de marzo. El evento a nivel nacional contar\u00e1 con una oferta total de 10.736 vacunos\u2026","rel":"","context":"En \u00abActualidad\u00bb","block_context":{"text":"Actualidad","link":"https:\/\/lahoradelcampo.com.uy\/site\/category\/actualidad\/"},"img":{"alt_text":"","src":"https:\/\/i0.wp.com\/lahoradelcampo.com.uy\/site\/wp-content\/uploads\/2022\/04\/PU-Pantalla-Uruguay.jpg?fit=880%2C440&ssl=1&resize=350%2C200","width":350,"height":200,"srcset":"https:\/\/i0.wp.com\/lahoradelcampo.com.uy\/site\/wp-content\/uploads\/2022\/04\/PU-Pantalla-Uruguay.jpg?fit=880%2C440&ssl=1&resize=350%2C200 1x, https:\/\/i0.wp.com\/lahoradelcampo.com.uy\/site\/wp-content\/uploads\/2022\/04\/PU-Pantalla-Uruguay.jpg?fit=880%2C440&ssl=1&resize=525%2C300 1.5x, https:\/\/i0.wp.com\/lahoradelcampo.com.uy\/site\/wp-content\/uploads\/2022\/04\/PU-Pantalla-Uruguay.jpg?fit=880%2C440&ssl=1&resize=700%2C400 2x"},"classes":[]},{"id":12239,"url":"https:\/\/lahoradelcampo.com.uy\/site\/bertsch-correa-san-roman-con-destacada-oferta-en-pantalla-uruguay\/","url_meta":{"origin":54434,"position":3},"title":"Bertsch, Correa &#038; San Rom\u00e1n con destacada oferta en Pantalla Uruguay","author":"La Hora del Campo","date":"27 junio, 2019","format":false,"excerpt":"El consorcio de rematadores de Pantalla Uruguay realizan en la jornada de hoy su remate 205 desde la Rural del Prado, por tv cable e internet. La propuesta en esta oportunidad cuenta con una oferta de 8.000 vacunos y 200 ovinos. El orden de ventas previsto comenzar\u00e1 con la oferta\u2026","rel":"","context":"En \u00abActualidad\u00bb","block_context":{"text":"Actualidad","link":"https:\/\/lahoradelcampo.com.uy\/site\/category\/actualidad\/"},"img":{"alt_text":"","src":"https:\/\/i0.wp.com\/lahoradelcampo.com.uy\/site\/wp-content\/uploads\/2019\/04\/Pantalla.jpg?fit=880%2C440&ssl=1&resize=350%2C200","width":350,"height":200,"srcset":"https:\/\/i0.wp.com\/lahoradelcampo.com.uy\/site\/wp-content\/uploads\/2019\/04\/Pantalla.jpg?fit=880%2C440&ssl=1&resize=350%2C200 1x, https:\/\/i0.wp.com\/lahoradelcampo.com.uy\/site\/wp-content\/uploads\/2019\/04\/Pantalla.jpg?fit=880%2C440&ssl=1&resize=525%2C300 1.5x, https:\/\/i0.wp.com\/lahoradelcampo.com.uy\/site\/wp-content\/uploads\/2019\/04\/Pantalla.jpg?fit=880%2C440&ssl=1&resize=700%2C400 2x"},"classes":[]},{"id":53067,"url":"https:\/\/lahoradelcampo.com.uy\/site\/destacada-oferta-de-indarte-ciaen-plaza-rural\/","url_meta":{"origin":54434,"position":4},"title":"Destacada oferta de Indarte &#038; C\u00eda en Plaza Rural","author":"La Hora del Campo","date":"8 noviembre, 2023","format":false,"excerpt":"Con un destacada oferta, en volumen y calidad, Indarte & C\u00eda. participa a partir de hoy mi\u00e9rcoles y ma\u00f1ana jueves, en el primer remate de noviembre de Plaza Rural. La subasta se realiza desde el hotel Cottage en la capital del pa\u00eds, con transmisi\u00f3n por Tv Cable e Internet. El\u2026","rel":"","context":"En \u00abActualidad\u00bb","block_context":{"text":"Actualidad","link":"https:\/\/lahoradelcampo.com.uy\/site\/category\/actualidad\/"},"img":{"alt_text":"","src":"https:\/\/i0.wp.com\/lahoradelcampo.com.uy\/site\/wp-content\/uploads\/2023\/11\/Indarte-Cia.jpg?fit=880%2C440&ssl=1&resize=350%2C200","width":350,"height":200,"srcset":"https:\/\/i0.wp.com\/lahoradelcampo.com.uy\/site\/wp-content\/uploads\/2023\/11\/Indarte-Cia.jpg?fit=880%2C440&ssl=1&resize=350%2C200 1x, https:\/\/i0.wp.com\/lahoradelcampo.com.uy\/site\/wp-content\/uploads\/2023\/11\/Indarte-Cia.jpg?fit=880%2C440&ssl=1&resize=525%2C300 1.5x, https:\/\/i0.wp.com\/lahoradelcampo.com.uy\/site\/wp-content\/uploads\/2023\/11\/Indarte-Cia.jpg?fit=880%2C440&ssl=1&resize=700%2C400 2x"},"classes":[]},{"id":30478,"url":"https:\/\/lahoradelcampo.com.uy\/site\/pantalla-uruguay-rematara-17-430-vacunos-a-partir-de-manana-miercoles\/","url_meta":{"origin":54434,"position":5},"title":"Pantalla Uruguay rematar\u00e1 17.430 vacunos a partir de ma\u00f1ana mi\u00e9rcoles","author":"La Hora del Campo","date":"25 mayo, 2021","format":false,"excerpt":"Desde ma\u00f1ana mi\u00e9rcoles y hasta el viernes, el consorcio de rematadores de Pantalla Uruguay realizar\u00e1 su remate 228, que incluye en est\u00e1 oportunidad la 8va Ganadera Angus. Las ventas se realizaran desde el Parque Tecnol\u00f3gico del Latu, en forma 100% virtual, al contado y con banco Ita\u00fa, siendo transmitida en\u2026","rel":"","context":"En \u00abActualidad\u00bb","block_context":{"text":"Actualidad","link":"https:\/\/lahoradelcampo.com.uy\/site\/category\/actualidad\/"},"img":{"alt_text":"","src":"https:\/\/i0.wp.com\/lahoradelcampo.com.uy\/site\/wp-content\/uploads\/2018\/04\/pantalla-web.jpg?fit=880%2C440&ssl=1&resize=350%2C200","width":350,"height":200,"srcset":"https:\/\/i0.wp.com\/lahoradelcampo.com.uy\/site\/wp-content\/uploads\/2018\/04\/pantalla-web.jpg?fit=880%2C440&ssl=1&resize=350%2C200 1x, https:\/\/i0.wp.com\/lahoradelcampo.com.uy\/site\/wp-content\/uploads\/2018\/04\/pantalla-web.jpg?fit=880%2C440&ssl=1&resize=525%2C300 1.5x, https:\/\/i0.wp.com\/lahoradelcampo.com.uy\/site\/wp-content\/uploads\/2018\/04\/pantalla-web.jpg?fit=880%2C440&ssl=1&resize=700%2C400 2x"},"classes":[]}],"jetpack_likes_enabled":true,"_links":{"self":[{"href":"https:\/\/lahoradelcampo.com.uy\/site\/wp-json\/wp\/v2\/posts\/54434","targetHints":{"allow":["GET"]}}],"collection":[{"href":"https:\/\/lahoradelcampo.com.uy\/site\/wp-json\/wp\/v2\/posts"}],"about":[{"href":"https:\/\/lahoradelcampo.com.uy\/site\/wp-json\/wp\/v2\/types\/post"}],"author":[{"embeddable":true,"href":"https:\/\/lahoradelcampo.com.uy\/site\/wp-json\/wp\/v2\/users\/5"}],"replies":[{"embeddable":true,"href":"https:\/\/lahoradelcampo.com.uy\/site\/wp-json\/wp\/v2\/comments?post=54434"}],"version-history":[{"count":1,"href":"https:\/\/lahoradelcampo.com.uy\/site\/wp-json\/wp\/v2\/posts\/54434\/revisions"}],"predecessor-version":[{"id":54436,"href":"https:\/\/lahoradelcampo.com.uy\/site\/wp-json\/wp\/v2\/posts\/54434\/revisions\/54436"}],"wp:featuredmedia":[{"embeddable":true,"href":"https:\/\/lahoradelcampo.com.uy\/site\/wp-json\/wp\/v2\/media\/54435"}],"wp:attachment":[{"href":"https:\/\/lahoradelcampo.com.uy\/site\/wp-json\/wp\/v2\/media?parent=54434"}],"wp:term":[{"taxonomy":"category","embeddable":true,"href":"https:\/\/lahoradelcampo.com.uy\/site\/wp-json\/wp\/v2\/categories?post=54434"},{"taxonomy":"post_tag","embeddable":true,"href":"https:\/\/lahoradelcampo.com.uy\/site\/wp-json\/wp\/v2\/tags?post=54434"}],"curies":[{"name":"wp","href":"https:\/\/api.w.org\/{rel}","templated":true}]}}