{"id":54431,"date":"2024-09-07T10:28:20","date_gmt":"2024-09-07T13:28:20","guid":{"rendered":"http:\/\/lahoradelcampo.com.uy\/site\/?p=54431"},"modified":"2024-09-07T10:28:21","modified_gmt":"2024-09-07T13:28:21","slug":"indice-de-los-lacteos-de-la-fao-subio-22","status":"publish","type":"post","link":"https:\/\/lahoradelcampo.com.uy\/site\/indice-de-los-lacteos-de-la-fao-subio-22\/","title":{"rendered":"\u00cdndice de los l\u00e1cteos de la Fao subi\u00f3 2,2%"},"content":{"rendered":"\n<figure class=\"wp-block-image size-full\"><a href=\"https:\/\/i0.wp.com\/lahoradelcampo.com.uy\/site\/wp-content\/uploads\/2024\/09\/FAO-Indicelacteo.jpg\"><img data-recalc-dims=\"1\" loading=\"lazy\" decoding=\"async\" width=\"810\" height=\"405\" data-attachment-id=\"54432\" data-permalink=\"https:\/\/lahoradelcampo.com.uy\/site\/indice-de-los-lacteos-de-la-fao-subio-22\/fao-indicelacteo\/\" data-orig-file=\"https:\/\/i0.wp.com\/lahoradelcampo.com.uy\/site\/wp-content\/uploads\/2024\/09\/FAO-Indicelacteo.jpg?fit=880%2C440&amp;ssl=1\" data-orig-size=\"880,440\" data-comments-opened=\"1\" data-image-meta=\"{&quot;aperture&quot;:&quot;0&quot;,&quot;credit&quot;:&quot;&quot;,&quot;camera&quot;:&quot;&quot;,&quot;caption&quot;:&quot;&quot;,&quot;created_timestamp&quot;:&quot;0&quot;,&quot;copyright&quot;:&quot;&quot;,&quot;focal_length&quot;:&quot;0&quot;,&quot;iso&quot;:&quot;0&quot;,&quot;shutter_speed&quot;:&quot;0&quot;,&quot;title&quot;:&quot;&quot;,&quot;orientation&quot;:&quot;1&quot;}\" data-image-title=\"FAO-Indicelacteo\" data-image-description=\"\" data-image-caption=\"\" data-large-file=\"https:\/\/i0.wp.com\/lahoradelcampo.com.uy\/site\/wp-content\/uploads\/2024\/09\/FAO-Indicelacteo.jpg?fit=810%2C405&amp;ssl=1\" src=\"https:\/\/i0.wp.com\/lahoradelcampo.com.uy\/site\/wp-content\/uploads\/2024\/09\/FAO-Indicelacteo.jpg?resize=810%2C405\" alt=\"\" class=\"wp-image-54432\" srcset=\"https:\/\/i0.wp.com\/lahoradelcampo.com.uy\/site\/wp-content\/uploads\/2024\/09\/FAO-Indicelacteo.jpg?w=880&amp;ssl=1 880w, https:\/\/i0.wp.com\/lahoradelcampo.com.uy\/site\/wp-content\/uploads\/2024\/09\/FAO-Indicelacteo.jpg?resize=300%2C150&amp;ssl=1 300w, https:\/\/i0.wp.com\/lahoradelcampo.com.uy\/site\/wp-content\/uploads\/2024\/09\/FAO-Indicelacteo.jpg?resize=768%2C384&amp;ssl=1 768w, https:\/\/i0.wp.com\/lahoradelcampo.com.uy\/site\/wp-content\/uploads\/2024\/09\/FAO-Indicelacteo.jpg?resize=820%2C410&amp;ssl=1 820w\" sizes=\"auto, (max-width: 810px) 100vw, 810px\" \/><\/a><\/figure>\n\n\n\n<p>El \u00edndice de la FAO para los precios de los productos l\u00e1cteos registr\u00f3 en agosto un promedio de 130,6 puntos, es decir, 2,8 puntos (un 2,2 %) m\u00e1s que en julio, y se ubic\u00f3 16,3 puntos (un 14,2 %) por encima de su valor de hace un a\u00f1o. <\/p>\n\n\n\n<p>Las cotizaciones internacionales de todos los productos l\u00e1cteos aumentaron en agosto, especialmente las de la leche en polvo entera, que se debieron a un incremento de la demanda de importaciones de suministros al contado y a la escasez de existencias en las principales regiones productoras. <\/p>\n\n\n\n<p>Aumentaron los precios internacionales de la manteca y de la leche en polvo descremada, y las cotizaciones de la manteca registraron un m\u00e1ximo hist\u00f3rico debido a un aumento de la demanda de entregas a corto y a largo plazo y a cierta incertidumbre en torno a la idoneidad de la oferta de leche en Europa occidental, pese a que en Ocean\u00eda las cotizaciones descendieron a causa de una demanda m\u00e1s baja y de las expectativas de incremento estacional de la oferta de leche. <\/p>\n\n\n\n<p>Entretanto, los precios mundiales del queso aumentaron a ra\u00edz de unas existencias limitadas y de una menor producci\u00f3n de queso en Europa, a lo cual se sum\u00f3 un aumento de la demanda mundial de importaciones.<\/p>\n\n\n\n<p>Cabe acotar que los precios de FAO promedian varias commodities de mercados como Nueva Zelanda, Estados Unidos y la Uni\u00f3n Europea. El \u00cdndice del GDT de Nueva Zelanda present\u00f3 mejoras de precios a partir de septiembre 2023. La situaci\u00f3n de marzo y abril cambi\u00f3 y los \u00edndices presentaron una baja, que se recuper\u00f3 en mayo y junio, vuelven a caer en julio y se recuperaron en agosto.<\/p>\n\n\n\n<p>Salto, 7 de setiembre de 2024<\/p>\n","protected":false},"excerpt":{"rendered":"<p>El \u00edndice de la FAO para los precios de los productos l\u00e1cteos registr\u00f3 en agosto un promedio de 130,6 puntos, es decir, 2,8 puntos (un 2,2 %) m\u00e1s que en [&hellip;]<\/p>\n","protected":false},"author":5,"featured_media":54432,"comment_status":"open","ping_status":"open","sticky":false,"template":"","format":"standard","meta":{"_price":"","_stock":"","_tribe_ticket_header":"","_tribe_default_ticket_provider":"","_tribe_ticket_capacity":"0","_ticket_start_date":"","_ticket_end_date":"","_tribe_ticket_show_description":"","_tribe_ticket_show_not_going":false,"_tribe_ticket_use_global_stock":"","_tribe_ticket_global_stock_level":"","_global_stock_mode":"","_global_stock_cap":"","_tribe_rsvp_for_event":"","_tribe_ticket_going_count":"","_tribe_ticket_not_going_count":"","_tribe_tickets_list":"[]","_tribe_ticket_has_attendee_info_fields":false,"h5ap_radio_sources":[],"_jetpack_newsletter_access":"","_jetpack_dont_email_post_to_subs":false,"_jetpack_newsletter_tier_id":0,"_jetpack_memberships_contains_paywalled_content":false,"_jetpack_memberships_contains_paid_content":false,"footnotes":""},"categories":[21,15],"tags":[],"class_list":["post-54431","post","type-post","status-publish","format-standard","has-post-thumbnail","hentry","category-actualidad","category-columnistas"],"jetpack_featured_media_url":"https:\/\/i0.wp.com\/lahoradelcampo.com.uy\/site\/wp-content\/uploads\/2024\/09\/FAO-Indicelacteo.jpg?fit=880%2C440&ssl=1","jetpack_sharing_enabled":true,"jetpack_shortlink":"https:\/\/wp.me\/p99IaT-e9V","jetpack-related-posts":[{"id":54170,"url":"https:\/\/lahoradelcampo.com.uy\/site\/precios-de-los-lacteos-estables-segun-la-fao\/","url_meta":{"origin":54431,"position":0},"title":"Precios de los l\u00e1cteos estables seg\u00fan la FAO","author":"La Hora del Campo","date":"8 agosto, 2024","format":false,"excerpt":"El \u00edndice de precios de los productos l\u00e1cteos de la FAO registr\u00f3 en julio un promedio de 127,7 puntos, manteni\u00e9ndose casi invariado desde junio y ubic\u00e1ndose 8,6 puntos (7,2 %) por encima de su valor de hace un a\u00f1o. Este comportamiento se debe a que el descenso de las cotizaciones\u2026","rel":"","context":"En \u00abActualidad\u00bb","block_context":{"text":"Actualidad","link":"https:\/\/lahoradelcampo.com.uy\/site\/category\/actualidad\/"},"img":{"alt_text":"","src":"https:\/\/i0.wp.com\/lahoradelcampo.com.uy\/site\/wp-content\/uploads\/2023\/03\/lacteos-leche.jpg?fit=880%2C440&ssl=1&resize=350%2C200","width":350,"height":200,"srcset":"https:\/\/i0.wp.com\/lahoradelcampo.com.uy\/site\/wp-content\/uploads\/2023\/03\/lacteos-leche.jpg?fit=880%2C440&ssl=1&resize=350%2C200 1x, https:\/\/i0.wp.com\/lahoradelcampo.com.uy\/site\/wp-content\/uploads\/2023\/03\/lacteos-leche.jpg?fit=880%2C440&ssl=1&resize=525%2C300 1.5x, https:\/\/i0.wp.com\/lahoradelcampo.com.uy\/site\/wp-content\/uploads\/2023\/03\/lacteos-leche.jpg?fit=880%2C440&ssl=1&resize=700%2C400 2x"},"classes":[]},{"id":35235,"url":"https:\/\/lahoradelcampo.com.uy\/site\/indice-de-los-lacteos-subio-15-en-setiembre\/","url_meta":{"origin":54431,"position":1},"title":"\u00cdndice de los l\u00e1cteos subi\u00f3 1,5% en setiembre","author":"La Hora del Campo","date":"8 octubre, 2021","format":false,"excerpt":"El \u00edndice de precios de los productos l\u00e1cteos de la FAO registr\u00f3 en septiembre un promedio de 117,9 puntos, esto es, 1,7 puntos (un 1,5 %) m\u00e1s que en agosto y 15,6 puntos (un 15,2 %) por encima del valor registrado en el mismo mes del a\u00f1o pasado.\u00a0 En septiembre,\u2026","rel":"","context":"En \u00abActualidad\u00bb","block_context":{"text":"Actualidad","link":"https:\/\/lahoradelcampo.com.uy\/site\/category\/actualidad\/"},"img":{"alt_text":"","src":"https:\/\/i0.wp.com\/lahoradelcampo.com.uy\/site\/wp-content\/uploads\/2017\/12\/Lacteos.jpg?fit=880%2C440&ssl=1&resize=350%2C200","width":350,"height":200,"srcset":"https:\/\/i0.wp.com\/lahoradelcampo.com.uy\/site\/wp-content\/uploads\/2017\/12\/Lacteos.jpg?fit=880%2C440&ssl=1&resize=350%2C200 1x, https:\/\/i0.wp.com\/lahoradelcampo.com.uy\/site\/wp-content\/uploads\/2017\/12\/Lacteos.jpg?fit=880%2C440&ssl=1&resize=525%2C300 1.5x, https:\/\/i0.wp.com\/lahoradelcampo.com.uy\/site\/wp-content\/uploads\/2017\/12\/Lacteos.jpg?fit=880%2C440&ssl=1&resize=700%2C400 2x"},"classes":[]},{"id":30998,"url":"https:\/\/lahoradelcampo.com.uy\/site\/fao-indice-de-los-lacteos-subieron-un-15-en-mayo\/","url_meta":{"origin":54431,"position":2},"title":"FAO: \u00cdndice de los l\u00e1cteos subieron un 1,5% en mayo","author":"La Hora del Campo","date":"7 junio, 2021","format":false,"excerpt":"El \u00edndice de precios de los productos l\u00e1cteos de la FAO registr\u00f3 un promedio de 120,8 puntos en mayo, lo que representa un alza de 1,7 puntos (un 1,5 %) desde abril y un a\u00f1o de aumentos ininterrumpidos y empuja el valor del \u00edndice 26,4 puntos (un 28 %) por\u2026","rel":"","context":"En \u00abActualidad\u00bb","block_context":{"text":"Actualidad","link":"https:\/\/lahoradelcampo.com.uy\/site\/category\/actualidad\/"},"img":{"alt_text":"","src":"https:\/\/i0.wp.com\/lahoradelcampo.com.uy\/site\/wp-content\/uploads\/2021\/06\/lechevaso.jpg?fit=880%2C440&ssl=1&resize=350%2C200","width":350,"height":200,"srcset":"https:\/\/i0.wp.com\/lahoradelcampo.com.uy\/site\/wp-content\/uploads\/2021\/06\/lechevaso.jpg?fit=880%2C440&ssl=1&resize=350%2C200 1x, https:\/\/i0.wp.com\/lahoradelcampo.com.uy\/site\/wp-content\/uploads\/2021\/06\/lechevaso.jpg?fit=880%2C440&ssl=1&resize=525%2C300 1.5x, https:\/\/i0.wp.com\/lahoradelcampo.com.uy\/site\/wp-content\/uploads\/2021\/06\/lechevaso.jpg?fit=880%2C440&ssl=1&resize=700%2C400 2x"},"classes":[]},{"id":47501,"url":"https:\/\/lahoradelcampo.com.uy\/site\/indice-de-la-fao-para-los-lacteos-cayo-un-12-en-noviembre\/","url_meta":{"origin":54431,"position":3},"title":"\u00cdndice de la FAO para los l\u00e1cteos cay\u00f3 un 1,2% en noviembre","author":"La Hora del Campo","date":"7 diciembre, 2022","format":false,"excerpt":"El \u00edndice de precios de los productos l\u00e1cteos de la FAO se situ\u00f3 en noviembre en un promedio de 137,5 puntos, un 1,2 % menos que en octubre, lo que representa el quinto descenso mensual consecutivo, pero se mantuvo 9,2 % por encima de su valor de hace un a\u00f1o.\u2026","rel":"","context":"En \u00abActualidad\u00bb","block_context":{"text":"Actualidad","link":"https:\/\/lahoradelcampo.com.uy\/site\/category\/actualidad\/"},"img":{"alt_text":"","src":"https:\/\/i0.wp.com\/lahoradelcampo.com.uy\/site\/wp-content\/uploads\/2021\/02\/exportacionlacteos.jpg?fit=880%2C440&ssl=1&resize=350%2C200","width":350,"height":200,"srcset":"https:\/\/i0.wp.com\/lahoradelcampo.com.uy\/site\/wp-content\/uploads\/2021\/02\/exportacionlacteos.jpg?fit=880%2C440&ssl=1&resize=350%2C200 1x, https:\/\/i0.wp.com\/lahoradelcampo.com.uy\/site\/wp-content\/uploads\/2021\/02\/exportacionlacteos.jpg?fit=880%2C440&ssl=1&resize=525%2C300 1.5x, https:\/\/i0.wp.com\/lahoradelcampo.com.uy\/site\/wp-content\/uploads\/2021\/02\/exportacionlacteos.jpg?fit=880%2C440&ssl=1&resize=700%2C400 2x"},"classes":[]},{"id":36275,"url":"https:\/\/lahoradelcampo.com.uy\/site\/lacteos-indice-de-la-fao-subio-155\/","url_meta":{"origin":54431,"position":4},"title":"Lacteos: \u00cdndice de la FAO subi\u00f3 15,5%","author":"La Hora del Campo","date":"5 noviembre, 2021","format":false,"excerpt":"El \u00edndice de precios de los productos l\u00e1cteos de la FAO registr\u00f3 en octubre un promedio de 120,7 puntos, esto significa un incremento del 15,5% respecto a igual mes de 2020 y un 2,2% frente al pasado mes de setiembre. Las cotizaciones internacionales de la manteca, la leche en polvo\u2026","rel":"","context":"En \u00abActualidad\u00bb","block_context":{"text":"Actualidad","link":"https:\/\/lahoradelcampo.com.uy\/site\/category\/actualidad\/"},"img":{"alt_text":"","src":"https:\/\/i0.wp.com\/lahoradelcampo.com.uy\/site\/wp-content\/uploads\/2021\/02\/exportacionlacteos.jpg?fit=880%2C440&ssl=1&resize=350%2C200","width":350,"height":200,"srcset":"https:\/\/i0.wp.com\/lahoradelcampo.com.uy\/site\/wp-content\/uploads\/2021\/02\/exportacionlacteos.jpg?fit=880%2C440&ssl=1&resize=350%2C200 1x, https:\/\/i0.wp.com\/lahoradelcampo.com.uy\/site\/wp-content\/uploads\/2021\/02\/exportacionlacteos.jpg?fit=880%2C440&ssl=1&resize=525%2C300 1.5x, https:\/\/i0.wp.com\/lahoradelcampo.com.uy\/site\/wp-content\/uploads\/2021\/02\/exportacionlacteos.jpg?fit=880%2C440&ssl=1&resize=700%2C400 2x"},"classes":[]},{"id":38189,"url":"https:\/\/lahoradelcampo.com.uy\/site\/indice-de-los-lacteos-de-la-fao-subio-un-18-en-diciembre\/","url_meta":{"origin":54431,"position":5},"title":"\u00cdndice de los l\u00e1cteos de la FAO subi\u00f3 un 1,8% en diciembre","author":"La Hora del Campo","date":"7 enero, 2022","format":false,"excerpt":"El \u00edndice de precios de los productos l\u00e1cteos de la FAO registr\u00f3 en diciembre un promedio de 128,2 puntos, esto es, 2,3 puntos (un 1,8 %) m\u00e1s que en noviembre y 19,0 puntos (un 17,4 %) por encima de su nivel de diciembre de 2020. En diciembre siguieron aumentando las\u2026","rel":"","context":"En \u00abActualidad\u00bb","block_context":{"text":"Actualidad","link":"https:\/\/lahoradelcampo.com.uy\/site\/category\/actualidad\/"},"img":{"alt_text":"","src":"https:\/\/i0.wp.com\/lahoradelcampo.com.uy\/site\/wp-content\/uploads\/2021\/06\/Lecheria.jpg?fit=880%2C440&ssl=1&resize=350%2C200","width":350,"height":200,"srcset":"https:\/\/i0.wp.com\/lahoradelcampo.com.uy\/site\/wp-content\/uploads\/2021\/06\/Lecheria.jpg?fit=880%2C440&ssl=1&resize=350%2C200 1x, https:\/\/i0.wp.com\/lahoradelcampo.com.uy\/site\/wp-content\/uploads\/2021\/06\/Lecheria.jpg?fit=880%2C440&ssl=1&resize=525%2C300 1.5x, https:\/\/i0.wp.com\/lahoradelcampo.com.uy\/site\/wp-content\/uploads\/2021\/06\/Lecheria.jpg?fit=880%2C440&ssl=1&resize=700%2C400 2x"},"classes":[]}],"jetpack_likes_enabled":true,"_links":{"self":[{"href":"https:\/\/lahoradelcampo.com.uy\/site\/wp-json\/wp\/v2\/posts\/54431","targetHints":{"allow":["GET"]}}],"collection":[{"href":"https:\/\/lahoradelcampo.com.uy\/site\/wp-json\/wp\/v2\/posts"}],"about":[{"href":"https:\/\/lahoradelcampo.com.uy\/site\/wp-json\/wp\/v2\/types\/post"}],"author":[{"embeddable":true,"href":"https:\/\/lahoradelcampo.com.uy\/site\/wp-json\/wp\/v2\/users\/5"}],"replies":[{"embeddable":true,"href":"https:\/\/lahoradelcampo.com.uy\/site\/wp-json\/wp\/v2\/comments?post=54431"}],"version-history":[{"count":1,"href":"https:\/\/lahoradelcampo.com.uy\/site\/wp-json\/wp\/v2\/posts\/54431\/revisions"}],"predecessor-version":[{"id":54433,"href":"https:\/\/lahoradelcampo.com.uy\/site\/wp-json\/wp\/v2\/posts\/54431\/revisions\/54433"}],"wp:featuredmedia":[{"embeddable":true,"href":"https:\/\/lahoradelcampo.com.uy\/site\/wp-json\/wp\/v2\/media\/54432"}],"wp:attachment":[{"href":"https:\/\/lahoradelcampo.com.uy\/site\/wp-json\/wp\/v2\/media?parent=54431"}],"wp:term":[{"taxonomy":"category","embeddable":true,"href":"https:\/\/lahoradelcampo.com.uy\/site\/wp-json\/wp\/v2\/categories?post=54431"},{"taxonomy":"post_tag","embeddable":true,"href":"https:\/\/lahoradelcampo.com.uy\/site\/wp-json\/wp\/v2\/tags?post=54431"}],"curies":[{"name":"wp","href":"https:\/\/api.w.org\/{rel}","templated":true}]}}