{"id":54428,"date":"2024-09-07T10:22:32","date_gmt":"2024-09-07T13:22:32","guid":{"rendered":"http:\/\/lahoradelcampo.com.uy\/site\/?p=54428"},"modified":"2024-09-07T10:22:33","modified_gmt":"2024-09-07T13:22:33","slug":"se-habilito-la-declaracion-jurada-de-propietarios-de-colmenas","status":"publish","type":"post","link":"https:\/\/lahoradelcampo.com.uy\/site\/se-habilito-la-declaracion-jurada-de-propietarios-de-colmenas\/","title":{"rendered":"Se habilit\u00f3 la Declaraci\u00f3n Jurada de Propietarios de Colmenas"},"content":{"rendered":"\n<figure class=\"wp-block-image size-full\"><a href=\"https:\/\/i0.wp.com\/lahoradelcampo.com.uy\/site\/wp-content\/uploads\/2024\/09\/Apicola-colmena.jpg\"><img data-recalc-dims=\"1\" loading=\"lazy\" decoding=\"async\" width=\"810\" height=\"405\" data-attachment-id=\"54429\" data-permalink=\"https:\/\/lahoradelcampo.com.uy\/site\/se-habilito-la-declaracion-jurada-de-propietarios-de-colmenas\/apicola-colmena\/\" data-orig-file=\"https:\/\/i0.wp.com\/lahoradelcampo.com.uy\/site\/wp-content\/uploads\/2024\/09\/Apicola-colmena.jpg?fit=880%2C440&amp;ssl=1\" data-orig-size=\"880,440\" data-comments-opened=\"1\" data-image-meta=\"{&quot;aperture&quot;:&quot;0&quot;,&quot;credit&quot;:&quot;&quot;,&quot;camera&quot;:&quot;&quot;,&quot;caption&quot;:&quot;&quot;,&quot;created_timestamp&quot;:&quot;0&quot;,&quot;copyright&quot;:&quot;&quot;,&quot;focal_length&quot;:&quot;0&quot;,&quot;iso&quot;:&quot;0&quot;,&quot;shutter_speed&quot;:&quot;0&quot;,&quot;title&quot;:&quot;&quot;,&quot;orientation&quot;:&quot;1&quot;}\" data-image-title=\"Apicola-colmena\" data-image-description=\"\" data-image-caption=\"\" data-large-file=\"https:\/\/i0.wp.com\/lahoradelcampo.com.uy\/site\/wp-content\/uploads\/2024\/09\/Apicola-colmena.jpg?fit=810%2C405&amp;ssl=1\" src=\"https:\/\/i0.wp.com\/lahoradelcampo.com.uy\/site\/wp-content\/uploads\/2024\/09\/Apicola-colmena.jpg?resize=810%2C405\" alt=\"\" class=\"wp-image-54429\" srcset=\"https:\/\/i0.wp.com\/lahoradelcampo.com.uy\/site\/wp-content\/uploads\/2024\/09\/Apicola-colmena.jpg?w=880&amp;ssl=1 880w, https:\/\/i0.wp.com\/lahoradelcampo.com.uy\/site\/wp-content\/uploads\/2024\/09\/Apicola-colmena.jpg?resize=300%2C150&amp;ssl=1 300w, https:\/\/i0.wp.com\/lahoradelcampo.com.uy\/site\/wp-content\/uploads\/2024\/09\/Apicola-colmena.jpg?resize=768%2C384&amp;ssl=1 768w, https:\/\/i0.wp.com\/lahoradelcampo.com.uy\/site\/wp-content\/uploads\/2024\/09\/Apicola-colmena.jpg?resize=820%2C410&amp;ssl=1 820w\" sizes=\"auto, (max-width: 810px) 100vw, 810px\" \/><\/a><\/figure>\n\n\n\n<p>El Ministerio de Ganader\u00eda, Agricultura y Pesca (MGAP), a trav\u00e9s de la Direcci\u00f3n General de la Granja (Digegra) inform\u00f3 que se habilit\u00f3 el registro de la Declaraci\u00f3n Jurada de Propietarios de Colmenas. La declaraci\u00f3n debe ser completada por todas las Personas F\u00edsicas o Jur\u00eddicas que se encuentren en posesi\u00f3n de al menos una colmena. <\/p>\n\n\n\n<p>La declaraci\u00f3n deber\u00e1 realizarse durante el mes de setiembre en el Nuevo Sistema Nacional de Trazabilidad Ap\u00edcola (SINATPA), al cual se accede a trav\u00e9s de un Usuario GUB.UY de nivel 2. Por consultas, los apicultores podr\u00e1n comunicarse a trav\u00e9s del correo: apiculturadigegra@mgap.gub.uy o por WhatsApp 092681052.<\/p>\n\n\n\n<p>Salto, 7 de setiembre de 2024<\/p>\n","protected":false},"excerpt":{"rendered":"<p>El Ministerio de Ganader\u00eda, Agricultura y Pesca (MGAP), a trav\u00e9s de la Direcci\u00f3n General de la Granja (Digegra) inform\u00f3 que se habilit\u00f3 el registro de la Declaraci\u00f3n Jurada de Propietarios [&hellip;]<\/p>\n","protected":false},"author":5,"featured_media":54429,"comment_status":"open","ping_status":"open","sticky":false,"template":"","format":"standard","meta":{"_price":"","_stock":"","_tribe_ticket_header":"","_tribe_default_ticket_provider":"","_tribe_ticket_capacity":"0","_ticket_start_date":"","_ticket_end_date":"","_tribe_ticket_show_description":"","_tribe_ticket_show_not_going":false,"_tribe_ticket_use_global_stock":"","_tribe_ticket_global_stock_level":"","_global_stock_mode":"","_global_stock_cap":"","_tribe_rsvp_for_event":"","_tribe_ticket_going_count":"","_tribe_ticket_not_going_count":"","_tribe_tickets_list":"[]","_tribe_ticket_has_attendee_info_fields":false,"h5ap_radio_sources":[],"_jetpack_newsletter_access":"","_jetpack_dont_email_post_to_subs":false,"_jetpack_newsletter_tier_id":0,"_jetpack_memberships_contains_paywalled_content":false,"_jetpack_memberships_contains_paid_content":false,"footnotes":""},"categories":[21,9],"tags":[],"class_list":["post-54428","post","type-post","status-publish","format-standard","has-post-thumbnail","hentry","category-actualidad","category-granja"],"jetpack_featured_media_url":"https:\/\/i0.wp.com\/lahoradelcampo.com.uy\/site\/wp-content\/uploads\/2024\/09\/Apicola-colmena.jpg?fit=880%2C440&ssl=1","jetpack_sharing_enabled":true,"jetpack_shortlink":"https:\/\/wp.me\/p99IaT-e9S","jetpack-related-posts":[{"id":43295,"url":"https:\/\/lahoradelcampo.com.uy\/site\/desde-el-1-de-julio-se-realiza-la-declaracion-jurada-anual-de-colmenas\/","url_meta":{"origin":54428,"position":0},"title":"Desde el 1 de julio se realiza la Declaraci\u00f3n Jurada Anual de Colmenas","author":"La Hora del Campo","date":"29 junio, 2022","format":false,"excerpt":"La Direcci\u00f3n General de la Granja y la Comisi\u00f3n Honoraria de Desarrollo Ap\u00edcola comunican a los se\u00f1ores apicultores que deber\u00e1n realizar la Declaraci\u00f3n Jurada Anual del Registro Nacional de Propietarios de Colmenas, dentro del Sistema Nacional de Trazabilidad de los Productos Ap\u00edcolas (SINATPA), a partir del 1\u00ba de julio hasta\u2026","rel":"","context":"En \u00abActualidad\u00bb","block_context":{"text":"Actualidad","link":"https:\/\/lahoradelcampo.com.uy\/site\/category\/actualidad\/"},"img":{"alt_text":"","src":"https:\/\/i0.wp.com\/lahoradelcampo.com.uy\/site\/wp-content\/uploads\/2022\/06\/apicola.jpg?fit=880%2C440&ssl=1&resize=350%2C200","width":350,"height":200,"srcset":"https:\/\/i0.wp.com\/lahoradelcampo.com.uy\/site\/wp-content\/uploads\/2022\/06\/apicola.jpg?fit=880%2C440&ssl=1&resize=350%2C200 1x, https:\/\/i0.wp.com\/lahoradelcampo.com.uy\/site\/wp-content\/uploads\/2022\/06\/apicola.jpg?fit=880%2C440&ssl=1&resize=525%2C300 1.5x, https:\/\/i0.wp.com\/lahoradelcampo.com.uy\/site\/wp-content\/uploads\/2022\/06\/apicola.jpg?fit=880%2C440&ssl=1&resize=700%2C400 2x"},"classes":[]},{"id":29224,"url":"https:\/\/lahoradelcampo.com.uy\/site\/declaracion-jurada-de-colmenas-sera-del-1-de-julio-al-30-de-setiembre\/","url_meta":{"origin":54428,"position":1},"title":"Declaraci\u00f3n jurada de colmenas ser\u00e1 del 1 de julio al 30 de setiembre","author":"La Hora del Campo","date":"13 abril, 2021","format":false,"excerpt":"Debido a la situaci\u00f3n de pandemia y ante las recomendaciones anunciadas por el Gobierno Nacional, en pro de proteger a la poblaci\u00f3n del contagio, la Direcci\u00f3n General de la Granja (DIGEGRA) ha decidido extender por 90 d\u00edas la Declaraci\u00f3n Jurada Anual de Propietarios de Colmenas. Seg\u00fan se establece en la\u2026","rel":"","context":"En \u00abActualidad\u00bb","block_context":{"text":"Actualidad","link":"https:\/\/lahoradelcampo.com.uy\/site\/category\/actualidad\/"},"img":{"alt_text":"","src":"https:\/\/i0.wp.com\/lahoradelcampo.com.uy\/site\/wp-content\/uploads\/2017\/12\/Colmenas.jpg?fit=880%2C440&ssl=1&resize=350%2C200","width":350,"height":200,"srcset":"https:\/\/i0.wp.com\/lahoradelcampo.com.uy\/site\/wp-content\/uploads\/2017\/12\/Colmenas.jpg?fit=880%2C440&ssl=1&resize=350%2C200 1x, https:\/\/i0.wp.com\/lahoradelcampo.com.uy\/site\/wp-content\/uploads\/2017\/12\/Colmenas.jpg?fit=880%2C440&ssl=1&resize=525%2C300 1.5x, https:\/\/i0.wp.com\/lahoradelcampo.com.uy\/site\/wp-content\/uploads\/2017\/12\/Colmenas.jpg?fit=880%2C440&ssl=1&resize=700%2C400 2x"},"classes":[]},{"id":31550,"url":"https:\/\/lahoradelcampo.com.uy\/site\/desde-el-1-de-julio-se-debe-realizar-la-dj-de-propietarios-de-colmenas\/","url_meta":{"origin":54428,"position":2},"title":"Desde el 1 de julio se debe realizar la DJ de propietarios de colmenas","author":"La Hora del Campo","date":"26 junio, 2021","format":false,"excerpt":"El Ministerio de Ganader\u00eda, Agricultura y Pesca (MGAP) recuerda que a partir del 1 de julio los productores ap\u00edcolas deben realizar la Declaraci\u00f3n Jurada Anual del Registro Nacional de Propietarios de Colmenas. Este a\u00f1o, debido a la situaci\u00f3n de la pandemia, el plazo ha sido prorrogado hasta el 30 de\u2026","rel":"","context":"En \u00abActualidad\u00bb","block_context":{"text":"Actualidad","link":"https:\/\/lahoradelcampo.com.uy\/site\/category\/actualidad\/"},"img":{"alt_text":"","src":"https:\/\/i0.wp.com\/lahoradelcampo.com.uy\/site\/wp-content\/uploads\/2018\/05\/Abejas.jpg?fit=880%2C440&ssl=1&resize=350%2C200","width":350,"height":200,"srcset":"https:\/\/i0.wp.com\/lahoradelcampo.com.uy\/site\/wp-content\/uploads\/2018\/05\/Abejas.jpg?fit=880%2C440&ssl=1&resize=350%2C200 1x, https:\/\/i0.wp.com\/lahoradelcampo.com.uy\/site\/wp-content\/uploads\/2018\/05\/Abejas.jpg?fit=880%2C440&ssl=1&resize=525%2C300 1.5x, https:\/\/i0.wp.com\/lahoradelcampo.com.uy\/site\/wp-content\/uploads\/2018\/05\/Abejas.jpg?fit=880%2C440&ssl=1&resize=700%2C400 2x"},"classes":[]},{"id":20112,"url":"https:\/\/lahoradelcampo.com.uy\/site\/en-el-pais-estan-declaradas-mas-de-500-000-colmenas\/","url_meta":{"origin":54428,"position":3},"title":"En el pa\u00eds est\u00e1n declaradas m\u00e1s de 500.000 colmenas","author":"La Hora del Campo","date":"25 mayo, 2020","format":false,"excerpt":"La Direcci\u00f3n General de la Granja present\u00f3 un informe especial sobre el n\u00famero de colmenas y propietarios de las mismas en el territorio nacional. El trabajo se bas\u00f3 en los resultados del Registro Nacional de Propietarios de Colmenas dentro del Sistema Nacional de Trazabilidad de los Productos Ap\u00edcolas (SINATPA) generados\u2026","rel":"","context":"En \u00abActualidad\u00bb","block_context":{"text":"Actualidad","link":"https:\/\/lahoradelcampo.com.uy\/site\/category\/actualidad\/"},"img":{"alt_text":"","src":"https:\/\/i0.wp.com\/lahoradelcampo.com.uy\/site\/wp-content\/uploads\/2017\/12\/Abejas.jpg?fit=880%2C440&ssl=1&resize=350%2C200","width":350,"height":200,"srcset":"https:\/\/i0.wp.com\/lahoradelcampo.com.uy\/site\/wp-content\/uploads\/2017\/12\/Abejas.jpg?fit=880%2C440&ssl=1&resize=350%2C200 1x, https:\/\/i0.wp.com\/lahoradelcampo.com.uy\/site\/wp-content\/uploads\/2017\/12\/Abejas.jpg?fit=880%2C440&ssl=1&resize=525%2C300 1.5x, https:\/\/i0.wp.com\/lahoradelcampo.com.uy\/site\/wp-content\/uploads\/2017\/12\/Abejas.jpg?fit=880%2C440&ssl=1&resize=700%2C400 2x"},"classes":[]},{"id":48745,"url":"https:\/\/lahoradelcampo.com.uy\/site\/digegra-informo-requisitos-para-que-apicultores-accedan-al-fae\/","url_meta":{"origin":54428,"position":4},"title":"Digegra inform\u00f3 requisitos para que apicultores accedan al FAE","author":"La Hora del Campo","date":"18 febrero, 2023","format":false,"excerpt":"DIGEGRA dio a conocer los requisitos para que apicultores accedan a los pr\u00e9stamos subsidiados por la emergencia agropecuaria. Son beneficiarios los productores ap\u00edcolas que: Tener apiarios declarados en la zona de Emergencia Agropecuaria (todo el territorio nacional) y estar al d\u00eda con sus obligaciones ante el MGAPContar con el registro\u2026","rel":"","context":"En \u00abActualidad\u00bb","block_context":{"text":"Actualidad","link":"https:\/\/lahoradelcampo.com.uy\/site\/category\/actualidad\/"},"img":{"alt_text":"","src":"https:\/\/i0.wp.com\/lahoradelcampo.com.uy\/site\/wp-content\/uploads\/2023\/02\/apicola2.jpg?fit=880%2C440&ssl=1&resize=350%2C200","width":350,"height":200,"srcset":"https:\/\/i0.wp.com\/lahoradelcampo.com.uy\/site\/wp-content\/uploads\/2023\/02\/apicola2.jpg?fit=880%2C440&ssl=1&resize=350%2C200 1x, https:\/\/i0.wp.com\/lahoradelcampo.com.uy\/site\/wp-content\/uploads\/2023\/02\/apicola2.jpg?fit=880%2C440&ssl=1&resize=525%2C300 1.5x, https:\/\/i0.wp.com\/lahoradelcampo.com.uy\/site\/wp-content\/uploads\/2023\/02\/apicola2.jpg?fit=880%2C440&ssl=1&resize=700%2C400 2x"},"classes":[]},{"id":22370,"url":"https:\/\/lahoradelcampo.com.uy\/site\/chda-busca-incluir-la-apicultura-en-la-curricula-de-la-udelar\/","url_meta":{"origin":54428,"position":5},"title":"CHDA busca incluir la apicultura en la curr\u00edcula de la Udelar","author":"La Hora del Campo","date":"4 agosto, 2020","format":false,"excerpt":"El pr\u00f3ximo 11 de agosto la Comisi\u00f3n Honoraria de Desarrollo Ap\u00edcola (CHDA) se reunir\u00e1 con el Rector de la Universidad, Lic. Rodrigo Arim, con el fin de avanzar en las gestiones para incluir en las curr\u00edculas de las carreras de grado de las facultades de Agronom\u00eda, Veterinaria y Qu\u00edmica, a\u2026","rel":"","context":"En \u00abActualidad\u00bb","block_context":{"text":"Actualidad","link":"https:\/\/lahoradelcampo.com.uy\/site\/category\/actualidad\/"},"img":{"alt_text":"","src":"https:\/\/i0.wp.com\/lahoradelcampo.com.uy\/site\/wp-content\/uploads\/2020\/08\/apicolasweb.jpg?fit=880%2C440&ssl=1&resize=350%2C200","width":350,"height":200,"srcset":"https:\/\/i0.wp.com\/lahoradelcampo.com.uy\/site\/wp-content\/uploads\/2020\/08\/apicolasweb.jpg?fit=880%2C440&ssl=1&resize=350%2C200 1x, https:\/\/i0.wp.com\/lahoradelcampo.com.uy\/site\/wp-content\/uploads\/2020\/08\/apicolasweb.jpg?fit=880%2C440&ssl=1&resize=525%2C300 1.5x, https:\/\/i0.wp.com\/lahoradelcampo.com.uy\/site\/wp-content\/uploads\/2020\/08\/apicolasweb.jpg?fit=880%2C440&ssl=1&resize=700%2C400 2x"},"classes":[]}],"jetpack_likes_enabled":true,"_links":{"self":[{"href":"https:\/\/lahoradelcampo.com.uy\/site\/wp-json\/wp\/v2\/posts\/54428","targetHints":{"allow":["GET"]}}],"collection":[{"href":"https:\/\/lahoradelcampo.com.uy\/site\/wp-json\/wp\/v2\/posts"}],"about":[{"href":"https:\/\/lahoradelcampo.com.uy\/site\/wp-json\/wp\/v2\/types\/post"}],"author":[{"embeddable":true,"href":"https:\/\/lahoradelcampo.com.uy\/site\/wp-json\/wp\/v2\/users\/5"}],"replies":[{"embeddable":true,"href":"https:\/\/lahoradelcampo.com.uy\/site\/wp-json\/wp\/v2\/comments?post=54428"}],"version-history":[{"count":1,"href":"https:\/\/lahoradelcampo.com.uy\/site\/wp-json\/wp\/v2\/posts\/54428\/revisions"}],"predecessor-version":[{"id":54430,"href":"https:\/\/lahoradelcampo.com.uy\/site\/wp-json\/wp\/v2\/posts\/54428\/revisions\/54430"}],"wp:featuredmedia":[{"embeddable":true,"href":"https:\/\/lahoradelcampo.com.uy\/site\/wp-json\/wp\/v2\/media\/54429"}],"wp:attachment":[{"href":"https:\/\/lahoradelcampo.com.uy\/site\/wp-json\/wp\/v2\/media?parent=54428"}],"wp:term":[{"taxonomy":"category","embeddable":true,"href":"https:\/\/lahoradelcampo.com.uy\/site\/wp-json\/wp\/v2\/categories?post=54428"},{"taxonomy":"post_tag","embeddable":true,"href":"https:\/\/lahoradelcampo.com.uy\/site\/wp-json\/wp\/v2\/tags?post=54428"}],"curies":[{"name":"wp","href":"https:\/\/api.w.org\/{rel}","templated":true}]}}