{"id":54424,"date":"2024-09-07T10:19:07","date_gmt":"2024-09-07T13:19:07","guid":{"rendered":"http:\/\/lahoradelcampo.com.uy\/site\/?p=54424"},"modified":"2024-09-07T10:19:08","modified_gmt":"2024-09-07T13:19:08","slug":"mercosur-ampliara-5-el-area-de-siembra-de-arroz-en-la-zafra-2024-2025","status":"publish","type":"post","link":"https:\/\/lahoradelcampo.com.uy\/site\/mercosur-ampliara-5-el-area-de-siembra-de-arroz-en-la-zafra-2024-2025\/","title":{"rendered":"Mercosur ampliar\u00e1 5% el \u00e1rea de siembra de arroz en la zafra 2024\/2025"},"content":{"rendered":"\n<figure class=\"wp-block-image size-full\"><a href=\"https:\/\/i0.wp.com\/lahoradelcampo.com.uy\/site\/wp-content\/uploads\/2024\/09\/Arroz-plantado.jpg\"><img data-recalc-dims=\"1\" loading=\"lazy\" decoding=\"async\" width=\"810\" height=\"405\" data-attachment-id=\"54425\" data-permalink=\"https:\/\/lahoradelcampo.com.uy\/site\/mercosur-ampliara-5-el-area-de-siembra-de-arroz-en-la-zafra-2024-2025\/arroz-plantado\/\" data-orig-file=\"https:\/\/i0.wp.com\/lahoradelcampo.com.uy\/site\/wp-content\/uploads\/2024\/09\/Arroz-plantado.jpg?fit=880%2C440&amp;ssl=1\" data-orig-size=\"880,440\" data-comments-opened=\"1\" data-image-meta=\"{&quot;aperture&quot;:&quot;0&quot;,&quot;credit&quot;:&quot;&quot;,&quot;camera&quot;:&quot;&quot;,&quot;caption&quot;:&quot;&quot;,&quot;created_timestamp&quot;:&quot;0&quot;,&quot;copyright&quot;:&quot;&quot;,&quot;focal_length&quot;:&quot;0&quot;,&quot;iso&quot;:&quot;0&quot;,&quot;shutter_speed&quot;:&quot;0&quot;,&quot;title&quot;:&quot;&quot;,&quot;orientation&quot;:&quot;1&quot;}\" data-image-title=\"Arroz-plantado\" data-image-description=\"\" data-image-caption=\"\" data-large-file=\"https:\/\/i0.wp.com\/lahoradelcampo.com.uy\/site\/wp-content\/uploads\/2024\/09\/Arroz-plantado.jpg?fit=810%2C405&amp;ssl=1\" src=\"https:\/\/i0.wp.com\/lahoradelcampo.com.uy\/site\/wp-content\/uploads\/2024\/09\/Arroz-plantado.jpg?resize=810%2C405\" alt=\"\" class=\"wp-image-54425\" srcset=\"https:\/\/i0.wp.com\/lahoradelcampo.com.uy\/site\/wp-content\/uploads\/2024\/09\/Arroz-plantado.jpg?w=880&amp;ssl=1 880w, https:\/\/i0.wp.com\/lahoradelcampo.com.uy\/site\/wp-content\/uploads\/2024\/09\/Arroz-plantado.jpg?resize=300%2C150&amp;ssl=1 300w, https:\/\/i0.wp.com\/lahoradelcampo.com.uy\/site\/wp-content\/uploads\/2024\/09\/Arroz-plantado.jpg?resize=768%2C384&amp;ssl=1 768w, https:\/\/i0.wp.com\/lahoradelcampo.com.uy\/site\/wp-content\/uploads\/2024\/09\/Arroz-plantado.jpg?resize=820%2C410&amp;ssl=1 820w\" sizes=\"auto, (max-width: 810px) 100vw, 810px\" \/><\/a><\/figure>\n\n\n\n<p>Las primeras estimaciones de la zafra 2024\/25, en los cuatro pa\u00edses productores de arroz del Mercosur, indican una ampliaci\u00f3n del \u00e1rea a sembrar del 5% (107,95 mil hect\u00e1reas) lo que determinar\u00eda una producci\u00f3n estimada de 1,034 mill\u00f3n de toneladas (7,2% m\u00e1s) de acuerdo con \u00abAgroDados\u00bb, consultora de mercados arroceros en Brasil.<\/p>\n\n\n\n<p>Este incremento de \u00e1rea y de producci\u00f3n, est\u00e1 basado en las expectativas clim\u00e1ticas favorables para el cultivo con un a\u00f1o de \u00abLa Ni\u00f1a\u00bb, con las represas completas antes del inicio de la siembra y los precios que se han observado en la presente zafra en la regi\u00f3n.<\/p>\n\n\n\n<p><strong>Brasil<\/strong><\/p>\n\n\n\n<p>El principal productor, consumidor e importador del bloque, espera que el \u00e1rea de siembra se incremente en 55 mil hect\u00e1reas, un 3,4%, siendo este aumento en el estado de R\u00edo Grande del Sur, casi en su totalidad. Delante de esta suba de \u00e1rea, la producci\u00f3n del cereal en Brasil debe incrementarse un 5,4% a 11,17 millones de toneladas base c\u00e1scara.<\/p>\n\n\n\n<p>Con un menor nivel de exportaci\u00f3n, Brasil debe ingresar a la nueva zafra con stocks mayores, que, sumados al incremento productivo estimado, debe ser un factor de tranquilidad para el gobierno brasile\u00f1o, que contin\u00faa insistiendo en controlar los precios del cereal para el consumo interno, presionando el sector productivo.<\/p>\n\n\n\n<p>Seg\u00fan la consultora \u00abAgrodados\u00bb, el gobierno brasile\u00f1o insiste en que los precios al consumidor deben ubicarse entorno a los R$ 4,00 (US$ 0,72), mientras que en la actualidad esa referencia se ubica entre R$ 4,50 y R$ 6,00 (US$ 0,80 y US$ 1,07). Por lo que la intenci\u00f3n es que la bolsa de 50 kilos de arroz c\u00e1scara se ubique en el eje de los R$ 75 (US$ 13,41), mientras que la referencia del viernes 6 de setiembre en el municipio de Uruguaiana es de R$ 115 (US$ 20,57) por bolsa.<\/p>\n\n\n\n<p><strong>Resto del bloque<\/strong><\/p>\n\n\n\n<p>El informe brasile\u00f1o, establece que todos los pa\u00edses del Mercosur incrementaran su \u00e1rea de siembra y producci\u00f3n. En el caso de Paraguay, la estimaci\u00f3n es de un aumento de 14,7% en la producci\u00f3n, alcanzando 1,29 millones toneladas.<\/p>\n\n\n\n<p>Para la Uruguay la proyecci\u00f3n es de una ampliaci\u00f3n de \u00e1rea para 172,5 mil hect\u00e1reas, un 16,1% de aumento.<\/p>\n\n\n\n<p>En el bloque en total, se estima un \u00e1rea de 2.251.500 hect\u00e1reas sembradas, un aumento del 5%, y una cosecha de 15,462 millones de toneladas (7,2%).<\/p>\n\n\n\n<p>Salto, 7 de setiembre de 2024<\/p>\n","protected":false},"excerpt":{"rendered":"<p>Las primeras estimaciones de la zafra 2024\/25, en los cuatro pa\u00edses productores de arroz del Mercosur, indican una ampliaci\u00f3n del \u00e1rea a sembrar del 5% (107,95 mil hect\u00e1reas) lo que [&hellip;]<\/p>\n","protected":false},"author":5,"featured_media":54425,"comment_status":"open","ping_status":"open","sticky":false,"template":"","format":"standard","meta":{"_price":"","_stock":"","_tribe_ticket_header":"","_tribe_default_ticket_provider":"","_tribe_ticket_capacity":"0","_ticket_start_date":"","_ticket_end_date":"","_tribe_ticket_show_description":"","_tribe_ticket_show_not_going":false,"_tribe_ticket_use_global_stock":"","_tribe_ticket_global_stock_level":"","_global_stock_mode":"","_global_stock_cap":"","_tribe_rsvp_for_event":"","_tribe_ticket_going_count":"","_tribe_ticket_not_going_count":"","_tribe_tickets_list":"[]","_tribe_ticket_has_attendee_info_fields":false,"h5ap_radio_sources":[],"_jetpack_newsletter_access":"","_jetpack_dont_email_post_to_subs":false,"_jetpack_newsletter_tier_id":0,"_jetpack_memberships_contains_paywalled_content":false,"_jetpack_memberships_contains_paid_content":false,"footnotes":""},"categories":[21,7],"tags":[],"class_list":["post-54424","post","type-post","status-publish","format-standard","has-post-thumbnail","hentry","category-actualidad","category-agricultura"],"jetpack_featured_media_url":"https:\/\/i0.wp.com\/lahoradelcampo.com.uy\/site\/wp-content\/uploads\/2024\/09\/Arroz-plantado.jpg?fit=880%2C440&ssl=1","jetpack_sharing_enabled":true,"jetpack_shortlink":"https:\/\/wp.me\/p99IaT-e9O","jetpack-related-posts":[{"id":16332,"url":"https:\/\/lahoradelcampo.com.uy\/site\/con-una-menor-siembra-de-arroz-en-la-region-los-precios-suben-en-brasil\/","url_meta":{"origin":54424,"position":0},"title":"Con una menor siembra de arroz en la regi\u00f3n, los precios suben en Brasil","author":"La Hora del Campo","date":"9 diciembre, 2019","format":false,"excerpt":"El sector arrocero en la regi\u00f3n atraves\u00f3 un periodo de siembra dif\u00edcil este a\u00f1o con el clima y el \u00e1rea de del cultivo ha ca\u00eddo por debajo de las expectativas, lo que ha hecho que las cotizaciones del cereal en Brasil, el principal consumidor del Mercosur, comiencen a subir, llegando\u2026","rel":"","context":"En \u00abActualidad\u00bb","block_context":{"text":"Actualidad","link":"https:\/\/lahoradelcampo.com.uy\/site\/category\/actualidad\/"},"img":{"alt_text":"","src":"https:\/\/i0.wp.com\/lahoradelcampo.com.uy\/site\/wp-content\/uploads\/2017\/12\/Arroceros.jpg?fit=880%2C440&ssl=1&resize=350%2C200","width":350,"height":200,"srcset":"https:\/\/i0.wp.com\/lahoradelcampo.com.uy\/site\/wp-content\/uploads\/2017\/12\/Arroceros.jpg?fit=880%2C440&ssl=1&resize=350%2C200 1x, https:\/\/i0.wp.com\/lahoradelcampo.com.uy\/site\/wp-content\/uploads\/2017\/12\/Arroceros.jpg?fit=880%2C440&ssl=1&resize=525%2C300 1.5x, https:\/\/i0.wp.com\/lahoradelcampo.com.uy\/site\/wp-content\/uploads\/2017\/12\/Arroceros.jpg?fit=880%2C440&ssl=1&resize=700%2C400 2x"},"classes":[]},{"id":55457,"url":"https:\/\/lahoradelcampo.com.uy\/site\/el-arroz-viene-bien-pero-falta-vender-el-10-del-cereal-de-la-zafra-pasada\/","url_meta":{"origin":54424,"position":1},"title":"El arroz viene bien, pero falta vender el 10% del cereal de la zafra pasada","author":"La Hora del Campo","date":"10 enero, 2025","format":false,"excerpt":"El sector arrocero increment\u00f3 su \u00e1rea de siembra para la presente zafra, pasando de las 150 mil de 2023-2024, para las 183 mil que se alcanzaron este a\u00f1o, debido principalmente a la mejora en la capacidad de riego, teniendo en cuenta que los eventos de \"La ni\u00f1a\", en los \u00faltimos\u2026","rel":"","context":"En \u00abActualidad\u00bb","block_context":{"text":"Actualidad","link":"https:\/\/lahoradelcampo.com.uy\/site\/category\/actualidad\/"},"img":{"alt_text":"","src":"https:\/\/i0.wp.com\/lahoradelcampo.com.uy\/site\/wp-content\/uploads\/2025\/01\/Guillermo-Obrien1.jpg?fit=880%2C440&ssl=1&resize=350%2C200","width":350,"height":200,"srcset":"https:\/\/i0.wp.com\/lahoradelcampo.com.uy\/site\/wp-content\/uploads\/2025\/01\/Guillermo-Obrien1.jpg?fit=880%2C440&ssl=1&resize=350%2C200 1x, https:\/\/i0.wp.com\/lahoradelcampo.com.uy\/site\/wp-content\/uploads\/2025\/01\/Guillermo-Obrien1.jpg?fit=880%2C440&ssl=1&resize=525%2C300 1.5x, https:\/\/i0.wp.com\/lahoradelcampo.com.uy\/site\/wp-content\/uploads\/2025\/01\/Guillermo-Obrien1.jpg?fit=880%2C440&ssl=1&resize=700%2C400 2x"},"classes":[]},{"id":24058,"url":"https:\/\/lahoradelcampo.com.uy\/site\/se-preve-una-nueva-caida-en-el-comercio-mundial-del-arroz-esta-zafra\/","url_meta":{"origin":54424,"position":2},"title":"Se prev\u00e9 una nueva ca\u00edda en el comercio mundial del arroz esta zafra","author":"La Hora del Campo","date":"28 septiembre, 2020","format":false,"excerpt":"El Consejo Internacional de Cereales dio a conocer en la jornada de ayer su an\u00e1lisis mensual del mercado de granos, donde se prev\u00e9 una nueva ca\u00edda del comercio mundial del arroz, a pesar de los buenos valores y el incremento en las exportaciones de pa\u00edses como India. De acuerdo a\u2026","rel":"","context":"En \u00abActualidad\u00bb","block_context":{"text":"Actualidad","link":"https:\/\/lahoradelcampo.com.uy\/site\/category\/actualidad\/"},"img":{"alt_text":"","src":"https:\/\/i0.wp.com\/lahoradelcampo.com.uy\/site\/wp-content\/uploads\/2017\/12\/Arroz.jpg?fit=880%2C440&ssl=1&resize=350%2C200","width":350,"height":200,"srcset":"https:\/\/i0.wp.com\/lahoradelcampo.com.uy\/site\/wp-content\/uploads\/2017\/12\/Arroz.jpg?fit=880%2C440&ssl=1&resize=350%2C200 1x, https:\/\/i0.wp.com\/lahoradelcampo.com.uy\/site\/wp-content\/uploads\/2017\/12\/Arroz.jpg?fit=880%2C440&ssl=1&resize=525%2C300 1.5x, https:\/\/i0.wp.com\/lahoradelcampo.com.uy\/site\/wp-content\/uploads\/2017\/12\/Arroz.jpg?fit=880%2C440&ssl=1&resize=700%2C400 2x"},"classes":[]},{"id":47019,"url":"https:\/\/lahoradelcampo.com.uy\/site\/costos-del-arroz-superan-los-ingresos-actuales-del-cereal\/","url_meta":{"origin":54424,"position":3},"title":"Costos del arroz superan los ingresos actuales del cereal","author":"La Hora del Campo","date":"16 noviembre, 2022","format":false,"excerpt":"El inicio de la zafra arrocera 2022-2023 augura nuevamente altos niveles de producci\u00f3n, con una siembra r\u00e9cord dentro de la ventana \u00f3ptima para el cultivo, con mayor disponibilidad de agua respecto a la zafra anterior, pero con preocupaci\u00f3n con los altos costos con los cuales se ha sembrado el cereal.\u2026","rel":"","context":"En \u00abActualidad\u00bb","block_context":{"text":"Actualidad","link":"https:\/\/lahoradelcampo.com.uy\/site\/category\/actualidad\/"},"img":{"alt_text":"","src":"https:\/\/i0.wp.com\/lahoradelcampo.com.uy\/site\/wp-content\/uploads\/2022\/08\/Guillermo-Obrien.jpg?fit=880%2C440&ssl=1&resize=350%2C200","width":350,"height":200,"srcset":"https:\/\/i0.wp.com\/lahoradelcampo.com.uy\/site\/wp-content\/uploads\/2022\/08\/Guillermo-Obrien.jpg?fit=880%2C440&ssl=1&resize=350%2C200 1x, https:\/\/i0.wp.com\/lahoradelcampo.com.uy\/site\/wp-content\/uploads\/2022\/08\/Guillermo-Obrien.jpg?fit=880%2C440&ssl=1&resize=525%2C300 1.5x, https:\/\/i0.wp.com\/lahoradelcampo.com.uy\/site\/wp-content\/uploads\/2022\/08\/Guillermo-Obrien.jpg?fit=880%2C440&ssl=1&resize=700%2C400 2x"},"classes":[]},{"id":5173,"url":"https:\/\/lahoradelcampo.com.uy\/site\/se-preve-una-baja-en-la-produccion-mundial-de-cereales\/","url_meta":{"origin":54424,"position":4},"title":"Se prev\u00e9 una baja  en la producci\u00f3n mundial de cereales","author":"La Hora del Campo","date":"27 diciembre, 2017","format":false,"excerpt":"Seg\u00fan el \u00faltimo balance mensual del Departamento de Agricultura de EE.UU. (USDA, por sus siglas en ingl\u00e9s), la producci\u00f3n de cereales a nivel mundial ser\u00e1 de 2.562,59 millones de toneladas en la campa\u00f1a 2017-2018, lo que implica una baja de 1,69 % respecto de la cosecha de la temporada anterior.\u2026","rel":"","context":"En \u00abActualidad\u00bb","block_context":{"text":"Actualidad","link":"https:\/\/lahoradelcampo.com.uy\/site\/category\/actualidad\/"},"img":{"alt_text":"","src":"https:\/\/i0.wp.com\/lahoradelcampo.com.uy\/site\/wp-content\/uploads\/2017\/12\/maiz.jpg?fit=880%2C440&ssl=1&resize=350%2C200","width":350,"height":200,"srcset":"https:\/\/i0.wp.com\/lahoradelcampo.com.uy\/site\/wp-content\/uploads\/2017\/12\/maiz.jpg?fit=880%2C440&ssl=1&resize=350%2C200 1x, https:\/\/i0.wp.com\/lahoradelcampo.com.uy\/site\/wp-content\/uploads\/2017\/12\/maiz.jpg?fit=880%2C440&ssl=1&resize=525%2C300 1.5x, https:\/\/i0.wp.com\/lahoradelcampo.com.uy\/site\/wp-content\/uploads\/2017\/12\/maiz.jpg?fit=880%2C440&ssl=1&resize=700%2C400 2x"},"classes":[]},{"id":16012,"url":"https:\/\/lahoradelcampo.com.uy\/site\/area-arrocera-cayo-un-9-segun-aca\/","url_meta":{"origin":54424,"position":5},"title":"\u00c1rea arrocera cay\u00f3 un 9% seg\u00fan ACA","author":"La Hora del Campo","date":"24 noviembre, 2019","format":false,"excerpt":"La intenci\u00f3n de \u00e1rea de siembra arrocera es de 135.000 hect\u00e1reas, 9 % menos que la zafra anterior, inform\u00f3 ACA luego del \u00faltimo relevamiento realizado esta semana. As\u00ed mismo el presidente de los arroceros Alfredo Lago se\u00f1al\u00f3 que en los \u00faltimos meses \u201cse alinearon todas las condiciones desfavorables para el\u2026","rel":"","context":"En \u00abActualidad\u00bb","block_context":{"text":"Actualidad","link":"https:\/\/lahoradelcampo.com.uy\/site\/category\/actualidad\/"},"img":{"alt_text":"","src":"https:\/\/i0.wp.com\/lahoradelcampo.com.uy\/site\/wp-content\/uploads\/2017\/11\/Arroceros.jpg?fit=880%2C440&ssl=1&resize=350%2C200","width":350,"height":200,"srcset":"https:\/\/i0.wp.com\/lahoradelcampo.com.uy\/site\/wp-content\/uploads\/2017\/11\/Arroceros.jpg?fit=880%2C440&ssl=1&resize=350%2C200 1x, https:\/\/i0.wp.com\/lahoradelcampo.com.uy\/site\/wp-content\/uploads\/2017\/11\/Arroceros.jpg?fit=880%2C440&ssl=1&resize=525%2C300 1.5x, https:\/\/i0.wp.com\/lahoradelcampo.com.uy\/site\/wp-content\/uploads\/2017\/11\/Arroceros.jpg?fit=880%2C440&ssl=1&resize=700%2C400 2x"},"classes":[]}],"jetpack_likes_enabled":true,"_links":{"self":[{"href":"https:\/\/lahoradelcampo.com.uy\/site\/wp-json\/wp\/v2\/posts\/54424","targetHints":{"allow":["GET"]}}],"collection":[{"href":"https:\/\/lahoradelcampo.com.uy\/site\/wp-json\/wp\/v2\/posts"}],"about":[{"href":"https:\/\/lahoradelcampo.com.uy\/site\/wp-json\/wp\/v2\/types\/post"}],"author":[{"embeddable":true,"href":"https:\/\/lahoradelcampo.com.uy\/site\/wp-json\/wp\/v2\/users\/5"}],"replies":[{"embeddable":true,"href":"https:\/\/lahoradelcampo.com.uy\/site\/wp-json\/wp\/v2\/comments?post=54424"}],"version-history":[{"count":1,"href":"https:\/\/lahoradelcampo.com.uy\/site\/wp-json\/wp\/v2\/posts\/54424\/revisions"}],"predecessor-version":[{"id":54426,"href":"https:\/\/lahoradelcampo.com.uy\/site\/wp-json\/wp\/v2\/posts\/54424\/revisions\/54426"}],"wp:featuredmedia":[{"embeddable":true,"href":"https:\/\/lahoradelcampo.com.uy\/site\/wp-json\/wp\/v2\/media\/54425"}],"wp:attachment":[{"href":"https:\/\/lahoradelcampo.com.uy\/site\/wp-json\/wp\/v2\/media?parent=54424"}],"wp:term":[{"taxonomy":"category","embeddable":true,"href":"https:\/\/lahoradelcampo.com.uy\/site\/wp-json\/wp\/v2\/categories?post=54424"},{"taxonomy":"post_tag","embeddable":true,"href":"https:\/\/lahoradelcampo.com.uy\/site\/wp-json\/wp\/v2\/tags?post=54424"}],"curies":[{"name":"wp","href":"https:\/\/api.w.org\/{rel}","templated":true}]}}