{"id":54421,"date":"2024-09-07T10:16:35","date_gmt":"2024-09-07T13:16:35","guid":{"rendered":"http:\/\/lahoradelcampo.com.uy\/site\/?p=54421"},"modified":"2024-09-07T10:16:37","modified_gmt":"2024-09-07T13:16:37","slug":"mayor-operativa-con-el-inicio-del-mes-en-la-uam","status":"publish","type":"post","link":"https:\/\/lahoradelcampo.com.uy\/site\/mayor-operativa-con-el-inicio-del-mes-en-la-uam\/","title":{"rendered":"Mayor operativa con el inicio del mes en la UAM"},"content":{"rendered":"\n<figure class=\"wp-block-image size-full\"><a href=\"https:\/\/i0.wp.com\/lahoradelcampo.com.uy\/site\/wp-content\/uploads\/2024\/09\/UAM-Fotoaerea.jpg\"><img data-recalc-dims=\"1\" loading=\"lazy\" decoding=\"async\" width=\"810\" height=\"405\" data-attachment-id=\"54422\" data-permalink=\"https:\/\/lahoradelcampo.com.uy\/site\/mayor-operativa-con-el-inicio-del-mes-en-la-uam\/uam-fotoaerea\/\" data-orig-file=\"https:\/\/i0.wp.com\/lahoradelcampo.com.uy\/site\/wp-content\/uploads\/2024\/09\/UAM-Fotoaerea.jpg?fit=880%2C440&amp;ssl=1\" data-orig-size=\"880,440\" data-comments-opened=\"1\" data-image-meta=\"{&quot;aperture&quot;:&quot;0&quot;,&quot;credit&quot;:&quot;&quot;,&quot;camera&quot;:&quot;&quot;,&quot;caption&quot;:&quot;&quot;,&quot;created_timestamp&quot;:&quot;0&quot;,&quot;copyright&quot;:&quot;&quot;,&quot;focal_length&quot;:&quot;0&quot;,&quot;iso&quot;:&quot;0&quot;,&quot;shutter_speed&quot;:&quot;0&quot;,&quot;title&quot;:&quot;&quot;,&quot;orientation&quot;:&quot;1&quot;}\" data-image-title=\"UAM-Fotoaerea\" data-image-description=\"\" data-image-caption=\"\" data-large-file=\"https:\/\/i0.wp.com\/lahoradelcampo.com.uy\/site\/wp-content\/uploads\/2024\/09\/UAM-Fotoaerea.jpg?fit=810%2C405&amp;ssl=1\" src=\"https:\/\/i0.wp.com\/lahoradelcampo.com.uy\/site\/wp-content\/uploads\/2024\/09\/UAM-Fotoaerea.jpg?resize=810%2C405\" alt=\"\" class=\"wp-image-54422\" srcset=\"https:\/\/i0.wp.com\/lahoradelcampo.com.uy\/site\/wp-content\/uploads\/2024\/09\/UAM-Fotoaerea.jpg?w=880&amp;ssl=1 880w, https:\/\/i0.wp.com\/lahoradelcampo.com.uy\/site\/wp-content\/uploads\/2024\/09\/UAM-Fotoaerea.jpg?resize=300%2C150&amp;ssl=1 300w, https:\/\/i0.wp.com\/lahoradelcampo.com.uy\/site\/wp-content\/uploads\/2024\/09\/UAM-Fotoaerea.jpg?resize=768%2C384&amp;ssl=1 768w, https:\/\/i0.wp.com\/lahoradelcampo.com.uy\/site\/wp-content\/uploads\/2024\/09\/UAM-Fotoaerea.jpg?resize=820%2C410&amp;ssl=1 820w\" sizes=\"auto, (max-width: 810px) 100vw, 810px\" \/><\/a><\/figure>\n\n\n\n<p>En la semana comprendida entre el 31 de agosto y el 6 de septiembre de 2024, la operativa en el mercado mayorista de la Unidad Agroalimentaria Metropolitana (UAM) mostr\u00f3 variaciones en los precios y vol\u00famenes de ingreso de las hortalizas de fruto y las frutas c\u00edtricas. El inicio de mes, acompa\u00f1ado de d\u00edas soleados, gener\u00f3 mayor intenci\u00f3n de compra de los minoristas y se espera un repunte en el consumo de frutas y verduras para lo que resta del a\u00f1o, seg\u00fan inform\u00f3 la UAM.<\/p>\n\n\n\n<p>En el caso de las hortalizas de fruto, los tomates experimentaron un aumento significativo en su precio, alcanzando los 165 pesos uruguayos por kilo, lo que represent\u00f3 un incremento del 27 % en comparaci\u00f3n con la semana anterior. A pesar de la suba en el precio, el volumen de ingreso de tomates aument\u00f3 un 29 %, con 211 toneladas ingresadas. Esta situaci\u00f3n se atribuye a una oferta limitada causada por las condiciones clim\u00e1ticas adversas durante el proceso de floraci\u00f3n, que afectaron el cuajado de los frutos.<\/p>\n\n\n\n<p>El morr\u00f3n rojo, por su parte, sufri\u00f3 una ca\u00edda dr\u00e1stica en su precio, disminuyendo un 41 % hasta los 112 pesos por kilo. Este descenso se vio acompa\u00f1ado por una ligera baja en el volumen de ingreso, con 120 toneladas registradas, lo que equivale a un 5 % menos que la semana anterior. En cambio, el morr\u00f3n verde present\u00f3 un comportamiento opuesto, con un aumento del 10 % en su precio, alcanzando los 118 pesos por kilo, y un incremento considerable en su ingreso, con un 48 % m\u00e1s que la semana anterior, totalizando 100 toneladas.<\/p>\n\n\n\n<p>El zapallito y la berenjena mostraron una respuesta r\u00e1pida a las condiciones m\u00e1s c\u00e1lidas, lo que provoc\u00f3 una mayor oferta y, como consecuencia, una disminuci\u00f3n en los precios. El zapallito registr\u00f3 un precio de 73 pesos por kilo, una baja del 3 % con respecto a la semana anterior, mientras que el volumen de ingreso casi se triplic\u00f3, con un aumento del 149 %, totalizando 105 toneladas. La berenjena tambi\u00e9n vio una ca\u00edda en su precio del 16 %, situ\u00e1ndose en 75 pesos por kilo, aunque el volumen ingresado casi se duplic\u00f3, con un incremento del 90 % y un total de 45 toneladas.<\/p>\n\n\n\n<p>En cuanto a las frutas c\u00edtricas, la oferta de naranjas se mantuvo estable, aunque el volumen de ingreso de la variedad Valencia aument\u00f3, con una mejora en sus atributos organol\u00e9pticos, lo que impuls\u00f3 su precio al alza. En contraposici\u00f3n, las naranjas de ombligo comenzaron a reducir su presencia en el mercado, lo que anticipa una baja en la calidad en las pr\u00f3ximas semanas. El volumen de ingreso de naranjas alcanz\u00f3 las 548 toneladas, un 17 % m\u00e1s que la semana anterior, mientras que su precio cay\u00f3 un 12 %, situ\u00e1ndose en 23 pesos por kilo.<\/p>\n\n\n\n<p>Por su parte, las mandarinas mantuvieron una estabilidad tanto en calidad como en precio, con la incorporaci\u00f3n de la variedad Orri a la oferta. El volumen de mandarinas ingresadas fue de 716 toneladas, un 16 % m\u00e1s que la semana previa, con un precio de 24 pesos por kilo, que apenas mostr\u00f3 variaciones. Tanto el lim\u00f3n como el pomelo mantuvieron una situaci\u00f3n de estabilidad en precios y vol\u00famenes, sin grandes cambios respecto a semanas anteriores.<\/p>\n\n\n\n<p>Salto, 7 de setiembre de 2024<\/p>\n","protected":false},"excerpt":{"rendered":"<p>En la semana comprendida entre el 31 de agosto y el 6 de septiembre de 2024, la operativa en el mercado mayorista de la Unidad Agroalimentaria Metropolitana (UAM) mostr\u00f3 variaciones [&hellip;]<\/p>\n","protected":false},"author":5,"featured_media":54422,"comment_status":"open","ping_status":"open","sticky":false,"template":"","format":"standard","meta":{"_price":"","_stock":"","_tribe_ticket_header":"","_tribe_default_ticket_provider":"","_tribe_ticket_capacity":"0","_ticket_start_date":"","_ticket_end_date":"","_tribe_ticket_show_description":"","_tribe_ticket_show_not_going":false,"_tribe_ticket_use_global_stock":"","_tribe_ticket_global_stock_level":"","_global_stock_mode":"","_global_stock_cap":"","_tribe_rsvp_for_event":"","_tribe_ticket_going_count":"","_tribe_ticket_not_going_count":"","_tribe_tickets_list":"[]","_tribe_ticket_has_attendee_info_fields":false,"h5ap_radio_sources":[],"_jetpack_newsletter_access":"","_jetpack_dont_email_post_to_subs":false,"_jetpack_newsletter_tier_id":0,"_jetpack_memberships_contains_paywalled_content":false,"_jetpack_memberships_contains_paid_content":false,"footnotes":""},"categories":[21,9],"tags":[],"class_list":["post-54421","post","type-post","status-publish","format-standard","has-post-thumbnail","hentry","category-actualidad","category-granja"],"jetpack_featured_media_url":"https:\/\/i0.wp.com\/lahoradelcampo.com.uy\/site\/wp-content\/uploads\/2024\/09\/UAM-Fotoaerea.jpg?fit=880%2C440&ssl=1","jetpack_sharing_enabled":true,"jetpack_shortlink":"https:\/\/wp.me\/p99IaT-e9L","jetpack-related-posts":[{"id":44405,"url":"https:\/\/lahoradelcampo.com.uy\/site\/la-uam-tiene-un-7845-de-ocupacion\/","url_meta":{"origin":54421,"position":0},"title":"La UAM tiene un 78,45% de ocupaci\u00f3n","author":"La Hora del Campo","date":"2 agosto, 2022","format":false,"excerpt":"En la suma de las \u00e1reas de log\u00edstica, servicios, el mercado polivalente y el de frutas y hortalizas, la Unidad Agroalimentaria Metropolitana tiene un 78,45% de colocaci\u00f3n. Sin embargo al ponerse foco \u00fanicamente en las naves utilizadas para el comercio de Frutas y Hortalizas el indicador se eleva al 91%.\u2026","rel":"","context":"En \u00abActualidad\u00bb","block_context":{"text":"Actualidad","link":"https:\/\/lahoradelcampo.com.uy\/site\/category\/actualidad\/"},"img":{"alt_text":"","src":"https:\/\/i0.wp.com\/lahoradelcampo.com.uy\/site\/wp-content\/uploads\/2020\/10\/UAM-granja.jpg?fit=880%2C440&ssl=1&resize=350%2C200","width":350,"height":200,"srcset":"https:\/\/i0.wp.com\/lahoradelcampo.com.uy\/site\/wp-content\/uploads\/2020\/10\/UAM-granja.jpg?fit=880%2C440&ssl=1&resize=350%2C200 1x, https:\/\/i0.wp.com\/lahoradelcampo.com.uy\/site\/wp-content\/uploads\/2020\/10\/UAM-granja.jpg?fit=880%2C440&ssl=1&resize=525%2C300 1.5x, https:\/\/i0.wp.com\/lahoradelcampo.com.uy\/site\/wp-content\/uploads\/2020\/10\/UAM-granja.jpg?fit=880%2C440&ssl=1&resize=700%2C400 2x"},"classes":[]},{"id":54640,"url":"https:\/\/lahoradelcampo.com.uy\/site\/las-vacaciones-enlentecieron-el-mercado-mayorista-de-frutas-y-hortalizas\/","url_meta":{"origin":54421,"position":1},"title":"Las vacaciones enlentecier\u00f3n el mercado mayorista de frutas y hortalizas","author":"La Hora del Campo","date":"23 septiembre, 2024","format":false,"excerpt":"Durante la semana del 14 al 20 de septiembre, el mercado mayorista de frutas y hortalizas experiment\u00f3 una desaceleraci\u00f3n en las ventas, influenciada principalmente por las vacaciones de primavera. Este enlentecimiento en la actividad comercial afect\u00f3 el ritmo de ventas a lo largo de la semana, provocando un impacto negativo\u2026","rel":"","context":"En \u00abGranja\u00bb","block_context":{"text":"Granja","link":"https:\/\/lahoradelcampo.com.uy\/site\/category\/granja\/"},"img":{"alt_text":"","src":"https:\/\/i0.wp.com\/lahoradelcampo.com.uy\/site\/wp-content\/uploads\/2017\/12\/Frutilla.jpg?fit=880%2C440&ssl=1&resize=350%2C200","width":350,"height":200,"srcset":"https:\/\/i0.wp.com\/lahoradelcampo.com.uy\/site\/wp-content\/uploads\/2017\/12\/Frutilla.jpg?fit=880%2C440&ssl=1&resize=350%2C200 1x, https:\/\/i0.wp.com\/lahoradelcampo.com.uy\/site\/wp-content\/uploads\/2017\/12\/Frutilla.jpg?fit=880%2C440&ssl=1&resize=525%2C300 1.5x, https:\/\/i0.wp.com\/lahoradelcampo.com.uy\/site\/wp-content\/uploads\/2017\/12\/Frutilla.jpg?fit=880%2C440&ssl=1&resize=700%2C400 2x"},"classes":[]},{"id":56982,"url":"https:\/\/lahoradelcampo.com.uy\/site\/precio-del-zapallito-en-baja-en-la-uam\/","url_meta":{"origin":54421,"position":2},"title":"Precio del zapallito en baja en la UAM","author":"La Hora del Campo","date":"30 septiembre, 2025","format":false,"excerpt":"La Unidad Agroalimentaria Metropolitana (UAM) registr\u00f3 un inicio de semana con menor afluencia de p\u00fablico comprador en comparaci\u00f3n con la semana pasada y una ralentizaci\u00f3n en la colocaci\u00f3n de mercader\u00eda. Referentes del sector atribuyen esta situaci\u00f3n a las precipitaciones registradas durante el fin de semana y al cierre de mes,\u2026","rel":"","context":"En \u00abActualidad\u00bb","block_context":{"text":"Actualidad","link":"https:\/\/lahoradelcampo.com.uy\/site\/category\/actualidad\/"},"img":{"alt_text":"","src":"https:\/\/i0.wp.com\/lahoradelcampo.com.uy\/site\/wp-content\/uploads\/2020\/08\/zapallitosweb.jpg?fit=880%2C440&ssl=1&resize=350%2C200","width":350,"height":200,"srcset":"https:\/\/i0.wp.com\/lahoradelcampo.com.uy\/site\/wp-content\/uploads\/2020\/08\/zapallitosweb.jpg?fit=880%2C440&ssl=1&resize=350%2C200 1x, https:\/\/i0.wp.com\/lahoradelcampo.com.uy\/site\/wp-content\/uploads\/2020\/08\/zapallitosweb.jpg?fit=880%2C440&ssl=1&resize=525%2C300 1.5x, https:\/\/i0.wp.com\/lahoradelcampo.com.uy\/site\/wp-content\/uploads\/2020\/08\/zapallitosweb.jpg?fit=880%2C440&ssl=1&resize=700%2C400 2x"},"classes":[]},{"id":50459,"url":"https:\/\/lahoradelcampo.com.uy\/site\/precios-altos-y-problemas-de-calidad-en-las-hortalizas-de-fruto\/","url_meta":{"origin":54421,"position":3},"title":"Precios altos y problemas de calidad en las hortalizas de fruto","author":"La Hora del Campo","date":"20 mayo, 2023","format":false,"excerpt":"En el mercado mayorista de la Unidad Agroalimentaria Metropolitana (UAM) y en el caso particular de las hortalizas de fruto, el tomate contin\u00faa mostrando precios altos debido a la escasez de oferta. Adem\u00e1s, se observan problemas de calidad relacionados con la madurez, como coloraciones verdosas y una mayor proporci\u00f3n de\u2026","rel":"","context":"En \u00abActualidad\u00bb","block_context":{"text":"Actualidad","link":"https:\/\/lahoradelcampo.com.uy\/site\/category\/actualidad\/"},"img":{"alt_text":"","src":"https:\/\/i0.wp.com\/lahoradelcampo.com.uy\/site\/wp-content\/uploads\/2019\/11\/Tomate.jpg?fit=880%2C440&ssl=1&resize=350%2C200","width":350,"height":200,"srcset":"https:\/\/i0.wp.com\/lahoradelcampo.com.uy\/site\/wp-content\/uploads\/2019\/11\/Tomate.jpg?fit=880%2C440&ssl=1&resize=350%2C200 1x, https:\/\/i0.wp.com\/lahoradelcampo.com.uy\/site\/wp-content\/uploads\/2019\/11\/Tomate.jpg?fit=880%2C440&ssl=1&resize=525%2C300 1.5x, https:\/\/i0.wp.com\/lahoradelcampo.com.uy\/site\/wp-content\/uploads\/2019\/11\/Tomate.jpg?fit=880%2C440&ssl=1&resize=700%2C400 2x"},"classes":[]},{"id":28328,"url":"https:\/\/lahoradelcampo.com.uy\/site\/agilidad-para-los-negocios-y-alto-nivel-de-colocacion-en-la-uam\/","url_meta":{"origin":54421,"position":4},"title":"Agilidad para los negocios y alto nivel de colocaci\u00f3n en la UAM","author":"La Hora del Campo","date":"9 marzo, 2021","format":false,"excerpt":"El mercado mayorista para las frutas y hortalizas en la capital del pa\u00eds, comenz\u00f3 la semana con agilidad en los negocios, teniendo en cuenta que nos encontramos en el inicio del mes, lo que permiti\u00f3 adem\u00e1s un alto nivel de colocaci\u00f3n en la mayor\u00eda de los productos. Operadores referentes, indican\u2026","rel":"","context":"En \u00abActualidad\u00bb","block_context":{"text":"Actualidad","link":"https:\/\/lahoradelcampo.com.uy\/site\/category\/actualidad\/"},"img":{"alt_text":"","src":"https:\/\/i0.wp.com\/lahoradelcampo.com.uy\/site\/wp-content\/uploads\/2019\/12\/Lechuga.jpg?fit=880%2C440&ssl=1&resize=350%2C200","width":350,"height":200,"srcset":"https:\/\/i0.wp.com\/lahoradelcampo.com.uy\/site\/wp-content\/uploads\/2019\/12\/Lechuga.jpg?fit=880%2C440&ssl=1&resize=350%2C200 1x, https:\/\/i0.wp.com\/lahoradelcampo.com.uy\/site\/wp-content\/uploads\/2019\/12\/Lechuga.jpg?fit=880%2C440&ssl=1&resize=525%2C300 1.5x, https:\/\/i0.wp.com\/lahoradelcampo.com.uy\/site\/wp-content\/uploads\/2019\/12\/Lechuga.jpg?fit=880%2C440&ssl=1&resize=700%2C400 2x"},"classes":[]},{"id":54239,"url":"https:\/\/lahoradelcampo.com.uy\/site\/frio-intenso-eleva-precios-de-hortalizas-y-afecta-la-calidad-del-tomate-en-el-mercado-mayorista\/","url_meta":{"origin":54421,"position":5},"title":"Fr\u00edo intenso eleva precios de hortalizas y afecta la calidad del tomate en el mercado mayorista","author":"La Hora del Campo","date":"19 agosto, 2024","format":false,"excerpt":"La Unidad Agroalimentaria Metropolitana (UAM) inform\u00f3 que durante la semana del 10 al 16 de agosto de 2024 se registr\u00f3 un aumento significativo en los precios de diversas hortalizas de fruto, debido a las bajas temperaturas y las intensas heladas que perjudicaron la producci\u00f3n en cultivos. Entre los productos m\u00e1s\u2026","rel":"","context":"En \u00abActualidad\u00bb","block_context":{"text":"Actualidad","link":"https:\/\/lahoradelcampo.com.uy\/site\/category\/actualidad\/"},"img":{"alt_text":"","src":"https:\/\/i0.wp.com\/lahoradelcampo.com.uy\/site\/wp-content\/uploads\/2023\/10\/tomates-uam.jpg?fit=880%2C440&ssl=1&resize=350%2C200","width":350,"height":200,"srcset":"https:\/\/i0.wp.com\/lahoradelcampo.com.uy\/site\/wp-content\/uploads\/2023\/10\/tomates-uam.jpg?fit=880%2C440&ssl=1&resize=350%2C200 1x, https:\/\/i0.wp.com\/lahoradelcampo.com.uy\/site\/wp-content\/uploads\/2023\/10\/tomates-uam.jpg?fit=880%2C440&ssl=1&resize=525%2C300 1.5x, https:\/\/i0.wp.com\/lahoradelcampo.com.uy\/site\/wp-content\/uploads\/2023\/10\/tomates-uam.jpg?fit=880%2C440&ssl=1&resize=700%2C400 2x"},"classes":[]}],"jetpack_likes_enabled":true,"_links":{"self":[{"href":"https:\/\/lahoradelcampo.com.uy\/site\/wp-json\/wp\/v2\/posts\/54421","targetHints":{"allow":["GET"]}}],"collection":[{"href":"https:\/\/lahoradelcampo.com.uy\/site\/wp-json\/wp\/v2\/posts"}],"about":[{"href":"https:\/\/lahoradelcampo.com.uy\/site\/wp-json\/wp\/v2\/types\/post"}],"author":[{"embeddable":true,"href":"https:\/\/lahoradelcampo.com.uy\/site\/wp-json\/wp\/v2\/users\/5"}],"replies":[{"embeddable":true,"href":"https:\/\/lahoradelcampo.com.uy\/site\/wp-json\/wp\/v2\/comments?post=54421"}],"version-history":[{"count":1,"href":"https:\/\/lahoradelcampo.com.uy\/site\/wp-json\/wp\/v2\/posts\/54421\/revisions"}],"predecessor-version":[{"id":54423,"href":"https:\/\/lahoradelcampo.com.uy\/site\/wp-json\/wp\/v2\/posts\/54421\/revisions\/54423"}],"wp:featuredmedia":[{"embeddable":true,"href":"https:\/\/lahoradelcampo.com.uy\/site\/wp-json\/wp\/v2\/media\/54422"}],"wp:attachment":[{"href":"https:\/\/lahoradelcampo.com.uy\/site\/wp-json\/wp\/v2\/media?parent=54421"}],"wp:term":[{"taxonomy":"category","embeddable":true,"href":"https:\/\/lahoradelcampo.com.uy\/site\/wp-json\/wp\/v2\/categories?post=54421"},{"taxonomy":"post_tag","embeddable":true,"href":"https:\/\/lahoradelcampo.com.uy\/site\/wp-json\/wp\/v2\/tags?post=54421"}],"curies":[{"name":"wp","href":"https:\/\/api.w.org\/{rel}","templated":true}]}}