{"id":54418,"date":"2024-09-06T12:05:31","date_gmt":"2024-09-06T15:05:31","guid":{"rendered":"http:\/\/lahoradelcampo.com.uy\/site\/?p=54418"},"modified":"2024-09-07T10:55:32","modified_gmt":"2024-09-07T13:55:32","slug":"plaza-rural-con-98-de-ventas-en-el-primer-remate-de-setiembre","status":"publish","type":"post","link":"https:\/\/lahoradelcampo.com.uy\/site\/plaza-rural-con-98-de-ventas-en-el-primer-remate-de-setiembre\/","title":{"rendered":"Plaza Rural con 98% de ventas en el primer remate de setiembre"},"content":{"rendered":"\n<figure class=\"wp-block-image size-full\"><a href=\"https:\/\/i0.wp.com\/lahoradelcampo.com.uy\/site\/wp-content\/uploads\/2023\/06\/Plaza-Rural-1.jpg\"><img data-recalc-dims=\"1\" loading=\"lazy\" decoding=\"async\" width=\"810\" height=\"405\" data-attachment-id=\"51399\" data-permalink=\"https:\/\/lahoradelcampo.com.uy\/site\/remate-270-de-plaza-rural-dias-con-tonos-diferentes-y-buena-colocacion\/plaza-rural-1-2\/\" data-orig-file=\"https:\/\/i0.wp.com\/lahoradelcampo.com.uy\/site\/wp-content\/uploads\/2023\/06\/Plaza-Rural-1.jpg?fit=880%2C440&amp;ssl=1\" data-orig-size=\"880,440\" data-comments-opened=\"1\" data-image-meta=\"{&quot;aperture&quot;:&quot;0&quot;,&quot;credit&quot;:&quot;&quot;,&quot;camera&quot;:&quot;&quot;,&quot;caption&quot;:&quot;&quot;,&quot;created_timestamp&quot;:&quot;0&quot;,&quot;copyright&quot;:&quot;&quot;,&quot;focal_length&quot;:&quot;0&quot;,&quot;iso&quot;:&quot;0&quot;,&quot;shutter_speed&quot;:&quot;0&quot;,&quot;title&quot;:&quot;&quot;,&quot;orientation&quot;:&quot;1&quot;}\" data-image-title=\"Plaza Rural 1\" data-image-description=\"\" data-image-caption=\"\" data-large-file=\"https:\/\/i0.wp.com\/lahoradelcampo.com.uy\/site\/wp-content\/uploads\/2023\/06\/Plaza-Rural-1.jpg?fit=810%2C405&amp;ssl=1\" src=\"https:\/\/i0.wp.com\/lahoradelcampo.com.uy\/site\/wp-content\/uploads\/2023\/06\/Plaza-Rural-1.jpg?resize=810%2C405\" alt=\"\" class=\"wp-image-51399\" srcset=\"https:\/\/i0.wp.com\/lahoradelcampo.com.uy\/site\/wp-content\/uploads\/2023\/06\/Plaza-Rural-1.jpg?w=880&amp;ssl=1 880w, https:\/\/i0.wp.com\/lahoradelcampo.com.uy\/site\/wp-content\/uploads\/2023\/06\/Plaza-Rural-1.jpg?resize=300%2C150&amp;ssl=1 300w, https:\/\/i0.wp.com\/lahoradelcampo.com.uy\/site\/wp-content\/uploads\/2023\/06\/Plaza-Rural-1.jpg?resize=768%2C384&amp;ssl=1 768w, https:\/\/i0.wp.com\/lahoradelcampo.com.uy\/site\/wp-content\/uploads\/2023\/06\/Plaza-Rural-1.jpg?resize=820%2C410&amp;ssl=1 820w\" sizes=\"auto, (max-width: 810px) 100vw, 810px\" \/><\/a><\/figure>\n\n\n\n<p>El consorcio Plaza Rural logr\u00f3 una vez m\u00e1s superar las expectativas del mercado en su remate 291, con la venta de 12.926 vacunos y un porcentaje del 98,15% de ventas. <\/p>\n\n\n\n<p>Alejandro Zambrano, director de Zambrano &amp; C\u00eda., calific\u00f3 la jornada como un \u00e9xito rotundo, destacando la mejora en los precios al bulto, especialmente en los terneros, donde el promedio aument\u00f3 significativamente, alcanzando los 544 d\u00f3lares frente a los 470 d\u00f3lares del remate anterior.  A pesar de algunos ajustes en el precio al kilo, la venta al bulto present\u00f3 resultados positivos, en gran parte debido a la calidad del ganado ofertado, con lotes de terneros que superaban los 300 kilos.<\/p>\n\n\n\n<p>En el segundo d\u00eda del evento se coloc\u00f3 un alto porcentaje en la categor\u00eda de ganados pre\u00f1ados, que alcanz\u00f3 el 96,5%. Seg\u00fan Zambrano, esta cifra es destacable no solo por la cantidad de animales ofertados, sino tambi\u00e9n por las expectativas iniciales, ya que muchos de los ganados eran de parici\u00f3n tard\u00eda o para el verano-oto\u00f1o, lo que generaba cierta incertidumbre.<\/p>\n\n\n\n<p>Zambrano atribuye este \u00e9xito al conjunto de herramientas financieras que ofrece Plaza Rural, en colaboraci\u00f3n con el Banco Rep\u00fablica y otras entidades, facilitando las transacciones en un mercado que suele ser exigente.<\/p>\n\n\n\n<figure class=\"wp-block-image size-full\"><a href=\"https:\/\/i0.wp.com\/lahoradelcampo.com.uy\/site\/wp-content\/uploads\/2024\/09\/plaza-promedios.jpg\"><img data-recalc-dims=\"1\" loading=\"lazy\" decoding=\"async\" width=\"810\" height=\"555\" data-attachment-id=\"54419\" data-permalink=\"https:\/\/lahoradelcampo.com.uy\/site\/plaza-rural-con-98-de-ventas-en-el-primer-remate-de-setiembre\/plaza-promedios-3\/\" data-orig-file=\"https:\/\/i0.wp.com\/lahoradelcampo.com.uy\/site\/wp-content\/uploads\/2024\/09\/plaza-promedios.jpg?fit=981%2C672&amp;ssl=1\" data-orig-size=\"981,672\" data-comments-opened=\"1\" data-image-meta=\"{&quot;aperture&quot;:&quot;0&quot;,&quot;credit&quot;:&quot;&quot;,&quot;camera&quot;:&quot;&quot;,&quot;caption&quot;:&quot;&quot;,&quot;created_timestamp&quot;:&quot;0&quot;,&quot;copyright&quot;:&quot;&quot;,&quot;focal_length&quot;:&quot;0&quot;,&quot;iso&quot;:&quot;0&quot;,&quot;shutter_speed&quot;:&quot;0&quot;,&quot;title&quot;:&quot;&quot;,&quot;orientation&quot;:&quot;0&quot;}\" data-image-title=\"plaza promedios\" data-image-description=\"\" data-image-caption=\"\" data-large-file=\"https:\/\/i0.wp.com\/lahoradelcampo.com.uy\/site\/wp-content\/uploads\/2024\/09\/plaza-promedios.jpg?fit=810%2C555&amp;ssl=1\" src=\"https:\/\/i0.wp.com\/lahoradelcampo.com.uy\/site\/wp-content\/uploads\/2024\/09\/plaza-promedios.jpg?resize=810%2C555\" alt=\"\" class=\"wp-image-54419\" srcset=\"https:\/\/i0.wp.com\/lahoradelcampo.com.uy\/site\/wp-content\/uploads\/2024\/09\/plaza-promedios.jpg?w=981&amp;ssl=1 981w, https:\/\/i0.wp.com\/lahoradelcampo.com.uy\/site\/wp-content\/uploads\/2024\/09\/plaza-promedios.jpg?resize=300%2C206&amp;ssl=1 300w, https:\/\/i0.wp.com\/lahoradelcampo.com.uy\/site\/wp-content\/uploads\/2024\/09\/plaza-promedios.jpg?resize=768%2C526&amp;ssl=1 768w\" sizes=\"auto, (max-width: 810px) 100vw, 810px\" \/><\/a><\/figure>\n\n\n\n<p>Por su parte, Fernando Indarte, director de Indarte y C\u00eda., afirm\u00f3 que, aunque la primavera a\u00fan no ha llegado en el calendario, ya se siente en Plaza Rural debido al alt\u00edsimo porcentaje de ventas que sigue sorprendiendo. Destac\u00f3 la estabilidad en los precios, que fueron muy similares a los del remate anterior, aunque con un incremento en el valor por cabeza debido a la oferta de animales m\u00e1s pesados, especialmente en la categor\u00eda de terneros.<\/p>\n\n\n\n<p>Indarte tambi\u00e9n resalt\u00f3 la excelente colocaci\u00f3n en toda la \u00abescalera de machos\u00bb, con un 100% de venta y una gran demanda de vacas invernadas. Adem\u00e1s, enfatiz\u00f3 la continua alta colocaci\u00f3n de vacas pre\u00f1adas, una categor\u00eda que ha tenido un excelente desempe\u00f1o en varios remates consecutivos.<\/p>\n\n\n\n<p>Salto, 6 de setiembre de 2024<\/p>\n","protected":false},"excerpt":{"rendered":"<p>El consorcio Plaza Rural logr\u00f3 una vez m\u00e1s superar las expectativas del mercado en su remate 291, con la venta de 12.926 vacunos y un porcentaje del 98,15% de ventas. [&hellip;]<\/p>\n","protected":false},"author":5,"featured_media":51399,"comment_status":"open","ping_status":"open","sticky":false,"template":"","format":"standard","meta":{"_price":"","_stock":"","_tribe_ticket_header":"","_tribe_default_ticket_provider":"","_tribe_ticket_capacity":"0","_ticket_start_date":"","_ticket_end_date":"","_tribe_ticket_show_description":"","_tribe_ticket_show_not_going":false,"_tribe_ticket_use_global_stock":"","_tribe_ticket_global_stock_level":"","_global_stock_mode":"","_global_stock_cap":"","_tribe_rsvp_for_event":"","_tribe_ticket_going_count":"","_tribe_ticket_not_going_count":"","_tribe_tickets_list":"[]","_tribe_ticket_has_attendee_info_fields":false,"h5ap_radio_sources":[],"_jetpack_newsletter_access":"","_jetpack_dont_email_post_to_subs":false,"_jetpack_newsletter_tier_id":0,"_jetpack_memberships_contains_paywalled_content":false,"_jetpack_memberships_contains_paid_content":false,"footnotes":""},"categories":[21,5],"tags":[],"class_list":["post-54418","post","type-post","status-publish","format-standard","has-post-thumbnail","hentry","category-actualidad","category-ganaderia"],"jetpack_featured_media_url":"https:\/\/i0.wp.com\/lahoradelcampo.com.uy\/site\/wp-content\/uploads\/2023\/06\/Plaza-Rural-1.jpg?fit=880%2C440&ssl=1","jetpack_sharing_enabled":true,"jetpack_shortlink":"https:\/\/wp.me\/p99IaT-e9I","jetpack-related-posts":[{"id":41981,"url":"https:\/\/lahoradelcampo.com.uy\/site\/plaza-rural-coloco-el-957-de-ventas-en-la-primera-jornada-del-plaza-angus\/","url_meta":{"origin":54418,"position":0},"title":"Plaza Rural coloc\u00f3 el 95,7% de ventas en la primera jornada del Plaza Angus","author":"La Hora del Campo","date":"19 mayo, 2022","format":false,"excerpt":"Plaza Rural concret\u00f3 en la jornada de ayer la primera jornada de ventas de su remate 248, que incluye el Plaza Angus, con un 95,7% de colocaci\u00f3n. Donde con m\u00e1s de ocho horas de remate y una oferta que super\u00f3 los 6.000 terneros, se registr\u00f3 un baja del 4,7% en\u2026","rel":"","context":"En \u00abActualidad\u00bb","block_context":{"text":"Actualidad","link":"https:\/\/lahoradelcampo.com.uy\/site\/category\/actualidad\/"},"img":{"alt_text":"","src":"https:\/\/i0.wp.com\/lahoradelcampo.com.uy\/site\/wp-content\/uploads\/2022\/05\/PLazaRural-general.jpg?fit=880%2C440&ssl=1&resize=350%2C200","width":350,"height":200,"srcset":"https:\/\/i0.wp.com\/lahoradelcampo.com.uy\/site\/wp-content\/uploads\/2022\/05\/PLazaRural-general.jpg?fit=880%2C440&ssl=1&resize=350%2C200 1x, https:\/\/i0.wp.com\/lahoradelcampo.com.uy\/site\/wp-content\/uploads\/2022\/05\/PLazaRural-general.jpg?fit=880%2C440&ssl=1&resize=525%2C300 1.5x, https:\/\/i0.wp.com\/lahoradelcampo.com.uy\/site\/wp-content\/uploads\/2022\/05\/PLazaRural-general.jpg?fit=880%2C440&ssl=1&resize=700%2C400 2x"},"classes":[]},{"id":19786,"url":"https:\/\/lahoradelcampo.com.uy\/site\/plaza-rural-vendio-el-88-de-los-terneros-en-us-220\/","url_meta":{"origin":54418,"position":1},"title":"Plaza Rural vendi\u00f3 el 88% de los terneros en US$ 2,20","author":"La Hora del Campo","date":"14 mayo, 2020","format":false,"excerpt":"En una extensa jornada de actividad el consorcio de rematadores de Plaza Rural cerr\u00f3 ayer la venta de las categor\u00edas de terneros, colocando un 88% del total ofertado. El mercado se comport\u00f3 de acuerdo a lo previsto por parte de los consignatarios y rematadores, con un ajuste del 4,9% en\u2026","rel":"","context":"En \u00abActualidad\u00bb","block_context":{"text":"Actualidad","link":"https:\/\/lahoradelcampo.com.uy\/site\/category\/actualidad\/"},"img":{"alt_text":"","src":"https:\/\/i0.wp.com\/lahoradelcampo.com.uy\/site\/wp-content\/uploads\/2017\/11\/Plaza.jpg?fit=880%2C440&ssl=1&resize=350%2C200","width":350,"height":200,"srcset":"https:\/\/i0.wp.com\/lahoradelcampo.com.uy\/site\/wp-content\/uploads\/2017\/11\/Plaza.jpg?fit=880%2C440&ssl=1&resize=350%2C200 1x, https:\/\/i0.wp.com\/lahoradelcampo.com.uy\/site\/wp-content\/uploads\/2017\/11\/Plaza.jpg?fit=880%2C440&ssl=1&resize=525%2C300 1.5x, https:\/\/i0.wp.com\/lahoradelcampo.com.uy\/site\/wp-content\/uploads\/2017\/11\/Plaza.jpg?fit=880%2C440&ssl=1&resize=700%2C400 2x"},"classes":[]},{"id":43981,"url":"https:\/\/lahoradelcampo.com.uy\/site\/plaza-rural-cerro-el-primer-dia-del-remate-250-con-100-de-ventas\/","url_meta":{"origin":54418,"position":2},"title":"Plaza Rural cerr\u00f3 el primer d\u00eda del remate 250, con 100%  de ventas","author":"La Hora del Campo","date":"21 julio, 2022","format":false,"excerpt":"En la jornada de ayer, Plaza Rural concret\u00f3 la primera jornada de ventas de su remate 250, con un 100% de ventas y valores que en algunas categor\u00edas superaron los registrados en la venta anterior. Carlos De Freitas, presidente del consorcio de rematadores, dijo al cierre del remate \"un rematazo,\u2026","rel":"","context":"En \u00abActualidad\u00bb","block_context":{"text":"Actualidad","link":"https:\/\/lahoradelcampo.com.uy\/site\/category\/actualidad\/"},"img":{"alt_text":"","src":"https:\/\/i0.wp.com\/lahoradelcampo.com.uy\/site\/wp-content\/uploads\/2022\/07\/Plaza-todos-juntos.jpg?fit=880%2C440&ssl=1&resize=350%2C200","width":350,"height":200,"srcset":"https:\/\/i0.wp.com\/lahoradelcampo.com.uy\/site\/wp-content\/uploads\/2022\/07\/Plaza-todos-juntos.jpg?fit=880%2C440&ssl=1&resize=350%2C200 1x, https:\/\/i0.wp.com\/lahoradelcampo.com.uy\/site\/wp-content\/uploads\/2022\/07\/Plaza-todos-juntos.jpg?fit=880%2C440&ssl=1&resize=525%2C300 1.5x, https:\/\/i0.wp.com\/lahoradelcampo.com.uy\/site\/wp-content\/uploads\/2022\/07\/Plaza-todos-juntos.jpg?fit=880%2C440&ssl=1&resize=700%2C400 2x"},"classes":[]},{"id":50204,"url":"https:\/\/lahoradelcampo.com.uy\/site\/plaza-rural-coloco-el-98-de-los-terneros-a-us-257\/","url_meta":{"origin":54418,"position":3},"title":"Plaza Rural coloc\u00f3 el 98% de los terneros a US$ 2,57","author":"La Hora del Campo","date":"26 abril, 2023","format":false,"excerpt":"El consorcio Plaza Rural realiz\u00f3 su segundo remate del 2021, Plaza Angus de abril, y en su primer d\u00eda de actividad se registr\u00f3 estabilidad en el precio del ternero. Con una oferta de 6.108 cabezas, se logr\u00f3 colocar el 98% de los animales con un precio promedio de US$ 2,57\u2026","rel":"","context":"En \u00abActualidad\u00bb","block_context":{"text":"Actualidad","link":"https:\/\/lahoradelcampo.com.uy\/site\/category\/actualidad\/"},"img":{"alt_text":"","src":"https:\/\/i0.wp.com\/lahoradelcampo.com.uy\/site\/wp-content\/uploads\/2022\/05\/PLazaRural-general.jpg?fit=880%2C440&ssl=1&resize=350%2C200","width":350,"height":200,"srcset":"https:\/\/i0.wp.com\/lahoradelcampo.com.uy\/site\/wp-content\/uploads\/2022\/05\/PLazaRural-general.jpg?fit=880%2C440&ssl=1&resize=350%2C200 1x, https:\/\/i0.wp.com\/lahoradelcampo.com.uy\/site\/wp-content\/uploads\/2022\/05\/PLazaRural-general.jpg?fit=880%2C440&ssl=1&resize=525%2C300 1.5x, https:\/\/i0.wp.com\/lahoradelcampo.com.uy\/site\/wp-content\/uploads\/2022\/05\/PLazaRural-general.jpg?fit=880%2C440&ssl=1&resize=700%2C400 2x"},"classes":[]},{"id":13969,"url":"https:\/\/lahoradelcampo.com.uy\/site\/plaza-rural-coloco-el-952-de-la-oferta-en-cria-e-invernada\/","url_meta":{"origin":54418,"position":4},"title":"Plaza Rural coloc\u00f3 el 95,2%  de la oferta en cr\u00eda e invernada","author":"La Hora del Campo","date":"6 septiembre, 2019","format":false,"excerpt":"Desde el Hotel Cottage y en vivo por TV cable e internet, se dispers\u00f3 la oferta que tuvo colocaci\u00f3n total en varias categor\u00edas y parcial en otras. \u201cEstamos conformes, se vendi\u00f3 el 95,2% de los lotes ofertados en el \u00faltimo remate del invierno, pero especialmente que ese porcentaje equivalen a\u2026","rel":"","context":"En \u00abActualidad\u00bb","block_context":{"text":"Actualidad","link":"https:\/\/lahoradelcampo.com.uy\/site\/category\/actualidad\/"},"img":{"alt_text":"","src":"https:\/\/i0.wp.com\/lahoradelcampo.com.uy\/site\/wp-content\/uploads\/2019\/07\/plaza-rural.jpg?fit=880%2C440&ssl=1&resize=350%2C200","width":350,"height":200,"srcset":"https:\/\/i0.wp.com\/lahoradelcampo.com.uy\/site\/wp-content\/uploads\/2019\/07\/plaza-rural.jpg?fit=880%2C440&ssl=1&resize=350%2C200 1x, https:\/\/i0.wp.com\/lahoradelcampo.com.uy\/site\/wp-content\/uploads\/2019\/07\/plaza-rural.jpg?fit=880%2C440&ssl=1&resize=525%2C300 1.5x, https:\/\/i0.wp.com\/lahoradelcampo.com.uy\/site\/wp-content\/uploads\/2019\/07\/plaza-rural.jpg?fit=880%2C440&ssl=1&resize=700%2C400 2x"},"classes":[]},{"id":44491,"url":"https:\/\/lahoradelcampo.com.uy\/site\/plaza-rural-cerro-su-remate-251-con-un-97-de-ventas\/","url_meta":{"origin":54418,"position":5},"title":"Plaza Rural cerr\u00f3 su remate 251 con un 97% de ventas","author":"La Hora del Campo","date":"5 agosto, 2022","format":false,"excerpt":"El consorcio de rematadores de Plaza Rural concret\u00f3 su primer remate del mes de agosto con un 97% de colocaci\u00f3n y suba de valores en varias de las categor\u00edas comercializadas. En total se colocaron 3.226 vacunos. Plaza Rural ha definido varias ventas, de aqu\u00ed a fin de a\u00f1o, que reforzaran\u2026","rel":"","context":"En \u00abActualidad\u00bb","block_context":{"text":"Actualidad","link":"https:\/\/lahoradelcampo.com.uy\/site\/category\/actualidad\/"},"img":{"alt_text":"","src":"https:\/\/i0.wp.com\/lahoradelcampo.com.uy\/site\/wp-content\/uploads\/2022\/08\/plaza-remate251.jpg?fit=880%2C440&ssl=1&resize=350%2C200","width":350,"height":200,"srcset":"https:\/\/i0.wp.com\/lahoradelcampo.com.uy\/site\/wp-content\/uploads\/2022\/08\/plaza-remate251.jpg?fit=880%2C440&ssl=1&resize=350%2C200 1x, https:\/\/i0.wp.com\/lahoradelcampo.com.uy\/site\/wp-content\/uploads\/2022\/08\/plaza-remate251.jpg?fit=880%2C440&ssl=1&resize=525%2C300 1.5x, https:\/\/i0.wp.com\/lahoradelcampo.com.uy\/site\/wp-content\/uploads\/2022\/08\/plaza-remate251.jpg?fit=880%2C440&ssl=1&resize=700%2C400 2x"},"classes":[]}],"jetpack_likes_enabled":true,"_links":{"self":[{"href":"https:\/\/lahoradelcampo.com.uy\/site\/wp-json\/wp\/v2\/posts\/54418","targetHints":{"allow":["GET"]}}],"collection":[{"href":"https:\/\/lahoradelcampo.com.uy\/site\/wp-json\/wp\/v2\/posts"}],"about":[{"href":"https:\/\/lahoradelcampo.com.uy\/site\/wp-json\/wp\/v2\/types\/post"}],"author":[{"embeddable":true,"href":"https:\/\/lahoradelcampo.com.uy\/site\/wp-json\/wp\/v2\/users\/5"}],"replies":[{"embeddable":true,"href":"https:\/\/lahoradelcampo.com.uy\/site\/wp-json\/wp\/v2\/comments?post=54418"}],"version-history":[{"count":1,"href":"https:\/\/lahoradelcampo.com.uy\/site\/wp-json\/wp\/v2\/posts\/54418\/revisions"}],"predecessor-version":[{"id":54420,"href":"https:\/\/lahoradelcampo.com.uy\/site\/wp-json\/wp\/v2\/posts\/54418\/revisions\/54420"}],"wp:featuredmedia":[{"embeddable":true,"href":"https:\/\/lahoradelcampo.com.uy\/site\/wp-json\/wp\/v2\/media\/51399"}],"wp:attachment":[{"href":"https:\/\/lahoradelcampo.com.uy\/site\/wp-json\/wp\/v2\/media?parent=54418"}],"wp:term":[{"taxonomy":"category","embeddable":true,"href":"https:\/\/lahoradelcampo.com.uy\/site\/wp-json\/wp\/v2\/categories?post=54418"},{"taxonomy":"post_tag","embeddable":true,"href":"https:\/\/lahoradelcampo.com.uy\/site\/wp-json\/wp\/v2\/tags?post=54418"}],"curies":[{"name":"wp","href":"https:\/\/api.w.org\/{rel}","templated":true}]}}