{"id":54416,"date":"2024-09-06T12:10:59","date_gmt":"2024-09-06T15:10:59","guid":{"rendered":"http:\/\/lahoradelcampo.com.uy\/site\/?p=54416"},"modified":"2024-09-06T12:11:00","modified_gmt":"2024-09-06T15:11:00","slug":"con-mas-demanda-en-lanas-merinas-se-concretan-negocios-a-nivel-interno","status":"publish","type":"post","link":"https:\/\/lahoradelcampo.com.uy\/site\/con-mas-demanda-en-lanas-merinas-se-concretan-negocios-a-nivel-interno\/","title":{"rendered":"Con m\u00e1s demanda en lanas merinas, se concretan negocios a nivel interno"},"content":{"rendered":"\n<figure class=\"wp-block-image size-full\"><a href=\"https:\/\/i0.wp.com\/lahoradelcampo.com.uy\/site\/wp-content\/uploads\/2017\/11\/Lanas.jpg\"><img data-recalc-dims=\"1\" loading=\"lazy\" decoding=\"async\" width=\"810\" height=\"405\" data-attachment-id=\"3517\" data-permalink=\"https:\/\/lahoradelcampo.com.uy\/site\/ime-en-australia-alcanzan-los-us-1252-en-una-semana-positiva\/lanas-7\/\" data-orig-file=\"https:\/\/i0.wp.com\/lahoradelcampo.com.uy\/site\/wp-content\/uploads\/2017\/11\/Lanas.jpg?fit=880%2C440&amp;ssl=1\" data-orig-size=\"880,440\" data-comments-opened=\"1\" data-image-meta=\"{&quot;aperture&quot;:&quot;0&quot;,&quot;credit&quot;:&quot;Vicente-Manuel-Tort&quot;,&quot;camera&quot;:&quot;&quot;,&quot;caption&quot;:&quot;&quot;,&quot;created_timestamp&quot;:&quot;0&quot;,&quot;copyright&quot;:&quot;Presidencia de la Republica - Sec.Com.Inst.&quot;,&quot;focal_length&quot;:&quot;0&quot;,&quot;iso&quot;:&quot;0&quot;,&quot;shutter_speed&quot;:&quot;0&quot;,&quot;title&quot;:&quot;&quot;,&quot;orientation&quot;:&quot;1&quot;}\" data-image-title=\"Lanas\" data-image-description=\"\" data-image-caption=\"\" data-large-file=\"https:\/\/i0.wp.com\/lahoradelcampo.com.uy\/site\/wp-content\/uploads\/2017\/11\/Lanas.jpg?fit=810%2C405&amp;ssl=1\" src=\"https:\/\/i0.wp.com\/lahoradelcampo.com.uy\/site\/wp-content\/uploads\/2017\/11\/Lanas.jpg?resize=810%2C405\" alt=\"\" class=\"wp-image-3517\" srcset=\"https:\/\/i0.wp.com\/lahoradelcampo.com.uy\/site\/wp-content\/uploads\/2017\/11\/Lanas.jpg?w=880&amp;ssl=1 880w, https:\/\/i0.wp.com\/lahoradelcampo.com.uy\/site\/wp-content\/uploads\/2017\/11\/Lanas.jpg?resize=300%2C150&amp;ssl=1 300w, https:\/\/i0.wp.com\/lahoradelcampo.com.uy\/site\/wp-content\/uploads\/2017\/11\/Lanas.jpg?resize=768%2C384&amp;ssl=1 768w, https:\/\/i0.wp.com\/lahoradelcampo.com.uy\/site\/wp-content\/uploads\/2017\/11\/Lanas.jpg?resize=820%2C410&amp;ssl=1 820w\" sizes=\"auto, (max-width: 810px) 100vw, 810px\" \/><\/a><\/figure>\n\n\n\n<p>En el mercado lanero interno para las lanas finas, por debajo de las 22 micras, se observa un marcado inter\u00e9s por parte de la demanda, a\u00fan con valores que lejos est\u00e1n de conformar a la mayor\u00eda de los productores. Al igual que la pasada semana, se contin\u00faan concretando negocios, principalmente en ese rango de micronajes, debido a que para las lanas Corriedale el mercado est\u00e1 muy tranquilo.<\/p>\n\n\n\n<p>En este sentido, el escritorio Correa &amp; San Rom\u00e1n, que la semana anterior hab\u00eda colocado un importante volumen de lana, en estos \u00faltimos d\u00edas logr\u00f3 colocar casi 20.000 kilos de merino. En el detalle que acerc\u00f3 la firma, se comercializ\u00f3 un lote de 7.000 kilos de lanas de 17,9 micras pertenecientes a la zafra 2024, a US$ 6,00 el vell\u00f3n y US$ 1,00 los subproductos. Este lote alcanz\u00f3 un 81,2% de rendimiento al lavado.<\/p>\n\n\n\n<p>Tambi\u00e9n concret\u00f3 la venta de 4.500 kilos, de 18,1 micras, con 75,1% de rendimiento al lavado, que cotiz\u00f3 en US$ 5,55 el vell\u00f3n y US$ 1,00 los subproductos. En tanto que el lote de 8.000 kilos de 19,5 micras, con 79,6% de rendimiento al lavado, se comercializ\u00f3 en US$ 5,10 el vell\u00f3n y US$ 1,00 los subproductos.<br>Los tres lotes de lana tienen certificaci\u00f3n RWS, Org\u00e1nica y Nativa, y se concretaron con un plazo de 60 d\u00edas para el pago.<\/p>\n\n\n\n<p>Por su parte, el escritorio Romualdo &amp; C\u00eda. con Ricardo Stewart, comercializaron un lote de 19,2 micras, acondicionado grifa verde con 79% de rendimiento al lavado, en US$ 5,00 el vell\u00f3n y US$ 1,00 los subproductos; y tambi\u00e9n un lote de 21 micras, acondicionado grifa verde, con 77% de rendimiento al lavado en US$ 4,00 el vell\u00f3n y US$ 1,00 los subproductos. En ambos casos los negocios se concretaron a 45 d\u00edas para el pago.<\/p>\n\n\n\n<p>Por su parte la firma Arosa Iramendi &amp; Asoc. concret\u00f3 un negocio de lanas merinas de 18,1 micras, acondicionado grifa verde y con certificaciones, que cotiz\u00f3 a US$ 5,55 el vell\u00f3n y US$ 1,00 los subproductos, con plazo de 60 d\u00edas para el pago. <\/p>\n\n\n\n<p>Otra firma que opera en el mercado confirm\u00f3 la realizaci\u00f3n de otros lotes de lanas merino. En este sentido, un lote de 1.000 kilogramos de 17,4 micras, acondicionado grifa verde, con 78,0% de rendimiento al lavado, cotiz\u00f3 a US$ 6,00 el vell\u00f3n y US$ 1 los subproductos y un lote de 2.500 kilos de 21 micras, cotiz\u00f3 a US$ 3,80, con 77,2% de rendimiento al lavado. Ambos negocios con 60 d\u00edas para el pago.<\/p>\n\n\n\n<p>En las lanas medias y gruesas, la firma Zambrano &amp; C\u00eda, inform\u00f3 varios negocios de vol\u00famenes importantes. En las 23,9 micras, se coloc\u00f3 25 mil kilos de lanas cruza, con 74% de rendimiento al lavado, lote acondicionado grifa verde, que cotiz\u00f3 a US$ 1,50 el vell\u00f3n y US$ 0,60 los subproductos, con plazo de 45 d\u00edas para el pago.<\/p>\n\n\n\n<p>Santiago Onandi, tambi\u00e9n inform\u00f3 un lote de 7.000 kilos de lana Corriedale de 28,5 a 29 micras, lanas acondicionadas grifa verde, pero sin datos de rendimiento al lavado, que cotizaron a US$ 0,70 el vell\u00f3n y US$ 0,30 los subproductos. Adem\u00e1s, coloc\u00f3 un lote de 30.000 kilos aproximadamente, lanas de varios productores entre 28,5 y 29 micras, sin acondicionar, que se colocaron a US$ 0,50 el vell\u00f3n y US$ 0,20 los subproductos, con pago contado.<\/p>\n\n\n\n<p>Otra firma que tambi\u00e9n realiza negocios en el mercado inform\u00f3 la compra de un lote de 3.000 kilos de lanas cruza de 25,7 micras, con 83% de rinde, que cotiz\u00f3 a US$ 1,00 el vell\u00f3n y US$ 0,50 los subproductos, con plazo de 60 d\u00edas para el pago.<\/p>\n\n\n\n<p>En lo que hace a las lanas Corriedale, la firma Francisco Dotti SC, comercializ\u00f3 un lote de 15.000 kilos de lanas de 29 micras, correspondientes a tres zafras. Es lana sin acondicionar y sin datos de rendimiento, que se coloc\u00f3 a US$ 0,65 el vell\u00f3n y US$ 0,30 los subproductos.<\/p>\n\n\n\n<p>Salto, 6 de setiembre de 2024<\/p>\n","protected":false},"excerpt":{"rendered":"<p>En el mercado lanero interno para las lanas finas, por debajo de las 22 micras, se observa un marcado inter\u00e9s por parte de la demanda, a\u00fan con valores que lejos [&hellip;]<\/p>\n","protected":false},"author":5,"featured_media":3517,"comment_status":"open","ping_status":"open","sticky":false,"template":"","format":"standard","meta":{"_price":"","_stock":"","_tribe_ticket_header":"","_tribe_default_ticket_provider":"","_tribe_ticket_capacity":"0","_ticket_start_date":"","_ticket_end_date":"","_tribe_ticket_show_description":"","_tribe_ticket_show_not_going":false,"_tribe_ticket_use_global_stock":"","_tribe_ticket_global_stock_level":"","_global_stock_mode":"","_global_stock_cap":"","_tribe_rsvp_for_event":"","_tribe_ticket_going_count":"","_tribe_ticket_not_going_count":"","_tribe_tickets_list":"[]","_tribe_ticket_has_attendee_info_fields":false,"h5ap_radio_sources":[],"_jetpack_newsletter_access":"","_jetpack_dont_email_post_to_subs":false,"_jetpack_newsletter_tier_id":0,"_jetpack_memberships_contains_paywalled_content":false,"_jetpack_memberships_contains_paid_content":false,"footnotes":""},"categories":[21,13],"tags":[],"class_list":["post-54416","post","type-post","status-publish","format-standard","has-post-thumbnail","hentry","category-actualidad","category-ovinos"],"jetpack_featured_media_url":"https:\/\/i0.wp.com\/lahoradelcampo.com.uy\/site\/wp-content\/uploads\/2017\/11\/Lanas.jpg?fit=880%2C440&ssl=1","jetpack_sharing_enabled":true,"jetpack_shortlink":"https:\/\/wp.me\/p99IaT-e9G","jetpack-related-posts":[{"id":53457,"url":"https:\/\/lahoradelcampo.com.uy\/site\/mercado-lanero-interno-con-muchas-consultas-y-pocos-negocios\/","url_meta":{"origin":54416,"position":0},"title":"Mercado lanero interno con muchas consultas y pocos negocios","author":"La Hora del Campo","date":"23 febrero, 2024","format":false,"excerpt":"En plena zafra de reproductores, el mercado lanero tiene negocios espor\u00e1dicos, ante un escenario de mucha consulta por parte de los productores, pero con valores propuestos desde la demanda que no conforman las expectativas, por lo que hay quietud en la concreci\u00f3n de negocios, principalmente en las lanas finas donde\u2026","rel":"","context":"En \u00abActualidad\u00bb","block_context":{"text":"Actualidad","link":"https:\/\/lahoradelcampo.com.uy\/site\/category\/actualidad\/"},"img":{"alt_text":"","src":"https:\/\/i0.wp.com\/lahoradelcampo.com.uy\/site\/wp-content\/uploads\/2023\/02\/Lana-uruguaya.jpg?fit=880%2C440&ssl=1&resize=350%2C200","width":350,"height":200,"srcset":"https:\/\/i0.wp.com\/lahoradelcampo.com.uy\/site\/wp-content\/uploads\/2023\/02\/Lana-uruguaya.jpg?fit=880%2C440&ssl=1&resize=350%2C200 1x, https:\/\/i0.wp.com\/lahoradelcampo.com.uy\/site\/wp-content\/uploads\/2023\/02\/Lana-uruguaya.jpg?fit=880%2C440&ssl=1&resize=525%2C300 1.5x, https:\/\/i0.wp.com\/lahoradelcampo.com.uy\/site\/wp-content\/uploads\/2023\/02\/Lana-uruguaya.jpg?fit=880%2C440&ssl=1&resize=700%2C400 2x"},"classes":[]},{"id":56659,"url":"https:\/\/lahoradelcampo.com.uy\/site\/mercado-lanero-interno-mantiene-la-tonica-de-las-ultimas-semanas\/","url_meta":{"origin":54416,"position":1},"title":"Mercado lanero interno mantiene la t\u00f3nica de las \u00faltimas semanas","author":"La Hora del Campo","date":"1 septiembre, 2025","format":false,"excerpt":"En el mercado lanero se contin\u00faan concretando negocios de lanas finas, donde la demanda est\u00e1 con valores m\u00e1s firmes y estables, en tanto que contin\u00faa tambi\u00e9n un mayor inter\u00e9s por lanas medias y gruesas, donde los precios han mejorado \"m\u00e1s que la cantidad de negocios que logramos concretar\" se indic\u00f3\u2026","rel":"","context":"En \u00abActualidad\u00bb","block_context":{"text":"Actualidad","link":"https:\/\/lahoradelcampo.com.uy\/site\/category\/actualidad\/"},"img":{"alt_text":"","src":"https:\/\/i0.wp.com\/lahoradelcampo.com.uy\/site\/wp-content\/uploads\/2017\/12\/Lanas-uruguay.jpg?fit=880%2C440&ssl=1&resize=350%2C200","width":350,"height":200,"srcset":"https:\/\/i0.wp.com\/lahoradelcampo.com.uy\/site\/wp-content\/uploads\/2017\/12\/Lanas-uruguay.jpg?fit=880%2C440&ssl=1&resize=350%2C200 1x, https:\/\/i0.wp.com\/lahoradelcampo.com.uy\/site\/wp-content\/uploads\/2017\/12\/Lanas-uruguay.jpg?fit=880%2C440&ssl=1&resize=525%2C300 1.5x, https:\/\/i0.wp.com\/lahoradelcampo.com.uy\/site\/wp-content\/uploads\/2017\/12\/Lanas-uruguay.jpg?fit=880%2C440&ssl=1&resize=700%2C400 2x"},"classes":[]},{"id":55079,"url":"https:\/\/lahoradelcampo.com.uy\/site\/mercado-lanero-interno-con-negocios-puntuales-en-merino\/","url_meta":{"origin":54416,"position":2},"title":"Mercado lanero interno con negocios puntuales en merino","author":"La Hora del Campo","date":"8 noviembre, 2024","format":false,"excerpt":"El mercado lanero interno ha disminuido la concreci\u00f3n de negocios, con parte de la demanda que se ha retirado de los negocios y propuestas de precios que se encuentran por debajo de las expectativas de los productores, principalmente en las lanas m\u00e1s finas. En las lanas merino hay diferentes posiciones\u2026","rel":"","context":"En \u00abActualidad\u00bb","block_context":{"text":"Actualidad","link":"https:\/\/lahoradelcampo.com.uy\/site\/category\/actualidad\/"},"img":{"alt_text":"","src":"https:\/\/i0.wp.com\/lahoradelcampo.com.uy\/site\/wp-content\/uploads\/2023\/01\/Lana-Uruguay1.jpg?fit=880%2C440&ssl=1&resize=350%2C200","width":350,"height":200,"srcset":"https:\/\/i0.wp.com\/lahoradelcampo.com.uy\/site\/wp-content\/uploads\/2023\/01\/Lana-Uruguay1.jpg?fit=880%2C440&ssl=1&resize=350%2C200 1x, https:\/\/i0.wp.com\/lahoradelcampo.com.uy\/site\/wp-content\/uploads\/2023\/01\/Lana-Uruguay1.jpg?fit=880%2C440&ssl=1&resize=525%2C300 1.5x, https:\/\/i0.wp.com\/lahoradelcampo.com.uy\/site\/wp-content\/uploads\/2023\/01\/Lana-Uruguay1.jpg?fit=880%2C440&ssl=1&resize=700%2C400 2x"},"classes":[]},{"id":55177,"url":"https:\/\/lahoradelcampo.com.uy\/site\/semana-mas-tranquila-en-el-mercado-lanero-interno\/","url_meta":{"origin":54416,"position":3},"title":"Semana m\u00e1s tranquila en el mercado lanero interno","author":"La Hora del Campo","date":"29 noviembre, 2024","format":false,"excerpt":"En la jornada de ayer, jueves, al realizar la recorrida por los distintos operadores, consignatarios y referentes de la demanda, el mercado se mostr\u00f3 \"muy tranquilo\", con \"m\u00e1s oferta y menos demanda de afuera\", seg\u00fan explic\u00f3 un integrante de la industria topista nacional. Otros operadores explican que parte de la\u2026","rel":"","context":"En \u00abActualidad\u00bb","block_context":{"text":"Actualidad","link":"https:\/\/lahoradelcampo.com.uy\/site\/category\/actualidad\/"},"img":{"alt_text":"","src":"https:\/\/i0.wp.com\/lahoradelcampo.com.uy\/site\/wp-content\/uploads\/2024\/09\/Lana-Uruguaya1.jpg?fit=880%2C440&ssl=1&resize=350%2C200","width":350,"height":200,"srcset":"https:\/\/i0.wp.com\/lahoradelcampo.com.uy\/site\/wp-content\/uploads\/2024\/09\/Lana-Uruguaya1.jpg?fit=880%2C440&ssl=1&resize=350%2C200 1x, https:\/\/i0.wp.com\/lahoradelcampo.com.uy\/site\/wp-content\/uploads\/2024\/09\/Lana-Uruguaya1.jpg?fit=880%2C440&ssl=1&resize=525%2C300 1.5x, https:\/\/i0.wp.com\/lahoradelcampo.com.uy\/site\/wp-content\/uploads\/2024\/09\/Lana-Uruguaya1.jpg?fit=880%2C440&ssl=1&resize=700%2C400 2x"},"classes":[]},{"id":56933,"url":"https:\/\/lahoradelcampo.com.uy\/site\/mercado-interno-con-pocos-negocios-y-altas-pretensiones-de-la-oferta\/","url_meta":{"origin":54416,"position":4},"title":"Mercado interno con pocos negocios y altas pretensiones de la oferta","author":"La Hora del Campo","date":"28 septiembre, 2025","format":false,"excerpt":"Con altas pretensiones por parte de la oferta, el mercado lanero interno ha tenido una menor concreci\u00f3n de negocios. De acuerdo con los consignatarios y operadores del mercado consultados, como todos los jueves, hubo quien dijo \u201csi afuera sube 50 centavos, ac\u00e1 todos piden un d\u00f3lar\u201d, as\u00ed como \u201ctodo muy\u2026","rel":"","context":"En \u00abActualidad\u00bb","block_context":{"text":"Actualidad","link":"https:\/\/lahoradelcampo.com.uy\/site\/category\/actualidad\/"},"img":{"alt_text":"","src":"https:\/\/i0.wp.com\/lahoradelcampo.com.uy\/site\/wp-content\/uploads\/2025\/09\/Lanauy1.jpg?fit=880%2C440&ssl=1&resize=350%2C200","width":350,"height":200,"srcset":"https:\/\/i0.wp.com\/lahoradelcampo.com.uy\/site\/wp-content\/uploads\/2025\/09\/Lanauy1.jpg?fit=880%2C440&ssl=1&resize=350%2C200 1x, https:\/\/i0.wp.com\/lahoradelcampo.com.uy\/site\/wp-content\/uploads\/2025\/09\/Lanauy1.jpg?fit=880%2C440&ssl=1&resize=525%2C300 1.5x, https:\/\/i0.wp.com\/lahoradelcampo.com.uy\/site\/wp-content\/uploads\/2025\/09\/Lanauy1.jpg?fit=880%2C440&ssl=1&resize=700%2C400 2x"},"classes":[]},{"id":56425,"url":"https:\/\/lahoradelcampo.com.uy\/site\/el-mercado-con-interes-en-lanas-corriedale-y-negocios-en-merino\/","url_meta":{"origin":54416,"position":5},"title":"El mercado con inter\u00e9s en lanas Corriedale y negocios en Merino","author":"La Hora del Campo","date":"1 agosto, 2025","format":false,"excerpt":"Transcurri\u00f3 la primera semana de receso en el mercado lanero australiano y el mercado interno ha continuado con la t\u00f3nica de la anterior, debido a que el productor est\u00e1 con expectativas algo distanciadas de lo que ofrece la demanda, esperando un momento de mejores precios, seg\u00fan se\u00f1alan algunos operadores consultados.\u2026","rel":"","context":"En \u00abActualidad\u00bb","block_context":{"text":"Actualidad","link":"https:\/\/lahoradelcampo.com.uy\/site\/category\/actualidad\/"},"img":{"alt_text":"","src":"https:\/\/i0.wp.com\/lahoradelcampo.com.uy\/site\/wp-content\/uploads\/2024\/09\/Lana-Uruguaya1.jpg?fit=880%2C440&ssl=1&resize=350%2C200","width":350,"height":200,"srcset":"https:\/\/i0.wp.com\/lahoradelcampo.com.uy\/site\/wp-content\/uploads\/2024\/09\/Lana-Uruguaya1.jpg?fit=880%2C440&ssl=1&resize=350%2C200 1x, https:\/\/i0.wp.com\/lahoradelcampo.com.uy\/site\/wp-content\/uploads\/2024\/09\/Lana-Uruguaya1.jpg?fit=880%2C440&ssl=1&resize=525%2C300 1.5x, https:\/\/i0.wp.com\/lahoradelcampo.com.uy\/site\/wp-content\/uploads\/2024\/09\/Lana-Uruguaya1.jpg?fit=880%2C440&ssl=1&resize=700%2C400 2x"},"classes":[]}],"jetpack_likes_enabled":true,"_links":{"self":[{"href":"https:\/\/lahoradelcampo.com.uy\/site\/wp-json\/wp\/v2\/posts\/54416","targetHints":{"allow":["GET"]}}],"collection":[{"href":"https:\/\/lahoradelcampo.com.uy\/site\/wp-json\/wp\/v2\/posts"}],"about":[{"href":"https:\/\/lahoradelcampo.com.uy\/site\/wp-json\/wp\/v2\/types\/post"}],"author":[{"embeddable":true,"href":"https:\/\/lahoradelcampo.com.uy\/site\/wp-json\/wp\/v2\/users\/5"}],"replies":[{"embeddable":true,"href":"https:\/\/lahoradelcampo.com.uy\/site\/wp-json\/wp\/v2\/comments?post=54416"}],"version-history":[{"count":1,"href":"https:\/\/lahoradelcampo.com.uy\/site\/wp-json\/wp\/v2\/posts\/54416\/revisions"}],"predecessor-version":[{"id":54417,"href":"https:\/\/lahoradelcampo.com.uy\/site\/wp-json\/wp\/v2\/posts\/54416\/revisions\/54417"}],"wp:featuredmedia":[{"embeddable":true,"href":"https:\/\/lahoradelcampo.com.uy\/site\/wp-json\/wp\/v2\/media\/3517"}],"wp:attachment":[{"href":"https:\/\/lahoradelcampo.com.uy\/site\/wp-json\/wp\/v2\/media?parent=54416"}],"wp:term":[{"taxonomy":"category","embeddable":true,"href":"https:\/\/lahoradelcampo.com.uy\/site\/wp-json\/wp\/v2\/categories?post=54416"},{"taxonomy":"post_tag","embeddable":true,"href":"https:\/\/lahoradelcampo.com.uy\/site\/wp-json\/wp\/v2\/tags?post=54416"}],"curies":[{"name":"wp","href":"https:\/\/api.w.org\/{rel}","templated":true}]}}