{"id":54413,"date":"2024-09-06T12:05:49","date_gmt":"2024-09-06T15:05:49","guid":{"rendered":"http:\/\/lahoradelcampo.com.uy\/site\/?p=54413"},"modified":"2024-09-06T12:05:50","modified_gmt":"2024-09-06T15:05:50","slug":"presionado-por-la-variabilidad-cambiaria-el-ime-cayo-esta-semana","status":"publish","type":"post","link":"https:\/\/lahoradelcampo.com.uy\/site\/presionado-por-la-variabilidad-cambiaria-el-ime-cayo-esta-semana\/","title":{"rendered":"Presionado por la variabilidad cambiaria, el IME cay\u00f3 esta semana"},"content":{"rendered":"\n<figure class=\"wp-block-image size-full\"><a href=\"https:\/\/i0.wp.com\/lahoradelcampo.com.uy\/site\/wp-content\/uploads\/2024\/09\/Lana-IMEAustralia.jpg\"><img data-recalc-dims=\"1\" loading=\"lazy\" decoding=\"async\" width=\"810\" height=\"405\" data-attachment-id=\"54414\" data-permalink=\"https:\/\/lahoradelcampo.com.uy\/site\/presionado-por-la-variabilidad-cambiaria-el-ime-cayo-esta-semana\/lana-imeaustralia\/\" data-orig-file=\"https:\/\/i0.wp.com\/lahoradelcampo.com.uy\/site\/wp-content\/uploads\/2024\/09\/Lana-IMEAustralia.jpg?fit=880%2C440&amp;ssl=1\" data-orig-size=\"880,440\" data-comments-opened=\"1\" data-image-meta=\"{&quot;aperture&quot;:&quot;0&quot;,&quot;credit&quot;:&quot;&quot;,&quot;camera&quot;:&quot;&quot;,&quot;caption&quot;:&quot;&quot;,&quot;created_timestamp&quot;:&quot;0&quot;,&quot;copyright&quot;:&quot;&quot;,&quot;focal_length&quot;:&quot;0&quot;,&quot;iso&quot;:&quot;0&quot;,&quot;shutter_speed&quot;:&quot;0&quot;,&quot;title&quot;:&quot;&quot;,&quot;orientation&quot;:&quot;1&quot;}\" data-image-title=\"Lana-IMEAustralia\" data-image-description=\"\" data-image-caption=\"\" data-large-file=\"https:\/\/i0.wp.com\/lahoradelcampo.com.uy\/site\/wp-content\/uploads\/2024\/09\/Lana-IMEAustralia.jpg?fit=810%2C405&amp;ssl=1\" src=\"https:\/\/i0.wp.com\/lahoradelcampo.com.uy\/site\/wp-content\/uploads\/2024\/09\/Lana-IMEAustralia.jpg?resize=810%2C405\" alt=\"\" class=\"wp-image-54414\" srcset=\"https:\/\/i0.wp.com\/lahoradelcampo.com.uy\/site\/wp-content\/uploads\/2024\/09\/Lana-IMEAustralia.jpg?w=880&amp;ssl=1 880w, https:\/\/i0.wp.com\/lahoradelcampo.com.uy\/site\/wp-content\/uploads\/2024\/09\/Lana-IMEAustralia.jpg?resize=300%2C150&amp;ssl=1 300w, https:\/\/i0.wp.com\/lahoradelcampo.com.uy\/site\/wp-content\/uploads\/2024\/09\/Lana-IMEAustralia.jpg?resize=768%2C384&amp;ssl=1 768w, https:\/\/i0.wp.com\/lahoradelcampo.com.uy\/site\/wp-content\/uploads\/2024\/09\/Lana-IMEAustralia.jpg?resize=820%2C410&amp;ssl=1 820w\" sizes=\"auto, (max-width: 810px) 100vw, 810px\" \/><\/a><\/figure>\n\n\n\n<p>El mercado lanero australiano cerr\u00f3 esta semana con un descenso de ocho centavos en el Indicador de Mercados del Este (IME) que cerr\u00f3 en US$ 7,31 por kilogramo base limpia. Dicha ca\u00edda estuvo influenciada por la fluctuaci\u00f3n del tipo de cambio, la calidad de una oferta que contin\u00faa siendo reducida y la selectividad de la demanda.<\/p>\n\n\n\n<p>La calidad de la oferta es un factor determinante en la variabilidad de los precios, frente a una demanda selectiva, por lo que se observ\u00f3 tanto en Sidney como en Melbourne, valores con primas destacadas para las lanas de mejor calidad y con bajo o nulo contenido de materia vegetal, principalmente en las lanas m\u00e1s finas.<\/p>\n\n\n\n<p>Las lanas certificadas, que han tenido una oferta muy escasa \u00faltimamente, logran atraer la demanda de textiles de alta gama, diferenci\u00e1ndose a\u00fan m\u00e1s del promedio del mercado.<\/p>\n\n\n\n<p>El tipo de cambio tambi\u00e9n influye en la operativa comercial, transform\u00e1ndose esta semana en un factor negativo, cuando trasladamos las referencias a d\u00f3lares estadounidenses. En d\u00f3lares australianos el IME cerr\u00f3 en AU$ 10,91 por kilogramo base limpia, registrando as\u00ed un aumento de cuatro centavos respecto a la semana pasada.<\/p>\n\n\n\n<p>La oferta en el mercado fue de 30.473 fardos, sin embargo 29.166 correspondieron a lanas australianas y 1.307 fardos de lanas de origen neozeland\u00e9s. Del total ofertado se coloc\u00f3 el 91,9% esta semana, con Tianyu Wool como el principal comprador.<\/p>\n\n\n\n<p>Para la pr\u00f3xima semana, la oferta ser\u00e1 de 32,354 fardos. Las ventas se realizar\u00e1n en los tres centros de ventas el martes 10, mientras que el mi\u00e9rcoles 11, ser\u00e1n \u00fanicamente en los centros del Este. De confirmarse el volumen proyectado, ser\u00e1 un 6,2% m\u00e1s de lanas que lo ofertado esta semana.<\/p>\n\n\n\n<p>M\u00e1s all\u00e1 de este incremento, la oferta contin\u00faa siendo reducida respecto al inicio de 2023. En las primeras diez semanas del a\u00f1o pasado se comercializaron 271.839 fardos, un 21% m\u00e1s que los 215.039 fardos de este comienzo de zafra. Parte de este descenso de la oferta, se debe principalmente a la retenci\u00f3n de parte de los productores australianos, a la espera de una mejora de la competencia entre los compradores chinos y europeos, a medida que finalicen las vacaciones del verano en Europa.<\/p>\n\n\n\n<p>Salto, 6 de setiembre de 2024<\/p>\n","protected":false},"excerpt":{"rendered":"<p>El mercado lanero australiano cerr\u00f3 esta semana con un descenso de ocho centavos en el Indicador de Mercados del Este (IME) que cerr\u00f3 en US$ 7,31 por kilogramo base limpia. [&hellip;]<\/p>\n","protected":false},"author":5,"featured_media":54414,"comment_status":"open","ping_status":"open","sticky":false,"template":"","format":"standard","meta":{"_price":"","_stock":"","_tribe_ticket_header":"","_tribe_default_ticket_provider":"","_tribe_ticket_capacity":"0","_ticket_start_date":"","_ticket_end_date":"","_tribe_ticket_show_description":"","_tribe_ticket_show_not_going":false,"_tribe_ticket_use_global_stock":"","_tribe_ticket_global_stock_level":"","_global_stock_mode":"","_global_stock_cap":"","_tribe_rsvp_for_event":"","_tribe_ticket_going_count":"","_tribe_ticket_not_going_count":"","_tribe_tickets_list":"[]","_tribe_ticket_has_attendee_info_fields":false,"h5ap_radio_sources":[],"_jetpack_newsletter_access":"","_jetpack_dont_email_post_to_subs":false,"_jetpack_newsletter_tier_id":0,"_jetpack_memberships_contains_paywalled_content":false,"_jetpack_memberships_contains_paid_content":false,"footnotes":""},"categories":[21,13],"tags":[],"class_list":["post-54413","post","type-post","status-publish","format-standard","has-post-thumbnail","hentry","category-actualidad","category-ovinos"],"jetpack_featured_media_url":"https:\/\/i0.wp.com\/lahoradelcampo.com.uy\/site\/wp-content\/uploads\/2024\/09\/Lana-IMEAustralia.jpg?fit=880%2C440&ssl=1","jetpack_sharing_enabled":true,"jetpack_shortlink":"https:\/\/wp.me\/p99IaT-e9D","jetpack-related-posts":[{"id":50449,"url":"https:\/\/lahoradelcampo.com.uy\/site\/mercado-lanero-australiano-cerro-la-semana-con-bajas-en-el-ime\/","url_meta":{"origin":54413,"position":0},"title":"Mercado lanero australiano cerr\u00f3 la semana con bajas en el IME","author":"La Hora del Campo","date":"20 mayo, 2023","format":false,"excerpt":"El Indicador de Mercados del Este (IME) en d\u00f3lares estadounidenses cerr\u00f3 la semana con una tendencia negativa, registrando una p\u00e9rdida de 28 centavos despu\u00e9s de tres d\u00edas de actividad. A pesar de las fluctuaciones cambiarias que impactaron negativamente, la demanda contin\u00faa mostrando preferencia por lanas de buena calidad, con menor\u2026","rel":"","context":"En \u00abActualidad\u00bb","block_context":{"text":"Actualidad","link":"https:\/\/lahoradelcampo.com.uy\/site\/category\/actualidad\/"},"img":{"alt_text":"","src":"https:\/\/i0.wp.com\/lahoradelcampo.com.uy\/site\/wp-content\/uploads\/2018\/03\/lana.jpg?fit=880%2C440&ssl=1&resize=350%2C200","width":350,"height":200,"srcset":"https:\/\/i0.wp.com\/lahoradelcampo.com.uy\/site\/wp-content\/uploads\/2018\/03\/lana.jpg?fit=880%2C440&ssl=1&resize=350%2C200 1x, https:\/\/i0.wp.com\/lahoradelcampo.com.uy\/site\/wp-content\/uploads\/2018\/03\/lana.jpg?fit=880%2C440&ssl=1&resize=525%2C300 1.5x, https:\/\/i0.wp.com\/lahoradelcampo.com.uy\/site\/wp-content\/uploads\/2018\/03\/lana.jpg?fit=880%2C440&ssl=1&resize=700%2C400 2x"},"classes":[]},{"id":40223,"url":"https:\/\/lahoradelcampo.com.uy\/site\/semana-de-alta-variabilidad-cambiaria-y-subas-en-el-ime\/","url_meta":{"origin":54413,"position":1},"title":"Semana de alta variabilidad cambiaria y subas en el IME","author":"La Hora del Campo","date":"25 marzo, 2022","format":false,"excerpt":"La fluctuaci\u00f3n cambiaria y la calidad de la oferta le dieron fundamentos a la demanda para presionar a la baja al mercado lanero en Australia. Cuando existe esta variaci\u00f3n tan importante en el tipo de cambio, el comprador desde el exterior analiza los n\u00fameros en d\u00f3lares y presiona el mercado\u2026","rel":"","context":"En \u00abActualidad\u00bb","block_context":{"text":"Actualidad","link":"https:\/\/lahoradelcampo.com.uy\/site\/category\/actualidad\/"},"img":{"alt_text":"","src":"https:\/\/i0.wp.com\/lahoradelcampo.com.uy\/site\/wp-content\/uploads\/2021\/06\/lanaaustralia1.jpg?fit=880%2C440&ssl=1&resize=350%2C200","width":350,"height":200,"srcset":"https:\/\/i0.wp.com\/lahoradelcampo.com.uy\/site\/wp-content\/uploads\/2021\/06\/lanaaustralia1.jpg?fit=880%2C440&ssl=1&resize=350%2C200 1x, https:\/\/i0.wp.com\/lahoradelcampo.com.uy\/site\/wp-content\/uploads\/2021\/06\/lanaaustralia1.jpg?fit=880%2C440&ssl=1&resize=525%2C300 1.5x, https:\/\/i0.wp.com\/lahoradelcampo.com.uy\/site\/wp-content\/uploads\/2021\/06\/lanaaustralia1.jpg?fit=880%2C440&ssl=1&resize=700%2C400 2x"},"classes":[]},{"id":35519,"url":"https:\/\/lahoradelcampo.com.uy\/site\/el-ime-perdio-4-centavos-en-la-semana-y-cerro-a-us-971\/","url_meta":{"origin":54413,"position":2},"title":"El IME perdi\u00f3 4 centavos en la semana y cerr\u00f3 a US$ 9,71","author":"La Hora del Campo","date":"15 octubre, 2021","format":false,"excerpt":"Dentro de la volatilidad que ha venido registrando la zafra, luego de las subas de la semana pasada, el mercado cerr\u00f3 con p\u00e9rdidas en el Indicador de Mercados del Este (IME) tanto en la moneda local como en d\u00f3lares estadounidenses. Tambi\u00e9n dentro de cada mercado los valores se comportaron de\u2026","rel":"","context":"En \u00abActualidad\u00bb","block_context":{"text":"Actualidad","link":"https:\/\/lahoradelcampo.com.uy\/site\/category\/actualidad\/"},"img":{"alt_text":"","src":"https:\/\/i0.wp.com\/lahoradelcampo.com.uy\/site\/wp-content\/uploads\/2021\/10\/lanasaustra.jpg?fit=880%2C440&ssl=1&resize=350%2C200","width":350,"height":200,"srcset":"https:\/\/i0.wp.com\/lahoradelcampo.com.uy\/site\/wp-content\/uploads\/2021\/10\/lanasaustra.jpg?fit=880%2C440&ssl=1&resize=350%2C200 1x, https:\/\/i0.wp.com\/lahoradelcampo.com.uy\/site\/wp-content\/uploads\/2021\/10\/lanasaustra.jpg?fit=880%2C440&ssl=1&resize=525%2C300 1.5x, https:\/\/i0.wp.com\/lahoradelcampo.com.uy\/site\/wp-content\/uploads\/2021\/10\/lanasaustra.jpg?fit=880%2C440&ssl=1&resize=700%2C400 2x"},"classes":[]},{"id":50144,"url":"https:\/\/lahoradelcampo.com.uy\/site\/el-ime-registra-una-nueva-baja-en-la-semana-posterior-a-las-pascuas-2\/","url_meta":{"origin":54413,"position":3},"title":"El IME registra una nueva baja en la semana posterior a las Pascuas","author":"La Hora del Campo","date":"24 abril, 2023","format":false,"excerpt":"Luego del receso de las Pascuas, el Indicador de Mercados del Este (IME) mantuvo su tendencia bajista en la semana de ventas. El volumen y la calidad de la lana propuesta por los productores australianos fue el principal factor que determin\u00f3 la ca\u00edda del IME en todos los micronajes, tanto\u2026","rel":"","context":"En \u00abActualidad\u00bb","block_context":{"text":"Actualidad","link":"https:\/\/lahoradelcampo.com.uy\/site\/category\/actualidad\/"},"img":{"alt_text":"","src":"https:\/\/i0.wp.com\/lahoradelcampo.com.uy\/site\/wp-content\/uploads\/2023\/01\/Lana-Uruguay1.jpg?fit=880%2C440&ssl=1&resize=350%2C200","width":350,"height":200,"srcset":"https:\/\/i0.wp.com\/lahoradelcampo.com.uy\/site\/wp-content\/uploads\/2023\/01\/Lana-Uruguay1.jpg?fit=880%2C440&ssl=1&resize=350%2C200 1x, https:\/\/i0.wp.com\/lahoradelcampo.com.uy\/site\/wp-content\/uploads\/2023\/01\/Lana-Uruguay1.jpg?fit=880%2C440&ssl=1&resize=525%2C300 1.5x, https:\/\/i0.wp.com\/lahoradelcampo.com.uy\/site\/wp-content\/uploads\/2023\/01\/Lana-Uruguay1.jpg?fit=880%2C440&ssl=1&resize=700%2C400 2x"},"classes":[]},{"id":43147,"url":"https:\/\/lahoradelcampo.com.uy\/site\/nueva-baja-semanal-en-el-ime-a-una-semana-de-cerrar-la-zafra-lanera\/","url_meta":{"origin":54413,"position":4},"title":"Nueva baja semanal en el IME a una semana de cerrar la zafra lanera","author":"La Hora del Campo","date":"24 junio, 2022","format":false,"excerpt":"La semana que est\u00e1 cerrando se ha comportado diferente a las anteriores, con movimientos dispares de acuerdo a los micronajes ofertados, cambios que van de la mano del volumen y de la calidad de la oferta, a lo cual se suma la variabilidad cambiaria. En las lanas finas, se observaron\u2026","rel":"","context":"En \u00abActualidad\u00bb","block_context":{"text":"Actualidad","link":"https:\/\/lahoradelcampo.com.uy\/site\/category\/actualidad\/"},"img":{"alt_text":"","src":"https:\/\/i0.wp.com\/lahoradelcampo.com.uy\/site\/wp-content\/uploads\/2021\/06\/lanaaustralia1.jpg?fit=880%2C440&ssl=1&resize=350%2C200","width":350,"height":200,"srcset":"https:\/\/i0.wp.com\/lahoradelcampo.com.uy\/site\/wp-content\/uploads\/2021\/06\/lanaaustralia1.jpg?fit=880%2C440&ssl=1&resize=350%2C200 1x, https:\/\/i0.wp.com\/lahoradelcampo.com.uy\/site\/wp-content\/uploads\/2021\/06\/lanaaustralia1.jpg?fit=880%2C440&ssl=1&resize=525%2C300 1.5x, https:\/\/i0.wp.com\/lahoradelcampo.com.uy\/site\/wp-content\/uploads\/2021\/06\/lanaaustralia1.jpg?fit=880%2C440&ssl=1&resize=700%2C400 2x"},"classes":[]},{"id":50248,"url":"https:\/\/lahoradelcampo.com.uy\/site\/con-subas-y-bajas-el-ime-cerro-la-semana-con-baja-de-4-centavos\/","url_meta":{"origin":54413,"position":5},"title":"Con subas y bajas, el IME cerr\u00f3 la semana con baja de 4 centavos","author":"La Hora del Campo","date":"28 abril, 2023","format":false,"excerpt":"El mercado lanero australiano comenz\u00f3 la semana experimentando una ca\u00edda en el Indicador de Mercados del Este (IME), pero luego se recuper\u00f3 en la segunda jornada debido a una menor oferta. Debido a que la suba fue menor al descenso semanal inicial, el indicador termina cerrando con bajas la semana.\u2026","rel":"","context":"En \u00abActualidad\u00bb","block_context":{"text":"Actualidad","link":"https:\/\/lahoradelcampo.com.uy\/site\/category\/actualidad\/"},"img":{"alt_text":"","src":"https:\/\/i0.wp.com\/lahoradelcampo.com.uy\/site\/wp-content\/uploads\/2023\/01\/Lana-Australia1.jpg?fit=880%2C440&ssl=1&resize=350%2C200","width":350,"height":200,"srcset":"https:\/\/i0.wp.com\/lahoradelcampo.com.uy\/site\/wp-content\/uploads\/2023\/01\/Lana-Australia1.jpg?fit=880%2C440&ssl=1&resize=350%2C200 1x, https:\/\/i0.wp.com\/lahoradelcampo.com.uy\/site\/wp-content\/uploads\/2023\/01\/Lana-Australia1.jpg?fit=880%2C440&ssl=1&resize=525%2C300 1.5x, https:\/\/i0.wp.com\/lahoradelcampo.com.uy\/site\/wp-content\/uploads\/2023\/01\/Lana-Australia1.jpg?fit=880%2C440&ssl=1&resize=700%2C400 2x"},"classes":[]}],"jetpack_likes_enabled":true,"_links":{"self":[{"href":"https:\/\/lahoradelcampo.com.uy\/site\/wp-json\/wp\/v2\/posts\/54413","targetHints":{"allow":["GET"]}}],"collection":[{"href":"https:\/\/lahoradelcampo.com.uy\/site\/wp-json\/wp\/v2\/posts"}],"about":[{"href":"https:\/\/lahoradelcampo.com.uy\/site\/wp-json\/wp\/v2\/types\/post"}],"author":[{"embeddable":true,"href":"https:\/\/lahoradelcampo.com.uy\/site\/wp-json\/wp\/v2\/users\/5"}],"replies":[{"embeddable":true,"href":"https:\/\/lahoradelcampo.com.uy\/site\/wp-json\/wp\/v2\/comments?post=54413"}],"version-history":[{"count":1,"href":"https:\/\/lahoradelcampo.com.uy\/site\/wp-json\/wp\/v2\/posts\/54413\/revisions"}],"predecessor-version":[{"id":54415,"href":"https:\/\/lahoradelcampo.com.uy\/site\/wp-json\/wp\/v2\/posts\/54413\/revisions\/54415"}],"wp:featuredmedia":[{"embeddable":true,"href":"https:\/\/lahoradelcampo.com.uy\/site\/wp-json\/wp\/v2\/media\/54414"}],"wp:attachment":[{"href":"https:\/\/lahoradelcampo.com.uy\/site\/wp-json\/wp\/v2\/media?parent=54413"}],"wp:term":[{"taxonomy":"category","embeddable":true,"href":"https:\/\/lahoradelcampo.com.uy\/site\/wp-json\/wp\/v2\/categories?post=54413"},{"taxonomy":"post_tag","embeddable":true,"href":"https:\/\/lahoradelcampo.com.uy\/site\/wp-json\/wp\/v2\/tags?post=54413"}],"curies":[{"name":"wp","href":"https:\/\/api.w.org\/{rel}","templated":true}]}}